{"id":380212,"date":"2026-01-24T00:30:14","date_gmt":"2026-01-24T03:30:14","guid":{"rendered":"https:\/\/www.notibras.com\/site\/?p=380212"},"modified":"2026-01-23T21:34:25","modified_gmt":"2026-01-24T00:34:25","slug":"eventos-alteram-o-transito-em-algumas-localidade-neste-fim-de-semana","status":"publish","type":"post","link":"https:\/\/www.notibras.com\/site\/eventos-alteram-o-transito-em-algumas-localidade-neste-fim-de-semana\/","title":{"rendered":"Eventos alteram o tr\u00e2nsito em algumas localidade neste fim de semana"},"content":{"rendered":"<p>O Departamento de Tr\u00e2nsito do Distrito Federal (Detran-DF) realizar\u00e1 interven\u00e7\u00f5es de tr\u00e2nsito neste s\u00e1bado (24) e domingo (25), nas regi\u00f5es da Asa Norte, Parque da Cidade e Guar\u00e1.<\/p>\n<p><strong>Corrida de Reis Mirim<\/strong><\/p>\n<p>Das 6h \u00e0s 12h deste s\u00e1bado (24), ser\u00e1 realizada a Corrida de Reis Mirim 2026, no Parque da Cidade Sarah Kubitschek, com concentra\u00e7\u00e3o no estacionamento do Parque Ana L\u00eddia. O evento deve reunir cerca de 3 mil pessoas. Entre as principais medidas previstas est\u00e3o interven\u00e7\u00f5es na via interna do parque e nos estacionamentos pr\u00f3ximos \u00e0 \u00e1rea da corrida.<\/p>\n<p>A sinaliza\u00e7\u00e3o tempor\u00e1ria ser\u00e1 instalada a partir das 23h59 desta sexta (23). As equipes ir\u00e3o posicionar supercones ao longo do meio-fio para inibir o estacionamento irregular, al\u00e9m de refor\u00e7ar a sinaliza\u00e7\u00e3o das faixas de pedestres e implantar pontos espec\u00edficos de travessia para o p\u00fablico. Tamb\u00e9m est\u00e1 programado o fechamento dos acessos ao estacionamento do Parque Ana L\u00eddia, que ser\u00e1 isolado com cerca branca durante a realiza\u00e7\u00e3o da prova.<\/p>\n<p>O Detran-DF orienta que motoristas que pretendem circular pelo Parque da Cidade durante o per\u00edodo do evento redobrem a aten\u00e7\u00e3o \u00e0 sinaliza\u00e7\u00e3o provis\u00f3ria nestes pontos e estejam atentos \u00e0s orienta\u00e7\u00f5es dos agentes de tr\u00e2nsito.<\/p>\n<p><strong>Rua do Lazer do Guar\u00e1<\/strong><\/p>\n<p>No domingo (25), das 6h \u00e0s 17h, ocorrer\u00e1 a Rua do Lazer, na Avenida Central do Guar\u00e1 II, no trecho entre a 4\u00aa Delegacia de Pol\u00edcia e o Edif\u00edcio Consei.<\/p>\n<p>A \u00e1rea de atua\u00e7\u00e3o dos agentes de tr\u00e2nsito abranger\u00e1 pontos estrat\u00e9gicos da regi\u00e3o, incluindo as proximidades da QI 25\/27, QI 27\/29, EQ 31\/33, al\u00e9m do entorno da 4\u00aa DP e do Edif\u00edcio Consei, locais que tradicionalmente concentram maior movimenta\u00e7\u00e3o.<\/p>\n<p>Durante o evento, equipes do Detran-DF estar\u00e3o posicionadas para orientar condutores e pedestres, promover a seguran\u00e7a vi\u00e1ria dos participantes e realizar interven\u00e7\u00f5es no tr\u00e2nsito sempre que necess\u00e1rio.<\/p>\n<p>A recomenda\u00e7\u00e3o \u00e9 que os motoristas redobrem a aten\u00e7\u00e3o ao trafegar pela regi\u00e3o e respeitem a sinaliza\u00e7\u00e3o.<\/p>\n<p><strong>Implos\u00e3o do Edif\u00edcio Torre Palace Hotel<\/strong><\/p>\n<p>Tamb\u00e9m no domingo (25), haver\u00e1 a implos\u00e3o do Edif\u00edcio Torre Palace Hotel, na Quadra 4 do Setor Hoteleiro Norte (SHN), na Asa Norte. O planejamento de tr\u00e2nsito prev\u00ea interven\u00e7\u00f5es graduais nas vias da regi\u00e3o, com sinaliza\u00e7\u00e3o pr\u00e9via, desvios e bloqueios estrat\u00e9gicos.<\/p>\n<p><strong>Fechamentos antecipados e retirada de ve\u00edculos<\/strong><\/p>\n<p>A partir das 20h deste s\u00e1bado (24), ser\u00e3o bloqueadas entradas e vias internas das Quadras 3 e 5 do Setor Hoteleiro Norte (SHN), incluindo os acessos pelas vias N1 e N2, nas proximidades dos hot\u00e9is Cullinan Hplus, Mercury Bras\u00edlia L\u00edder e Aracoara, al\u00e9m das ag\u00eancias do Ita\u00fa Personalit\u00e9, do Plaza Bittar, da SETEC e do Vitta Hotel.<\/p>\n<p>Nessas \u00e1reas, os agentes de tr\u00e2nsito atuar\u00e3o na retirada de ve\u00edculos que ainda estejam estacionados dentro dos per\u00edmetros isolados. A partir das 23h59, os estacionamentos da Fonte da Torre de TV, tanto no lado norte quanto no lado sul, ser\u00e3o interditados, conforme o esquema de seguran\u00e7a definido para o evento.<\/p>\n<p><strong>Interdi\u00e7\u00f5es a partir das 6h de domingo<\/strong><\/p>\n<p>No domingo (25), a partir das 6h, est\u00e3o previstas interdi\u00e7\u00f5es na W3 Norte, nas proximidades do Bras\u00edlia Shopping, com desvio do fluxo para a via N2 e opera\u00e7\u00e3o dos sem\u00e1foros em modo intermitente. Na via N1, na altura do SHN Quadra 2 e do Manhattan Plaza Hotel, a sa\u00edda para a via principal ser\u00e1 bloqueada, direcionando o tr\u00e1fego para dentro do setor hoteleiro.<\/p>\n<p>No Setor Sul, os agentes atuar\u00e3o na W3 Sul, com desvio dos ve\u00edculos para a via S1, al\u00e9m de bloqueios nos acessos ao estacionamento da Fonte da Torre e redirecionamento do fluxo para a via N1. As a\u00e7\u00f5es integram os Pontos de Controle de Tr\u00e2nsito, que permanecer\u00e3o ativos das 6h \u00e0s 13h, com policiamento ostensivo e monitoramento cont\u00ednuo das interdi\u00e7\u00f5es.<\/p>\n<p><strong>Novas interven\u00e7\u00f5es a partir das 9h30<\/strong><\/p>\n<p>A etapa seguinte dos bloqueios ocorrer\u00e1 das 9h30 \u00e0s 10h30. Nesse per\u00edodo, a via S1 ser\u00e1 totalmente interditada na altura da Feira da Torre, com implanta\u00e7\u00e3o de retorno provis\u00f3rio e desvio do tr\u00e1fego para a liga\u00e7\u00e3o S1\/N1, nas proximidades do Eixo Cultural Ibero-Americano. Tamb\u00e9m ser\u00e3o instaladas cercas para impedir o acesso dos ve\u00edculos estacionados no complexo Brasil 21 \u00e0 via S1.<\/p>\n<p>Na altura da churrascaria Rio Brasa Bras\u00edlia e do Hotel Grand Bittar, as faixas de rolamento ser\u00e3o devidamente sinalizadas para permitir retornos controlados. J\u00e1 a sa\u00edda do Setor Hoteleiro Sul (SHS) ficar\u00e1 temporariamente bloqueada, com orienta\u00e7\u00e3o aos condutores para realizarem as manobras de retorno nos pontos definidos pelos agentes de tr\u00e2nsito.<\/p>\n<p>Durante toda a opera\u00e7\u00e3o, haver\u00e1 equipes distribu\u00eddas em pontos estrat\u00e9gicos, respons\u00e1veis por orientar condutores e pedestres, refor\u00e7ar a sinaliza\u00e7\u00e3o e garantir o cumprimento dos bloqueios.<\/p>\n<p>O Detran-DF recomenda que os motoristas evitem circular pela regi\u00e3o na manh\u00e3 de domingo, sigam as orienta\u00e7\u00f5es dos agentes de tr\u00e2nsito e da sinaliza\u00e7\u00e3o tempor\u00e1ria instalada e utilizem rotas alternativas.<\/p>\n","protected":false},"excerpt":{"rendered":"<p>O Departamento de Tr\u00e2nsito do Distrito Federal (Detran-DF) realizar\u00e1 interven\u00e7\u00f5es de tr\u00e2nsito neste s\u00e1bado (24) e domingo (25), nas regi\u00f5es da Asa Norte, Parque da Cidade e Guar\u00e1. Corrida de Reis Mirim Das 6h \u00e0s 12h deste s\u00e1bado (24), ser\u00e1 realizada a Corrida de Reis Mirim 2026, no Parque da Cidade Sarah Kubitschek, com concentra\u00e7\u00e3o [&hellip;]<\/p>\n","protected":false},"author":21,"featured_media":380213,"comment_status":"closed","ping_status":"closed","sticky":false,"template":"","format":"standard","meta":{"_acf_changed":false,"footnotes":""},"categories":[161],"tags":[],"class_list":["post-380212","post","type-post","status-publish","format-standard","has-post-thumbnail","hentry","category-quadradinho-em-foco"],"acf":[],"yoast_head":"<!-- This site is optimized with the Yoast SEO plugin v27.2 - https:\/\/yoast.com\/product\/yoast-seo-wordpress\/ -->\n<title>Eventos alteram o tr\u00e2nsito em algumas localidade neste fim de semana - Notibras<\/title>\n<meta name=\"robots\" content=\"index, follow, max-snippet:-1, max-image-preview:large, max-video-preview:-1\" \/>\n<link rel=\"canonical\" href=\"https:\/\/www.notibras.com\/site\/eventos-alteram-o-transito-em-algumas-localidade-neste-fim-de-semana\/\" \/>\n<meta property=\"og:locale\" content=\"pt_BR\" \/>\n<meta property=\"og:type\" content=\"article\" \/>\n<meta property=\"og:title\" content=\"Eventos alteram o tr\u00e2nsito em algumas localidade neste fim de semana - Notibras\" \/>\n<meta property=\"og:description\" content=\"O Departamento de Tr\u00e2nsito do Distrito Federal (Detran-DF) realizar\u00e1 interven\u00e7\u00f5es de tr\u00e2nsito neste s\u00e1bado (24) e domingo (25), nas regi\u00f5es da Asa Norte, Parque da Cidade e Guar\u00e1. Corrida de Reis Mirim Das 6h \u00e0s 12h deste s\u00e1bado (24), ser\u00e1 realizada a Corrida de Reis Mirim 2026, no Parque da Cidade Sarah Kubitschek, com concentra\u00e7\u00e3o [&hellip;]\" \/>\n<meta property=\"og:url\" content=\"https:\/\/www.notibras.com\/site\/eventos-alteram-o-transito-em-algumas-localidade-neste-fim-de-semana\/\" \/>\n<meta property=\"og:site_name\" content=\"Notibras\" \/>\n<meta property=\"article:publisher\" content=\"https:\/\/www.facebook.com\/notibras\/\" \/>\n<meta property=\"article:published_time\" content=\"2026-01-24T03:30:14+00:00\" \/>\n<meta property=\"og:image\" content=\"https:\/\/www.notibras.com\/site\/wp-content\/uploads\/2026\/01\/image-196.png\" \/>\n\t<meta property=\"og:image:width\" content=\"1265\" \/>\n\t<meta property=\"og:image:height\" content=\"620\" \/>\n\t<meta property=\"og:image:type\" content=\"image\/png\" \/>\n<meta name=\"author\" content=\"Eduardo Mart\u00ednez\" \/>\n<meta name=\"twitter:card\" content=\"summary_large_image\" \/>\n<meta name=\"twitter:creator\" content=\"@Notibras\" \/>\n<meta name=\"twitter:site\" content=\"@Notibras\" \/>\n<meta name=\"twitter:label1\" content=\"Escrito por\" \/>\n\t<meta name=\"twitter:data1\" content=\"Eduardo Mart\u00ednez\" \/>\n\t<meta name=\"twitter:label2\" content=\"Est. tempo de leitura\" \/>\n\t<meta name=\"twitter:data2\" content=\"5 minutos\" \/>\n<script type=\"application\/ld+json\" class=\"yoast-schema-graph\">{\"@context\":\"https:\/\/schema.org\",\"@graph\":[{\"@type\":\"Article\",\"@id\":\"https:\/\/www.notibras.com\/site\/eventos-alteram-o-transito-em-algumas-localidade-neste-fim-de-semana\/#article\",\"isPartOf\":{\"@id\":\"https:\/\/www.notibras.com\/site\/eventos-alteram-o-transito-em-algumas-localidade-neste-fim-de-semana\/\"},\"author\":{\"name\":\"Eduardo Mart\u00ednez\",\"@id\":\"https:\/\/www.notibras.com\/site\/#\/schema\/person\/5b7fabf2aedc3ada2105f03b22b4d3dd\"},\"headline\":\"Eventos alteram o tr\u00e2nsito em algumas localidade neste fim de semana\",\"datePublished\":\"2026-01-24T03:30:14+00:00\",\"mainEntityOfPage\":{\"@id\":\"https:\/\/www.notibras.com\/site\/eventos-alteram-o-transito-em-algumas-localidade-neste-fim-de-semana\/\"},\"wordCount\":875,\"publisher\":{\"@id\":\"https:\/\/www.notibras.com\/site\/#organization\"},\"image\":{\"@id\":\"https:\/\/www.notibras.com\/site\/eventos-alteram-o-transito-em-algumas-localidade-neste-fim-de-semana\/#primaryimage\"},\"thumbnailUrl\":\"https:\/\/www.notibras.com\/site\/wp-content\/uploads\/2026\/01\/image-196.png\",\"articleSection\":[\"Quadradinho em Foco\"],\"inLanguage\":\"pt-BR\"},{\"@type\":\"WebPage\",\"@id\":\"https:\/\/www.notibras.com\/site\/eventos-alteram-o-transito-em-algumas-localidade-neste-fim-de-semana\/\",\"url\":\"https:\/\/www.notibras.com\/site\/eventos-alteram-o-transito-em-algumas-localidade-neste-fim-de-semana\/\",\"name\":\"Eventos alteram o tr\u00e2nsito em algumas localidade neste fim de semana - Notibras\",\"isPartOf\":{\"@id\":\"https:\/\/www.notibras.com\/site\/#website\"},\"primaryImageOfPage\":{\"@id\":\"https:\/\/www.notibras.com\/site\/eventos-alteram-o-transito-em-algumas-localidade-neste-fim-de-semana\/#primaryimage\"},\"image\":{\"@id\":\"https:\/\/www.notibras.com\/site\/eventos-alteram-o-transito-em-algumas-localidade-neste-fim-de-semana\/#primaryimage\"},\"thumbnailUrl\":\"https:\/\/www.notibras.com\/site\/wp-content\/uploads\/2026\/01\/image-196.png\",\"datePublished\":\"2026-01-24T03:30:14+00:00\",\"breadcrumb\":{\"@id\":\"https:\/\/www.notibras.com\/site\/eventos-alteram-o-transito-em-algumas-localidade-neste-fim-de-semana\/#breadcrumb\"},\"inLanguage\":\"pt-BR\",\"potentialAction\":[{\"@type\":\"ReadAction\",\"target\":[\"https:\/\/www.notibras.com\/site\/eventos-alteram-o-transito-em-algumas-localidade-neste-fim-de-semana\/\"]}]},{\"@type\":\"ImageObject\",\"inLanguage\":\"pt-BR\",\"@id\":\"https:\/\/www.notibras.com\/site\/eventos-alteram-o-transito-em-algumas-localidade-neste-fim-de-semana\/#primaryimage\",\"url\":\"https:\/\/www.notibras.com\/site\/wp-content\/uploads\/2026\/01\/image-196.png\",\"contentUrl\":\"https:\/\/www.notibras.com\/site\/wp-content\/uploads\/2026\/01\/image-196.png\",\"width\":1265,\"height\":620},{\"@type\":\"BreadcrumbList\",\"@id\":\"https:\/\/www.notibras.com\/site\/eventos-alteram-o-transito-em-algumas-localidade-neste-fim-de-semana\/#breadcrumb\",\"itemListElement\":[{\"@type\":\"ListItem\",\"position\":1,\"name\":\"In\u00edcio\",\"item\":\"https:\/\/www.notibras.com\/site\/\"},{\"@type\":\"ListItem\",\"position\":2,\"name\":\"Eventos alteram o tr\u00e2nsito em algumas localidade neste fim de semana\"}]},{\"@type\":\"WebSite\",\"@id\":\"https:\/\/www.notibras.com\/site\/#website\",\"url\":\"https:\/\/www.notibras.com\/site\/\",\"name\":\"Notibras\",\"description\":\"Not\u00edcias de Bras\u00edlia, do Brasil e do Mundo\",\"publisher\":{\"@id\":\"https:\/\/www.notibras.com\/site\/#organization\"},\"potentialAction\":[{\"@type\":\"SearchAction\",\"target\":{\"@type\":\"EntryPoint\",\"urlTemplate\":\"https:\/\/www.notibras.com\/site\/?s={search_term_string}\"},\"query-input\":{\"@type\":\"PropertyValueSpecification\",\"valueRequired\":true,\"valueName\":\"search_term_string\"}}],\"inLanguage\":\"pt-BR\"},{\"@type\":\"Organization\",\"@id\":\"https:\/\/www.notibras.com\/site\/#organization\",\"name\":\"Grupo Notibras de Comunica\u00e7\u00e3o\",\"url\":\"https:\/\/www.notibras.com\/site\/\",\"logo\":{\"@type\":\"ImageObject\",\"inLanguage\":\"pt-BR\",\"@id\":\"https:\/\/www.notibras.com\/site\/#\/schema\/logo\/image\/\",\"url\":\"https:\/\/www.notibras.com\/site\/wp-content\/uploads\/2023\/01\/notibras23.png\",\"contentUrl\":\"https:\/\/www.notibras.com\/site\/wp-content\/uploads\/2023\/01\/notibras23.png\",\"width\":350,\"height\":87,\"caption\":\"Grupo Notibras de Comunica\u00e7\u00e3o\"},\"image\":{\"@id\":\"https:\/\/www.notibras.com\/site\/#\/schema\/logo\/image\/\"},\"sameAs\":[\"https:\/\/www.facebook.com\/notibras\/\",\"https:\/\/x.com\/Notibras\",\"https:\/\/www.instagram.com\/notibras\/\"]},{\"@type\":\"Person\",\"@id\":\"https:\/\/www.notibras.com\/site\/#\/schema\/person\/5b7fabf2aedc3ada2105f03b22b4d3dd\",\"name\":\"Eduardo Mart\u00ednez\",\"image\":{\"@type\":\"ImageObject\",\"inLanguage\":\"pt-BR\",\"@id\":\"https:\/\/secure.gravatar.com\/avatar\/7902f906289926289cbcda644b5197c796b893c6ffd7b9a536a42d290f7704a0?s=96&d=mm&r=g\",\"url\":\"https:\/\/secure.gravatar.com\/avatar\/7902f906289926289cbcda644b5197c796b893c6ffd7b9a536a42d290f7704a0?s=96&d=mm&r=g\",\"contentUrl\":\"https:\/\/secure.gravatar.com\/avatar\/7902f906289926289cbcda644b5197c796b893c6ffd7b9a536a42d290f7704a0?s=96&d=mm&r=g\",\"caption\":\"Eduardo Mart\u00ednez\"}}]}<\/script>\n<!-- \/ Yoast SEO plugin. -->","yoast_head_json":{"title":"Eventos alteram o tr\u00e2nsito em algumas localidade neste fim de semana - Notibras","robots":{"index":"index","follow":"follow","max-snippet":"max-snippet:-1","max-image-preview":"max-image-preview:large","max-video-preview":"max-video-preview:-1"},"canonical":"https:\/\/www.notibras.com\/site\/eventos-alteram-o-transito-em-algumas-localidade-neste-fim-de-semana\/","og_locale":"pt_BR","og_type":"article","og_title":"Eventos alteram o tr\u00e2nsito em algumas localidade neste fim de semana - Notibras","og_description":"O Departamento de Tr\u00e2nsito do Distrito Federal (Detran-DF) realizar\u00e1 interven\u00e7\u00f5es de tr\u00e2nsito neste s\u00e1bado (24) e domingo (25), nas regi\u00f5es da Asa Norte, Parque da Cidade e Guar\u00e1. Corrida de Reis Mirim Das 6h \u00e0s 12h deste s\u00e1bado (24), ser\u00e1 realizada a Corrida de Reis Mirim 2026, no Parque da Cidade Sarah Kubitschek, com concentra\u00e7\u00e3o [&hellip;]","og_url":"https:\/\/www.notibras.com\/site\/eventos-alteram-o-transito-em-algumas-localidade-neste-fim-de-semana\/","og_site_name":"Notibras","article_publisher":"https:\/\/www.facebook.com\/notibras\/","article_published_time":"2026-01-24T03:30:14+00:00","og_image":[{"width":1265,"height":620,"url":"https:\/\/www.notibras.com\/site\/wp-content\/uploads\/2026\/01\/image-196.png","type":"image\/png"}],"author":"Eduardo Mart\u00ednez","twitter_card":"summary_large_image","twitter_creator":"@Notibras","twitter_site":"@Notibras","twitter_misc":{"Escrito por":"Eduardo Mart\u00ednez","Est. tempo de leitura":"5 minutos"},"schema":{"@context":"https:\/\/schema.org","@graph":[{"@type":"Article","@id":"https:\/\/www.notibras.com\/site\/eventos-alteram-o-transito-em-algumas-localidade-neste-fim-de-semana\/#article","isPartOf":{"@id":"https:\/\/www.notibras.com\/site\/eventos-alteram-o-transito-em-algumas-localidade-neste-fim-de-semana\/"},"author":{"name":"Eduardo Mart\u00ednez","@id":"https:\/\/www.notibras.com\/site\/#\/schema\/person\/5b7fabf2aedc3ada2105f03b22b4d3dd"},"headline":"Eventos alteram o tr\u00e2nsito em algumas localidade neste fim de semana","datePublished":"2026-01-24T03:30:14+00:00","mainEntityOfPage":{"@id":"https:\/\/www.notibras.com\/site\/eventos-alteram-o-transito-em-algumas-localidade-neste-fim-de-semana\/"},"wordCount":875,"publisher":{"@id":"https:\/\/www.notibras.com\/site\/#organization"},"image":{"@id":"https:\/\/www.notibras.com\/site\/eventos-alteram-o-transito-em-algumas-localidade-neste-fim-de-semana\/#primaryimage"},"thumbnailUrl":"https:\/\/www.notibras.com\/site\/wp-content\/uploads\/2026\/01\/image-196.png","articleSection":["Quadradinho em Foco"],"inLanguage":"pt-BR"},{"@type":"WebPage","@id":"https:\/\/www.notibras.com\/site\/eventos-alteram-o-transito-em-algumas-localidade-neste-fim-de-semana\/","url":"https:\/\/www.notibras.com\/site\/eventos-alteram-o-transito-em-algumas-localidade-neste-fim-de-semana\/","name":"Eventos alteram o tr\u00e2nsito em algumas localidade neste fim de semana - Notibras","isPartOf":{"@id":"https:\/\/www.notibras.com\/site\/#website"},"primaryImageOfPage":{"@id":"https:\/\/www.notibras.com\/site\/eventos-alteram-o-transito-em-algumas-localidade-neste-fim-de-semana\/#primaryimage"},"image":{"@id":"https:\/\/www.notibras.com\/site\/eventos-alteram-o-transito-em-algumas-localidade-neste-fim-de-semana\/#primaryimage"},"thumbnailUrl":"https:\/\/www.notibras.com\/site\/wp-content\/uploads\/2026\/01\/image-196.png","datePublished":"2026-01-24T03:30:14+00:00","breadcrumb":{"@id":"https:\/\/www.notibras.com\/site\/eventos-alteram-o-transito-em-algumas-localidade-neste-fim-de-semana\/#breadcrumb"},"inLanguage":"pt-BR","potentialAction":[{"@type":"ReadAction","target":["https:\/\/www.notibras.com\/site\/eventos-alteram-o-transito-em-algumas-localidade-neste-fim-de-semana\/"]}]},{"@type":"ImageObject","inLanguage":"pt-BR","@id":"https:\/\/www.notibras.com\/site\/eventos-alteram-o-transito-em-algumas-localidade-neste-fim-de-semana\/#primaryimage","url":"https:\/\/www.notibras.com\/site\/wp-content\/uploads\/2026\/01\/image-196.png","contentUrl":"https:\/\/www.notibras.com\/site\/wp-content\/uploads\/2026\/01\/image-196.png","width":1265,"height":620},{"@type":"BreadcrumbList","@id":"https:\/\/www.notibras.com\/site\/eventos-alteram-o-transito-em-algumas-localidade-neste-fim-de-semana\/#breadcrumb","itemListElement":[{"@type":"ListItem","position":1,"name":"In\u00edcio","item":"https:\/\/www.notibras.com\/site\/"},{"@type":"ListItem","position":2,"name":"Eventos alteram o tr\u00e2nsito em algumas localidade neste fim de semana"}]},{"@type":"WebSite","@id":"https:\/\/www.notibras.com\/site\/#website","url":"https:\/\/www.notibras.com\/site\/","name":"Notibras","description":"Not\u00edcias de Bras\u00edlia, do Brasil e do Mundo","publisher":{"@id":"https:\/\/www.notibras.com\/site\/#organization"},"potentialAction":[{"@type":"SearchAction","target":{"@type":"EntryPoint","urlTemplate":"https:\/\/www.notibras.com\/site\/?s={search_term_string}"},"query-input":{"@type":"PropertyValueSpecification","valueRequired":true,"valueName":"search_term_string"}}],"inLanguage":"pt-BR"},{"@type":"Organization","@id":"https:\/\/www.notibras.com\/site\/#organization","name":"Grupo Notibras de Comunica\u00e7\u00e3o","url":"https:\/\/www.notibras.com\/site\/","logo":{"@type":"ImageObject","inLanguage":"pt-BR","@id":"https:\/\/www.notibras.com\/site\/#\/schema\/logo\/image\/","url":"https:\/\/www.notibras.com\/site\/wp-content\/uploads\/2023\/01\/notibras23.png","contentUrl":"https:\/\/www.notibras.com\/site\/wp-content\/uploads\/2023\/01\/notibras23.png","width":350,"height":87,"caption":"Grupo Notibras de Comunica\u00e7\u00e3o"},"image":{"@id":"https:\/\/www.notibras.com\/site\/#\/schema\/logo\/image\/"},"sameAs":["https:\/\/www.facebook.com\/notibras\/","https:\/\/x.com\/Notibras","https:\/\/www.instagram.com\/notibras\/"]},{"@type":"Person","@id":"https:\/\/www.notibras.com\/site\/#\/schema\/person\/5b7fabf2aedc3ada2105f03b22b4d3dd","name":"Eduardo Mart\u00ednez","image":{"@type":"ImageObject","inLanguage":"pt-BR","@id":"https:\/\/secure.gravatar.com\/avatar\/7902f906289926289cbcda644b5197c796b893c6ffd7b9a536a42d290f7704a0?s=96&d=mm&r=g","url":"https:\/\/secure.gravatar.com\/avatar\/7902f906289926289cbcda644b5197c796b893c6ffd7b9a536a42d290f7704a0?s=96&d=mm&r=g","contentUrl":"https:\/\/secure.gravatar.com\/avatar\/7902f906289926289cbcda644b5197c796b893c6ffd7b9a536a42d290f7704a0?s=96&d=mm&r=g","caption":"Eduardo Mart\u00ednez"}}]}},"amp_enabled":true,"_links":{"self":[{"href":"https:\/\/www.notibras.com\/site\/wp-json\/wp\/v2\/posts\/380212","targetHints":{"allow":["GET"]}}],"collection":[{"href":"https:\/\/www.notibras.com\/site\/wp-json\/wp\/v2\/posts"}],"about":[{"href":"https:\/\/www.notibras.com\/site\/wp-json\/wp\/v2\/types\/post"}],"author":[{"embeddable":true,"href":"https:\/\/www.notibras.com\/site\/wp-json\/wp\/v2\/users\/21"}],"replies":[{"embeddable":true,"href":"https:\/\/www.notibras.com\/site\/wp-json\/wp\/v2\/comments?post=380212"}],"version-history":[{"count":3,"href":"https:\/\/www.notibras.com\/site\/wp-json\/wp\/v2\/posts\/380212\/revisions"}],"predecessor-version":[{"id":380216,"href":"https:\/\/www.notibras.com\/site\/wp-json\/wp\/v2\/posts\/380212\/revisions\/380216"}],"wp:featuredmedia":[{"embeddable":true,"href":"https:\/\/www.notibras.com\/site\/wp-json\/wp\/v2\/media\/380213"}],"wp:attachment":[{"href":"https:\/\/www.notibras.com\/site\/wp-json\/wp\/v2\/media?parent=380212"}],"wp:term":[{"taxonomy":"category","embeddable":true,"href":"https:\/\/www.notibras.com\/site\/wp-json\/wp\/v2\/categories?post=380212"},{"taxonomy":"post_tag","embeddable":true,"href":"https:\/\/www.notibras.com\/site\/wp-json\/wp\/v2\/tags?post=380212"}],"curies":[{"name":"wp","href":"https:\/\/api.w.org\/{rel}","templated":true}]}}