{"id":380217,"date":"2026-01-24T00:45:50","date_gmt":"2026-01-24T03:45:50","guid":{"rendered":"https:\/\/www.notibras.com\/site\/?p=380217"},"modified":"2026-01-23T21:44:43","modified_gmt":"2026-01-24T00:44:43","slug":"fim-de-semana-contara-com-50-locais-de-vacinacao","status":"publish","type":"post","link":"https:\/\/www.notibras.com\/site\/fim-de-semana-contara-com-50-locais-de-vacinacao\/","title":{"rendered":"Fim de semana contar\u00e1 com 50 locais de vacina\u00e7\u00e3o"},"content":{"rendered":"<p>Neste fim de semana, o Distrito Federal avan\u00e7a na vacina\u00e7\u00e3o contra febre amarela, gripe, Covid-19, dengue e outras doen\u00e7as. A Secretaria de Sa\u00fade (SES-DF) ter\u00e1 50 locais de atendimento. A <a href=\"https:\/\/www.saude.df.gov.br\/pt\/web\/guest\/locais-de-vacinacao\">lista completa com endere\u00e7os e hor\u00e1rios est\u00e1 dispon\u00edvel no site da pasta<\/a>.<\/p>\n<p>No s\u00e1bado (24), o destaque \u00e9 a Feira da Vila S\u00e3o Jos\u00e9, em Brazl\u00e2ndia, que ter\u00e1 atendimentos das 8h \u00e0s 12h. Al\u00e9m disso, 49 unidades b\u00e1sicas de sa\u00fade (UBSs), em 20 regi\u00f5es administrativas, disponibilizam diferentes vacinas. No domingo (25), a SES-DF oferece o servi\u00e7o na Rua do Lazer do Guar\u00e1, tamb\u00e9m no hor\u00e1rio das 8h \u00e0s 12h.<\/p>\n<p>A orienta\u00e7\u00e3o \u00e9 levar documento de identidade com foto e, se poss\u00edvel, a caderneta de imuniza\u00e7\u00e3o. \u00c9 importante acessar o site da pasta para conferir endere\u00e7o, hor\u00e1rio de atendimento e quais vacinas est\u00e3o dispon\u00edveis, conforme o <a href=\"https:\/\/www.saude.df.gov.br\/documents\/37101\/0\/Calend%C3%A1rio+rotina_site.pdf\/2e9d248c-08d8-7336-d348-cc0f8c741fce?t=1759422457025\">calend\u00e1rio de rotina<\/a>.<\/p>\n","protected":false},"excerpt":{"rendered":"<p>Neste fim de semana, o Distrito Federal avan\u00e7a na vacina\u00e7\u00e3o contra febre amarela, gripe, Covid-19, dengue e outras doen\u00e7as. A Secretaria de Sa\u00fade (SES-DF) ter\u00e1 50 locais de atendimento. A lista completa com endere\u00e7os e hor\u00e1rios est\u00e1 dispon\u00edvel no site da pasta. No s\u00e1bado (24), o destaque \u00e9 a Feira da Vila S\u00e3o Jos\u00e9, em [&hellip;]<\/p>\n","protected":false},"author":21,"featured_media":380225,"comment_status":"closed","ping_status":"closed","sticky":false,"template":"","format":"standard","meta":{"_acf_changed":false,"footnotes":""},"categories":[161],"tags":[],"class_list":["post-380217","post","type-post","status-publish","format-standard","has-post-thumbnail","hentry","category-quadradinho-em-foco"],"acf":[],"yoast_head":"<!-- This site is optimized with the Yoast SEO plugin v27.2 - https:\/\/yoast.com\/product\/yoast-seo-wordpress\/ -->\n<title>Fim de semana contar\u00e1 com 50 locais de vacina\u00e7\u00e3o - Notibras<\/title>\n<meta name=\"robots\" content=\"index, follow, max-snippet:-1, max-image-preview:large, max-video-preview:-1\" \/>\n<link rel=\"canonical\" href=\"https:\/\/www.notibras.com\/site\/fim-de-semana-contara-com-50-locais-de-vacinacao\/\" \/>\n<meta property=\"og:locale\" content=\"pt_BR\" \/>\n<meta property=\"og:type\" content=\"article\" \/>\n<meta property=\"og:title\" content=\"Fim de semana contar\u00e1 com 50 locais de vacina\u00e7\u00e3o - Notibras\" \/>\n<meta property=\"og:description\" content=\"Neste fim de semana, o Distrito Federal avan\u00e7a na vacina\u00e7\u00e3o contra febre amarela, gripe, Covid-19, dengue e outras doen\u00e7as. A Secretaria de Sa\u00fade (SES-DF) ter\u00e1 50 locais de atendimento. A lista completa com endere\u00e7os e hor\u00e1rios est\u00e1 dispon\u00edvel no site da pasta. No s\u00e1bado (24), o destaque \u00e9 a Feira da Vila S\u00e3o Jos\u00e9, em [&hellip;]\" \/>\n<meta property=\"og:url\" content=\"https:\/\/www.notibras.com\/site\/fim-de-semana-contara-com-50-locais-de-vacinacao\/\" \/>\n<meta property=\"og:site_name\" content=\"Notibras\" \/>\n<meta property=\"article:publisher\" content=\"https:\/\/www.facebook.com\/notibras\/\" \/>\n<meta property=\"article:published_time\" content=\"2026-01-24T03:45:50+00:00\" \/>\n<meta property=\"og:image\" content=\"https:\/\/www.notibras.com\/site\/wp-content\/uploads\/2026\/01\/Vacina-para-todos-Fotos-Jhonatan-Cantarelle-Agencia-Saude-DF.jpg\" \/>\n\t<meta property=\"og:image:width\" content=\"2048\" \/>\n\t<meta property=\"og:image:height\" content=\"1365\" \/>\n\t<meta property=\"og:image:type\" content=\"image\/jpeg\" \/>\n<meta name=\"author\" content=\"Eduardo Mart\u00ednez\" \/>\n<meta name=\"twitter:card\" content=\"summary_large_image\" \/>\n<meta name=\"twitter:creator\" content=\"@Notibras\" \/>\n<meta name=\"twitter:site\" content=\"@Notibras\" \/>\n<meta name=\"twitter:label1\" content=\"Escrito por\" \/>\n\t<meta name=\"twitter:data1\" content=\"Eduardo Mart\u00ednez\" \/>\n\t<meta name=\"twitter:label2\" content=\"Est. tempo de leitura\" \/>\n\t<meta name=\"twitter:data2\" content=\"2 minutos\" \/>\n<script type=\"application\/ld+json\" class=\"yoast-schema-graph\">{\"@context\":\"https:\/\/schema.org\",\"@graph\":[{\"@type\":\"Article\",\"@id\":\"https:\/\/www.notibras.com\/site\/fim-de-semana-contara-com-50-locais-de-vacinacao\/#article\",\"isPartOf\":{\"@id\":\"https:\/\/www.notibras.com\/site\/fim-de-semana-contara-com-50-locais-de-vacinacao\/\"},\"author\":{\"name\":\"Eduardo Mart\u00ednez\",\"@id\":\"https:\/\/www.notibras.com\/site\/#\/schema\/person\/5b7fabf2aedc3ada2105f03b22b4d3dd\"},\"headline\":\"Fim de semana contar\u00e1 com 50 locais de vacina\u00e7\u00e3o\",\"datePublished\":\"2026-01-24T03:45:50+00:00\",\"mainEntityOfPage\":{\"@id\":\"https:\/\/www.notibras.com\/site\/fim-de-semana-contara-com-50-locais-de-vacinacao\/\"},\"wordCount\":164,\"publisher\":{\"@id\":\"https:\/\/www.notibras.com\/site\/#organization\"},\"image\":{\"@id\":\"https:\/\/www.notibras.com\/site\/fim-de-semana-contara-com-50-locais-de-vacinacao\/#primaryimage\"},\"thumbnailUrl\":\"https:\/\/www.notibras.com\/site\/wp-content\/uploads\/2026\/01\/Vacina-para-todos-Fotos-Jhonatan-Cantarelle-Agencia-Saude-DF.jpg\",\"articleSection\":[\"Quadradinho em Foco\"],\"inLanguage\":\"pt-BR\"},{\"@type\":\"WebPage\",\"@id\":\"https:\/\/www.notibras.com\/site\/fim-de-semana-contara-com-50-locais-de-vacinacao\/\",\"url\":\"https:\/\/www.notibras.com\/site\/fim-de-semana-contara-com-50-locais-de-vacinacao\/\",\"name\":\"Fim de semana contar\u00e1 com 50 locais de vacina\u00e7\u00e3o - Notibras\",\"isPartOf\":{\"@id\":\"https:\/\/www.notibras.com\/site\/#website\"},\"primaryImageOfPage\":{\"@id\":\"https:\/\/www.notibras.com\/site\/fim-de-semana-contara-com-50-locais-de-vacinacao\/#primaryimage\"},\"image\":{\"@id\":\"https:\/\/www.notibras.com\/site\/fim-de-semana-contara-com-50-locais-de-vacinacao\/#primaryimage\"},\"thumbnailUrl\":\"https:\/\/www.notibras.com\/site\/wp-content\/uploads\/2026\/01\/Vacina-para-todos-Fotos-Jhonatan-Cantarelle-Agencia-Saude-DF.jpg\",\"datePublished\":\"2026-01-24T03:45:50+00:00\",\"breadcrumb\":{\"@id\":\"https:\/\/www.notibras.com\/site\/fim-de-semana-contara-com-50-locais-de-vacinacao\/#breadcrumb\"},\"inLanguage\":\"pt-BR\",\"potentialAction\":[{\"@type\":\"ReadAction\",\"target\":[\"https:\/\/www.notibras.com\/site\/fim-de-semana-contara-com-50-locais-de-vacinacao\/\"]}]},{\"@type\":\"ImageObject\",\"inLanguage\":\"pt-BR\",\"@id\":\"https:\/\/www.notibras.com\/site\/fim-de-semana-contara-com-50-locais-de-vacinacao\/#primaryimage\",\"url\":\"https:\/\/www.notibras.com\/site\/wp-content\/uploads\/2026\/01\/Vacina-para-todos-Fotos-Jhonatan-Cantarelle-Agencia-Saude-DF.jpg\",\"contentUrl\":\"https:\/\/www.notibras.com\/site\/wp-content\/uploads\/2026\/01\/Vacina-para-todos-Fotos-Jhonatan-Cantarelle-Agencia-Saude-DF.jpg\",\"width\":2048,\"height\":1365},{\"@type\":\"BreadcrumbList\",\"@id\":\"https:\/\/www.notibras.com\/site\/fim-de-semana-contara-com-50-locais-de-vacinacao\/#breadcrumb\",\"itemListElement\":[{\"@type\":\"ListItem\",\"position\":1,\"name\":\"In\u00edcio\",\"item\":\"https:\/\/www.notibras.com\/site\/\"},{\"@type\":\"ListItem\",\"position\":2,\"name\":\"Fim de semana contar\u00e1 com 50 locais de vacina\u00e7\u00e3o\"}]},{\"@type\":\"WebSite\",\"@id\":\"https:\/\/www.notibras.com\/site\/#website\",\"url\":\"https:\/\/www.notibras.com\/site\/\",\"name\":\"Notibras\",\"description\":\"Not\u00edcias de Bras\u00edlia, do Brasil e do Mundo\",\"publisher\":{\"@id\":\"https:\/\/www.notibras.com\/site\/#organization\"},\"potentialAction\":[{\"@type\":\"SearchAction\",\"target\":{\"@type\":\"EntryPoint\",\"urlTemplate\":\"https:\/\/www.notibras.com\/site\/?s={search_term_string}\"},\"query-input\":{\"@type\":\"PropertyValueSpecification\",\"valueRequired\":true,\"valueName\":\"search_term_string\"}}],\"inLanguage\":\"pt-BR\"},{\"@type\":\"Organization\",\"@id\":\"https:\/\/www.notibras.com\/site\/#organization\",\"name\":\"Grupo Notibras de Comunica\u00e7\u00e3o\",\"url\":\"https:\/\/www.notibras.com\/site\/\",\"logo\":{\"@type\":\"ImageObject\",\"inLanguage\":\"pt-BR\",\"@id\":\"https:\/\/www.notibras.com\/site\/#\/schema\/logo\/image\/\",\"url\":\"https:\/\/www.notibras.com\/site\/wp-content\/uploads\/2023\/01\/notibras23.png\",\"contentUrl\":\"https:\/\/www.notibras.com\/site\/wp-content\/uploads\/2023\/01\/notibras23.png\",\"width\":350,\"height\":87,\"caption\":\"Grupo Notibras de Comunica\u00e7\u00e3o\"},\"image\":{\"@id\":\"https:\/\/www.notibras.com\/site\/#\/schema\/logo\/image\/\"},\"sameAs\":[\"https:\/\/www.facebook.com\/notibras\/\",\"https:\/\/x.com\/Notibras\",\"https:\/\/www.instagram.com\/notibras\/\"]},{\"@type\":\"Person\",\"@id\":\"https:\/\/www.notibras.com\/site\/#\/schema\/person\/5b7fabf2aedc3ada2105f03b22b4d3dd\",\"name\":\"Eduardo Mart\u00ednez\",\"image\":{\"@type\":\"ImageObject\",\"inLanguage\":\"pt-BR\",\"@id\":\"https:\/\/secure.gravatar.com\/avatar\/7902f906289926289cbcda644b5197c796b893c6ffd7b9a536a42d290f7704a0?s=96&d=mm&r=g\",\"url\":\"https:\/\/secure.gravatar.com\/avatar\/7902f906289926289cbcda644b5197c796b893c6ffd7b9a536a42d290f7704a0?s=96&d=mm&r=g\",\"contentUrl\":\"https:\/\/secure.gravatar.com\/avatar\/7902f906289926289cbcda644b5197c796b893c6ffd7b9a536a42d290f7704a0?s=96&d=mm&r=g\",\"caption\":\"Eduardo Mart\u00ednez\"}}]}<\/script>\n<!-- \/ Yoast SEO plugin. -->","yoast_head_json":{"title":"Fim de semana contar\u00e1 com 50 locais de vacina\u00e7\u00e3o - Notibras","robots":{"index":"index","follow":"follow","max-snippet":"max-snippet:-1","max-image-preview":"max-image-preview:large","max-video-preview":"max-video-preview:-1"},"canonical":"https:\/\/www.notibras.com\/site\/fim-de-semana-contara-com-50-locais-de-vacinacao\/","og_locale":"pt_BR","og_type":"article","og_title":"Fim de semana contar\u00e1 com 50 locais de vacina\u00e7\u00e3o - Notibras","og_description":"Neste fim de semana, o Distrito Federal avan\u00e7a na vacina\u00e7\u00e3o contra febre amarela, gripe, Covid-19, dengue e outras doen\u00e7as. A Secretaria de Sa\u00fade (SES-DF) ter\u00e1 50 locais de atendimento. A lista completa com endere\u00e7os e hor\u00e1rios est\u00e1 dispon\u00edvel no site da pasta. No s\u00e1bado (24), o destaque \u00e9 a Feira da Vila S\u00e3o Jos\u00e9, em [&hellip;]","og_url":"https:\/\/www.notibras.com\/site\/fim-de-semana-contara-com-50-locais-de-vacinacao\/","og_site_name":"Notibras","article_publisher":"https:\/\/www.facebook.com\/notibras\/","article_published_time":"2026-01-24T03:45:50+00:00","og_image":[{"width":2048,"height":1365,"url":"https:\/\/www.notibras.com\/site\/wp-content\/uploads\/2026\/01\/Vacina-para-todos-Fotos-Jhonatan-Cantarelle-Agencia-Saude-DF.jpg","type":"image\/jpeg"}],"author":"Eduardo Mart\u00ednez","twitter_card":"summary_large_image","twitter_creator":"@Notibras","twitter_site":"@Notibras","twitter_misc":{"Escrito por":"Eduardo Mart\u00ednez","Est. tempo de leitura":"2 minutos"},"schema":{"@context":"https:\/\/schema.org","@graph":[{"@type":"Article","@id":"https:\/\/www.notibras.com\/site\/fim-de-semana-contara-com-50-locais-de-vacinacao\/#article","isPartOf":{"@id":"https:\/\/www.notibras.com\/site\/fim-de-semana-contara-com-50-locais-de-vacinacao\/"},"author":{"name":"Eduardo Mart\u00ednez","@id":"https:\/\/www.notibras.com\/site\/#\/schema\/person\/5b7fabf2aedc3ada2105f03b22b4d3dd"},"headline":"Fim de semana contar\u00e1 com 50 locais de vacina\u00e7\u00e3o","datePublished":"2026-01-24T03:45:50+00:00","mainEntityOfPage":{"@id":"https:\/\/www.notibras.com\/site\/fim-de-semana-contara-com-50-locais-de-vacinacao\/"},"wordCount":164,"publisher":{"@id":"https:\/\/www.notibras.com\/site\/#organization"},"image":{"@id":"https:\/\/www.notibras.com\/site\/fim-de-semana-contara-com-50-locais-de-vacinacao\/#primaryimage"},"thumbnailUrl":"https:\/\/www.notibras.com\/site\/wp-content\/uploads\/2026\/01\/Vacina-para-todos-Fotos-Jhonatan-Cantarelle-Agencia-Saude-DF.jpg","articleSection":["Quadradinho em Foco"],"inLanguage":"pt-BR"},{"@type":"WebPage","@id":"https:\/\/www.notibras.com\/site\/fim-de-semana-contara-com-50-locais-de-vacinacao\/","url":"https:\/\/www.notibras.com\/site\/fim-de-semana-contara-com-50-locais-de-vacinacao\/","name":"Fim de semana contar\u00e1 com 50 locais de vacina\u00e7\u00e3o - Notibras","isPartOf":{"@id":"https:\/\/www.notibras.com\/site\/#website"},"primaryImageOfPage":{"@id":"https:\/\/www.notibras.com\/site\/fim-de-semana-contara-com-50-locais-de-vacinacao\/#primaryimage"},"image":{"@id":"https:\/\/www.notibras.com\/site\/fim-de-semana-contara-com-50-locais-de-vacinacao\/#primaryimage"},"thumbnailUrl":"https:\/\/www.notibras.com\/site\/wp-content\/uploads\/2026\/01\/Vacina-para-todos-Fotos-Jhonatan-Cantarelle-Agencia-Saude-DF.jpg","datePublished":"2026-01-24T03:45:50+00:00","breadcrumb":{"@id":"https:\/\/www.notibras.com\/site\/fim-de-semana-contara-com-50-locais-de-vacinacao\/#breadcrumb"},"inLanguage":"pt-BR","potentialAction":[{"@type":"ReadAction","target":["https:\/\/www.notibras.com\/site\/fim-de-semana-contara-com-50-locais-de-vacinacao\/"]}]},{"@type":"ImageObject","inLanguage":"pt-BR","@id":"https:\/\/www.notibras.com\/site\/fim-de-semana-contara-com-50-locais-de-vacinacao\/#primaryimage","url":"https:\/\/www.notibras.com\/site\/wp-content\/uploads\/2026\/01\/Vacina-para-todos-Fotos-Jhonatan-Cantarelle-Agencia-Saude-DF.jpg","contentUrl":"https:\/\/www.notibras.com\/site\/wp-content\/uploads\/2026\/01\/Vacina-para-todos-Fotos-Jhonatan-Cantarelle-Agencia-Saude-DF.jpg","width":2048,"height":1365},{"@type":"BreadcrumbList","@id":"https:\/\/www.notibras.com\/site\/fim-de-semana-contara-com-50-locais-de-vacinacao\/#breadcrumb","itemListElement":[{"@type":"ListItem","position":1,"name":"In\u00edcio","item":"https:\/\/www.notibras.com\/site\/"},{"@type":"ListItem","position":2,"name":"Fim de semana contar\u00e1 com 50 locais de vacina\u00e7\u00e3o"}]},{"@type":"WebSite","@id":"https:\/\/www.notibras.com\/site\/#website","url":"https:\/\/www.notibras.com\/site\/","name":"Notibras","description":"Not\u00edcias de Bras\u00edlia, do Brasil e do Mundo","publisher":{"@id":"https:\/\/www.notibras.com\/site\/#organization"},"potentialAction":[{"@type":"SearchAction","target":{"@type":"EntryPoint","urlTemplate":"https:\/\/www.notibras.com\/site\/?s={search_term_string}"},"query-input":{"@type":"PropertyValueSpecification","valueRequired":true,"valueName":"search_term_string"}}],"inLanguage":"pt-BR"},{"@type":"Organization","@id":"https:\/\/www.notibras.com\/site\/#organization","name":"Grupo Notibras de Comunica\u00e7\u00e3o","url":"https:\/\/www.notibras.com\/site\/","logo":{"@type":"ImageObject","inLanguage":"pt-BR","@id":"https:\/\/www.notibras.com\/site\/#\/schema\/logo\/image\/","url":"https:\/\/www.notibras.com\/site\/wp-content\/uploads\/2023\/01\/notibras23.png","contentUrl":"https:\/\/www.notibras.com\/site\/wp-content\/uploads\/2023\/01\/notibras23.png","width":350,"height":87,"caption":"Grupo Notibras de Comunica\u00e7\u00e3o"},"image":{"@id":"https:\/\/www.notibras.com\/site\/#\/schema\/logo\/image\/"},"sameAs":["https:\/\/www.facebook.com\/notibras\/","https:\/\/x.com\/Notibras","https:\/\/www.instagram.com\/notibras\/"]},{"@type":"Person","@id":"https:\/\/www.notibras.com\/site\/#\/schema\/person\/5b7fabf2aedc3ada2105f03b22b4d3dd","name":"Eduardo Mart\u00ednez","image":{"@type":"ImageObject","inLanguage":"pt-BR","@id":"https:\/\/secure.gravatar.com\/avatar\/7902f906289926289cbcda644b5197c796b893c6ffd7b9a536a42d290f7704a0?s=96&d=mm&r=g","url":"https:\/\/secure.gravatar.com\/avatar\/7902f906289926289cbcda644b5197c796b893c6ffd7b9a536a42d290f7704a0?s=96&d=mm&r=g","contentUrl":"https:\/\/secure.gravatar.com\/avatar\/7902f906289926289cbcda644b5197c796b893c6ffd7b9a536a42d290f7704a0?s=96&d=mm&r=g","caption":"Eduardo Mart\u00ednez"}}]}},"amp_enabled":true,"_links":{"self":[{"href":"https:\/\/www.notibras.com\/site\/wp-json\/wp\/v2\/posts\/380217","targetHints":{"allow":["GET"]}}],"collection":[{"href":"https:\/\/www.notibras.com\/site\/wp-json\/wp\/v2\/posts"}],"about":[{"href":"https:\/\/www.notibras.com\/site\/wp-json\/wp\/v2\/types\/post"}],"author":[{"embeddable":true,"href":"https:\/\/www.notibras.com\/site\/wp-json\/wp\/v2\/users\/21"}],"replies":[{"embeddable":true,"href":"https:\/\/www.notibras.com\/site\/wp-json\/wp\/v2\/comments?post=380217"}],"version-history":[{"count":7,"href":"https:\/\/www.notibras.com\/site\/wp-json\/wp\/v2\/posts\/380217\/revisions"}],"predecessor-version":[{"id":380224,"href":"https:\/\/www.notibras.com\/site\/wp-json\/wp\/v2\/posts\/380217\/revisions\/380224"}],"wp:featuredmedia":[{"embeddable":true,"href":"https:\/\/www.notibras.com\/site\/wp-json\/wp\/v2\/media\/380225"}],"wp:attachment":[{"href":"https:\/\/www.notibras.com\/site\/wp-json\/wp\/v2\/media?parent=380217"}],"wp:term":[{"taxonomy":"category","embeddable":true,"href":"https:\/\/www.notibras.com\/site\/wp-json\/wp\/v2\/categories?post=380217"},{"taxonomy":"post_tag","embeddable":true,"href":"https:\/\/www.notibras.com\/site\/wp-json\/wp\/v2\/tags?post=380217"}],"curies":[{"name":"wp","href":"https:\/\/api.w.org\/{rel}","templated":true}]}}