{"id":380226,"date":"2026-01-24T01:00:26","date_gmt":"2026-01-24T04:00:26","guid":{"rendered":"https:\/\/www.notibras.com\/site\/?p=380226"},"modified":"2026-01-23T21:52:33","modified_gmt":"2026-01-24T00:52:33","slug":"havera-alerta-a-populacao-no-dia-da-implosao-do-torre-palace","status":"publish","type":"post","link":"https:\/\/www.notibras.com\/site\/havera-alerta-a-populacao-no-dia-da-implosao-do-torre-palace\/","title":{"rendered":"Haver\u00e1 alerta \u00e0 popula\u00e7\u00e3o no dia da implos\u00e3o do Torre Palace"},"content":{"rendered":"<p>A Secretaria de Seguran\u00e7a P\u00fablica do Distrito Federal (SSP-DF), em conjunto com a Subsecretaria do Sistema de Defesa Civil (SUDEC), vai refor\u00e7ar a prote\u00e7\u00e3o \u00e0 popula\u00e7\u00e3o no dia da implos\u00e3o do edif\u00edcio Torre Palace Hotel, no Setor Hoteleiro Norte, com o envio de um alerta oficial por meio do novo sistema Defesa Civil Alerta (DCA). A mensagem ser\u00e1 disparada no domingo (25), \u00e0s 9h30, diretamente para os celulares localizados na \u00e1rea de risco, como medida preventiva para ampliar o alcance da orienta\u00e7\u00e3o e reduzir a exposi\u00e7\u00e3o de pessoas ao per\u00edmetro da opera\u00e7\u00e3o.<\/p>\n<p>A tecnologia utilizada \u00e9 a cell broadcast, capaz de enviar notifica\u00e7\u00f5es para aparelhos compat\u00edveis sem necessidade de cadastro pr\u00e9vio e com entrega instant\u00e2nea, inclusive em celulares que estejam no modo silencioso. Por se tratar de um recurso de alto alcance e pensado para situa\u00e7\u00f5es de risco, o alerta pode ser recebido tamb\u00e9m em \u00e1reas pr\u00f3ximas ao local da ocorr\u00eancia, ultrapassando a delimita\u00e7\u00e3o f\u00edsica do per\u00edmetro.<\/p>\n<p>\u201cA recomenda\u00e7\u00e3o, no entanto, \u00e9 clara: ao receber a notifica\u00e7\u00e3o, a popula\u00e7\u00e3o deve seguir as orienta\u00e7\u00f5es oficiais e respeitar as interdi\u00e7\u00f5es estabelecidas. Esse alerta \u00e9 mais do que uma mensagem no celular: \u00e9 uma ferramenta de cuidado e preven\u00e7\u00e3o. Em uma opera\u00e7\u00e3o complexa como a implos\u00e3o do Torre Palace, a seguran\u00e7a come\u00e7a com informa\u00e7\u00e3o r\u00e1pida e orienta\u00e7\u00e3o objetiva. Mesmo que o aviso alcance regi\u00f5es al\u00e9m da \u00e1rea isolada, \u00e9 fundamental que a popula\u00e7\u00e3o compreenda o car\u00e1ter preventivo do sistema e mantenha aten\u00e7\u00e3o \u00e0s recomenda\u00e7\u00f5es das for\u00e7as de seguran\u00e7a e da Defesa Civil\u201d, destaca o secret\u00e1rio de Seguran\u00e7a P\u00fablica do DF, Sandro Avelar.<\/p>\n<p>O alerta que ser\u00e1 emitido trar\u00e1 o seguinte texto: \u201cALERTA DE COLAPSO DE EDIFICA\u00c7\u00c3O \u2014 IMPLOS\u00c3O DO TORRE PALACE HOTEL, mantenha-se fora da zona de exclus\u00e3o at\u00e9 a libera\u00e7\u00e3o pela Defesa Civil do DF.\u201d<\/p>\n<p>A a\u00e7\u00e3o integra o conjunto de estrat\u00e9gias adotadas para garantir que a implos\u00e3o seja realizada com seguran\u00e7a, dentro dos protocolos t\u00e9cnicos e operacionais. Durante o procedimento, h\u00e1 riscos como proje\u00e7\u00e3o de detritos e materiais, forma\u00e7\u00e3o de nuvem de poeira, vibra\u00e7\u00e3o do terreno devido \u00e0 onda de choque e ru\u00eddo intenso.<\/p>\n<p>Para mitigar impactos e refor\u00e7ar a seguran\u00e7a, ser\u00e3o adotadas medidas como instala\u00e7\u00e3o de telas de prote\u00e7\u00e3o, sinaliza\u00e7\u00e3o completa na \u00e1rea de bloqueio, al\u00e9m de alertas sonoros com sirenes de viaturas do Corpo de Bombeiros. \u201cO alerta \u00e9 uma forma moderna e eficiente de orientar a popula\u00e7\u00e3o no momento exato em que ela precisa dessa informa\u00e7\u00e3o. A mensagem pode chegar a quem est\u00e1 no entorno, inclusive fora do per\u00edmetro de isolamento, porque o objetivo \u00e9 prevenir e ampliar o alcance da orienta\u00e7\u00e3o. Ao receber o aviso, a pessoa deve evitar deslocamentos para a regi\u00e3o, respeitar as interdi\u00e7\u00f5es e aguardar a libera\u00e7\u00e3o oficial da Defesa Civil\u201d, refor\u00e7a o subsecret\u00e1rio do Sistema de Defesa Civil, Sandro Gomes.<\/p>\n<p><strong>Alerta<\/strong><\/p>\n<p>Lan\u00e7ado em setembro de 2024, o Defesa Civil Alerta foi desenvolvido pelo Centro Nacional de Gerenciamento de Riscos e Desastres (Cenad), vinculado \u00e0 Secretaria Nacional de Prote\u00e7\u00e3o e Defesa Civil (Sedec), do Minist\u00e9rio da Integra\u00e7\u00e3o e do Desenvolvimento Regional (MIDR). O sistema utiliza a plataforma Interface de Divulga\u00e7\u00e3o de Alertas P\u00fablicos (IDAP), que j\u00e1 \u00e9 empregada no envio de avisos via SMS e outros canais.<\/p>\n","protected":false},"excerpt":{"rendered":"<p>A Secretaria de Seguran\u00e7a P\u00fablica do Distrito Federal (SSP-DF), em conjunto com a Subsecretaria do Sistema de Defesa Civil (SUDEC), vai refor\u00e7ar a prote\u00e7\u00e3o \u00e0 popula\u00e7\u00e3o no dia da implos\u00e3o do edif\u00edcio Torre Palace Hotel, no Setor Hoteleiro Norte, com o envio de um alerta oficial por meio do novo sistema Defesa Civil Alerta (DCA). [&hellip;]<\/p>\n","protected":false},"author":21,"featured_media":380227,"comment_status":"closed","ping_status":"closed","sticky":false,"template":"","format":"standard","meta":{"_acf_changed":false,"footnotes":""},"categories":[161],"tags":[],"class_list":["post-380226","post","type-post","status-publish","format-standard","has-post-thumbnail","hentry","category-quadradinho-em-foco"],"acf":[],"yoast_head":"<!-- This site is optimized with the Yoast SEO plugin v27.2 - https:\/\/yoast.com\/product\/yoast-seo-wordpress\/ -->\n<title>Haver\u00e1 alerta \u00e0 popula\u00e7\u00e3o no dia da implos\u00e3o do Torre Palace - Notibras<\/title>\n<meta name=\"robots\" content=\"index, follow, max-snippet:-1, max-image-preview:large, max-video-preview:-1\" \/>\n<link rel=\"canonical\" href=\"https:\/\/www.notibras.com\/site\/havera-alerta-a-populacao-no-dia-da-implosao-do-torre-palace\/\" \/>\n<meta property=\"og:locale\" content=\"pt_BR\" \/>\n<meta property=\"og:type\" content=\"article\" \/>\n<meta property=\"og:title\" content=\"Haver\u00e1 alerta \u00e0 popula\u00e7\u00e3o no dia da implos\u00e3o do Torre Palace - Notibras\" \/>\n<meta property=\"og:description\" content=\"A Secretaria de Seguran\u00e7a P\u00fablica do Distrito Federal (SSP-DF), em conjunto com a Subsecretaria do Sistema de Defesa Civil (SUDEC), vai refor\u00e7ar a prote\u00e7\u00e3o \u00e0 popula\u00e7\u00e3o no dia da implos\u00e3o do edif\u00edcio Torre Palace Hotel, no Setor Hoteleiro Norte, com o envio de um alerta oficial por meio do novo sistema Defesa Civil Alerta (DCA). [&hellip;]\" \/>\n<meta property=\"og:url\" content=\"https:\/\/www.notibras.com\/site\/havera-alerta-a-populacao-no-dia-da-implosao-do-torre-palace\/\" \/>\n<meta property=\"og:site_name\" content=\"Notibras\" \/>\n<meta property=\"article:publisher\" content=\"https:\/\/www.facebook.com\/notibras\/\" \/>\n<meta property=\"article:published_time\" content=\"2026-01-24T04:00:26+00:00\" \/>\n<meta property=\"og:image\" content=\"https:\/\/www.notibras.com\/site\/wp-content\/uploads\/2026\/01\/IMG_3256.jpeg\" \/>\n\t<meta property=\"og:image:width\" content=\"1600\" \/>\n\t<meta property=\"og:image:height\" content=\"1198\" \/>\n\t<meta property=\"og:image:type\" content=\"image\/jpeg\" \/>\n<meta name=\"author\" content=\"Eduardo Mart\u00ednez\" \/>\n<meta name=\"twitter:card\" content=\"summary_large_image\" \/>\n<meta name=\"twitter:creator\" content=\"@Notibras\" \/>\n<meta name=\"twitter:site\" content=\"@Notibras\" \/>\n<meta name=\"twitter:label1\" content=\"Escrito por\" \/>\n\t<meta name=\"twitter:data1\" content=\"Eduardo Mart\u00ednez\" \/>\n\t<meta name=\"twitter:label2\" content=\"Est. tempo de leitura\" \/>\n\t<meta name=\"twitter:data2\" content=\"4 minutos\" \/>\n<script type=\"application\/ld+json\" class=\"yoast-schema-graph\">{\"@context\":\"https:\/\/schema.org\",\"@graph\":[{\"@type\":\"Article\",\"@id\":\"https:\/\/www.notibras.com\/site\/havera-alerta-a-populacao-no-dia-da-implosao-do-torre-palace\/#article\",\"isPartOf\":{\"@id\":\"https:\/\/www.notibras.com\/site\/havera-alerta-a-populacao-no-dia-da-implosao-do-torre-palace\/\"},\"author\":{\"name\":\"Eduardo Mart\u00ednez\",\"@id\":\"https:\/\/www.notibras.com\/site\/#\/schema\/person\/5b7fabf2aedc3ada2105f03b22b4d3dd\"},\"headline\":\"Haver\u00e1 alerta \u00e0 popula\u00e7\u00e3o no dia da implos\u00e3o do Torre Palace\",\"datePublished\":\"2026-01-24T04:00:26+00:00\",\"mainEntityOfPage\":{\"@id\":\"https:\/\/www.notibras.com\/site\/havera-alerta-a-populacao-no-dia-da-implosao-do-torre-palace\/\"},\"wordCount\":602,\"publisher\":{\"@id\":\"https:\/\/www.notibras.com\/site\/#organization\"},\"image\":{\"@id\":\"https:\/\/www.notibras.com\/site\/havera-alerta-a-populacao-no-dia-da-implosao-do-torre-palace\/#primaryimage\"},\"thumbnailUrl\":\"https:\/\/www.notibras.com\/site\/wp-content\/uploads\/2026\/01\/IMG_3256.jpeg\",\"articleSection\":[\"Quadradinho em Foco\"],\"inLanguage\":\"pt-BR\"},{\"@type\":\"WebPage\",\"@id\":\"https:\/\/www.notibras.com\/site\/havera-alerta-a-populacao-no-dia-da-implosao-do-torre-palace\/\",\"url\":\"https:\/\/www.notibras.com\/site\/havera-alerta-a-populacao-no-dia-da-implosao-do-torre-palace\/\",\"name\":\"Haver\u00e1 alerta \u00e0 popula\u00e7\u00e3o no dia da implos\u00e3o do Torre Palace - Notibras\",\"isPartOf\":{\"@id\":\"https:\/\/www.notibras.com\/site\/#website\"},\"primaryImageOfPage\":{\"@id\":\"https:\/\/www.notibras.com\/site\/havera-alerta-a-populacao-no-dia-da-implosao-do-torre-palace\/#primaryimage\"},\"image\":{\"@id\":\"https:\/\/www.notibras.com\/site\/havera-alerta-a-populacao-no-dia-da-implosao-do-torre-palace\/#primaryimage\"},\"thumbnailUrl\":\"https:\/\/www.notibras.com\/site\/wp-content\/uploads\/2026\/01\/IMG_3256.jpeg\",\"datePublished\":\"2026-01-24T04:00:26+00:00\",\"breadcrumb\":{\"@id\":\"https:\/\/www.notibras.com\/site\/havera-alerta-a-populacao-no-dia-da-implosao-do-torre-palace\/#breadcrumb\"},\"inLanguage\":\"pt-BR\",\"potentialAction\":[{\"@type\":\"ReadAction\",\"target\":[\"https:\/\/www.notibras.com\/site\/havera-alerta-a-populacao-no-dia-da-implosao-do-torre-palace\/\"]}]},{\"@type\":\"ImageObject\",\"inLanguage\":\"pt-BR\",\"@id\":\"https:\/\/www.notibras.com\/site\/havera-alerta-a-populacao-no-dia-da-implosao-do-torre-palace\/#primaryimage\",\"url\":\"https:\/\/www.notibras.com\/site\/wp-content\/uploads\/2026\/01\/IMG_3256.jpeg\",\"contentUrl\":\"https:\/\/www.notibras.com\/site\/wp-content\/uploads\/2026\/01\/IMG_3256.jpeg\",\"width\":1600,\"height\":1198},{\"@type\":\"BreadcrumbList\",\"@id\":\"https:\/\/www.notibras.com\/site\/havera-alerta-a-populacao-no-dia-da-implosao-do-torre-palace\/#breadcrumb\",\"itemListElement\":[{\"@type\":\"ListItem\",\"position\":1,\"name\":\"In\u00edcio\",\"item\":\"https:\/\/www.notibras.com\/site\/\"},{\"@type\":\"ListItem\",\"position\":2,\"name\":\"Haver\u00e1 alerta \u00e0 popula\u00e7\u00e3o no dia da implos\u00e3o do Torre Palace\"}]},{\"@type\":\"WebSite\",\"@id\":\"https:\/\/www.notibras.com\/site\/#website\",\"url\":\"https:\/\/www.notibras.com\/site\/\",\"name\":\"Notibras\",\"description\":\"Not\u00edcias de Bras\u00edlia, do Brasil e do Mundo\",\"publisher\":{\"@id\":\"https:\/\/www.notibras.com\/site\/#organization\"},\"potentialAction\":[{\"@type\":\"SearchAction\",\"target\":{\"@type\":\"EntryPoint\",\"urlTemplate\":\"https:\/\/www.notibras.com\/site\/?s={search_term_string}\"},\"query-input\":{\"@type\":\"PropertyValueSpecification\",\"valueRequired\":true,\"valueName\":\"search_term_string\"}}],\"inLanguage\":\"pt-BR\"},{\"@type\":\"Organization\",\"@id\":\"https:\/\/www.notibras.com\/site\/#organization\",\"name\":\"Grupo Notibras de Comunica\u00e7\u00e3o\",\"url\":\"https:\/\/www.notibras.com\/site\/\",\"logo\":{\"@type\":\"ImageObject\",\"inLanguage\":\"pt-BR\",\"@id\":\"https:\/\/www.notibras.com\/site\/#\/schema\/logo\/image\/\",\"url\":\"https:\/\/www.notibras.com\/site\/wp-content\/uploads\/2023\/01\/notibras23.png\",\"contentUrl\":\"https:\/\/www.notibras.com\/site\/wp-content\/uploads\/2023\/01\/notibras23.png\",\"width\":350,\"height\":87,\"caption\":\"Grupo Notibras de Comunica\u00e7\u00e3o\"},\"image\":{\"@id\":\"https:\/\/www.notibras.com\/site\/#\/schema\/logo\/image\/\"},\"sameAs\":[\"https:\/\/www.facebook.com\/notibras\/\",\"https:\/\/x.com\/Notibras\",\"https:\/\/www.instagram.com\/notibras\/\"]},{\"@type\":\"Person\",\"@id\":\"https:\/\/www.notibras.com\/site\/#\/schema\/person\/5b7fabf2aedc3ada2105f03b22b4d3dd\",\"name\":\"Eduardo Mart\u00ednez\",\"image\":{\"@type\":\"ImageObject\",\"inLanguage\":\"pt-BR\",\"@id\":\"https:\/\/secure.gravatar.com\/avatar\/7902f906289926289cbcda644b5197c796b893c6ffd7b9a536a42d290f7704a0?s=96&d=mm&r=g\",\"url\":\"https:\/\/secure.gravatar.com\/avatar\/7902f906289926289cbcda644b5197c796b893c6ffd7b9a536a42d290f7704a0?s=96&d=mm&r=g\",\"contentUrl\":\"https:\/\/secure.gravatar.com\/avatar\/7902f906289926289cbcda644b5197c796b893c6ffd7b9a536a42d290f7704a0?s=96&d=mm&r=g\",\"caption\":\"Eduardo Mart\u00ednez\"}}]}<\/script>\n<!-- \/ Yoast SEO plugin. -->","yoast_head_json":{"title":"Haver\u00e1 alerta \u00e0 popula\u00e7\u00e3o no dia da implos\u00e3o do Torre Palace - Notibras","robots":{"index":"index","follow":"follow","max-snippet":"max-snippet:-1","max-image-preview":"max-image-preview:large","max-video-preview":"max-video-preview:-1"},"canonical":"https:\/\/www.notibras.com\/site\/havera-alerta-a-populacao-no-dia-da-implosao-do-torre-palace\/","og_locale":"pt_BR","og_type":"article","og_title":"Haver\u00e1 alerta \u00e0 popula\u00e7\u00e3o no dia da implos\u00e3o do Torre Palace - Notibras","og_description":"A Secretaria de Seguran\u00e7a P\u00fablica do Distrito Federal (SSP-DF), em conjunto com a Subsecretaria do Sistema de Defesa Civil (SUDEC), vai refor\u00e7ar a prote\u00e7\u00e3o \u00e0 popula\u00e7\u00e3o no dia da implos\u00e3o do edif\u00edcio Torre Palace Hotel, no Setor Hoteleiro Norte, com o envio de um alerta oficial por meio do novo sistema Defesa Civil Alerta (DCA). [&hellip;]","og_url":"https:\/\/www.notibras.com\/site\/havera-alerta-a-populacao-no-dia-da-implosao-do-torre-palace\/","og_site_name":"Notibras","article_publisher":"https:\/\/www.facebook.com\/notibras\/","article_published_time":"2026-01-24T04:00:26+00:00","og_image":[{"width":1600,"height":1198,"url":"https:\/\/www.notibras.com\/site\/wp-content\/uploads\/2026\/01\/IMG_3256.jpeg","type":"image\/jpeg"}],"author":"Eduardo Mart\u00ednez","twitter_card":"summary_large_image","twitter_creator":"@Notibras","twitter_site":"@Notibras","twitter_misc":{"Escrito por":"Eduardo Mart\u00ednez","Est. tempo de leitura":"4 minutos"},"schema":{"@context":"https:\/\/schema.org","@graph":[{"@type":"Article","@id":"https:\/\/www.notibras.com\/site\/havera-alerta-a-populacao-no-dia-da-implosao-do-torre-palace\/#article","isPartOf":{"@id":"https:\/\/www.notibras.com\/site\/havera-alerta-a-populacao-no-dia-da-implosao-do-torre-palace\/"},"author":{"name":"Eduardo Mart\u00ednez","@id":"https:\/\/www.notibras.com\/site\/#\/schema\/person\/5b7fabf2aedc3ada2105f03b22b4d3dd"},"headline":"Haver\u00e1 alerta \u00e0 popula\u00e7\u00e3o no dia da implos\u00e3o do Torre Palace","datePublished":"2026-01-24T04:00:26+00:00","mainEntityOfPage":{"@id":"https:\/\/www.notibras.com\/site\/havera-alerta-a-populacao-no-dia-da-implosao-do-torre-palace\/"},"wordCount":602,"publisher":{"@id":"https:\/\/www.notibras.com\/site\/#organization"},"image":{"@id":"https:\/\/www.notibras.com\/site\/havera-alerta-a-populacao-no-dia-da-implosao-do-torre-palace\/#primaryimage"},"thumbnailUrl":"https:\/\/www.notibras.com\/site\/wp-content\/uploads\/2026\/01\/IMG_3256.jpeg","articleSection":["Quadradinho em Foco"],"inLanguage":"pt-BR"},{"@type":"WebPage","@id":"https:\/\/www.notibras.com\/site\/havera-alerta-a-populacao-no-dia-da-implosao-do-torre-palace\/","url":"https:\/\/www.notibras.com\/site\/havera-alerta-a-populacao-no-dia-da-implosao-do-torre-palace\/","name":"Haver\u00e1 alerta \u00e0 popula\u00e7\u00e3o no dia da implos\u00e3o do Torre Palace - Notibras","isPartOf":{"@id":"https:\/\/www.notibras.com\/site\/#website"},"primaryImageOfPage":{"@id":"https:\/\/www.notibras.com\/site\/havera-alerta-a-populacao-no-dia-da-implosao-do-torre-palace\/#primaryimage"},"image":{"@id":"https:\/\/www.notibras.com\/site\/havera-alerta-a-populacao-no-dia-da-implosao-do-torre-palace\/#primaryimage"},"thumbnailUrl":"https:\/\/www.notibras.com\/site\/wp-content\/uploads\/2026\/01\/IMG_3256.jpeg","datePublished":"2026-01-24T04:00:26+00:00","breadcrumb":{"@id":"https:\/\/www.notibras.com\/site\/havera-alerta-a-populacao-no-dia-da-implosao-do-torre-palace\/#breadcrumb"},"inLanguage":"pt-BR","potentialAction":[{"@type":"ReadAction","target":["https:\/\/www.notibras.com\/site\/havera-alerta-a-populacao-no-dia-da-implosao-do-torre-palace\/"]}]},{"@type":"ImageObject","inLanguage":"pt-BR","@id":"https:\/\/www.notibras.com\/site\/havera-alerta-a-populacao-no-dia-da-implosao-do-torre-palace\/#primaryimage","url":"https:\/\/www.notibras.com\/site\/wp-content\/uploads\/2026\/01\/IMG_3256.jpeg","contentUrl":"https:\/\/www.notibras.com\/site\/wp-content\/uploads\/2026\/01\/IMG_3256.jpeg","width":1600,"height":1198},{"@type":"BreadcrumbList","@id":"https:\/\/www.notibras.com\/site\/havera-alerta-a-populacao-no-dia-da-implosao-do-torre-palace\/#breadcrumb","itemListElement":[{"@type":"ListItem","position":1,"name":"In\u00edcio","item":"https:\/\/www.notibras.com\/site\/"},{"@type":"ListItem","position":2,"name":"Haver\u00e1 alerta \u00e0 popula\u00e7\u00e3o no dia da implos\u00e3o do Torre Palace"}]},{"@type":"WebSite","@id":"https:\/\/www.notibras.com\/site\/#website","url":"https:\/\/www.notibras.com\/site\/","name":"Notibras","description":"Not\u00edcias de Bras\u00edlia, do Brasil e do Mundo","publisher":{"@id":"https:\/\/www.notibras.com\/site\/#organization"},"potentialAction":[{"@type":"SearchAction","target":{"@type":"EntryPoint","urlTemplate":"https:\/\/www.notibras.com\/site\/?s={search_term_string}"},"query-input":{"@type":"PropertyValueSpecification","valueRequired":true,"valueName":"search_term_string"}}],"inLanguage":"pt-BR"},{"@type":"Organization","@id":"https:\/\/www.notibras.com\/site\/#organization","name":"Grupo Notibras de Comunica\u00e7\u00e3o","url":"https:\/\/www.notibras.com\/site\/","logo":{"@type":"ImageObject","inLanguage":"pt-BR","@id":"https:\/\/www.notibras.com\/site\/#\/schema\/logo\/image\/","url":"https:\/\/www.notibras.com\/site\/wp-content\/uploads\/2023\/01\/notibras23.png","contentUrl":"https:\/\/www.notibras.com\/site\/wp-content\/uploads\/2023\/01\/notibras23.png","width":350,"height":87,"caption":"Grupo Notibras de Comunica\u00e7\u00e3o"},"image":{"@id":"https:\/\/www.notibras.com\/site\/#\/schema\/logo\/image\/"},"sameAs":["https:\/\/www.facebook.com\/notibras\/","https:\/\/x.com\/Notibras","https:\/\/www.instagram.com\/notibras\/"]},{"@type":"Person","@id":"https:\/\/www.notibras.com\/site\/#\/schema\/person\/5b7fabf2aedc3ada2105f03b22b4d3dd","name":"Eduardo Mart\u00ednez","image":{"@type":"ImageObject","inLanguage":"pt-BR","@id":"https:\/\/secure.gravatar.com\/avatar\/7902f906289926289cbcda644b5197c796b893c6ffd7b9a536a42d290f7704a0?s=96&d=mm&r=g","url":"https:\/\/secure.gravatar.com\/avatar\/7902f906289926289cbcda644b5197c796b893c6ffd7b9a536a42d290f7704a0?s=96&d=mm&r=g","contentUrl":"https:\/\/secure.gravatar.com\/avatar\/7902f906289926289cbcda644b5197c796b893c6ffd7b9a536a42d290f7704a0?s=96&d=mm&r=g","caption":"Eduardo Mart\u00ednez"}}]}},"amp_enabled":true,"_links":{"self":[{"href":"https:\/\/www.notibras.com\/site\/wp-json\/wp\/v2\/posts\/380226","targetHints":{"allow":["GET"]}}],"collection":[{"href":"https:\/\/www.notibras.com\/site\/wp-json\/wp\/v2\/posts"}],"about":[{"href":"https:\/\/www.notibras.com\/site\/wp-json\/wp\/v2\/types\/post"}],"author":[{"embeddable":true,"href":"https:\/\/www.notibras.com\/site\/wp-json\/wp\/v2\/users\/21"}],"replies":[{"embeddable":true,"href":"https:\/\/www.notibras.com\/site\/wp-json\/wp\/v2\/comments?post=380226"}],"version-history":[{"count":2,"href":"https:\/\/www.notibras.com\/site\/wp-json\/wp\/v2\/posts\/380226\/revisions"}],"predecessor-version":[{"id":380229,"href":"https:\/\/www.notibras.com\/site\/wp-json\/wp\/v2\/posts\/380226\/revisions\/380229"}],"wp:featuredmedia":[{"embeddable":true,"href":"https:\/\/www.notibras.com\/site\/wp-json\/wp\/v2\/media\/380227"}],"wp:attachment":[{"href":"https:\/\/www.notibras.com\/site\/wp-json\/wp\/v2\/media?parent=380226"}],"wp:term":[{"taxonomy":"category","embeddable":true,"href":"https:\/\/www.notibras.com\/site\/wp-json\/wp\/v2\/categories?post=380226"},{"taxonomy":"post_tag","embeddable":true,"href":"https:\/\/www.notibras.com\/site\/wp-json\/wp\/v2\/tags?post=380226"}],"curies":[{"name":"wp","href":"https:\/\/api.w.org\/{rel}","templated":true}]}}