{"id":380230,"date":"2026-01-24T01:15:18","date_gmt":"2026-01-24T04:15:18","guid":{"rendered":"https:\/\/www.notibras.com\/site\/?p=380230"},"modified":"2026-01-23T22:02:22","modified_gmt":"2026-01-24T01:02:22","slug":"ampliacao-da-variedade-e-padronizacao-do-cardapio-para-iniciar-ano-letivo","status":"publish","type":"post","link":"https:\/\/www.notibras.com\/site\/ampliacao-da-variedade-e-padronizacao-do-cardapio-para-iniciar-ano-letivo\/","title":{"rendered":"Amplia\u00e7\u00e3o da variedade e padroniza\u00e7\u00e3o do card\u00e1pio para iniciar ano letivo"},"content":{"rendered":"<p>A alimenta\u00e7\u00e3o escolar da rede p\u00fablica do Distrito Federal come\u00e7a o ano letivo com novidades importantes e refor\u00e7o na qualidade nutricional. A Secretaria de Educa\u00e7\u00e3o (SEEDF) ampliou o n\u00famero de prote\u00ednas oferecidas nas refei\u00e7\u00f5es e, pela primeira vez, adotar\u00e1 um card\u00e1pio \u00fanico para todas as escolas, incluindo as unidades do campo. A medida garante padroniza\u00e7\u00e3o, regularidade no abastecimento e equidade no atendimento aos estudantes.<\/p>\n<p>Ao todo, o card\u00e1pio passa a contar com 12 tipos de prote\u00ednas de origem animal, entre carnes in natura e ovos. Est\u00e3o inclu\u00eddos peito de frango congelado, coxa e sobrecoxa de frango, coxinha da asa, fil\u00e9 de til\u00e1pia, ac\u00e9m bovino em cubos, ac\u00e9m bovino mo\u00eddo, patinho bovino mo\u00eddo, lombo su\u00edno e paleta su\u00edna em pe\u00e7a e em peda\u00e7os.<\/p>\n<p>A merenda escolar da rede p\u00fablica re\u00fane mais de 80 itens, abrangendo tamb\u00e9m legumes, frutas, gr\u00e3os e produtos da agricultura familiar. Entre as novidades desse segmento est\u00e3o o tomate-cereja, o quiabo e o mel. J\u00e1 por meio de licita\u00e7\u00e3o, foram incorporadas frutas como laranja e manga. Produtos como canela em p\u00f3, farinha de mandioca, leite de coco e cacau retornam ao card\u00e1pio, ampliando as possibilidades nutricionais e culin\u00e1rias das refei\u00e7\u00f5es.<\/p>\n<p>As novidades foram apresentadas durante visita t\u00e9cnica da secret\u00e1ria de Educa\u00e7\u00e3o do DF, H\u00e9lvia Paranagu\u00e1, e da subsecret\u00e1ria de Apoio \u00e0s Pol\u00edticas Educacionais, Fernanda Mateus, ao dep\u00f3sito central de alimenta\u00e7\u00e3o escolar, localizado no Setor de Ind\u00fastria e Abastecimento (SAAN). O espa\u00e7o est\u00e1 completamente abastecido para atender todas as escolas da rede desde o in\u00edcio das aulas, com planejamento antecipado e cont\u00ednuo, que j\u00e1 soma quatro anos de organiza\u00e7\u00e3o e aprimoramento do armazenamento e da log\u00edstica.<\/p>\n<p>\u201cPela primeira vez, toda a rede p\u00fablica de ensino do Distrito Federal contar\u00e1 com o mesmo card\u00e1pio, o que assegura equidade e qualidade na oferta da alimenta\u00e7\u00e3o escolar. Isso significa que todos os estudantes, independentemente da regi\u00e3o ou da modalidade da escola, ter\u00e3o acesso \u00e0s mesmas refei\u00e7\u00f5es, entregues dentro do prazo e com o padr\u00e3o que defendemos\u201d, afirmou a secret\u00e1ria.<\/p>\n<p>A gestora tamb\u00e9m ressaltou que a alimenta\u00e7\u00e3o escolar \u00e9 parte essencial da pol\u00edtica educacional. \u201cCuidar da merenda \u00e9 cuidar do estudante. Quando garantimos uma alimenta\u00e7\u00e3o adequada, variada e de qualidade, estamos contribuindo diretamente para o aprendizado, para a perman\u00eancia na escola e para o desenvolvimento integral dos nossos alunos\u201d, destacou.<\/p>\n<p>A subsecret\u00e1ria de Apoio \u00e0s Pol\u00edticas Educacionais enfatizou que o trabalho envolve planejamento t\u00e9cnico e articula\u00e7\u00e3o entre diferentes \u00e1reas da Secretaria. \u201cA visita ao dep\u00f3sito mostra que a alimenta\u00e7\u00e3o escolar \u00e9 tratada com seriedade, desde a compra at\u00e9 a distribui\u00e7\u00e3o. O estoque completo no in\u00edcio do ano letivo d\u00e1 seguran\u00e7a \u00e0s escolas e refor\u00e7a o compromisso da Secretaria com a continuidade e a qualidade do servi\u00e7o\u201d, explicou Fernanda Mateus.<\/p>\n<p>Com o card\u00e1pio unificado, a amplia\u00e7\u00e3o das prote\u00ednas e a inclus\u00e3o de novos alimentos, a Secretaria de Educa\u00e7\u00e3o garante regularidade no fornecimento da merenda escolar e refor\u00e7a o cuidado di\u00e1rio com os estudantes da rede p\u00fablica do Distrito Federal.<\/p>\n","protected":false},"excerpt":{"rendered":"<p>A alimenta\u00e7\u00e3o escolar da rede p\u00fablica do Distrito Federal come\u00e7a o ano letivo com novidades importantes e refor\u00e7o na qualidade nutricional. A Secretaria de Educa\u00e7\u00e3o (SEEDF) ampliou o n\u00famero de prote\u00ednas oferecidas nas refei\u00e7\u00f5es e, pela primeira vez, adotar\u00e1 um card\u00e1pio \u00fanico para todas as escolas, incluindo as unidades do campo. A medida garante padroniza\u00e7\u00e3o, [&hellip;]<\/p>\n","protected":false},"author":21,"featured_media":380231,"comment_status":"closed","ping_status":"closed","sticky":false,"template":"","format":"standard","meta":{"_acf_changed":false,"footnotes":""},"categories":[161],"tags":[],"class_list":["post-380230","post","type-post","status-publish","format-standard","has-post-thumbnail","hentry","category-quadradinho-em-foco"],"acf":[],"yoast_head":"<!-- This site is optimized with the Yoast SEO plugin v27.2 - https:\/\/yoast.com\/product\/yoast-seo-wordpress\/ -->\n<title>Amplia\u00e7\u00e3o da variedade e padroniza\u00e7\u00e3o do card\u00e1pio para iniciar ano letivo - Notibras<\/title>\n<meta name=\"robots\" content=\"index, follow, max-snippet:-1, max-image-preview:large, max-video-preview:-1\" \/>\n<link rel=\"canonical\" href=\"https:\/\/www.notibras.com\/site\/ampliacao-da-variedade-e-padronizacao-do-cardapio-para-iniciar-ano-letivo\/\" \/>\n<meta property=\"og:locale\" content=\"pt_BR\" \/>\n<meta property=\"og:type\" content=\"article\" \/>\n<meta property=\"og:title\" content=\"Amplia\u00e7\u00e3o da variedade e padroniza\u00e7\u00e3o do card\u00e1pio para iniciar ano letivo - Notibras\" \/>\n<meta property=\"og:description\" content=\"A alimenta\u00e7\u00e3o escolar da rede p\u00fablica do Distrito Federal come\u00e7a o ano letivo com novidades importantes e refor\u00e7o na qualidade nutricional. A Secretaria de Educa\u00e7\u00e3o (SEEDF) ampliou o n\u00famero de prote\u00ednas oferecidas nas refei\u00e7\u00f5es e, pela primeira vez, adotar\u00e1 um card\u00e1pio \u00fanico para todas as escolas, incluindo as unidades do campo. A medida garante padroniza\u00e7\u00e3o, [&hellip;]\" \/>\n<meta property=\"og:url\" content=\"https:\/\/www.notibras.com\/site\/ampliacao-da-variedade-e-padronizacao-do-cardapio-para-iniciar-ano-letivo\/\" \/>\n<meta property=\"og:site_name\" content=\"Notibras\" \/>\n<meta property=\"article:publisher\" content=\"https:\/\/www.facebook.com\/notibras\/\" \/>\n<meta property=\"article:published_time\" content=\"2026-01-24T04:15:18+00:00\" \/>\n<meta property=\"og:image\" content=\"https:\/\/www.notibras.com\/site\/wp-content\/uploads\/2026\/01\/Merenda-escolar-do-DF-amplia-variedade-padroniza-cardapio-para-iniciar-ano-letivo-Foto-Marco-DelgadoSEEDF.jpeg\" \/>\n\t<meta property=\"og:image:width\" content=\"1600\" \/>\n\t<meta property=\"og:image:height\" content=\"899\" \/>\n\t<meta property=\"og:image:type\" content=\"image\/jpeg\" \/>\n<meta name=\"author\" content=\"Eduardo Mart\u00ednez\" \/>\n<meta name=\"twitter:card\" content=\"summary_large_image\" \/>\n<meta name=\"twitter:creator\" content=\"@Notibras\" \/>\n<meta name=\"twitter:site\" content=\"@Notibras\" \/>\n<meta name=\"twitter:label1\" content=\"Escrito por\" \/>\n\t<meta name=\"twitter:data1\" content=\"Eduardo Mart\u00ednez\" \/>\n\t<meta name=\"twitter:label2\" content=\"Est. tempo de leitura\" \/>\n\t<meta name=\"twitter:data2\" content=\"3 minutos\" \/>\n<script type=\"application\/ld+json\" class=\"yoast-schema-graph\">{\"@context\":\"https:\/\/schema.org\",\"@graph\":[{\"@type\":\"Article\",\"@id\":\"https:\/\/www.notibras.com\/site\/ampliacao-da-variedade-e-padronizacao-do-cardapio-para-iniciar-ano-letivo\/#article\",\"isPartOf\":{\"@id\":\"https:\/\/www.notibras.com\/site\/ampliacao-da-variedade-e-padronizacao-do-cardapio-para-iniciar-ano-letivo\/\"},\"author\":{\"name\":\"Eduardo Mart\u00ednez\",\"@id\":\"https:\/\/www.notibras.com\/site\/#\/schema\/person\/5b7fabf2aedc3ada2105f03b22b4d3dd\"},\"headline\":\"Amplia\u00e7\u00e3o da variedade e padroniza\u00e7\u00e3o do card\u00e1pio para iniciar ano letivo\",\"datePublished\":\"2026-01-24T04:15:18+00:00\",\"mainEntityOfPage\":{\"@id\":\"https:\/\/www.notibras.com\/site\/ampliacao-da-variedade-e-padronizacao-do-cardapio-para-iniciar-ano-letivo\/\"},\"wordCount\":572,\"publisher\":{\"@id\":\"https:\/\/www.notibras.com\/site\/#organization\"},\"image\":{\"@id\":\"https:\/\/www.notibras.com\/site\/ampliacao-da-variedade-e-padronizacao-do-cardapio-para-iniciar-ano-letivo\/#primaryimage\"},\"thumbnailUrl\":\"https:\/\/www.notibras.com\/site\/wp-content\/uploads\/2026\/01\/Merenda-escolar-do-DF-amplia-variedade-padroniza-cardapio-para-iniciar-ano-letivo-Foto-Marco-DelgadoSEEDF.jpeg\",\"articleSection\":[\"Quadradinho em Foco\"],\"inLanguage\":\"pt-BR\"},{\"@type\":\"WebPage\",\"@id\":\"https:\/\/www.notibras.com\/site\/ampliacao-da-variedade-e-padronizacao-do-cardapio-para-iniciar-ano-letivo\/\",\"url\":\"https:\/\/www.notibras.com\/site\/ampliacao-da-variedade-e-padronizacao-do-cardapio-para-iniciar-ano-letivo\/\",\"name\":\"Amplia\u00e7\u00e3o da variedade e padroniza\u00e7\u00e3o do card\u00e1pio para iniciar ano letivo - Notibras\",\"isPartOf\":{\"@id\":\"https:\/\/www.notibras.com\/site\/#website\"},\"primaryImageOfPage\":{\"@id\":\"https:\/\/www.notibras.com\/site\/ampliacao-da-variedade-e-padronizacao-do-cardapio-para-iniciar-ano-letivo\/#primaryimage\"},\"image\":{\"@id\":\"https:\/\/www.notibras.com\/site\/ampliacao-da-variedade-e-padronizacao-do-cardapio-para-iniciar-ano-letivo\/#primaryimage\"},\"thumbnailUrl\":\"https:\/\/www.notibras.com\/site\/wp-content\/uploads\/2026\/01\/Merenda-escolar-do-DF-amplia-variedade-padroniza-cardapio-para-iniciar-ano-letivo-Foto-Marco-DelgadoSEEDF.jpeg\",\"datePublished\":\"2026-01-24T04:15:18+00:00\",\"breadcrumb\":{\"@id\":\"https:\/\/www.notibras.com\/site\/ampliacao-da-variedade-e-padronizacao-do-cardapio-para-iniciar-ano-letivo\/#breadcrumb\"},\"inLanguage\":\"pt-BR\",\"potentialAction\":[{\"@type\":\"ReadAction\",\"target\":[\"https:\/\/www.notibras.com\/site\/ampliacao-da-variedade-e-padronizacao-do-cardapio-para-iniciar-ano-letivo\/\"]}]},{\"@type\":\"ImageObject\",\"inLanguage\":\"pt-BR\",\"@id\":\"https:\/\/www.notibras.com\/site\/ampliacao-da-variedade-e-padronizacao-do-cardapio-para-iniciar-ano-letivo\/#primaryimage\",\"url\":\"https:\/\/www.notibras.com\/site\/wp-content\/uploads\/2026\/01\/Merenda-escolar-do-DF-amplia-variedade-padroniza-cardapio-para-iniciar-ano-letivo-Foto-Marco-DelgadoSEEDF.jpeg\",\"contentUrl\":\"https:\/\/www.notibras.com\/site\/wp-content\/uploads\/2026\/01\/Merenda-escolar-do-DF-amplia-variedade-padroniza-cardapio-para-iniciar-ano-letivo-Foto-Marco-DelgadoSEEDF.jpeg\",\"width\":1600,\"height\":899},{\"@type\":\"BreadcrumbList\",\"@id\":\"https:\/\/www.notibras.com\/site\/ampliacao-da-variedade-e-padronizacao-do-cardapio-para-iniciar-ano-letivo\/#breadcrumb\",\"itemListElement\":[{\"@type\":\"ListItem\",\"position\":1,\"name\":\"In\u00edcio\",\"item\":\"https:\/\/www.notibras.com\/site\/\"},{\"@type\":\"ListItem\",\"position\":2,\"name\":\"Amplia\u00e7\u00e3o da variedade e padroniza\u00e7\u00e3o do card\u00e1pio para iniciar ano letivo\"}]},{\"@type\":\"WebSite\",\"@id\":\"https:\/\/www.notibras.com\/site\/#website\",\"url\":\"https:\/\/www.notibras.com\/site\/\",\"name\":\"Notibras\",\"description\":\"Not\u00edcias de Bras\u00edlia, do Brasil e do Mundo\",\"publisher\":{\"@id\":\"https:\/\/www.notibras.com\/site\/#organization\"},\"potentialAction\":[{\"@type\":\"SearchAction\",\"target\":{\"@type\":\"EntryPoint\",\"urlTemplate\":\"https:\/\/www.notibras.com\/site\/?s={search_term_string}\"},\"query-input\":{\"@type\":\"PropertyValueSpecification\",\"valueRequired\":true,\"valueName\":\"search_term_string\"}}],\"inLanguage\":\"pt-BR\"},{\"@type\":\"Organization\",\"@id\":\"https:\/\/www.notibras.com\/site\/#organization\",\"name\":\"Grupo Notibras de Comunica\u00e7\u00e3o\",\"url\":\"https:\/\/www.notibras.com\/site\/\",\"logo\":{\"@type\":\"ImageObject\",\"inLanguage\":\"pt-BR\",\"@id\":\"https:\/\/www.notibras.com\/site\/#\/schema\/logo\/image\/\",\"url\":\"https:\/\/www.notibras.com\/site\/wp-content\/uploads\/2023\/01\/notibras23.png\",\"contentUrl\":\"https:\/\/www.notibras.com\/site\/wp-content\/uploads\/2023\/01\/notibras23.png\",\"width\":350,\"height\":87,\"caption\":\"Grupo Notibras de Comunica\u00e7\u00e3o\"},\"image\":{\"@id\":\"https:\/\/www.notibras.com\/site\/#\/schema\/logo\/image\/\"},\"sameAs\":[\"https:\/\/www.facebook.com\/notibras\/\",\"https:\/\/x.com\/Notibras\",\"https:\/\/www.instagram.com\/notibras\/\"]},{\"@type\":\"Person\",\"@id\":\"https:\/\/www.notibras.com\/site\/#\/schema\/person\/5b7fabf2aedc3ada2105f03b22b4d3dd\",\"name\":\"Eduardo Mart\u00ednez\",\"image\":{\"@type\":\"ImageObject\",\"inLanguage\":\"pt-BR\",\"@id\":\"https:\/\/secure.gravatar.com\/avatar\/7902f906289926289cbcda644b5197c796b893c6ffd7b9a536a42d290f7704a0?s=96&d=mm&r=g\",\"url\":\"https:\/\/secure.gravatar.com\/avatar\/7902f906289926289cbcda644b5197c796b893c6ffd7b9a536a42d290f7704a0?s=96&d=mm&r=g\",\"contentUrl\":\"https:\/\/secure.gravatar.com\/avatar\/7902f906289926289cbcda644b5197c796b893c6ffd7b9a536a42d290f7704a0?s=96&d=mm&r=g\",\"caption\":\"Eduardo Mart\u00ednez\"}}]}<\/script>\n<!-- \/ Yoast SEO plugin. -->","yoast_head_json":{"title":"Amplia\u00e7\u00e3o da variedade e padroniza\u00e7\u00e3o do card\u00e1pio para iniciar ano letivo - Notibras","robots":{"index":"index","follow":"follow","max-snippet":"max-snippet:-1","max-image-preview":"max-image-preview:large","max-video-preview":"max-video-preview:-1"},"canonical":"https:\/\/www.notibras.com\/site\/ampliacao-da-variedade-e-padronizacao-do-cardapio-para-iniciar-ano-letivo\/","og_locale":"pt_BR","og_type":"article","og_title":"Amplia\u00e7\u00e3o da variedade e padroniza\u00e7\u00e3o do card\u00e1pio para iniciar ano letivo - Notibras","og_description":"A alimenta\u00e7\u00e3o escolar da rede p\u00fablica do Distrito Federal come\u00e7a o ano letivo com novidades importantes e refor\u00e7o na qualidade nutricional. A Secretaria de Educa\u00e7\u00e3o (SEEDF) ampliou o n\u00famero de prote\u00ednas oferecidas nas refei\u00e7\u00f5es e, pela primeira vez, adotar\u00e1 um card\u00e1pio \u00fanico para todas as escolas, incluindo as unidades do campo. A medida garante padroniza\u00e7\u00e3o, [&hellip;]","og_url":"https:\/\/www.notibras.com\/site\/ampliacao-da-variedade-e-padronizacao-do-cardapio-para-iniciar-ano-letivo\/","og_site_name":"Notibras","article_publisher":"https:\/\/www.facebook.com\/notibras\/","article_published_time":"2026-01-24T04:15:18+00:00","og_image":[{"width":1600,"height":899,"url":"https:\/\/www.notibras.com\/site\/wp-content\/uploads\/2026\/01\/Merenda-escolar-do-DF-amplia-variedade-padroniza-cardapio-para-iniciar-ano-letivo-Foto-Marco-DelgadoSEEDF.jpeg","type":"image\/jpeg"}],"author":"Eduardo Mart\u00ednez","twitter_card":"summary_large_image","twitter_creator":"@Notibras","twitter_site":"@Notibras","twitter_misc":{"Escrito por":"Eduardo Mart\u00ednez","Est. tempo de leitura":"3 minutos"},"schema":{"@context":"https:\/\/schema.org","@graph":[{"@type":"Article","@id":"https:\/\/www.notibras.com\/site\/ampliacao-da-variedade-e-padronizacao-do-cardapio-para-iniciar-ano-letivo\/#article","isPartOf":{"@id":"https:\/\/www.notibras.com\/site\/ampliacao-da-variedade-e-padronizacao-do-cardapio-para-iniciar-ano-letivo\/"},"author":{"name":"Eduardo Mart\u00ednez","@id":"https:\/\/www.notibras.com\/site\/#\/schema\/person\/5b7fabf2aedc3ada2105f03b22b4d3dd"},"headline":"Amplia\u00e7\u00e3o da variedade e padroniza\u00e7\u00e3o do card\u00e1pio para iniciar ano letivo","datePublished":"2026-01-24T04:15:18+00:00","mainEntityOfPage":{"@id":"https:\/\/www.notibras.com\/site\/ampliacao-da-variedade-e-padronizacao-do-cardapio-para-iniciar-ano-letivo\/"},"wordCount":572,"publisher":{"@id":"https:\/\/www.notibras.com\/site\/#organization"},"image":{"@id":"https:\/\/www.notibras.com\/site\/ampliacao-da-variedade-e-padronizacao-do-cardapio-para-iniciar-ano-letivo\/#primaryimage"},"thumbnailUrl":"https:\/\/www.notibras.com\/site\/wp-content\/uploads\/2026\/01\/Merenda-escolar-do-DF-amplia-variedade-padroniza-cardapio-para-iniciar-ano-letivo-Foto-Marco-DelgadoSEEDF.jpeg","articleSection":["Quadradinho em Foco"],"inLanguage":"pt-BR"},{"@type":"WebPage","@id":"https:\/\/www.notibras.com\/site\/ampliacao-da-variedade-e-padronizacao-do-cardapio-para-iniciar-ano-letivo\/","url":"https:\/\/www.notibras.com\/site\/ampliacao-da-variedade-e-padronizacao-do-cardapio-para-iniciar-ano-letivo\/","name":"Amplia\u00e7\u00e3o da variedade e padroniza\u00e7\u00e3o do card\u00e1pio para iniciar ano letivo - Notibras","isPartOf":{"@id":"https:\/\/www.notibras.com\/site\/#website"},"primaryImageOfPage":{"@id":"https:\/\/www.notibras.com\/site\/ampliacao-da-variedade-e-padronizacao-do-cardapio-para-iniciar-ano-letivo\/#primaryimage"},"image":{"@id":"https:\/\/www.notibras.com\/site\/ampliacao-da-variedade-e-padronizacao-do-cardapio-para-iniciar-ano-letivo\/#primaryimage"},"thumbnailUrl":"https:\/\/www.notibras.com\/site\/wp-content\/uploads\/2026\/01\/Merenda-escolar-do-DF-amplia-variedade-padroniza-cardapio-para-iniciar-ano-letivo-Foto-Marco-DelgadoSEEDF.jpeg","datePublished":"2026-01-24T04:15:18+00:00","breadcrumb":{"@id":"https:\/\/www.notibras.com\/site\/ampliacao-da-variedade-e-padronizacao-do-cardapio-para-iniciar-ano-letivo\/#breadcrumb"},"inLanguage":"pt-BR","potentialAction":[{"@type":"ReadAction","target":["https:\/\/www.notibras.com\/site\/ampliacao-da-variedade-e-padronizacao-do-cardapio-para-iniciar-ano-letivo\/"]}]},{"@type":"ImageObject","inLanguage":"pt-BR","@id":"https:\/\/www.notibras.com\/site\/ampliacao-da-variedade-e-padronizacao-do-cardapio-para-iniciar-ano-letivo\/#primaryimage","url":"https:\/\/www.notibras.com\/site\/wp-content\/uploads\/2026\/01\/Merenda-escolar-do-DF-amplia-variedade-padroniza-cardapio-para-iniciar-ano-letivo-Foto-Marco-DelgadoSEEDF.jpeg","contentUrl":"https:\/\/www.notibras.com\/site\/wp-content\/uploads\/2026\/01\/Merenda-escolar-do-DF-amplia-variedade-padroniza-cardapio-para-iniciar-ano-letivo-Foto-Marco-DelgadoSEEDF.jpeg","width":1600,"height":899},{"@type":"BreadcrumbList","@id":"https:\/\/www.notibras.com\/site\/ampliacao-da-variedade-e-padronizacao-do-cardapio-para-iniciar-ano-letivo\/#breadcrumb","itemListElement":[{"@type":"ListItem","position":1,"name":"In\u00edcio","item":"https:\/\/www.notibras.com\/site\/"},{"@type":"ListItem","position":2,"name":"Amplia\u00e7\u00e3o da variedade e padroniza\u00e7\u00e3o do card\u00e1pio para iniciar ano letivo"}]},{"@type":"WebSite","@id":"https:\/\/www.notibras.com\/site\/#website","url":"https:\/\/www.notibras.com\/site\/","name":"Notibras","description":"Not\u00edcias de Bras\u00edlia, do Brasil e do Mundo","publisher":{"@id":"https:\/\/www.notibras.com\/site\/#organization"},"potentialAction":[{"@type":"SearchAction","target":{"@type":"EntryPoint","urlTemplate":"https:\/\/www.notibras.com\/site\/?s={search_term_string}"},"query-input":{"@type":"PropertyValueSpecification","valueRequired":true,"valueName":"search_term_string"}}],"inLanguage":"pt-BR"},{"@type":"Organization","@id":"https:\/\/www.notibras.com\/site\/#organization","name":"Grupo Notibras de Comunica\u00e7\u00e3o","url":"https:\/\/www.notibras.com\/site\/","logo":{"@type":"ImageObject","inLanguage":"pt-BR","@id":"https:\/\/www.notibras.com\/site\/#\/schema\/logo\/image\/","url":"https:\/\/www.notibras.com\/site\/wp-content\/uploads\/2023\/01\/notibras23.png","contentUrl":"https:\/\/www.notibras.com\/site\/wp-content\/uploads\/2023\/01\/notibras23.png","width":350,"height":87,"caption":"Grupo Notibras de Comunica\u00e7\u00e3o"},"image":{"@id":"https:\/\/www.notibras.com\/site\/#\/schema\/logo\/image\/"},"sameAs":["https:\/\/www.facebook.com\/notibras\/","https:\/\/x.com\/Notibras","https:\/\/www.instagram.com\/notibras\/"]},{"@type":"Person","@id":"https:\/\/www.notibras.com\/site\/#\/schema\/person\/5b7fabf2aedc3ada2105f03b22b4d3dd","name":"Eduardo Mart\u00ednez","image":{"@type":"ImageObject","inLanguage":"pt-BR","@id":"https:\/\/secure.gravatar.com\/avatar\/7902f906289926289cbcda644b5197c796b893c6ffd7b9a536a42d290f7704a0?s=96&d=mm&r=g","url":"https:\/\/secure.gravatar.com\/avatar\/7902f906289926289cbcda644b5197c796b893c6ffd7b9a536a42d290f7704a0?s=96&d=mm&r=g","contentUrl":"https:\/\/secure.gravatar.com\/avatar\/7902f906289926289cbcda644b5197c796b893c6ffd7b9a536a42d290f7704a0?s=96&d=mm&r=g","caption":"Eduardo Mart\u00ednez"}}]}},"amp_enabled":true,"_links":{"self":[{"href":"https:\/\/www.notibras.com\/site\/wp-json\/wp\/v2\/posts\/380230","targetHints":{"allow":["GET"]}}],"collection":[{"href":"https:\/\/www.notibras.com\/site\/wp-json\/wp\/v2\/posts"}],"about":[{"href":"https:\/\/www.notibras.com\/site\/wp-json\/wp\/v2\/types\/post"}],"author":[{"embeddable":true,"href":"https:\/\/www.notibras.com\/site\/wp-json\/wp\/v2\/users\/21"}],"replies":[{"embeddable":true,"href":"https:\/\/www.notibras.com\/site\/wp-json\/wp\/v2\/comments?post=380230"}],"version-history":[{"count":3,"href":"https:\/\/www.notibras.com\/site\/wp-json\/wp\/v2\/posts\/380230\/revisions"}],"predecessor-version":[{"id":380234,"href":"https:\/\/www.notibras.com\/site\/wp-json\/wp\/v2\/posts\/380230\/revisions\/380234"}],"wp:featuredmedia":[{"embeddable":true,"href":"https:\/\/www.notibras.com\/site\/wp-json\/wp\/v2\/media\/380231"}],"wp:attachment":[{"href":"https:\/\/www.notibras.com\/site\/wp-json\/wp\/v2\/media?parent=380230"}],"wp:term":[{"taxonomy":"category","embeddable":true,"href":"https:\/\/www.notibras.com\/site\/wp-json\/wp\/v2\/categories?post=380230"},{"taxonomy":"post_tag","embeddable":true,"href":"https:\/\/www.notibras.com\/site\/wp-json\/wp\/v2\/tags?post=380230"}],"curies":[{"name":"wp","href":"https:\/\/api.w.org\/{rel}","templated":true}]}}