{"id":380235,"date":"2026-01-24T02:00:32","date_gmt":"2026-01-24T05:00:32","guid":{"rendered":"https:\/\/www.notibras.com\/site\/?p=380235"},"modified":"2026-01-23T23:19:39","modified_gmt":"2026-01-24T02:19:39","slug":"um-certo-edmundo-donato","status":"publish","type":"post","link":"https:\/\/www.notibras.com\/site\/um-certo-edmundo-donato\/","title":{"rendered":"Um certo Edmundo Donato"},"content":{"rendered":"<p>N\u00e3o era de briga, ainda mais depois da \u00faltima surra que levou quando ainda estava nos primeiros anos na escola. Se aquilo fazia parte do mundo masculino, ele preferiu seguir pelo caminho da literatura e, desde ent\u00e3o, embrenhou-se entre p\u00e1ginas amareladas dos livros da estante do av\u00f4.<\/p>\n<p>Come\u00e7ou por volumes da Cole\u00e7\u00e3o Vaga-Lume, quando se apaixonou pelas obras do escritor Marcos Rey: <em>O mist\u00e9rio do cinco estrelas<\/em>, <em>O rapto do garoto de ouro<\/em> e <em>Um cad\u00e1ver ouve r\u00e1dio<\/em>. Que mundo era aquele? N\u00e3o teve d\u00favida e arriscou-se a abrir o cora\u00e7\u00e3o para o av\u00f4.<\/p>\n<p>\u2014 Quero ser escritor.<\/p>\n<p>\u2014 Hum! J\u00e1 falou isso pros seus pais?<\/p>\n<p>\u2014 Papai talvez n\u00e3o diga nada, mas mam\u00e3e vai me matar.<\/p>\n<p>\u2014 Por qu\u00ea?<\/p>\n<p>\u2014 Porque quer me ver advogado ou m\u00e9dico.<\/p>\n<p>\u2014 N\u00e3o.<\/p>\n<p>\u2014 N\u00e3o?<\/p>\n<p>\u2014 N\u00e3o perguntei isso. Por que quer ser escritor?<\/p>\n<p>Edmundo Donato pensou, pensou, pensou&#8230;<\/p>\n<p>\u2014 N\u00e3o posso?<\/p>\n<p>\u2014 \u00c9 \u00f3bvio que pode.<\/p>\n<p>\u2014 Ent\u00e3o?<\/p>\n<p>\u2014 Ent\u00e3o, o qu\u00ea, Edmundo?<\/p>\n<p>\u2014 Ent\u00e3o, quero ser escritor.<\/p>\n<p>Os anos seguintes foram de muitas descobertas. Edmundo passou por v\u00e1rios autores. Apaixonou-se por alguns, mas invejava apenas um: Afonso Henriques de Lima Barreto. Tanto \u00e9 que enfrentou a m\u00e3e diante do pai mudo.<\/p>\n<p>\u2014 Mam\u00e3e, quero ser jornalista.<\/p>\n<p>\u2014 Jornalista, Edmundo? Quer morrer de fome?<\/p>\n<p>\u2014 De fome n\u00e3o morro, mam\u00e3e.<\/p>\n<p>\u2014 E voc\u00ea acha que vai ter a mim e seu pai durante toda a vida.<\/p>\n<p>\u2014 N\u00e3o, mam\u00e3e.<\/p>\n<p>\u2014 E por que \u00e9 ent\u00e3o que voc\u00ea diz com tanta certeza de que n\u00e3o vai morrer de fome, meu filho?<\/p>\n<p>\u2014 Antes morro de desgosto entre processos e agulhas, mam\u00e3e.<\/p>\n<p>Edmundo virou jornalista. N\u00e3o chegou a morrer de fome, mas longe de degustar caviar. Suficiente para ter uma vida pouco acima do modesto, o que, aos seus olhos, era mais do que satisfat\u00f3rio. No entanto, faltava-lhe algo.<\/p>\n<p>Durante uma conversa com um colega de reda\u00e7\u00e3o, no Bar do Bosco, na 709 Norte, em Bras\u00edlia, Edmundo levantou a quest\u00e3o que o frustrava.<\/p>\n<p>\u2014 Sabe, Bart\u00f4, quero ser escritor.<\/p>\n<p>\u2014 Nem sabia que voc\u00ea escrevia, Edmundo.<\/p>\n<p>\u2014 Um pouco.<\/p>\n<p>\u2014 E do nada voc\u00ea quer virar escritor?<\/p>\n<p>\u2014 N\u00e3o \u00e9 do nada. Virei jornalista por causa do Lima Barreto.<\/p>\n<p>\u2014 Pois eu virei por causa do Jos\u00e9 Seabra.<\/p>\n<p>\u2014 Excelente refer\u00eancia. Mas eu queria ser que nem o Lima.<\/p>\n<p>\u2014 Logo tu?<\/p>\n<p>\u2014 E por que n\u00e3o eu?<\/p>\n<p>\u2014 Nunca que voc\u00ea vai ser que nem o Lima Barreto.<\/p>\n<p>\u2014 T\u00e1! Mas me d\u00ea uma raz\u00e3o. Uma \u00fanica raz\u00e3o!<\/p>\n<p>\u2014 Edmundo, tu \u00e9 um arreg\u00e3o!<\/p>\n<p>\u2014 Alto l\u00e1, meu amigo! Arreg\u00e3o n\u00e3o!!! Cauteloso.<\/p>\n<p><strong>\u2026\u2026\u2026\u2026\u2026\u2026\u2026\u2026<\/strong><\/p>\n<p><strong>Eduardo Mart\u00ednez \u00e9 autor do livro \u201957 Contos e Cr\u00f4nicas por um Autor Muito Velho\u2019 (Vencedor do Pr\u00eamio Liter\u00e1rio Clarice Lispector \u2013 2025 na categoria livro de contos).<\/strong><\/p>\n<p><strong>Compre aqui<\/strong><\/p>\n<p><a href=\"https:\/\/www.joanineditora.com.br\/57-contos-e-cronicas-por-um-autor-muito-velho\"><strong>https:\/\/www.joanineditora.com.br\/57-contos-e-cronicas-por-um-autor-muito-velho<\/strong><\/a><\/p>\n","protected":false},"excerpt":{"rendered":"<p>N\u00e3o era de briga, ainda mais depois da \u00faltima surra que levou quando ainda estava nos primeiros anos na escola. Se aquilo fazia parte do mundo masculino, ele preferiu seguir pelo caminho da literatura e, desde ent\u00e3o, embrenhou-se entre p\u00e1ginas amareladas dos livros da estante do av\u00f4. Come\u00e7ou por volumes da Cole\u00e7\u00e3o Vaga-Lume, quando se [&hellip;]<\/p>\n","protected":false},"author":21,"featured_media":380236,"comment_status":"closed","ping_status":"closed","sticky":false,"template":"","format":"standard","meta":{"_acf_changed":false,"footnotes":""},"categories":[161],"tags":[],"class_list":["post-380235","post","type-post","status-publish","format-standard","has-post-thumbnail","hentry","category-quadradinho-em-foco"],"acf":[],"yoast_head":"<!-- This site is optimized with the Yoast SEO plugin v27.2 - https:\/\/yoast.com\/product\/yoast-seo-wordpress\/ -->\n<title>Um certo Edmundo Donato - Notibras<\/title>\n<meta name=\"robots\" content=\"index, follow, max-snippet:-1, max-image-preview:large, max-video-preview:-1\" \/>\n<link rel=\"canonical\" href=\"https:\/\/www.notibras.com\/site\/um-certo-edmundo-donato\/\" \/>\n<meta property=\"og:locale\" content=\"pt_BR\" \/>\n<meta property=\"og:type\" content=\"article\" \/>\n<meta property=\"og:title\" content=\"Um certo Edmundo Donato - Notibras\" \/>\n<meta property=\"og:description\" content=\"N\u00e3o era de briga, ainda mais depois da \u00faltima surra que levou quando ainda estava nos primeiros anos na escola. Se aquilo fazia parte do mundo masculino, ele preferiu seguir pelo caminho da literatura e, desde ent\u00e3o, embrenhou-se entre p\u00e1ginas amareladas dos livros da estante do av\u00f4. Come\u00e7ou por volumes da Cole\u00e7\u00e3o Vaga-Lume, quando se [&hellip;]\" \/>\n<meta property=\"og:url\" content=\"https:\/\/www.notibras.com\/site\/um-certo-edmundo-donato\/\" \/>\n<meta property=\"og:site_name\" content=\"Notibras\" \/>\n<meta property=\"article:publisher\" content=\"https:\/\/www.facebook.com\/notibras\/\" \/>\n<meta property=\"article:published_time\" content=\"2026-01-24T05:00:32+00:00\" \/>\n<meta property=\"og:image\" content=\"https:\/\/www.notibras.com\/site\/wp-content\/uploads\/2026\/01\/IMG_0556.jpg\" \/>\n\t<meta property=\"og:image:width\" content=\"1023\" \/>\n\t<meta property=\"og:image:height\" content=\"926\" \/>\n\t<meta property=\"og:image:type\" content=\"image\/jpeg\" \/>\n<meta name=\"author\" content=\"Eduardo Mart\u00ednez\" \/>\n<meta name=\"twitter:card\" content=\"summary_large_image\" \/>\n<meta name=\"twitter:creator\" content=\"@Notibras\" \/>\n<meta name=\"twitter:site\" content=\"@Notibras\" \/>\n<meta name=\"twitter:label1\" content=\"Escrito por\" \/>\n\t<meta name=\"twitter:data1\" content=\"Eduardo Mart\u00ednez\" \/>\n\t<meta name=\"twitter:label2\" content=\"Est. tempo de leitura\" \/>\n\t<meta name=\"twitter:data2\" content=\"3 minutos\" \/>\n<script type=\"application\/ld+json\" class=\"yoast-schema-graph\">{\"@context\":\"https:\/\/schema.org\",\"@graph\":[{\"@type\":\"Article\",\"@id\":\"https:\/\/www.notibras.com\/site\/um-certo-edmundo-donato\/#article\",\"isPartOf\":{\"@id\":\"https:\/\/www.notibras.com\/site\/um-certo-edmundo-donato\/\"},\"author\":{\"name\":\"Eduardo Mart\u00ednez\",\"@id\":\"https:\/\/www.notibras.com\/site\/#\/schema\/person\/5b7fabf2aedc3ada2105f03b22b4d3dd\"},\"headline\":\"Um certo Edmundo Donato\",\"datePublished\":\"2026-01-24T05:00:32+00:00\",\"mainEntityOfPage\":{\"@id\":\"https:\/\/www.notibras.com\/site\/um-certo-edmundo-donato\/\"},\"wordCount\":474,\"publisher\":{\"@id\":\"https:\/\/www.notibras.com\/site\/#organization\"},\"image\":{\"@id\":\"https:\/\/www.notibras.com\/site\/um-certo-edmundo-donato\/#primaryimage\"},\"thumbnailUrl\":\"https:\/\/www.notibras.com\/site\/wp-content\/uploads\/2026\/01\/IMG_0556.jpg\",\"articleSection\":[\"Quadradinho em Foco\"],\"inLanguage\":\"pt-BR\"},{\"@type\":\"WebPage\",\"@id\":\"https:\/\/www.notibras.com\/site\/um-certo-edmundo-donato\/\",\"url\":\"https:\/\/www.notibras.com\/site\/um-certo-edmundo-donato\/\",\"name\":\"Um certo Edmundo Donato - Notibras\",\"isPartOf\":{\"@id\":\"https:\/\/www.notibras.com\/site\/#website\"},\"primaryImageOfPage\":{\"@id\":\"https:\/\/www.notibras.com\/site\/um-certo-edmundo-donato\/#primaryimage\"},\"image\":{\"@id\":\"https:\/\/www.notibras.com\/site\/um-certo-edmundo-donato\/#primaryimage\"},\"thumbnailUrl\":\"https:\/\/www.notibras.com\/site\/wp-content\/uploads\/2026\/01\/IMG_0556.jpg\",\"datePublished\":\"2026-01-24T05:00:32+00:00\",\"breadcrumb\":{\"@id\":\"https:\/\/www.notibras.com\/site\/um-certo-edmundo-donato\/#breadcrumb\"},\"inLanguage\":\"pt-BR\",\"potentialAction\":[{\"@type\":\"ReadAction\",\"target\":[\"https:\/\/www.notibras.com\/site\/um-certo-edmundo-donato\/\"]}]},{\"@type\":\"ImageObject\",\"inLanguage\":\"pt-BR\",\"@id\":\"https:\/\/www.notibras.com\/site\/um-certo-edmundo-donato\/#primaryimage\",\"url\":\"https:\/\/www.notibras.com\/site\/wp-content\/uploads\/2026\/01\/IMG_0556.jpg\",\"contentUrl\":\"https:\/\/www.notibras.com\/site\/wp-content\/uploads\/2026\/01\/IMG_0556.jpg\",\"width\":1023,\"height\":926},{\"@type\":\"BreadcrumbList\",\"@id\":\"https:\/\/www.notibras.com\/site\/um-certo-edmundo-donato\/#breadcrumb\",\"itemListElement\":[{\"@type\":\"ListItem\",\"position\":1,\"name\":\"In\u00edcio\",\"item\":\"https:\/\/www.notibras.com\/site\/\"},{\"@type\":\"ListItem\",\"position\":2,\"name\":\"Um certo Edmundo Donato\"}]},{\"@type\":\"WebSite\",\"@id\":\"https:\/\/www.notibras.com\/site\/#website\",\"url\":\"https:\/\/www.notibras.com\/site\/\",\"name\":\"Notibras\",\"description\":\"Not\u00edcias de Bras\u00edlia, do Brasil e do Mundo\",\"publisher\":{\"@id\":\"https:\/\/www.notibras.com\/site\/#organization\"},\"potentialAction\":[{\"@type\":\"SearchAction\",\"target\":{\"@type\":\"EntryPoint\",\"urlTemplate\":\"https:\/\/www.notibras.com\/site\/?s={search_term_string}\"},\"query-input\":{\"@type\":\"PropertyValueSpecification\",\"valueRequired\":true,\"valueName\":\"search_term_string\"}}],\"inLanguage\":\"pt-BR\"},{\"@type\":\"Organization\",\"@id\":\"https:\/\/www.notibras.com\/site\/#organization\",\"name\":\"Grupo Notibras de Comunica\u00e7\u00e3o\",\"url\":\"https:\/\/www.notibras.com\/site\/\",\"logo\":{\"@type\":\"ImageObject\",\"inLanguage\":\"pt-BR\",\"@id\":\"https:\/\/www.notibras.com\/site\/#\/schema\/logo\/image\/\",\"url\":\"https:\/\/www.notibras.com\/site\/wp-content\/uploads\/2023\/01\/notibras23.png\",\"contentUrl\":\"https:\/\/www.notibras.com\/site\/wp-content\/uploads\/2023\/01\/notibras23.png\",\"width\":350,\"height\":87,\"caption\":\"Grupo Notibras de Comunica\u00e7\u00e3o\"},\"image\":{\"@id\":\"https:\/\/www.notibras.com\/site\/#\/schema\/logo\/image\/\"},\"sameAs\":[\"https:\/\/www.facebook.com\/notibras\/\",\"https:\/\/x.com\/Notibras\",\"https:\/\/www.instagram.com\/notibras\/\"]},{\"@type\":\"Person\",\"@id\":\"https:\/\/www.notibras.com\/site\/#\/schema\/person\/5b7fabf2aedc3ada2105f03b22b4d3dd\",\"name\":\"Eduardo Mart\u00ednez\",\"image\":{\"@type\":\"ImageObject\",\"inLanguage\":\"pt-BR\",\"@id\":\"https:\/\/secure.gravatar.com\/avatar\/7902f906289926289cbcda644b5197c796b893c6ffd7b9a536a42d290f7704a0?s=96&d=mm&r=g\",\"url\":\"https:\/\/secure.gravatar.com\/avatar\/7902f906289926289cbcda644b5197c796b893c6ffd7b9a536a42d290f7704a0?s=96&d=mm&r=g\",\"contentUrl\":\"https:\/\/secure.gravatar.com\/avatar\/7902f906289926289cbcda644b5197c796b893c6ffd7b9a536a42d290f7704a0?s=96&d=mm&r=g\",\"caption\":\"Eduardo Mart\u00ednez\"}}]}<\/script>\n<!-- \/ Yoast SEO plugin. -->","yoast_head_json":{"title":"Um certo Edmundo Donato - Notibras","robots":{"index":"index","follow":"follow","max-snippet":"max-snippet:-1","max-image-preview":"max-image-preview:large","max-video-preview":"max-video-preview:-1"},"canonical":"https:\/\/www.notibras.com\/site\/um-certo-edmundo-donato\/","og_locale":"pt_BR","og_type":"article","og_title":"Um certo Edmundo Donato - Notibras","og_description":"N\u00e3o era de briga, ainda mais depois da \u00faltima surra que levou quando ainda estava nos primeiros anos na escola. Se aquilo fazia parte do mundo masculino, ele preferiu seguir pelo caminho da literatura e, desde ent\u00e3o, embrenhou-se entre p\u00e1ginas amareladas dos livros da estante do av\u00f4. Come\u00e7ou por volumes da Cole\u00e7\u00e3o Vaga-Lume, quando se [&hellip;]","og_url":"https:\/\/www.notibras.com\/site\/um-certo-edmundo-donato\/","og_site_name":"Notibras","article_publisher":"https:\/\/www.facebook.com\/notibras\/","article_published_time":"2026-01-24T05:00:32+00:00","og_image":[{"width":1023,"height":926,"url":"https:\/\/www.notibras.com\/site\/wp-content\/uploads\/2026\/01\/IMG_0556.jpg","type":"image\/jpeg"}],"author":"Eduardo Mart\u00ednez","twitter_card":"summary_large_image","twitter_creator":"@Notibras","twitter_site":"@Notibras","twitter_misc":{"Escrito por":"Eduardo Mart\u00ednez","Est. tempo de leitura":"3 minutos"},"schema":{"@context":"https:\/\/schema.org","@graph":[{"@type":"Article","@id":"https:\/\/www.notibras.com\/site\/um-certo-edmundo-donato\/#article","isPartOf":{"@id":"https:\/\/www.notibras.com\/site\/um-certo-edmundo-donato\/"},"author":{"name":"Eduardo Mart\u00ednez","@id":"https:\/\/www.notibras.com\/site\/#\/schema\/person\/5b7fabf2aedc3ada2105f03b22b4d3dd"},"headline":"Um certo Edmundo Donato","datePublished":"2026-01-24T05:00:32+00:00","mainEntityOfPage":{"@id":"https:\/\/www.notibras.com\/site\/um-certo-edmundo-donato\/"},"wordCount":474,"publisher":{"@id":"https:\/\/www.notibras.com\/site\/#organization"},"image":{"@id":"https:\/\/www.notibras.com\/site\/um-certo-edmundo-donato\/#primaryimage"},"thumbnailUrl":"https:\/\/www.notibras.com\/site\/wp-content\/uploads\/2026\/01\/IMG_0556.jpg","articleSection":["Quadradinho em Foco"],"inLanguage":"pt-BR"},{"@type":"WebPage","@id":"https:\/\/www.notibras.com\/site\/um-certo-edmundo-donato\/","url":"https:\/\/www.notibras.com\/site\/um-certo-edmundo-donato\/","name":"Um certo Edmundo Donato - Notibras","isPartOf":{"@id":"https:\/\/www.notibras.com\/site\/#website"},"primaryImageOfPage":{"@id":"https:\/\/www.notibras.com\/site\/um-certo-edmundo-donato\/#primaryimage"},"image":{"@id":"https:\/\/www.notibras.com\/site\/um-certo-edmundo-donato\/#primaryimage"},"thumbnailUrl":"https:\/\/www.notibras.com\/site\/wp-content\/uploads\/2026\/01\/IMG_0556.jpg","datePublished":"2026-01-24T05:00:32+00:00","breadcrumb":{"@id":"https:\/\/www.notibras.com\/site\/um-certo-edmundo-donato\/#breadcrumb"},"inLanguage":"pt-BR","potentialAction":[{"@type":"ReadAction","target":["https:\/\/www.notibras.com\/site\/um-certo-edmundo-donato\/"]}]},{"@type":"ImageObject","inLanguage":"pt-BR","@id":"https:\/\/www.notibras.com\/site\/um-certo-edmundo-donato\/#primaryimage","url":"https:\/\/www.notibras.com\/site\/wp-content\/uploads\/2026\/01\/IMG_0556.jpg","contentUrl":"https:\/\/www.notibras.com\/site\/wp-content\/uploads\/2026\/01\/IMG_0556.jpg","width":1023,"height":926},{"@type":"BreadcrumbList","@id":"https:\/\/www.notibras.com\/site\/um-certo-edmundo-donato\/#breadcrumb","itemListElement":[{"@type":"ListItem","position":1,"name":"In\u00edcio","item":"https:\/\/www.notibras.com\/site\/"},{"@type":"ListItem","position":2,"name":"Um certo Edmundo Donato"}]},{"@type":"WebSite","@id":"https:\/\/www.notibras.com\/site\/#website","url":"https:\/\/www.notibras.com\/site\/","name":"Notibras","description":"Not\u00edcias de Bras\u00edlia, do Brasil e do Mundo","publisher":{"@id":"https:\/\/www.notibras.com\/site\/#organization"},"potentialAction":[{"@type":"SearchAction","target":{"@type":"EntryPoint","urlTemplate":"https:\/\/www.notibras.com\/site\/?s={search_term_string}"},"query-input":{"@type":"PropertyValueSpecification","valueRequired":true,"valueName":"search_term_string"}}],"inLanguage":"pt-BR"},{"@type":"Organization","@id":"https:\/\/www.notibras.com\/site\/#organization","name":"Grupo Notibras de Comunica\u00e7\u00e3o","url":"https:\/\/www.notibras.com\/site\/","logo":{"@type":"ImageObject","inLanguage":"pt-BR","@id":"https:\/\/www.notibras.com\/site\/#\/schema\/logo\/image\/","url":"https:\/\/www.notibras.com\/site\/wp-content\/uploads\/2023\/01\/notibras23.png","contentUrl":"https:\/\/www.notibras.com\/site\/wp-content\/uploads\/2023\/01\/notibras23.png","width":350,"height":87,"caption":"Grupo Notibras de Comunica\u00e7\u00e3o"},"image":{"@id":"https:\/\/www.notibras.com\/site\/#\/schema\/logo\/image\/"},"sameAs":["https:\/\/www.facebook.com\/notibras\/","https:\/\/x.com\/Notibras","https:\/\/www.instagram.com\/notibras\/"]},{"@type":"Person","@id":"https:\/\/www.notibras.com\/site\/#\/schema\/person\/5b7fabf2aedc3ada2105f03b22b4d3dd","name":"Eduardo Mart\u00ednez","image":{"@type":"ImageObject","inLanguage":"pt-BR","@id":"https:\/\/secure.gravatar.com\/avatar\/7902f906289926289cbcda644b5197c796b893c6ffd7b9a536a42d290f7704a0?s=96&d=mm&r=g","url":"https:\/\/secure.gravatar.com\/avatar\/7902f906289926289cbcda644b5197c796b893c6ffd7b9a536a42d290f7704a0?s=96&d=mm&r=g","contentUrl":"https:\/\/secure.gravatar.com\/avatar\/7902f906289926289cbcda644b5197c796b893c6ffd7b9a536a42d290f7704a0?s=96&d=mm&r=g","caption":"Eduardo Mart\u00ednez"}}]}},"amp_enabled":true,"_links":{"self":[{"href":"https:\/\/www.notibras.com\/site\/wp-json\/wp\/v2\/posts\/380235","targetHints":{"allow":["GET"]}}],"collection":[{"href":"https:\/\/www.notibras.com\/site\/wp-json\/wp\/v2\/posts"}],"about":[{"href":"https:\/\/www.notibras.com\/site\/wp-json\/wp\/v2\/types\/post"}],"author":[{"embeddable":true,"href":"https:\/\/www.notibras.com\/site\/wp-json\/wp\/v2\/users\/21"}],"replies":[{"embeddable":true,"href":"https:\/\/www.notibras.com\/site\/wp-json\/wp\/v2\/comments?post=380235"}],"version-history":[{"count":2,"href":"https:\/\/www.notibras.com\/site\/wp-json\/wp\/v2\/posts\/380235\/revisions"}],"predecessor-version":[{"id":380238,"href":"https:\/\/www.notibras.com\/site\/wp-json\/wp\/v2\/posts\/380235\/revisions\/380238"}],"wp:featuredmedia":[{"embeddable":true,"href":"https:\/\/www.notibras.com\/site\/wp-json\/wp\/v2\/media\/380236"}],"wp:attachment":[{"href":"https:\/\/www.notibras.com\/site\/wp-json\/wp\/v2\/media?parent=380235"}],"wp:term":[{"taxonomy":"category","embeddable":true,"href":"https:\/\/www.notibras.com\/site\/wp-json\/wp\/v2\/categories?post=380235"},{"taxonomy":"post_tag","embeddable":true,"href":"https:\/\/www.notibras.com\/site\/wp-json\/wp\/v2\/tags?post=380235"}],"curies":[{"name":"wp","href":"https:\/\/api.w.org\/{rel}","templated":true}]}}