{"id":380249,"date":"2026-01-24T02:00:26","date_gmt":"2026-01-24T05:00:26","guid":{"rendered":"https:\/\/www.notibras.com\/site\/?p=380249"},"modified":"2026-01-24T05:48:44","modified_gmt":"2026-01-24T08:48:44","slug":"novela-tarcisio-x-flavio-bolsonaro-tem-mais-um-capitulo","status":"publish","type":"post","link":"https:\/\/www.notibras.com\/site\/novela-tarcisio-x-flavio-bolsonaro-tem-mais-um-capitulo\/","title":{"rendered":"Novela Tarc\u00edsio x Fl\u00e1vio Bolsonaro tem mais um cap\u00edtulo"},"content":{"rendered":"<p>Mais um cap\u00edtulo da novela sem gra\u00e7a que virou a poss\u00edvel candidatura de Tarc\u00edsio. Desta vez, quem entrou em cena foi o presidente do Republicanos, Marcos Pereira, ao afirmar que a direita ainda n\u00e3o est\u00e1 fechada com Fl\u00e1vio Bolsonaro e que o nome do candidato segue em aberto.<\/p>\n<p>A declara\u00e7\u00e3o soa como tentativa de manter o jogo pol\u00edtico em suspenso, mas levanta uma pergunta inevit\u00e1vel: ser\u00e1 mesmo que est\u00e1 tudo indefinido?<\/p>\n<p>Na pr\u00e1tica, o que se v\u00ea \u00e9 um campo conservador fragmentado, cheio de disputas internas e de interesses pessoais travestidos de estrat\u00e9gia eleitoral. Enquanto Marcos Pereira fala em \u201cdi\u00e1logo\u201d e \u201cconstru\u00e7\u00e3o\u201d, Fl\u00e1vio Bolsonaro age como se a candidatura fosse um caminho natural, quase heredit\u00e1rio. J\u00e1 Tarc\u00edsio aparece como aquele personagem que nunca diz claramente se quer entrar na hist\u00f3ria ou se prefere continuar como coadjuvante bem posicionado.<\/p>\n<p>Essa indefini\u00e7\u00e3o n\u00e3o parece fruto de um debate program\u00e1tico, mas de um c\u00e1lculo frio de conveni\u00eancia. Quem tem mais chance? Quem herda melhor o esp\u00f3lio pol\u00edtico de Bolsonaro? Quem consegue unir os partidos sem rachar a base? S\u00e3o perguntas que ficam no ar, enquanto o discurso p\u00fablico tenta vender a ideia de que tudo est\u00e1 em aberto.<\/p>\n","protected":false},"excerpt":{"rendered":"<p>Mais um cap\u00edtulo da novela sem gra\u00e7a que virou a poss\u00edvel candidatura de Tarc\u00edsio. Desta vez, quem entrou em cena foi o presidente do Republicanos, Marcos Pereira, ao afirmar que a direita ainda n\u00e3o est\u00e1 fechada com Fl\u00e1vio Bolsonaro e que o nome do candidato segue em aberto. A declara\u00e7\u00e3o soa como tentativa de manter [&hellip;]<\/p>\n","protected":false},"author":21,"featured_media":380250,"comment_status":"closed","ping_status":"closed","sticky":false,"template":"","format":"standard","meta":{"_acf_changed":false,"footnotes":""},"categories":[235],"tags":[],"class_list":["post-380249","post","type-post","status-publish","format-standard","has-post-thumbnail","hentry","category-dona-irene"],"acf":[],"yoast_head":"<!-- This site is optimized with the Yoast SEO plugin v27.2 - https:\/\/yoast.com\/product\/yoast-seo-wordpress\/ -->\n<title>Novela Tarc\u00edsio x Fl\u00e1vio Bolsonaro tem mais um cap\u00edtulo - Notibras<\/title>\n<meta name=\"robots\" content=\"index, follow, max-snippet:-1, max-image-preview:large, max-video-preview:-1\" \/>\n<link rel=\"canonical\" href=\"https:\/\/www.notibras.com\/site\/novela-tarcisio-x-flavio-bolsonaro-tem-mais-um-capitulo\/\" \/>\n<meta property=\"og:locale\" content=\"pt_BR\" \/>\n<meta property=\"og:type\" content=\"article\" \/>\n<meta property=\"og:title\" content=\"Novela Tarc\u00edsio x Fl\u00e1vio Bolsonaro tem mais um cap\u00edtulo - Notibras\" \/>\n<meta property=\"og:description\" content=\"Mais um cap\u00edtulo da novela sem gra\u00e7a que virou a poss\u00edvel candidatura de Tarc\u00edsio. Desta vez, quem entrou em cena foi o presidente do Republicanos, Marcos Pereira, ao afirmar que a direita ainda n\u00e3o est\u00e1 fechada com Fl\u00e1vio Bolsonaro e que o nome do candidato segue em aberto. A declara\u00e7\u00e3o soa como tentativa de manter [&hellip;]\" \/>\n<meta property=\"og:url\" content=\"https:\/\/www.notibras.com\/site\/novela-tarcisio-x-flavio-bolsonaro-tem-mais-um-capitulo\/\" \/>\n<meta property=\"og:site_name\" content=\"Notibras\" \/>\n<meta property=\"article:publisher\" content=\"https:\/\/www.facebook.com\/notibras\/\" \/>\n<meta property=\"article:published_time\" content=\"2026-01-24T05:00:26+00:00\" \/>\n<meta property=\"article:modified_time\" content=\"2026-01-24T08:48:44+00:00\" \/>\n<meta property=\"og:image\" content=\"https:\/\/www.notibras.com\/site\/wp-content\/uploads\/2026\/01\/marcos-pereira-republicanos-tarcisio-freitas-mensagem-07-07-2025.jpg\" \/>\n\t<meta property=\"og:image:width\" content=\"840\" \/>\n\t<meta property=\"og:image:height\" content=\"590\" \/>\n\t<meta property=\"og:image:type\" content=\"image\/jpeg\" \/>\n<meta name=\"author\" content=\"Eduardo Mart\u00ednez\" \/>\n<meta name=\"twitter:card\" content=\"summary_large_image\" \/>\n<meta name=\"twitter:creator\" content=\"@Notibras\" \/>\n<meta name=\"twitter:site\" content=\"@Notibras\" \/>\n<meta name=\"twitter:label1\" content=\"Escrito por\" \/>\n\t<meta name=\"twitter:data1\" content=\"Eduardo Mart\u00ednez\" \/>\n\t<meta name=\"twitter:label2\" content=\"Est. tempo de leitura\" \/>\n\t<meta name=\"twitter:data2\" content=\"2 minutos\" \/>\n<script type=\"application\/ld+json\" class=\"yoast-schema-graph\">{\"@context\":\"https:\/\/schema.org\",\"@graph\":[{\"@type\":\"Article\",\"@id\":\"https:\/\/www.notibras.com\/site\/novela-tarcisio-x-flavio-bolsonaro-tem-mais-um-capitulo\/#article\",\"isPartOf\":{\"@id\":\"https:\/\/www.notibras.com\/site\/novela-tarcisio-x-flavio-bolsonaro-tem-mais-um-capitulo\/\"},\"author\":{\"name\":\"Eduardo Mart\u00ednez\",\"@id\":\"https:\/\/www.notibras.com\/site\/#\/schema\/person\/5b7fabf2aedc3ada2105f03b22b4d3dd\"},\"headline\":\"Novela Tarc\u00edsio x Fl\u00e1vio Bolsonaro tem mais um cap\u00edtulo\",\"datePublished\":\"2026-01-24T05:00:26+00:00\",\"dateModified\":\"2026-01-24T08:48:44+00:00\",\"mainEntityOfPage\":{\"@id\":\"https:\/\/www.notibras.com\/site\/novela-tarcisio-x-flavio-bolsonaro-tem-mais-um-capitulo\/\"},\"wordCount\":232,\"publisher\":{\"@id\":\"https:\/\/www.notibras.com\/site\/#organization\"},\"image\":{\"@id\":\"https:\/\/www.notibras.com\/site\/novela-tarcisio-x-flavio-bolsonaro-tem-mais-um-capitulo\/#primaryimage\"},\"thumbnailUrl\":\"https:\/\/www.notibras.com\/site\/wp-content\/uploads\/2026\/01\/marcos-pereira-republicanos-tarcisio-freitas-mensagem-07-07-2025.jpg\",\"articleSection\":[\"Dona Irene\"],\"inLanguage\":\"pt-BR\"},{\"@type\":\"WebPage\",\"@id\":\"https:\/\/www.notibras.com\/site\/novela-tarcisio-x-flavio-bolsonaro-tem-mais-um-capitulo\/\",\"url\":\"https:\/\/www.notibras.com\/site\/novela-tarcisio-x-flavio-bolsonaro-tem-mais-um-capitulo\/\",\"name\":\"Novela Tarc\u00edsio x Fl\u00e1vio Bolsonaro tem mais um cap\u00edtulo - Notibras\",\"isPartOf\":{\"@id\":\"https:\/\/www.notibras.com\/site\/#website\"},\"primaryImageOfPage\":{\"@id\":\"https:\/\/www.notibras.com\/site\/novela-tarcisio-x-flavio-bolsonaro-tem-mais-um-capitulo\/#primaryimage\"},\"image\":{\"@id\":\"https:\/\/www.notibras.com\/site\/novela-tarcisio-x-flavio-bolsonaro-tem-mais-um-capitulo\/#primaryimage\"},\"thumbnailUrl\":\"https:\/\/www.notibras.com\/site\/wp-content\/uploads\/2026\/01\/marcos-pereira-republicanos-tarcisio-freitas-mensagem-07-07-2025.jpg\",\"datePublished\":\"2026-01-24T05:00:26+00:00\",\"dateModified\":\"2026-01-24T08:48:44+00:00\",\"breadcrumb\":{\"@id\":\"https:\/\/www.notibras.com\/site\/novela-tarcisio-x-flavio-bolsonaro-tem-mais-um-capitulo\/#breadcrumb\"},\"inLanguage\":\"pt-BR\",\"potentialAction\":[{\"@type\":\"ReadAction\",\"target\":[\"https:\/\/www.notibras.com\/site\/novela-tarcisio-x-flavio-bolsonaro-tem-mais-um-capitulo\/\"]}]},{\"@type\":\"ImageObject\",\"inLanguage\":\"pt-BR\",\"@id\":\"https:\/\/www.notibras.com\/site\/novela-tarcisio-x-flavio-bolsonaro-tem-mais-um-capitulo\/#primaryimage\",\"url\":\"https:\/\/www.notibras.com\/site\/wp-content\/uploads\/2026\/01\/marcos-pereira-republicanos-tarcisio-freitas-mensagem-07-07-2025.jpg\",\"contentUrl\":\"https:\/\/www.notibras.com\/site\/wp-content\/uploads\/2026\/01\/marcos-pereira-republicanos-tarcisio-freitas-mensagem-07-07-2025.jpg\",\"width\":840,\"height\":590},{\"@type\":\"BreadcrumbList\",\"@id\":\"https:\/\/www.notibras.com\/site\/novela-tarcisio-x-flavio-bolsonaro-tem-mais-um-capitulo\/#breadcrumb\",\"itemListElement\":[{\"@type\":\"ListItem\",\"position\":1,\"name\":\"In\u00edcio\",\"item\":\"https:\/\/www.notibras.com\/site\/\"},{\"@type\":\"ListItem\",\"position\":2,\"name\":\"Novela Tarc\u00edsio x Fl\u00e1vio Bolsonaro tem mais um cap\u00edtulo\"}]},{\"@type\":\"WebSite\",\"@id\":\"https:\/\/www.notibras.com\/site\/#website\",\"url\":\"https:\/\/www.notibras.com\/site\/\",\"name\":\"Notibras\",\"description\":\"Not\u00edcias de Bras\u00edlia, do Brasil e do Mundo\",\"publisher\":{\"@id\":\"https:\/\/www.notibras.com\/site\/#organization\"},\"potentialAction\":[{\"@type\":\"SearchAction\",\"target\":{\"@type\":\"EntryPoint\",\"urlTemplate\":\"https:\/\/www.notibras.com\/site\/?s={search_term_string}\"},\"query-input\":{\"@type\":\"PropertyValueSpecification\",\"valueRequired\":true,\"valueName\":\"search_term_string\"}}],\"inLanguage\":\"pt-BR\"},{\"@type\":\"Organization\",\"@id\":\"https:\/\/www.notibras.com\/site\/#organization\",\"name\":\"Grupo Notibras de Comunica\u00e7\u00e3o\",\"url\":\"https:\/\/www.notibras.com\/site\/\",\"logo\":{\"@type\":\"ImageObject\",\"inLanguage\":\"pt-BR\",\"@id\":\"https:\/\/www.notibras.com\/site\/#\/schema\/logo\/image\/\",\"url\":\"https:\/\/www.notibras.com\/site\/wp-content\/uploads\/2023\/01\/notibras23.png\",\"contentUrl\":\"https:\/\/www.notibras.com\/site\/wp-content\/uploads\/2023\/01\/notibras23.png\",\"width\":350,\"height\":87,\"caption\":\"Grupo Notibras de Comunica\u00e7\u00e3o\"},\"image\":{\"@id\":\"https:\/\/www.notibras.com\/site\/#\/schema\/logo\/image\/\"},\"sameAs\":[\"https:\/\/www.facebook.com\/notibras\/\",\"https:\/\/x.com\/Notibras\",\"https:\/\/www.instagram.com\/notibras\/\"]},{\"@type\":\"Person\",\"@id\":\"https:\/\/www.notibras.com\/site\/#\/schema\/person\/5b7fabf2aedc3ada2105f03b22b4d3dd\",\"name\":\"Eduardo Mart\u00ednez\",\"image\":{\"@type\":\"ImageObject\",\"inLanguage\":\"pt-BR\",\"@id\":\"https:\/\/secure.gravatar.com\/avatar\/7902f906289926289cbcda644b5197c796b893c6ffd7b9a536a42d290f7704a0?s=96&d=mm&r=g\",\"url\":\"https:\/\/secure.gravatar.com\/avatar\/7902f906289926289cbcda644b5197c796b893c6ffd7b9a536a42d290f7704a0?s=96&d=mm&r=g\",\"contentUrl\":\"https:\/\/secure.gravatar.com\/avatar\/7902f906289926289cbcda644b5197c796b893c6ffd7b9a536a42d290f7704a0?s=96&d=mm&r=g\",\"caption\":\"Eduardo Mart\u00ednez\"}}]}<\/script>\n<!-- \/ Yoast SEO plugin. -->","yoast_head_json":{"title":"Novela Tarc\u00edsio x Fl\u00e1vio Bolsonaro tem mais um cap\u00edtulo - Notibras","robots":{"index":"index","follow":"follow","max-snippet":"max-snippet:-1","max-image-preview":"max-image-preview:large","max-video-preview":"max-video-preview:-1"},"canonical":"https:\/\/www.notibras.com\/site\/novela-tarcisio-x-flavio-bolsonaro-tem-mais-um-capitulo\/","og_locale":"pt_BR","og_type":"article","og_title":"Novela Tarc\u00edsio x Fl\u00e1vio Bolsonaro tem mais um cap\u00edtulo - Notibras","og_description":"Mais um cap\u00edtulo da novela sem gra\u00e7a que virou a poss\u00edvel candidatura de Tarc\u00edsio. Desta vez, quem entrou em cena foi o presidente do Republicanos, Marcos Pereira, ao afirmar que a direita ainda n\u00e3o est\u00e1 fechada com Fl\u00e1vio Bolsonaro e que o nome do candidato segue em aberto. A declara\u00e7\u00e3o soa como tentativa de manter [&hellip;]","og_url":"https:\/\/www.notibras.com\/site\/novela-tarcisio-x-flavio-bolsonaro-tem-mais-um-capitulo\/","og_site_name":"Notibras","article_publisher":"https:\/\/www.facebook.com\/notibras\/","article_published_time":"2026-01-24T05:00:26+00:00","article_modified_time":"2026-01-24T08:48:44+00:00","og_image":[{"width":840,"height":590,"url":"https:\/\/www.notibras.com\/site\/wp-content\/uploads\/2026\/01\/marcos-pereira-republicanos-tarcisio-freitas-mensagem-07-07-2025.jpg","type":"image\/jpeg"}],"author":"Eduardo Mart\u00ednez","twitter_card":"summary_large_image","twitter_creator":"@Notibras","twitter_site":"@Notibras","twitter_misc":{"Escrito por":"Eduardo Mart\u00ednez","Est. tempo de leitura":"2 minutos"},"schema":{"@context":"https:\/\/schema.org","@graph":[{"@type":"Article","@id":"https:\/\/www.notibras.com\/site\/novela-tarcisio-x-flavio-bolsonaro-tem-mais-um-capitulo\/#article","isPartOf":{"@id":"https:\/\/www.notibras.com\/site\/novela-tarcisio-x-flavio-bolsonaro-tem-mais-um-capitulo\/"},"author":{"name":"Eduardo Mart\u00ednez","@id":"https:\/\/www.notibras.com\/site\/#\/schema\/person\/5b7fabf2aedc3ada2105f03b22b4d3dd"},"headline":"Novela Tarc\u00edsio x Fl\u00e1vio Bolsonaro tem mais um cap\u00edtulo","datePublished":"2026-01-24T05:00:26+00:00","dateModified":"2026-01-24T08:48:44+00:00","mainEntityOfPage":{"@id":"https:\/\/www.notibras.com\/site\/novela-tarcisio-x-flavio-bolsonaro-tem-mais-um-capitulo\/"},"wordCount":232,"publisher":{"@id":"https:\/\/www.notibras.com\/site\/#organization"},"image":{"@id":"https:\/\/www.notibras.com\/site\/novela-tarcisio-x-flavio-bolsonaro-tem-mais-um-capitulo\/#primaryimage"},"thumbnailUrl":"https:\/\/www.notibras.com\/site\/wp-content\/uploads\/2026\/01\/marcos-pereira-republicanos-tarcisio-freitas-mensagem-07-07-2025.jpg","articleSection":["Dona Irene"],"inLanguage":"pt-BR"},{"@type":"WebPage","@id":"https:\/\/www.notibras.com\/site\/novela-tarcisio-x-flavio-bolsonaro-tem-mais-um-capitulo\/","url":"https:\/\/www.notibras.com\/site\/novela-tarcisio-x-flavio-bolsonaro-tem-mais-um-capitulo\/","name":"Novela Tarc\u00edsio x Fl\u00e1vio Bolsonaro tem mais um cap\u00edtulo - Notibras","isPartOf":{"@id":"https:\/\/www.notibras.com\/site\/#website"},"primaryImageOfPage":{"@id":"https:\/\/www.notibras.com\/site\/novela-tarcisio-x-flavio-bolsonaro-tem-mais-um-capitulo\/#primaryimage"},"image":{"@id":"https:\/\/www.notibras.com\/site\/novela-tarcisio-x-flavio-bolsonaro-tem-mais-um-capitulo\/#primaryimage"},"thumbnailUrl":"https:\/\/www.notibras.com\/site\/wp-content\/uploads\/2026\/01\/marcos-pereira-republicanos-tarcisio-freitas-mensagem-07-07-2025.jpg","datePublished":"2026-01-24T05:00:26+00:00","dateModified":"2026-01-24T08:48:44+00:00","breadcrumb":{"@id":"https:\/\/www.notibras.com\/site\/novela-tarcisio-x-flavio-bolsonaro-tem-mais-um-capitulo\/#breadcrumb"},"inLanguage":"pt-BR","potentialAction":[{"@type":"ReadAction","target":["https:\/\/www.notibras.com\/site\/novela-tarcisio-x-flavio-bolsonaro-tem-mais-um-capitulo\/"]}]},{"@type":"ImageObject","inLanguage":"pt-BR","@id":"https:\/\/www.notibras.com\/site\/novela-tarcisio-x-flavio-bolsonaro-tem-mais-um-capitulo\/#primaryimage","url":"https:\/\/www.notibras.com\/site\/wp-content\/uploads\/2026\/01\/marcos-pereira-republicanos-tarcisio-freitas-mensagem-07-07-2025.jpg","contentUrl":"https:\/\/www.notibras.com\/site\/wp-content\/uploads\/2026\/01\/marcos-pereira-republicanos-tarcisio-freitas-mensagem-07-07-2025.jpg","width":840,"height":590},{"@type":"BreadcrumbList","@id":"https:\/\/www.notibras.com\/site\/novela-tarcisio-x-flavio-bolsonaro-tem-mais-um-capitulo\/#breadcrumb","itemListElement":[{"@type":"ListItem","position":1,"name":"In\u00edcio","item":"https:\/\/www.notibras.com\/site\/"},{"@type":"ListItem","position":2,"name":"Novela Tarc\u00edsio x Fl\u00e1vio Bolsonaro tem mais um cap\u00edtulo"}]},{"@type":"WebSite","@id":"https:\/\/www.notibras.com\/site\/#website","url":"https:\/\/www.notibras.com\/site\/","name":"Notibras","description":"Not\u00edcias de Bras\u00edlia, do Brasil e do Mundo","publisher":{"@id":"https:\/\/www.notibras.com\/site\/#organization"},"potentialAction":[{"@type":"SearchAction","target":{"@type":"EntryPoint","urlTemplate":"https:\/\/www.notibras.com\/site\/?s={search_term_string}"},"query-input":{"@type":"PropertyValueSpecification","valueRequired":true,"valueName":"search_term_string"}}],"inLanguage":"pt-BR"},{"@type":"Organization","@id":"https:\/\/www.notibras.com\/site\/#organization","name":"Grupo Notibras de Comunica\u00e7\u00e3o","url":"https:\/\/www.notibras.com\/site\/","logo":{"@type":"ImageObject","inLanguage":"pt-BR","@id":"https:\/\/www.notibras.com\/site\/#\/schema\/logo\/image\/","url":"https:\/\/www.notibras.com\/site\/wp-content\/uploads\/2023\/01\/notibras23.png","contentUrl":"https:\/\/www.notibras.com\/site\/wp-content\/uploads\/2023\/01\/notibras23.png","width":350,"height":87,"caption":"Grupo Notibras de Comunica\u00e7\u00e3o"},"image":{"@id":"https:\/\/www.notibras.com\/site\/#\/schema\/logo\/image\/"},"sameAs":["https:\/\/www.facebook.com\/notibras\/","https:\/\/x.com\/Notibras","https:\/\/www.instagram.com\/notibras\/"]},{"@type":"Person","@id":"https:\/\/www.notibras.com\/site\/#\/schema\/person\/5b7fabf2aedc3ada2105f03b22b4d3dd","name":"Eduardo Mart\u00ednez","image":{"@type":"ImageObject","inLanguage":"pt-BR","@id":"https:\/\/secure.gravatar.com\/avatar\/7902f906289926289cbcda644b5197c796b893c6ffd7b9a536a42d290f7704a0?s=96&d=mm&r=g","url":"https:\/\/secure.gravatar.com\/avatar\/7902f906289926289cbcda644b5197c796b893c6ffd7b9a536a42d290f7704a0?s=96&d=mm&r=g","contentUrl":"https:\/\/secure.gravatar.com\/avatar\/7902f906289926289cbcda644b5197c796b893c6ffd7b9a536a42d290f7704a0?s=96&d=mm&r=g","caption":"Eduardo Mart\u00ednez"}}]}},"amp_enabled":true,"_links":{"self":[{"href":"https:\/\/www.notibras.com\/site\/wp-json\/wp\/v2\/posts\/380249","targetHints":{"allow":["GET"]}}],"collection":[{"href":"https:\/\/www.notibras.com\/site\/wp-json\/wp\/v2\/posts"}],"about":[{"href":"https:\/\/www.notibras.com\/site\/wp-json\/wp\/v2\/types\/post"}],"author":[{"embeddable":true,"href":"https:\/\/www.notibras.com\/site\/wp-json\/wp\/v2\/users\/21"}],"replies":[{"embeddable":true,"href":"https:\/\/www.notibras.com\/site\/wp-json\/wp\/v2\/comments?post=380249"}],"version-history":[{"count":4,"href":"https:\/\/www.notibras.com\/site\/wp-json\/wp\/v2\/posts\/380249\/revisions"}],"predecessor-version":[{"id":380256,"href":"https:\/\/www.notibras.com\/site\/wp-json\/wp\/v2\/posts\/380249\/revisions\/380256"}],"wp:featuredmedia":[{"embeddable":true,"href":"https:\/\/www.notibras.com\/site\/wp-json\/wp\/v2\/media\/380250"}],"wp:attachment":[{"href":"https:\/\/www.notibras.com\/site\/wp-json\/wp\/v2\/media?parent=380249"}],"wp:term":[{"taxonomy":"category","embeddable":true,"href":"https:\/\/www.notibras.com\/site\/wp-json\/wp\/v2\/categories?post=380249"},{"taxonomy":"post_tag","embeddable":true,"href":"https:\/\/www.notibras.com\/site\/wp-json\/wp\/v2\/tags?post=380249"}],"curies":[{"name":"wp","href":"https:\/\/api.w.org\/{rel}","templated":true}]}}