{"id":38025,"date":"2015-02-24T05:06:26","date_gmt":"2015-02-24T08:06:26","guid":{"rendered":"http:\/\/www.notibras.com\/site\/?p=38025"},"modified":"2015-02-24T13:58:53","modified_gmt":"2015-02-24T16:58:53","slug":"collor-hoje-aliado-do-pt-recebeu-8-milhoes-do-petrolao","status":"publish","type":"post","link":"https:\/\/www.notibras.com\/site\/collor-hoje-aliado-do-pt-recebeu-8-milhoes-do-petrolao\/","title":{"rendered":"Collor, hoje aliado do Planalto, recebeu 8 milh\u00f5es do Petrol\u00e3o"},"content":{"rendered":"<p>Fernando Collor recebeu 3 milh\u00f5es de d\u00f3lares (pouco mais de oito milh\u00f5es de reais, ao c\u00e2mbio do dia) do dinheiro desviado da Petrobras em forma de propina. Quem diz \u00e9 o doleiro Alberto Youssef, um dos principais personagens do Petrol\u00e3o. A declara\u00e7\u00e3o consta de um dos depoimentos prestados na dela\u00e7\u00e3o premiada que investiga o maior esc\u00e2ndalo da pol\u00edtica brasileira.<\/p>\n<p>Youssef disse a procuradores que Collor, ex-presidente da Rep\u00fablica, hoje senador pelo PTB alagoano e um forte aliado do P\u00e0l\u00e1cio do Planalto, recebeu o dinheiro como resultado de um neg\u00f3cio da BR Distribuidora, subsidi\u00e1ria da Petrobras, com uma rede de postos de gasolina.<\/p>\n<p>O intermedi\u00e1rio da\u00a0 transa\u00e7\u00e3o, revela a Folha de S.Paulo desta ter\u00e7a-feira 24, teria sido Pedro Paulo Leoni Ramos, dono da GPI Participa\u00e7\u00f5es e Investimentos e um velho amigo de Collor. Enquanto esteve no Pal\u00e1cio do Planalto, Collor teve Leoni Ramos como secret\u00e1rio de Assuntos Estrat\u00e9gicos.<\/p>\n<blockquote><p>O neg\u00f3cio, segundo a den\u00fancia de Youssef, envolvia a troca de bandeira de uma rede de postos. Collor teria ficado com 1% dos R$ 300 milh\u00f5es em que estava avaliado o neg\u00f3cio. O dinheiro foi arrecadado nos postos e repassado a Leoni em dinheiro vivo, o que impede o rastreamento.<\/p><\/blockquote>\n<p>O PTB, partido do qual Collor \u00e9 l\u00edder no Senado, mantinha dois diretores na BR Distribuidora: Jos\u00e9 Zonis, na \u00e1rea de Opera\u00e7\u00f5es e Log\u00edstica, e Luiz Claudio Caseira Sanches, na Diretoria de Rede de Postos de Servi\u00e7o. O pagamento, segundo Yussef, foi feito por um de seus emiss\u00e1rios: Rafael \u00c0ngulo Lopes.<\/p>\n<p>A exemplo de Alberto Youssef, Leoni Ramos \u00e9 um dos investigados da Opera\u00e7\u00e3o Lava-Jato justamente em raz\u00e3o de \u201cneg\u00f3cios\u201d feitos com o doleiro.<\/p>\n","protected":false},"excerpt":{"rendered":"<p>Fernando Collor recebeu 3 milh\u00f5es de d\u00f3lares (pouco mais de oito milh\u00f5es de reais, ao c\u00e2mbio do dia) do dinheiro desviado da Petrobras em forma de propina. Quem diz \u00e9 o doleiro Alberto Youssef, um dos principais personagens do Petrol\u00e3o. A declara\u00e7\u00e3o consta de um dos depoimentos prestados na dela\u00e7\u00e3o premiada que investiga o maior [&hellip;]<\/p>\n","protected":false},"author":2,"featured_media":38026,"comment_status":"open","ping_status":"closed","sticky":false,"template":"","format":"standard","meta":{"_acf_changed":false,"footnotes":""},"categories":[16],"tags":[],"class_list":["post-38025","post","type-post","status-publish","format-standard","has-post-thumbnail","hentry","category-brasil"],"acf":[],"yoast_head":"<!-- This site is optimized with the Yoast SEO plugin v27.2 - https:\/\/yoast.com\/product\/yoast-seo-wordpress\/ -->\n<title>Collor, hoje aliado do Planalto, recebeu 8 milh\u00f5es do Petrol\u00e3o - Notibras<\/title>\n<meta name=\"robots\" content=\"index, follow, max-snippet:-1, max-image-preview:large, max-video-preview:-1\" \/>\n<link rel=\"canonical\" href=\"https:\/\/www.notibras.com\/site\/collor-hoje-aliado-do-pt-recebeu-8-milhoes-do-petrolao\/\" \/>\n<meta property=\"og:locale\" content=\"pt_BR\" \/>\n<meta property=\"og:type\" content=\"article\" \/>\n<meta property=\"og:title\" content=\"Collor, hoje aliado do Planalto, recebeu 8 milh\u00f5es do Petrol\u00e3o - Notibras\" \/>\n<meta property=\"og:description\" content=\"Fernando Collor recebeu 3 milh\u00f5es de d\u00f3lares (pouco mais de oito milh\u00f5es de reais, ao c\u00e2mbio do dia) do dinheiro desviado da Petrobras em forma de propina. Quem diz \u00e9 o doleiro Alberto Youssef, um dos principais personagens do Petrol\u00e3o. A declara\u00e7\u00e3o consta de um dos depoimentos prestados na dela\u00e7\u00e3o premiada que investiga o maior [&hellip;]\" \/>\n<meta property=\"og:url\" content=\"https:\/\/www.notibras.com\/site\/collor-hoje-aliado-do-pt-recebeu-8-milhoes-do-petrolao\/\" \/>\n<meta property=\"og:site_name\" content=\"Notibras\" \/>\n<meta property=\"article:publisher\" content=\"https:\/\/www.facebook.com\/notibras\/\" \/>\n<meta property=\"article:published_time\" content=\"2015-02-24T08:06:26+00:00\" \/>\n<meta property=\"article:modified_time\" content=\"2015-02-24T16:58:53+00:00\" \/>\n<meta property=\"og:image\" content=\"https:\/\/www.notibras.com\/site\/wp-content\/uploads\/2015\/02\/collor-dilma.jpg\" \/>\n\t<meta property=\"og:image:width\" content=\"598\" \/>\n\t<meta property=\"og:image:height\" content=\"336\" \/>\n\t<meta property=\"og:image:type\" content=\"image\/jpeg\" \/>\n<meta name=\"author\" content=\"Reda\u00e7\u00e3o\" \/>\n<meta name=\"twitter:card\" content=\"summary_large_image\" \/>\n<meta name=\"twitter:creator\" content=\"@Notibras\" \/>\n<meta name=\"twitter:site\" content=\"@Notibras\" \/>\n<meta name=\"twitter:label1\" content=\"Escrito por\" \/>\n\t<meta name=\"twitter:data1\" content=\"Reda\u00e7\u00e3o\" \/>\n\t<meta name=\"twitter:label2\" content=\"Est. tempo de leitura\" \/>\n\t<meta name=\"twitter:data2\" content=\"1 minuto\" \/>\n<script type=\"application\/ld+json\" class=\"yoast-schema-graph\">{\"@context\":\"https:\/\/schema.org\",\"@graph\":[{\"@type\":\"Article\",\"@id\":\"https:\/\/www.notibras.com\/site\/collor-hoje-aliado-do-pt-recebeu-8-milhoes-do-petrolao\/#article\",\"isPartOf\":{\"@id\":\"https:\/\/www.notibras.com\/site\/collor-hoje-aliado-do-pt-recebeu-8-milhoes-do-petrolao\/\"},\"author\":{\"name\":\"Reda\u00e7\u00e3o\",\"@id\":\"https:\/\/www.notibras.com\/site\/#\/schema\/person\/36ab0979449956132d3e5b517ea76ac8\"},\"headline\":\"Collor, hoje aliado do Planalto, recebeu 8 milh\u00f5es do Petrol\u00e3o\",\"datePublished\":\"2015-02-24T08:06:26+00:00\",\"dateModified\":\"2015-02-24T16:58:53+00:00\",\"mainEntityOfPage\":{\"@id\":\"https:\/\/www.notibras.com\/site\/collor-hoje-aliado-do-pt-recebeu-8-milhoes-do-petrolao\/\"},\"wordCount\":309,\"commentCount\":0,\"publisher\":{\"@id\":\"https:\/\/www.notibras.com\/site\/#organization\"},\"image\":{\"@id\":\"https:\/\/www.notibras.com\/site\/collor-hoje-aliado-do-pt-recebeu-8-milhoes-do-petrolao\/#primaryimage\"},\"thumbnailUrl\":\"https:\/\/www.notibras.com\/site\/wp-content\/uploads\/2015\/02\/collor-dilma.jpg\",\"articleSection\":[\"Brasil\"],\"inLanguage\":\"pt-BR\",\"potentialAction\":[{\"@type\":\"CommentAction\",\"name\":\"Comment\",\"target\":[\"https:\/\/www.notibras.com\/site\/collor-hoje-aliado-do-pt-recebeu-8-milhoes-do-petrolao\/#respond\"]}]},{\"@type\":\"WebPage\",\"@id\":\"https:\/\/www.notibras.com\/site\/collor-hoje-aliado-do-pt-recebeu-8-milhoes-do-petrolao\/\",\"url\":\"https:\/\/www.notibras.com\/site\/collor-hoje-aliado-do-pt-recebeu-8-milhoes-do-petrolao\/\",\"name\":\"Collor, hoje aliado do Planalto, recebeu 8 milh\u00f5es do Petrol\u00e3o - Notibras\",\"isPartOf\":{\"@id\":\"https:\/\/www.notibras.com\/site\/#website\"},\"primaryImageOfPage\":{\"@id\":\"https:\/\/www.notibras.com\/site\/collor-hoje-aliado-do-pt-recebeu-8-milhoes-do-petrolao\/#primaryimage\"},\"image\":{\"@id\":\"https:\/\/www.notibras.com\/site\/collor-hoje-aliado-do-pt-recebeu-8-milhoes-do-petrolao\/#primaryimage\"},\"thumbnailUrl\":\"https:\/\/www.notibras.com\/site\/wp-content\/uploads\/2015\/02\/collor-dilma.jpg\",\"datePublished\":\"2015-02-24T08:06:26+00:00\",\"dateModified\":\"2015-02-24T16:58:53+00:00\",\"breadcrumb\":{\"@id\":\"https:\/\/www.notibras.com\/site\/collor-hoje-aliado-do-pt-recebeu-8-milhoes-do-petrolao\/#breadcrumb\"},\"inLanguage\":\"pt-BR\",\"potentialAction\":[{\"@type\":\"ReadAction\",\"target\":[\"https:\/\/www.notibras.com\/site\/collor-hoje-aliado-do-pt-recebeu-8-milhoes-do-petrolao\/\"]}]},{\"@type\":\"ImageObject\",\"inLanguage\":\"pt-BR\",\"@id\":\"https:\/\/www.notibras.com\/site\/collor-hoje-aliado-do-pt-recebeu-8-milhoes-do-petrolao\/#primaryimage\",\"url\":\"https:\/\/www.notibras.com\/site\/wp-content\/uploads\/2015\/02\/collor-dilma.jpg\",\"contentUrl\":\"https:\/\/www.notibras.com\/site\/wp-content\/uploads\/2015\/02\/collor-dilma.jpg\",\"width\":598,\"height\":336},{\"@type\":\"BreadcrumbList\",\"@id\":\"https:\/\/www.notibras.com\/site\/collor-hoje-aliado-do-pt-recebeu-8-milhoes-do-petrolao\/#breadcrumb\",\"itemListElement\":[{\"@type\":\"ListItem\",\"position\":1,\"name\":\"In\u00edcio\",\"item\":\"https:\/\/www.notibras.com\/site\/\"},{\"@type\":\"ListItem\",\"position\":2,\"name\":\"Collor, hoje aliado do Planalto, recebeu 8 milh\u00f5es do Petrol\u00e3o\"}]},{\"@type\":\"WebSite\",\"@id\":\"https:\/\/www.notibras.com\/site\/#website\",\"url\":\"https:\/\/www.notibras.com\/site\/\",\"name\":\"Notibras\",\"description\":\"Not\u00edcias de Bras\u00edlia, do Brasil e do Mundo\",\"publisher\":{\"@id\":\"https:\/\/www.notibras.com\/site\/#organization\"},\"potentialAction\":[{\"@type\":\"SearchAction\",\"target\":{\"@type\":\"EntryPoint\",\"urlTemplate\":\"https:\/\/www.notibras.com\/site\/?s={search_term_string}\"},\"query-input\":{\"@type\":\"PropertyValueSpecification\",\"valueRequired\":true,\"valueName\":\"search_term_string\"}}],\"inLanguage\":\"pt-BR\"},{\"@type\":\"Organization\",\"@id\":\"https:\/\/www.notibras.com\/site\/#organization\",\"name\":\"Grupo Notibras de Comunica\u00e7\u00e3o\",\"url\":\"https:\/\/www.notibras.com\/site\/\",\"logo\":{\"@type\":\"ImageObject\",\"inLanguage\":\"pt-BR\",\"@id\":\"https:\/\/www.notibras.com\/site\/#\/schema\/logo\/image\/\",\"url\":\"https:\/\/www.notibras.com\/site\/wp-content\/uploads\/2023\/01\/notibras23.png\",\"contentUrl\":\"https:\/\/www.notibras.com\/site\/wp-content\/uploads\/2023\/01\/notibras23.png\",\"width\":350,\"height\":87,\"caption\":\"Grupo Notibras de Comunica\u00e7\u00e3o\"},\"image\":{\"@id\":\"https:\/\/www.notibras.com\/site\/#\/schema\/logo\/image\/\"},\"sameAs\":[\"https:\/\/www.facebook.com\/notibras\/\",\"https:\/\/x.com\/Notibras\",\"https:\/\/www.instagram.com\/notibras\/\"]},{\"@type\":\"Person\",\"@id\":\"https:\/\/www.notibras.com\/site\/#\/schema\/person\/36ab0979449956132d3e5b517ea76ac8\",\"name\":\"Reda\u00e7\u00e3o\",\"image\":{\"@type\":\"ImageObject\",\"inLanguage\":\"pt-BR\",\"@id\":\"https:\/\/secure.gravatar.com\/avatar\/e0a867bdedb85fd243eadf09663511f96fc81e0720a4a42581f334ad4303aa6b?s=96&d=mm&r=g\",\"url\":\"https:\/\/secure.gravatar.com\/avatar\/e0a867bdedb85fd243eadf09663511f96fc81e0720a4a42581f334ad4303aa6b?s=96&d=mm&r=g\",\"contentUrl\":\"https:\/\/secure.gravatar.com\/avatar\/e0a867bdedb85fd243eadf09663511f96fc81e0720a4a42581f334ad4303aa6b?s=96&d=mm&r=g\",\"caption\":\"Reda\u00e7\u00e3o\"}}]}<\/script>\n<!-- \/ Yoast SEO plugin. -->","yoast_head_json":{"title":"Collor, hoje aliado do Planalto, recebeu 8 milh\u00f5es do Petrol\u00e3o - Notibras","robots":{"index":"index","follow":"follow","max-snippet":"max-snippet:-1","max-image-preview":"max-image-preview:large","max-video-preview":"max-video-preview:-1"},"canonical":"https:\/\/www.notibras.com\/site\/collor-hoje-aliado-do-pt-recebeu-8-milhoes-do-petrolao\/","og_locale":"pt_BR","og_type":"article","og_title":"Collor, hoje aliado do Planalto, recebeu 8 milh\u00f5es do Petrol\u00e3o - Notibras","og_description":"Fernando Collor recebeu 3 milh\u00f5es de d\u00f3lares (pouco mais de oito milh\u00f5es de reais, ao c\u00e2mbio do dia) do dinheiro desviado da Petrobras em forma de propina. Quem diz \u00e9 o doleiro Alberto Youssef, um dos principais personagens do Petrol\u00e3o. A declara\u00e7\u00e3o consta de um dos depoimentos prestados na dela\u00e7\u00e3o premiada que investiga o maior [&hellip;]","og_url":"https:\/\/www.notibras.com\/site\/collor-hoje-aliado-do-pt-recebeu-8-milhoes-do-petrolao\/","og_site_name":"Notibras","article_publisher":"https:\/\/www.facebook.com\/notibras\/","article_published_time":"2015-02-24T08:06:26+00:00","article_modified_time":"2015-02-24T16:58:53+00:00","og_image":[{"width":598,"height":336,"url":"https:\/\/www.notibras.com\/site\/wp-content\/uploads\/2015\/02\/collor-dilma.jpg","type":"image\/jpeg"}],"author":"Reda\u00e7\u00e3o","twitter_card":"summary_large_image","twitter_creator":"@Notibras","twitter_site":"@Notibras","twitter_misc":{"Escrito por":"Reda\u00e7\u00e3o","Est. tempo de leitura":"1 minuto"},"schema":{"@context":"https:\/\/schema.org","@graph":[{"@type":"Article","@id":"https:\/\/www.notibras.com\/site\/collor-hoje-aliado-do-pt-recebeu-8-milhoes-do-petrolao\/#article","isPartOf":{"@id":"https:\/\/www.notibras.com\/site\/collor-hoje-aliado-do-pt-recebeu-8-milhoes-do-petrolao\/"},"author":{"name":"Reda\u00e7\u00e3o","@id":"https:\/\/www.notibras.com\/site\/#\/schema\/person\/36ab0979449956132d3e5b517ea76ac8"},"headline":"Collor, hoje aliado do Planalto, recebeu 8 milh\u00f5es do Petrol\u00e3o","datePublished":"2015-02-24T08:06:26+00:00","dateModified":"2015-02-24T16:58:53+00:00","mainEntityOfPage":{"@id":"https:\/\/www.notibras.com\/site\/collor-hoje-aliado-do-pt-recebeu-8-milhoes-do-petrolao\/"},"wordCount":309,"commentCount":0,"publisher":{"@id":"https:\/\/www.notibras.com\/site\/#organization"},"image":{"@id":"https:\/\/www.notibras.com\/site\/collor-hoje-aliado-do-pt-recebeu-8-milhoes-do-petrolao\/#primaryimage"},"thumbnailUrl":"https:\/\/www.notibras.com\/site\/wp-content\/uploads\/2015\/02\/collor-dilma.jpg","articleSection":["Brasil"],"inLanguage":"pt-BR","potentialAction":[{"@type":"CommentAction","name":"Comment","target":["https:\/\/www.notibras.com\/site\/collor-hoje-aliado-do-pt-recebeu-8-milhoes-do-petrolao\/#respond"]}]},{"@type":"WebPage","@id":"https:\/\/www.notibras.com\/site\/collor-hoje-aliado-do-pt-recebeu-8-milhoes-do-petrolao\/","url":"https:\/\/www.notibras.com\/site\/collor-hoje-aliado-do-pt-recebeu-8-milhoes-do-petrolao\/","name":"Collor, hoje aliado do Planalto, recebeu 8 milh\u00f5es do Petrol\u00e3o - Notibras","isPartOf":{"@id":"https:\/\/www.notibras.com\/site\/#website"},"primaryImageOfPage":{"@id":"https:\/\/www.notibras.com\/site\/collor-hoje-aliado-do-pt-recebeu-8-milhoes-do-petrolao\/#primaryimage"},"image":{"@id":"https:\/\/www.notibras.com\/site\/collor-hoje-aliado-do-pt-recebeu-8-milhoes-do-petrolao\/#primaryimage"},"thumbnailUrl":"https:\/\/www.notibras.com\/site\/wp-content\/uploads\/2015\/02\/collor-dilma.jpg","datePublished":"2015-02-24T08:06:26+00:00","dateModified":"2015-02-24T16:58:53+00:00","breadcrumb":{"@id":"https:\/\/www.notibras.com\/site\/collor-hoje-aliado-do-pt-recebeu-8-milhoes-do-petrolao\/#breadcrumb"},"inLanguage":"pt-BR","potentialAction":[{"@type":"ReadAction","target":["https:\/\/www.notibras.com\/site\/collor-hoje-aliado-do-pt-recebeu-8-milhoes-do-petrolao\/"]}]},{"@type":"ImageObject","inLanguage":"pt-BR","@id":"https:\/\/www.notibras.com\/site\/collor-hoje-aliado-do-pt-recebeu-8-milhoes-do-petrolao\/#primaryimage","url":"https:\/\/www.notibras.com\/site\/wp-content\/uploads\/2015\/02\/collor-dilma.jpg","contentUrl":"https:\/\/www.notibras.com\/site\/wp-content\/uploads\/2015\/02\/collor-dilma.jpg","width":598,"height":336},{"@type":"BreadcrumbList","@id":"https:\/\/www.notibras.com\/site\/collor-hoje-aliado-do-pt-recebeu-8-milhoes-do-petrolao\/#breadcrumb","itemListElement":[{"@type":"ListItem","position":1,"name":"In\u00edcio","item":"https:\/\/www.notibras.com\/site\/"},{"@type":"ListItem","position":2,"name":"Collor, hoje aliado do Planalto, recebeu 8 milh\u00f5es do Petrol\u00e3o"}]},{"@type":"WebSite","@id":"https:\/\/www.notibras.com\/site\/#website","url":"https:\/\/www.notibras.com\/site\/","name":"Notibras","description":"Not\u00edcias de Bras\u00edlia, do Brasil e do Mundo","publisher":{"@id":"https:\/\/www.notibras.com\/site\/#organization"},"potentialAction":[{"@type":"SearchAction","target":{"@type":"EntryPoint","urlTemplate":"https:\/\/www.notibras.com\/site\/?s={search_term_string}"},"query-input":{"@type":"PropertyValueSpecification","valueRequired":true,"valueName":"search_term_string"}}],"inLanguage":"pt-BR"},{"@type":"Organization","@id":"https:\/\/www.notibras.com\/site\/#organization","name":"Grupo Notibras de Comunica\u00e7\u00e3o","url":"https:\/\/www.notibras.com\/site\/","logo":{"@type":"ImageObject","inLanguage":"pt-BR","@id":"https:\/\/www.notibras.com\/site\/#\/schema\/logo\/image\/","url":"https:\/\/www.notibras.com\/site\/wp-content\/uploads\/2023\/01\/notibras23.png","contentUrl":"https:\/\/www.notibras.com\/site\/wp-content\/uploads\/2023\/01\/notibras23.png","width":350,"height":87,"caption":"Grupo Notibras de Comunica\u00e7\u00e3o"},"image":{"@id":"https:\/\/www.notibras.com\/site\/#\/schema\/logo\/image\/"},"sameAs":["https:\/\/www.facebook.com\/notibras\/","https:\/\/x.com\/Notibras","https:\/\/www.instagram.com\/notibras\/"]},{"@type":"Person","@id":"https:\/\/www.notibras.com\/site\/#\/schema\/person\/36ab0979449956132d3e5b517ea76ac8","name":"Reda\u00e7\u00e3o","image":{"@type":"ImageObject","inLanguage":"pt-BR","@id":"https:\/\/secure.gravatar.com\/avatar\/e0a867bdedb85fd243eadf09663511f96fc81e0720a4a42581f334ad4303aa6b?s=96&d=mm&r=g","url":"https:\/\/secure.gravatar.com\/avatar\/e0a867bdedb85fd243eadf09663511f96fc81e0720a4a42581f334ad4303aa6b?s=96&d=mm&r=g","contentUrl":"https:\/\/secure.gravatar.com\/avatar\/e0a867bdedb85fd243eadf09663511f96fc81e0720a4a42581f334ad4303aa6b?s=96&d=mm&r=g","caption":"Reda\u00e7\u00e3o"}}]}},"amp_enabled":true,"_links":{"self":[{"href":"https:\/\/www.notibras.com\/site\/wp-json\/wp\/v2\/posts\/38025","targetHints":{"allow":["GET"]}}],"collection":[{"href":"https:\/\/www.notibras.com\/site\/wp-json\/wp\/v2\/posts"}],"about":[{"href":"https:\/\/www.notibras.com\/site\/wp-json\/wp\/v2\/types\/post"}],"author":[{"embeddable":true,"href":"https:\/\/www.notibras.com\/site\/wp-json\/wp\/v2\/users\/2"}],"replies":[{"embeddable":true,"href":"https:\/\/www.notibras.com\/site\/wp-json\/wp\/v2\/comments?post=38025"}],"version-history":[{"count":0,"href":"https:\/\/www.notibras.com\/site\/wp-json\/wp\/v2\/posts\/38025\/revisions"}],"wp:featuredmedia":[{"embeddable":true,"href":"https:\/\/www.notibras.com\/site\/wp-json\/wp\/v2\/media\/38026"}],"wp:attachment":[{"href":"https:\/\/www.notibras.com\/site\/wp-json\/wp\/v2\/media?parent=38025"}],"wp:term":[{"taxonomy":"category","embeddable":true,"href":"https:\/\/www.notibras.com\/site\/wp-json\/wp\/v2\/categories?post=38025"},{"taxonomy":"post_tag","embeddable":true,"href":"https:\/\/www.notibras.com\/site\/wp-json\/wp\/v2\/tags?post=38025"}],"curies":[{"name":"wp","href":"https:\/\/api.w.org\/{rel}","templated":true}]}}