{"id":380263,"date":"2026-01-24T00:02:40","date_gmt":"2026-01-24T03:02:40","guid":{"rendered":"https:\/\/www.notibras.com\/site\/?p=380263"},"modified":"2026-01-24T06:08:05","modified_gmt":"2026-01-24T09:08:05","slug":"lula-ve-mundo-em-risco-com-ideia-de-trump-de-ter-a-sua-propria-onu","status":"publish","type":"post","link":"https:\/\/www.notibras.com\/site\/lula-ve-mundo-em-risco-com-ideia-de-trump-de-ter-a-sua-propria-onu\/","title":{"rendered":"Lula v\u00ea mundo em risco com ideia de Trump de ter a sua pr\u00f3pria ONU"},"content":{"rendered":"<p>O presidente Luiz In\u00e1cio Lula da Silva disse nesta sexta-feira (23) que a pol\u00edtica mundial atravessa um momento cr\u00edtico, \u201ccom o multilateralismo sendo jogado fora pelo unilateralismo\u201d. Durante o encerramento do 14\u00ba Encontro Nacional do Movimento dos Trabalhadores Rurais Sem Terra (MST), em Salvador, Lula disse que a carta da Organiza\u00e7\u00e3o das Na\u00e7\u00f5es Unidas (ONU) est\u00e1 sendo rasgada e criticou a proposta do presidente dos Estados Unidos, Donald Trump, de cria\u00e7\u00e3o de um Conselho de Paz. Para o presidente brasileiro, Trump quer criar uma nova ONU para ser o dono.<\/p>\n<p>\u201cEst\u00e1 prevalecendo a lei do mais forte, a carta da ONU est\u00e1 sendo rasgada e, em vez de a gente corrigir a ONU, que a gente reivindica desde que fui presidente em 2003, reforma da ONU com entrada de novos pa\u00edses [como membros permanentes no Conselho de Seguran\u00e7a], com a entrada de M\u00e9xico, do Brasil, de pa\u00edses africanos\u2026 E o que est\u00e1 acontecendo: o presidente Trump est\u00e1 fazendo uma proposta de criar uma nova ONU, em que ele sozinho \u00e9 o dono da ONU\u201d, afirmou Lula.<\/p>\n<p>O presidente dos Estados Unidos convidou Lula para compor conselho da Paz, que ser\u00e1 criado para supervisionar o trabalho de um Comit\u00ea Nacional para a Administra\u00e7\u00e3o de Gaza (NCAG, na sigla em ingl\u00eas).<\/p>\n<p>Lula disse ainda que est\u00e1 telefonando para v\u00e1rios l\u00edderes mundiais para discutir o tema, entre eles o presidente da China, Xi Jinping; da R\u00fassia, Vladimir Putin; o primeiro-ministro da \u00cdndia, Narendra Modi; e a presidenta do M\u00e9xico, Claudia Sheinbaum.<\/p>\n<p>\u201cEstou conversando para fazer com que seja poss\u00edvel a gente encontrar uma forma de se reunir e n\u00e3o permitir que o multilateralismo seja jogado para o ch\u00e3o e que predomine a for\u00e7a da arma, da intoler\u00e2ncia de qualquer pa\u00eds do mundo\u201d, pontuou.<\/p>\n<p>O presidente voltou a criticar a a\u00e7\u00e3o dos Estados Unidos na Venezuela, que resultou no sequestro do presidente Nicol\u00e1s Maduro e da deputada e primeira-dama, deputada Cilia Flores.<\/p>\n<p>\u201cEu fico toda a noite indignado com o que aconteceu na Venezuela. N\u00e3o consigo acreditar. O Maduro sabia que tinha 15 mil soldados americanos no mar do Caribe, ele sabia que todo dia tinha amea\u00e7a. Os caras entraram na Venezuela, entraram no forte e levaram o Maduro embora e ningu\u00e9m soube que o Maduro foi embora. Como \u00e9 poss\u00edvel a falta de respeito \u00e0 integridade territorial de um pa\u00eds? N\u00e3o existe isso na Am\u00e9rica no Sul. A Am\u00e9rica do sul \u00e9 um territ\u00f3rio de paz, a gente n\u00e3o tem bomba at\u00f4mica\u201d, disse.<\/p>\n<p>Citando os Estados Unidos, Cuba, a R\u00fassia e a China, como exemplos, Lula disse ainda que o Brasil n\u00e3o tem prefer\u00eancia de rela\u00e7\u00e3o com qualquer pa\u00eds, mas que n\u00e3o vai aceitar \u201cvoltar a ser col\u00f4nia para algu\u00e9m mandar na gente\u201d.<\/p>\n<p>O presidente tamb\u00e9m criticou a postura de Trump, que, segundo ele, toda vez que aparece na televis\u00e3o se gaba de ter o ex\u00e9rcito e as armas mais poderosas do mundo. Lula disse querer fazer pol\u00edtica na paz, no di\u00e1logo e n\u00e3o aceitando imposi\u00e7\u00e3o de qualquer pa\u00eds.<\/p>\n<p>\u201cEu n\u00e3o quero fazer guerra armada com os Estados Unidos, n\u00e3o quero fazer guerra armada com a R\u00fassia, nem com o Uruguai, nem com a Bol\u00edvia. Quero fazer guerra com o poder do convencimento, com argumento, com narrativas, mostrando que a democracia \u00e9 imbat\u00edvel; que a gente n\u00e3o quer se impor aos outros, mas compartilhar aquilo que a gente tem de bom\u201d, defendeu. \u201cN\u00e3o queremos mais Guerra Fria, n\u00e3o queremos mais Gaza\u201d, completou.<\/p>\n<p><strong>Encontro do MST<\/strong><br \/>\nO 14\u00ba Encontro Nacional do Movimento dos Trabalhadores Rurais Sem Terra (MST) terminou com um ato marcando os 42 anos do MST, celebrados no dia 22 de janeiro e que contou com a presen\u00e7a de autoridades, parlamentares, representantes de movimentos sociais e sindicais, al\u00e9m de apoiadores do movimento.<\/p>\n<p>O encontro, que come\u00e7ou na segunda-feira (19), reuniu delega\u00e7\u00f5es de todo o Brasil, com mais de 3 mil trabalhadores e trabalhadoras sem terra. Durante os cinco dias, membros do MST debateram reforma agr\u00e1ria, produ\u00e7\u00e3o de alimentos saud\u00e1veis, agroecologia, agricultura familiar, a conjuntura pol\u00edtica atual, seus desafios e o papel do movimento neste contexto.<\/p>\n<p>Ao final, uma carta do movimento foi entregue ao presidente. No texto, o MST tamb\u00e9m critica a tentativa de impedir o avan\u00e7o do multilateralismo e do imperialismo no continente, citando a invas\u00e3o da Venezuela e o ataque \u00e0 soberania dos povos. No documento, o movimento alerta que a\u00e7\u00f5es como essa t\u00eam como pano de fundo o \u201csaque\u201d de bens comuns da natureza como petr\u00f3leo, min\u00e9rios, terras raras, \u00e1guas e florestas.<\/p>\n<p>O texto reafirma ainda os princ\u00edpios do movimento: a luta pela reforma agr\u00e1ria e pelo socialismo; a cr\u00edtica ao modelo do agroneg\u00f3cio, da explora\u00e7\u00e3o mineral e energ\u00e9tica; a luta anti-imperialista e o internacionalismo; al\u00e9m da solidariedade, em especial com a Venezuela, Palestina, Haiti e Cuba.<\/p>\n<p>\u201cAssim convocamos toda a sociedade brasileira para: &#8211; lutar por melhores condi\u00e7\u00f5es de vida e trabalho e em defesa da paz e da soberania contra as guerras e as bases militares; avan\u00e7ar na luta em defesa da natureza e contra os agrot\u00f3xicos. Contamos com a participa\u00e7\u00e3o de todos e todas que nos apoiam e \u00e0 classe trabalhadora a se somarem na luta pela Reforma Agr\u00e1ria Popular, rumo \u00e0 constru\u00e7\u00e3o de outro projeto de pa\u00eds\u201d, finaliza o documento.<\/p>\n","protected":false},"excerpt":{"rendered":"<p>O presidente Luiz In\u00e1cio Lula da Silva disse nesta sexta-feira (23) que a pol\u00edtica mundial atravessa um momento cr\u00edtico, \u201ccom o multilateralismo sendo jogado fora pelo unilateralismo\u201d. Durante o encerramento do 14\u00ba Encontro Nacional do Movimento dos Trabalhadores Rurais Sem Terra (MST), em Salvador, Lula disse que a carta da Organiza\u00e7\u00e3o das Na\u00e7\u00f5es Unidas (ONU) [&hellip;]<\/p>\n","protected":false},"author":2,"featured_media":380264,"comment_status":"closed","ping_status":"closed","sticky":false,"template":"","format":"standard","meta":{"_acf_changed":false,"footnotes":""},"categories":[16],"tags":[95],"class_list":["post-380263","post","type-post","status-publish","format-standard","has-post-thumbnail","hentry","category-brasil","tag-capa"],"acf":[],"yoast_head":"<!-- This site is optimized with the Yoast SEO plugin v27.2 - https:\/\/yoast.com\/product\/yoast-seo-wordpress\/ -->\n<title>Lula v\u00ea mundo em risco com ideia de Trump de ter a sua pr\u00f3pria ONU - Notibras<\/title>\n<meta name=\"robots\" content=\"index, follow, max-snippet:-1, max-image-preview:large, max-video-preview:-1\" \/>\n<link rel=\"canonical\" href=\"https:\/\/www.notibras.com\/site\/lula-ve-mundo-em-risco-com-ideia-de-trump-de-ter-a-sua-propria-onu\/\" \/>\n<meta property=\"og:locale\" content=\"pt_BR\" \/>\n<meta property=\"og:type\" content=\"article\" \/>\n<meta property=\"og:title\" content=\"Lula v\u00ea mundo em risco com ideia de Trump de ter a sua pr\u00f3pria ONU - Notibras\" \/>\n<meta property=\"og:description\" content=\"O presidente Luiz In\u00e1cio Lula da Silva disse nesta sexta-feira (23) que a pol\u00edtica mundial atravessa um momento cr\u00edtico, \u201ccom o multilateralismo sendo jogado fora pelo unilateralismo\u201d. Durante o encerramento do 14\u00ba Encontro Nacional do Movimento dos Trabalhadores Rurais Sem Terra (MST), em Salvador, Lula disse que a carta da Organiza\u00e7\u00e3o das Na\u00e7\u00f5es Unidas (ONU) [&hellip;]\" \/>\n<meta property=\"og:url\" content=\"https:\/\/www.notibras.com\/site\/lula-ve-mundo-em-risco-com-ideia-de-trump-de-ter-a-sua-propria-onu\/\" \/>\n<meta property=\"og:site_name\" content=\"Notibras\" \/>\n<meta property=\"article:publisher\" content=\"https:\/\/www.facebook.com\/notibras\/\" \/>\n<meta property=\"article:published_time\" content=\"2026-01-24T03:02:40+00:00\" \/>\n<meta property=\"article:modified_time\" content=\"2026-01-24T09:08:05+00:00\" \/>\n<meta property=\"og:image\" content=\"https:\/\/www.notibras.com\/site\/wp-content\/uploads\/2026\/01\/55057701924_70ff941e0c_k.webp\" \/>\n\t<meta property=\"og:image:width\" content=\"1170\" \/>\n\t<meta property=\"og:image:height\" content=\"700\" \/>\n\t<meta property=\"og:image:type\" content=\"image\/webp\" \/>\n<meta name=\"author\" content=\"Reda\u00e7\u00e3o\" \/>\n<meta name=\"twitter:card\" content=\"summary_large_image\" \/>\n<meta name=\"twitter:creator\" content=\"@Notibras\" \/>\n<meta name=\"twitter:site\" content=\"@Notibras\" \/>\n<meta name=\"twitter:label1\" content=\"Escrito por\" \/>\n\t<meta name=\"twitter:data1\" content=\"Reda\u00e7\u00e3o\" \/>\n\t<meta name=\"twitter:label2\" content=\"Est. tempo de leitura\" \/>\n\t<meta name=\"twitter:data2\" content=\"6 minutos\" \/>\n<script type=\"application\/ld+json\" class=\"yoast-schema-graph\">{\"@context\":\"https:\/\/schema.org\",\"@graph\":[{\"@type\":\"Article\",\"@id\":\"https:\/\/www.notibras.com\/site\/lula-ve-mundo-em-risco-com-ideia-de-trump-de-ter-a-sua-propria-onu\/#article\",\"isPartOf\":{\"@id\":\"https:\/\/www.notibras.com\/site\/lula-ve-mundo-em-risco-com-ideia-de-trump-de-ter-a-sua-propria-onu\/\"},\"author\":{\"name\":\"Reda\u00e7\u00e3o\",\"@id\":\"https:\/\/www.notibras.com\/site\/#\/schema\/person\/36ab0979449956132d3e5b517ea76ac8\"},\"headline\":\"Lula v\u00ea mundo em risco com ideia de Trump de ter a sua pr\u00f3pria ONU\",\"datePublished\":\"2026-01-24T03:02:40+00:00\",\"dateModified\":\"2026-01-24T09:08:05+00:00\",\"mainEntityOfPage\":{\"@id\":\"https:\/\/www.notibras.com\/site\/lula-ve-mundo-em-risco-com-ideia-de-trump-de-ter-a-sua-propria-onu\/\"},\"wordCount\":952,\"publisher\":{\"@id\":\"https:\/\/www.notibras.com\/site\/#organization\"},\"image\":{\"@id\":\"https:\/\/www.notibras.com\/site\/lula-ve-mundo-em-risco-com-ideia-de-trump-de-ter-a-sua-propria-onu\/#primaryimage\"},\"thumbnailUrl\":\"https:\/\/www.notibras.com\/site\/wp-content\/uploads\/2026\/01\/55057701924_70ff941e0c_k.webp\",\"keywords\":[\"capa\"],\"articleSection\":[\"Brasil\"],\"inLanguage\":\"pt-BR\"},{\"@type\":\"WebPage\",\"@id\":\"https:\/\/www.notibras.com\/site\/lula-ve-mundo-em-risco-com-ideia-de-trump-de-ter-a-sua-propria-onu\/\",\"url\":\"https:\/\/www.notibras.com\/site\/lula-ve-mundo-em-risco-com-ideia-de-trump-de-ter-a-sua-propria-onu\/\",\"name\":\"Lula v\u00ea mundo em risco com ideia de Trump de ter a sua pr\u00f3pria ONU - Notibras\",\"isPartOf\":{\"@id\":\"https:\/\/www.notibras.com\/site\/#website\"},\"primaryImageOfPage\":{\"@id\":\"https:\/\/www.notibras.com\/site\/lula-ve-mundo-em-risco-com-ideia-de-trump-de-ter-a-sua-propria-onu\/#primaryimage\"},\"image\":{\"@id\":\"https:\/\/www.notibras.com\/site\/lula-ve-mundo-em-risco-com-ideia-de-trump-de-ter-a-sua-propria-onu\/#primaryimage\"},\"thumbnailUrl\":\"https:\/\/www.notibras.com\/site\/wp-content\/uploads\/2026\/01\/55057701924_70ff941e0c_k.webp\",\"datePublished\":\"2026-01-24T03:02:40+00:00\",\"dateModified\":\"2026-01-24T09:08:05+00:00\",\"breadcrumb\":{\"@id\":\"https:\/\/www.notibras.com\/site\/lula-ve-mundo-em-risco-com-ideia-de-trump-de-ter-a-sua-propria-onu\/#breadcrumb\"},\"inLanguage\":\"pt-BR\",\"potentialAction\":[{\"@type\":\"ReadAction\",\"target\":[\"https:\/\/www.notibras.com\/site\/lula-ve-mundo-em-risco-com-ideia-de-trump-de-ter-a-sua-propria-onu\/\"]}]},{\"@type\":\"ImageObject\",\"inLanguage\":\"pt-BR\",\"@id\":\"https:\/\/www.notibras.com\/site\/lula-ve-mundo-em-risco-com-ideia-de-trump-de-ter-a-sua-propria-onu\/#primaryimage\",\"url\":\"https:\/\/www.notibras.com\/site\/wp-content\/uploads\/2026\/01\/55057701924_70ff941e0c_k.webp\",\"contentUrl\":\"https:\/\/www.notibras.com\/site\/wp-content\/uploads\/2026\/01\/55057701924_70ff941e0c_k.webp\",\"width\":1170,\"height\":700},{\"@type\":\"BreadcrumbList\",\"@id\":\"https:\/\/www.notibras.com\/site\/lula-ve-mundo-em-risco-com-ideia-de-trump-de-ter-a-sua-propria-onu\/#breadcrumb\",\"itemListElement\":[{\"@type\":\"ListItem\",\"position\":1,\"name\":\"In\u00edcio\",\"item\":\"https:\/\/www.notibras.com\/site\/\"},{\"@type\":\"ListItem\",\"position\":2,\"name\":\"Lula v\u00ea mundo em risco com ideia de Trump de ter a sua pr\u00f3pria ONU\"}]},{\"@type\":\"WebSite\",\"@id\":\"https:\/\/www.notibras.com\/site\/#website\",\"url\":\"https:\/\/www.notibras.com\/site\/\",\"name\":\"Notibras\",\"description\":\"Not\u00edcias de Bras\u00edlia, do Brasil e do Mundo\",\"publisher\":{\"@id\":\"https:\/\/www.notibras.com\/site\/#organization\"},\"potentialAction\":[{\"@type\":\"SearchAction\",\"target\":{\"@type\":\"EntryPoint\",\"urlTemplate\":\"https:\/\/www.notibras.com\/site\/?s={search_term_string}\"},\"query-input\":{\"@type\":\"PropertyValueSpecification\",\"valueRequired\":true,\"valueName\":\"search_term_string\"}}],\"inLanguage\":\"pt-BR\"},{\"@type\":\"Organization\",\"@id\":\"https:\/\/www.notibras.com\/site\/#organization\",\"name\":\"Grupo Notibras de Comunica\u00e7\u00e3o\",\"url\":\"https:\/\/www.notibras.com\/site\/\",\"logo\":{\"@type\":\"ImageObject\",\"inLanguage\":\"pt-BR\",\"@id\":\"https:\/\/www.notibras.com\/site\/#\/schema\/logo\/image\/\",\"url\":\"https:\/\/www.notibras.com\/site\/wp-content\/uploads\/2023\/01\/notibras23.png\",\"contentUrl\":\"https:\/\/www.notibras.com\/site\/wp-content\/uploads\/2023\/01\/notibras23.png\",\"width\":350,\"height\":87,\"caption\":\"Grupo Notibras de Comunica\u00e7\u00e3o\"},\"image\":{\"@id\":\"https:\/\/www.notibras.com\/site\/#\/schema\/logo\/image\/\"},\"sameAs\":[\"https:\/\/www.facebook.com\/notibras\/\",\"https:\/\/x.com\/Notibras\",\"https:\/\/www.instagram.com\/notibras\/\"]},{\"@type\":\"Person\",\"@id\":\"https:\/\/www.notibras.com\/site\/#\/schema\/person\/36ab0979449956132d3e5b517ea76ac8\",\"name\":\"Reda\u00e7\u00e3o\",\"image\":{\"@type\":\"ImageObject\",\"inLanguage\":\"pt-BR\",\"@id\":\"https:\/\/secure.gravatar.com\/avatar\/e0a867bdedb85fd243eadf09663511f96fc81e0720a4a42581f334ad4303aa6b?s=96&d=mm&r=g\",\"url\":\"https:\/\/secure.gravatar.com\/avatar\/e0a867bdedb85fd243eadf09663511f96fc81e0720a4a42581f334ad4303aa6b?s=96&d=mm&r=g\",\"contentUrl\":\"https:\/\/secure.gravatar.com\/avatar\/e0a867bdedb85fd243eadf09663511f96fc81e0720a4a42581f334ad4303aa6b?s=96&d=mm&r=g\",\"caption\":\"Reda\u00e7\u00e3o\"}}]}<\/script>\n<!-- \/ Yoast SEO plugin. -->","yoast_head_json":{"title":"Lula v\u00ea mundo em risco com ideia de Trump de ter a sua pr\u00f3pria ONU - Notibras","robots":{"index":"index","follow":"follow","max-snippet":"max-snippet:-1","max-image-preview":"max-image-preview:large","max-video-preview":"max-video-preview:-1"},"canonical":"https:\/\/www.notibras.com\/site\/lula-ve-mundo-em-risco-com-ideia-de-trump-de-ter-a-sua-propria-onu\/","og_locale":"pt_BR","og_type":"article","og_title":"Lula v\u00ea mundo em risco com ideia de Trump de ter a sua pr\u00f3pria ONU - Notibras","og_description":"O presidente Luiz In\u00e1cio Lula da Silva disse nesta sexta-feira (23) que a pol\u00edtica mundial atravessa um momento cr\u00edtico, \u201ccom o multilateralismo sendo jogado fora pelo unilateralismo\u201d. Durante o encerramento do 14\u00ba Encontro Nacional do Movimento dos Trabalhadores Rurais Sem Terra (MST), em Salvador, Lula disse que a carta da Organiza\u00e7\u00e3o das Na\u00e7\u00f5es Unidas (ONU) [&hellip;]","og_url":"https:\/\/www.notibras.com\/site\/lula-ve-mundo-em-risco-com-ideia-de-trump-de-ter-a-sua-propria-onu\/","og_site_name":"Notibras","article_publisher":"https:\/\/www.facebook.com\/notibras\/","article_published_time":"2026-01-24T03:02:40+00:00","article_modified_time":"2026-01-24T09:08:05+00:00","og_image":[{"width":1170,"height":700,"url":"https:\/\/www.notibras.com\/site\/wp-content\/uploads\/2026\/01\/55057701924_70ff941e0c_k.webp","type":"image\/webp"}],"author":"Reda\u00e7\u00e3o","twitter_card":"summary_large_image","twitter_creator":"@Notibras","twitter_site":"@Notibras","twitter_misc":{"Escrito por":"Reda\u00e7\u00e3o","Est. tempo de leitura":"6 minutos"},"schema":{"@context":"https:\/\/schema.org","@graph":[{"@type":"Article","@id":"https:\/\/www.notibras.com\/site\/lula-ve-mundo-em-risco-com-ideia-de-trump-de-ter-a-sua-propria-onu\/#article","isPartOf":{"@id":"https:\/\/www.notibras.com\/site\/lula-ve-mundo-em-risco-com-ideia-de-trump-de-ter-a-sua-propria-onu\/"},"author":{"name":"Reda\u00e7\u00e3o","@id":"https:\/\/www.notibras.com\/site\/#\/schema\/person\/36ab0979449956132d3e5b517ea76ac8"},"headline":"Lula v\u00ea mundo em risco com ideia de Trump de ter a sua pr\u00f3pria ONU","datePublished":"2026-01-24T03:02:40+00:00","dateModified":"2026-01-24T09:08:05+00:00","mainEntityOfPage":{"@id":"https:\/\/www.notibras.com\/site\/lula-ve-mundo-em-risco-com-ideia-de-trump-de-ter-a-sua-propria-onu\/"},"wordCount":952,"publisher":{"@id":"https:\/\/www.notibras.com\/site\/#organization"},"image":{"@id":"https:\/\/www.notibras.com\/site\/lula-ve-mundo-em-risco-com-ideia-de-trump-de-ter-a-sua-propria-onu\/#primaryimage"},"thumbnailUrl":"https:\/\/www.notibras.com\/site\/wp-content\/uploads\/2026\/01\/55057701924_70ff941e0c_k.webp","keywords":["capa"],"articleSection":["Brasil"],"inLanguage":"pt-BR"},{"@type":"WebPage","@id":"https:\/\/www.notibras.com\/site\/lula-ve-mundo-em-risco-com-ideia-de-trump-de-ter-a-sua-propria-onu\/","url":"https:\/\/www.notibras.com\/site\/lula-ve-mundo-em-risco-com-ideia-de-trump-de-ter-a-sua-propria-onu\/","name":"Lula v\u00ea mundo em risco com ideia de Trump de ter a sua pr\u00f3pria ONU - Notibras","isPartOf":{"@id":"https:\/\/www.notibras.com\/site\/#website"},"primaryImageOfPage":{"@id":"https:\/\/www.notibras.com\/site\/lula-ve-mundo-em-risco-com-ideia-de-trump-de-ter-a-sua-propria-onu\/#primaryimage"},"image":{"@id":"https:\/\/www.notibras.com\/site\/lula-ve-mundo-em-risco-com-ideia-de-trump-de-ter-a-sua-propria-onu\/#primaryimage"},"thumbnailUrl":"https:\/\/www.notibras.com\/site\/wp-content\/uploads\/2026\/01\/55057701924_70ff941e0c_k.webp","datePublished":"2026-01-24T03:02:40+00:00","dateModified":"2026-01-24T09:08:05+00:00","breadcrumb":{"@id":"https:\/\/www.notibras.com\/site\/lula-ve-mundo-em-risco-com-ideia-de-trump-de-ter-a-sua-propria-onu\/#breadcrumb"},"inLanguage":"pt-BR","potentialAction":[{"@type":"ReadAction","target":["https:\/\/www.notibras.com\/site\/lula-ve-mundo-em-risco-com-ideia-de-trump-de-ter-a-sua-propria-onu\/"]}]},{"@type":"ImageObject","inLanguage":"pt-BR","@id":"https:\/\/www.notibras.com\/site\/lula-ve-mundo-em-risco-com-ideia-de-trump-de-ter-a-sua-propria-onu\/#primaryimage","url":"https:\/\/www.notibras.com\/site\/wp-content\/uploads\/2026\/01\/55057701924_70ff941e0c_k.webp","contentUrl":"https:\/\/www.notibras.com\/site\/wp-content\/uploads\/2026\/01\/55057701924_70ff941e0c_k.webp","width":1170,"height":700},{"@type":"BreadcrumbList","@id":"https:\/\/www.notibras.com\/site\/lula-ve-mundo-em-risco-com-ideia-de-trump-de-ter-a-sua-propria-onu\/#breadcrumb","itemListElement":[{"@type":"ListItem","position":1,"name":"In\u00edcio","item":"https:\/\/www.notibras.com\/site\/"},{"@type":"ListItem","position":2,"name":"Lula v\u00ea mundo em risco com ideia de Trump de ter a sua pr\u00f3pria ONU"}]},{"@type":"WebSite","@id":"https:\/\/www.notibras.com\/site\/#website","url":"https:\/\/www.notibras.com\/site\/","name":"Notibras","description":"Not\u00edcias de Bras\u00edlia, do Brasil e do Mundo","publisher":{"@id":"https:\/\/www.notibras.com\/site\/#organization"},"potentialAction":[{"@type":"SearchAction","target":{"@type":"EntryPoint","urlTemplate":"https:\/\/www.notibras.com\/site\/?s={search_term_string}"},"query-input":{"@type":"PropertyValueSpecification","valueRequired":true,"valueName":"search_term_string"}}],"inLanguage":"pt-BR"},{"@type":"Organization","@id":"https:\/\/www.notibras.com\/site\/#organization","name":"Grupo Notibras de Comunica\u00e7\u00e3o","url":"https:\/\/www.notibras.com\/site\/","logo":{"@type":"ImageObject","inLanguage":"pt-BR","@id":"https:\/\/www.notibras.com\/site\/#\/schema\/logo\/image\/","url":"https:\/\/www.notibras.com\/site\/wp-content\/uploads\/2023\/01\/notibras23.png","contentUrl":"https:\/\/www.notibras.com\/site\/wp-content\/uploads\/2023\/01\/notibras23.png","width":350,"height":87,"caption":"Grupo Notibras de Comunica\u00e7\u00e3o"},"image":{"@id":"https:\/\/www.notibras.com\/site\/#\/schema\/logo\/image\/"},"sameAs":["https:\/\/www.facebook.com\/notibras\/","https:\/\/x.com\/Notibras","https:\/\/www.instagram.com\/notibras\/"]},{"@type":"Person","@id":"https:\/\/www.notibras.com\/site\/#\/schema\/person\/36ab0979449956132d3e5b517ea76ac8","name":"Reda\u00e7\u00e3o","image":{"@type":"ImageObject","inLanguage":"pt-BR","@id":"https:\/\/secure.gravatar.com\/avatar\/e0a867bdedb85fd243eadf09663511f96fc81e0720a4a42581f334ad4303aa6b?s=96&d=mm&r=g","url":"https:\/\/secure.gravatar.com\/avatar\/e0a867bdedb85fd243eadf09663511f96fc81e0720a4a42581f334ad4303aa6b?s=96&d=mm&r=g","contentUrl":"https:\/\/secure.gravatar.com\/avatar\/e0a867bdedb85fd243eadf09663511f96fc81e0720a4a42581f334ad4303aa6b?s=96&d=mm&r=g","caption":"Reda\u00e7\u00e3o"}}]}},"amp_enabled":true,"_links":{"self":[{"href":"https:\/\/www.notibras.com\/site\/wp-json\/wp\/v2\/posts\/380263","targetHints":{"allow":["GET"]}}],"collection":[{"href":"https:\/\/www.notibras.com\/site\/wp-json\/wp\/v2\/posts"}],"about":[{"href":"https:\/\/www.notibras.com\/site\/wp-json\/wp\/v2\/types\/post"}],"author":[{"embeddable":true,"href":"https:\/\/www.notibras.com\/site\/wp-json\/wp\/v2\/users\/2"}],"replies":[{"embeddable":true,"href":"https:\/\/www.notibras.com\/site\/wp-json\/wp\/v2\/comments?post=380263"}],"version-history":[{"count":3,"href":"https:\/\/www.notibras.com\/site\/wp-json\/wp\/v2\/posts\/380263\/revisions"}],"predecessor-version":[{"id":380267,"href":"https:\/\/www.notibras.com\/site\/wp-json\/wp\/v2\/posts\/380263\/revisions\/380267"}],"wp:featuredmedia":[{"embeddable":true,"href":"https:\/\/www.notibras.com\/site\/wp-json\/wp\/v2\/media\/380264"}],"wp:attachment":[{"href":"https:\/\/www.notibras.com\/site\/wp-json\/wp\/v2\/media?parent=380263"}],"wp:term":[{"taxonomy":"category","embeddable":true,"href":"https:\/\/www.notibras.com\/site\/wp-json\/wp\/v2\/categories?post=380263"},{"taxonomy":"post_tag","embeddable":true,"href":"https:\/\/www.notibras.com\/site\/wp-json\/wp\/v2\/tags?post=380263"}],"curies":[{"name":"wp","href":"https:\/\/api.w.org\/{rel}","templated":true}]}}