{"id":380268,"date":"2026-01-24T00:02:46","date_gmt":"2026-01-24T03:02:46","guid":{"rendered":"https:\/\/www.notibras.com\/site\/?p=380268"},"modified":"2026-01-24T06:14:40","modified_gmt":"2026-01-24T09:14:40","slug":"justica-decreta-intervencao-na-cidade-de-turilandia","status":"publish","type":"post","link":"https:\/\/www.notibras.com\/site\/justica-decreta-intervencao-na-cidade-de-turilandia\/","title":{"rendered":"Justi\u00e7a decreta interven\u00e7\u00e3o na cidade de Turil\u00e2ndia"},"content":{"rendered":"<p>O Tribunal de Justi\u00e7a do Maranh\u00e3o decretou nesta sexta-feira (23) interven\u00e7\u00e3o no munic\u00edpio de Turil\u00e2ndia, localizado a a 157 quil\u00f4metros (km) da capital do estado, S\u00e3o Lu\u00eds. A interven\u00e7\u00e3o ser\u00e1 pelo prazo de 180 dias, podendo ser prorrogada, mediante nova delibera\u00e7\u00e3o colegiada.<\/p>\n<p>O prefeito do munic\u00edpio, Jos\u00e9 Paulo Dantas Silva Neto, conhecido como Paulo Curi\u00f3; sua esposa, Eva Maria Cutrim Dantas, a Eva Curi\u00f3; a vice-prefeita T\u00e2nya Karla e a ex-vice-prefeita de Jana\u00edna Soares Lima foram denunciados por um esquema de desvio de recursos que causou danos de mais de R$ 56 milh\u00f5es aos cofres do munic\u00edpio maranhense.<\/p>\n<p>Caber\u00e1 ao governador do Maranh\u00e3o, Carlos Brand\u00e3o, nomear o interventor no prazo de at\u00e9 15 dias, por meio de decreto contendo, entre outros pontos, o per\u00edodo de interven\u00e7\u00e3o e a extens\u00e3o dos atos administrativos alcan\u00e7ados.<\/p>\n<p>De acordo com a decis\u00e3o, a interven\u00e7\u00e3o se restringe ao Poder Executivo municipal. As fun\u00e7\u00f5es legislativas permanecem com a C\u00e2mara Municipal. Caber\u00e1 ao interventor apresentar relat\u00f3rio circunstanciado em at\u00e9 90 dias, com diagn\u00f3stico da gest\u00e3o e provid\u00eancias adotadas. O tribunal tamb\u00e9m determinou a realiza\u00e7\u00e3o de auditoria nas contas do munic\u00edpio.<\/p>\n<p>Os investigados foram presos durante a Opera\u00e7\u00e3o T\u00e2ntalo II, realizada em 22 de dezembro do ano passado. Paulo Curi\u00f3 e T\u00e2nya Karla foram afastados das fun\u00e7\u00f5es e tiveram pris\u00e3o preventiva decretada.<\/p>\n<p>Com isso, o comando do munic\u00edpio ficou, desde o dia 26, a cargo do presidente da C\u00e2mara Municipal, Jos\u00e9 Lu\u00eds Ara\u00fajo Diniz, o Pelego, tamb\u00e9m investigado no esquema e que cumpre pris\u00e3o domiciliar com outros cinco vereadores de Turil\u00e2ndia.<\/p>\n<p>Pela decis\u00e3o judicial, Ara\u00fajo e mais dez vereadores investigados, que tamb\u00e9m cumprem pris\u00e3o domiciliar, ficaram autorizados a sair de casa apenas para participar de sess\u00f5es da C\u00e2mara Municipal previamente marcadas.<\/p>\n<p>O esquema que causou danos aos cofres de Turil\u00e2ndia, munic\u00edpio com pouco mais de 31 mil habitantes e localizado na Baixada Maranhense, come\u00e7ou em 2021 e ocorria por meio da \u201cvenda\u201d de notas fiscais por empresas que venciam licita\u00e7\u00f5es simuladas, entre elas postos de combust\u00edvel.<\/p>\n<p>O Minist\u00e9rio P\u00fablico (MP) estimou o dano total em R$ 56.328.937,59. O prefeito e pessoas pr\u00f3ximas a ele recebiam de 82% a 90% dos valores pagos pela prefeitura de Turil\u00e2ndia. A diferen\u00e7a ficava com os empres\u00e1rios que forneciam as notas fiscais fraudulentas.<\/p>\n<p>As investiga\u00e7\u00f5es envolvem as empresas Posto Turi, SP Freitas J\u00fanior LTDA, Luminer e Servi\u00e7os LTDA, MR Costa LTDA, AB Ferreira LTDA, Climatech Refrigera\u00e7\u00e3o e Servi\u00e7os Ltda, JEC Empreendimentos, Potencial Empreendimentos e Cia Ltda, WJ Barros Consultoria Cont\u00e1bil e Agromais Pecu\u00e1ria e Piscicultura LTDA, al\u00e9m de outras pessoas f\u00edsicas e jur\u00eddicas, servidores p\u00fablicos e particulares.<\/p>\n<p>O Minist\u00e9rio P\u00fablico destacou que houve compras superfaturadas de combust\u00edvel para a frota de dez ve\u00edculos da prefeitura: um caminh\u00e3o, tr\u00eas micro-\u00f4nibus, uma motocicleta, um ve\u00edculo comum para uso de ambul\u00e2ncia, dois ve\u00edculos comuns para uso em transporte escolar e dois ve\u00edculos de passeio. Somente em 2022, a prefeitura pagou por 150.250 litros de gasolina e 172.462 litros de \u00f3leo diesel comum, combust\u00edvel indicado para ve\u00edculos mais antigos.<\/p>\n<p>An\u00e1lise do MP mostrou que, com o volume de diesel pago, os seis ve\u00edculos da prefeitura que utilizam o combust\u00edvel conseguiriam percorrer 1.207.234 km por ano. O suposto deslocamento corresponde \u00e0 m\u00e9dia de cerca de 791 km por dia, aproximadamente a dist\u00e2ncia existente entre Turil\u00e2ndia e Jericoacoara, no litoral cearense.<\/p>\n<p>O MP justificou o pedido de interven\u00e7\u00e3o com base no grave comprometimento da ordem p\u00fablica no munic\u00edpio e considerando a insufici\u00eancia das medidas judiciais anteriormente estabelecidas, como pris\u00e3o preventiva, pris\u00e3o domiciliar, afastamento do cargo p\u00fablico, suspens\u00e3o dos pagamentos \u00e0s empresas utilizadas no esquema e busca e apreens\u00e3o de provas e produtos dos crimes.<\/p>\n<p>\u201cDurante a deflagra\u00e7\u00e3o da Opera\u00e7\u00e3o T\u00e2ntalo II, destinada ao cumprimento de mandados judiciais de busca e apreens\u00e3o e de pris\u00e3o, foram apreendidos mais de dois milh\u00f5es de reais em esp\u00e9cie na resid\u00eancia de um dos investigados. Tal fato confirma a plena atividade da organiza\u00e7\u00e3o criminosa, a tranquilidade dos envolvidos na reitera\u00e7\u00e3o de seus atos il\u00edcitos e revela uma verdadeira afronta ao Poder Judici\u00e1rio do Maranh\u00e3o, ao esfor\u00e7o do Minist\u00e9rio P\u00fablico e \u00e0 sociedade turilandense\u201d, destacou o Minist\u00e9rio P\u00fablico.<\/p>\n","protected":false},"excerpt":{"rendered":"<p>O Tribunal de Justi\u00e7a do Maranh\u00e3o decretou nesta sexta-feira (23) interven\u00e7\u00e3o no munic\u00edpio de Turil\u00e2ndia, localizado a a 157 quil\u00f4metros (km) da capital do estado, S\u00e3o Lu\u00eds. A interven\u00e7\u00e3o ser\u00e1 pelo prazo de 180 dias, podendo ser prorrogada, mediante nova delibera\u00e7\u00e3o colegiada. O prefeito do munic\u00edpio, Jos\u00e9 Paulo Dantas Silva Neto, conhecido como Paulo Curi\u00f3; [&hellip;]<\/p>\n","protected":false},"author":2,"featured_media":380269,"comment_status":"closed","ping_status":"closed","sticky":false,"template":"","format":"standard","meta":{"_acf_changed":false,"footnotes":""},"categories":[165],"tags":[],"class_list":["post-380268","post","type-post","status-publish","format-standard","has-post-thumbnail","hentry","category-nordeste"],"acf":[],"yoast_head":"<!-- This site is optimized with the Yoast SEO plugin v27.2 - https:\/\/yoast.com\/product\/yoast-seo-wordpress\/ -->\n<title>Justi\u00e7a decreta interven\u00e7\u00e3o na cidade de Turil\u00e2ndia - Notibras<\/title>\n<meta name=\"robots\" content=\"index, follow, max-snippet:-1, max-image-preview:large, max-video-preview:-1\" \/>\n<link rel=\"canonical\" href=\"https:\/\/www.notibras.com\/site\/justica-decreta-intervencao-na-cidade-de-turilandia\/\" \/>\n<meta property=\"og:locale\" content=\"pt_BR\" \/>\n<meta property=\"og:type\" content=\"article\" \/>\n<meta property=\"og:title\" content=\"Justi\u00e7a decreta interven\u00e7\u00e3o na cidade de Turil\u00e2ndia - Notibras\" \/>\n<meta property=\"og:description\" content=\"O Tribunal de Justi\u00e7a do Maranh\u00e3o decretou nesta sexta-feira (23) interven\u00e7\u00e3o no munic\u00edpio de Turil\u00e2ndia, localizado a a 157 quil\u00f4metros (km) da capital do estado, S\u00e3o Lu\u00eds. A interven\u00e7\u00e3o ser\u00e1 pelo prazo de 180 dias, podendo ser prorrogada, mediante nova delibera\u00e7\u00e3o colegiada. O prefeito do munic\u00edpio, Jos\u00e9 Paulo Dantas Silva Neto, conhecido como Paulo Curi\u00f3; [&hellip;]\" \/>\n<meta property=\"og:url\" content=\"https:\/\/www.notibras.com\/site\/justica-decreta-intervencao-na-cidade-de-turilandia\/\" \/>\n<meta property=\"og:site_name\" content=\"Notibras\" \/>\n<meta property=\"article:publisher\" content=\"https:\/\/www.facebook.com\/notibras\/\" \/>\n<meta property=\"article:published_time\" content=\"2026-01-24T03:02:46+00:00\" \/>\n<meta property=\"article:modified_time\" content=\"2026-01-24T09:14:40+00:00\" \/>\n<meta property=\"og:image\" content=\"https:\/\/www.notibras.com\/site\/wp-content\/uploads\/2026\/01\/julgamento_de_pedido_de_intervencao_em_turilandia_23_01_2026_13_18_33.webp\" \/>\n\t<meta property=\"og:image:width\" content=\"1170\" \/>\n\t<meta property=\"og:image:height\" content=\"700\" \/>\n\t<meta property=\"og:image:type\" content=\"image\/webp\" \/>\n<meta name=\"author\" content=\"Reda\u00e7\u00e3o\" \/>\n<meta name=\"twitter:card\" content=\"summary_large_image\" \/>\n<meta name=\"twitter:creator\" content=\"@Notibras\" \/>\n<meta name=\"twitter:site\" content=\"@Notibras\" \/>\n<meta name=\"twitter:label1\" content=\"Escrito por\" \/>\n\t<meta name=\"twitter:data1\" content=\"Reda\u00e7\u00e3o\" \/>\n\t<meta name=\"twitter:label2\" content=\"Est. tempo de leitura\" \/>\n\t<meta name=\"twitter:data2\" content=\"4 minutos\" \/>\n<script type=\"application\/ld+json\" class=\"yoast-schema-graph\">{\"@context\":\"https:\/\/schema.org\",\"@graph\":[{\"@type\":\"Article\",\"@id\":\"https:\/\/www.notibras.com\/site\/justica-decreta-intervencao-na-cidade-de-turilandia\/#article\",\"isPartOf\":{\"@id\":\"https:\/\/www.notibras.com\/site\/justica-decreta-intervencao-na-cidade-de-turilandia\/\"},\"author\":{\"name\":\"Reda\u00e7\u00e3o\",\"@id\":\"https:\/\/www.notibras.com\/site\/#\/schema\/person\/36ab0979449956132d3e5b517ea76ac8\"},\"headline\":\"Justi\u00e7a decreta interven\u00e7\u00e3o na cidade de Turil\u00e2ndia\",\"datePublished\":\"2026-01-24T03:02:46+00:00\",\"dateModified\":\"2026-01-24T09:14:40+00:00\",\"mainEntityOfPage\":{\"@id\":\"https:\/\/www.notibras.com\/site\/justica-decreta-intervencao-na-cidade-de-turilandia\/\"},\"wordCount\":781,\"publisher\":{\"@id\":\"https:\/\/www.notibras.com\/site\/#organization\"},\"image\":{\"@id\":\"https:\/\/www.notibras.com\/site\/justica-decreta-intervencao-na-cidade-de-turilandia\/#primaryimage\"},\"thumbnailUrl\":\"https:\/\/www.notibras.com\/site\/wp-content\/uploads\/2026\/01\/julgamento_de_pedido_de_intervencao_em_turilandia_23_01_2026_13_18_33.webp\",\"articleSection\":[\"Nordeste\"],\"inLanguage\":\"pt-BR\"},{\"@type\":\"WebPage\",\"@id\":\"https:\/\/www.notibras.com\/site\/justica-decreta-intervencao-na-cidade-de-turilandia\/\",\"url\":\"https:\/\/www.notibras.com\/site\/justica-decreta-intervencao-na-cidade-de-turilandia\/\",\"name\":\"Justi\u00e7a decreta interven\u00e7\u00e3o na cidade de Turil\u00e2ndia - Notibras\",\"isPartOf\":{\"@id\":\"https:\/\/www.notibras.com\/site\/#website\"},\"primaryImageOfPage\":{\"@id\":\"https:\/\/www.notibras.com\/site\/justica-decreta-intervencao-na-cidade-de-turilandia\/#primaryimage\"},\"image\":{\"@id\":\"https:\/\/www.notibras.com\/site\/justica-decreta-intervencao-na-cidade-de-turilandia\/#primaryimage\"},\"thumbnailUrl\":\"https:\/\/www.notibras.com\/site\/wp-content\/uploads\/2026\/01\/julgamento_de_pedido_de_intervencao_em_turilandia_23_01_2026_13_18_33.webp\",\"datePublished\":\"2026-01-24T03:02:46+00:00\",\"dateModified\":\"2026-01-24T09:14:40+00:00\",\"breadcrumb\":{\"@id\":\"https:\/\/www.notibras.com\/site\/justica-decreta-intervencao-na-cidade-de-turilandia\/#breadcrumb\"},\"inLanguage\":\"pt-BR\",\"potentialAction\":[{\"@type\":\"ReadAction\",\"target\":[\"https:\/\/www.notibras.com\/site\/justica-decreta-intervencao-na-cidade-de-turilandia\/\"]}]},{\"@type\":\"ImageObject\",\"inLanguage\":\"pt-BR\",\"@id\":\"https:\/\/www.notibras.com\/site\/justica-decreta-intervencao-na-cidade-de-turilandia\/#primaryimage\",\"url\":\"https:\/\/www.notibras.com\/site\/wp-content\/uploads\/2026\/01\/julgamento_de_pedido_de_intervencao_em_turilandia_23_01_2026_13_18_33.webp\",\"contentUrl\":\"https:\/\/www.notibras.com\/site\/wp-content\/uploads\/2026\/01\/julgamento_de_pedido_de_intervencao_em_turilandia_23_01_2026_13_18_33.webp\",\"width\":1170,\"height\":700},{\"@type\":\"BreadcrumbList\",\"@id\":\"https:\/\/www.notibras.com\/site\/justica-decreta-intervencao-na-cidade-de-turilandia\/#breadcrumb\",\"itemListElement\":[{\"@type\":\"ListItem\",\"position\":1,\"name\":\"In\u00edcio\",\"item\":\"https:\/\/www.notibras.com\/site\/\"},{\"@type\":\"ListItem\",\"position\":2,\"name\":\"Justi\u00e7a decreta interven\u00e7\u00e3o na cidade de Turil\u00e2ndia\"}]},{\"@type\":\"WebSite\",\"@id\":\"https:\/\/www.notibras.com\/site\/#website\",\"url\":\"https:\/\/www.notibras.com\/site\/\",\"name\":\"Notibras\",\"description\":\"Not\u00edcias de Bras\u00edlia, do Brasil e do Mundo\",\"publisher\":{\"@id\":\"https:\/\/www.notibras.com\/site\/#organization\"},\"potentialAction\":[{\"@type\":\"SearchAction\",\"target\":{\"@type\":\"EntryPoint\",\"urlTemplate\":\"https:\/\/www.notibras.com\/site\/?s={search_term_string}\"},\"query-input\":{\"@type\":\"PropertyValueSpecification\",\"valueRequired\":true,\"valueName\":\"search_term_string\"}}],\"inLanguage\":\"pt-BR\"},{\"@type\":\"Organization\",\"@id\":\"https:\/\/www.notibras.com\/site\/#organization\",\"name\":\"Grupo Notibras de Comunica\u00e7\u00e3o\",\"url\":\"https:\/\/www.notibras.com\/site\/\",\"logo\":{\"@type\":\"ImageObject\",\"inLanguage\":\"pt-BR\",\"@id\":\"https:\/\/www.notibras.com\/site\/#\/schema\/logo\/image\/\",\"url\":\"https:\/\/www.notibras.com\/site\/wp-content\/uploads\/2023\/01\/notibras23.png\",\"contentUrl\":\"https:\/\/www.notibras.com\/site\/wp-content\/uploads\/2023\/01\/notibras23.png\",\"width\":350,\"height\":87,\"caption\":\"Grupo Notibras de Comunica\u00e7\u00e3o\"},\"image\":{\"@id\":\"https:\/\/www.notibras.com\/site\/#\/schema\/logo\/image\/\"},\"sameAs\":[\"https:\/\/www.facebook.com\/notibras\/\",\"https:\/\/x.com\/Notibras\",\"https:\/\/www.instagram.com\/notibras\/\"]},{\"@type\":\"Person\",\"@id\":\"https:\/\/www.notibras.com\/site\/#\/schema\/person\/36ab0979449956132d3e5b517ea76ac8\",\"name\":\"Reda\u00e7\u00e3o\",\"image\":{\"@type\":\"ImageObject\",\"inLanguage\":\"pt-BR\",\"@id\":\"https:\/\/secure.gravatar.com\/avatar\/e0a867bdedb85fd243eadf09663511f96fc81e0720a4a42581f334ad4303aa6b?s=96&d=mm&r=g\",\"url\":\"https:\/\/secure.gravatar.com\/avatar\/e0a867bdedb85fd243eadf09663511f96fc81e0720a4a42581f334ad4303aa6b?s=96&d=mm&r=g\",\"contentUrl\":\"https:\/\/secure.gravatar.com\/avatar\/e0a867bdedb85fd243eadf09663511f96fc81e0720a4a42581f334ad4303aa6b?s=96&d=mm&r=g\",\"caption\":\"Reda\u00e7\u00e3o\"}}]}<\/script>\n<!-- \/ Yoast SEO plugin. -->","yoast_head_json":{"title":"Justi\u00e7a decreta interven\u00e7\u00e3o na cidade de Turil\u00e2ndia - Notibras","robots":{"index":"index","follow":"follow","max-snippet":"max-snippet:-1","max-image-preview":"max-image-preview:large","max-video-preview":"max-video-preview:-1"},"canonical":"https:\/\/www.notibras.com\/site\/justica-decreta-intervencao-na-cidade-de-turilandia\/","og_locale":"pt_BR","og_type":"article","og_title":"Justi\u00e7a decreta interven\u00e7\u00e3o na cidade de Turil\u00e2ndia - Notibras","og_description":"O Tribunal de Justi\u00e7a do Maranh\u00e3o decretou nesta sexta-feira (23) interven\u00e7\u00e3o no munic\u00edpio de Turil\u00e2ndia, localizado a a 157 quil\u00f4metros (km) da capital do estado, S\u00e3o Lu\u00eds. A interven\u00e7\u00e3o ser\u00e1 pelo prazo de 180 dias, podendo ser prorrogada, mediante nova delibera\u00e7\u00e3o colegiada. O prefeito do munic\u00edpio, Jos\u00e9 Paulo Dantas Silva Neto, conhecido como Paulo Curi\u00f3; [&hellip;]","og_url":"https:\/\/www.notibras.com\/site\/justica-decreta-intervencao-na-cidade-de-turilandia\/","og_site_name":"Notibras","article_publisher":"https:\/\/www.facebook.com\/notibras\/","article_published_time":"2026-01-24T03:02:46+00:00","article_modified_time":"2026-01-24T09:14:40+00:00","og_image":[{"width":1170,"height":700,"url":"https:\/\/www.notibras.com\/site\/wp-content\/uploads\/2026\/01\/julgamento_de_pedido_de_intervencao_em_turilandia_23_01_2026_13_18_33.webp","type":"image\/webp"}],"author":"Reda\u00e7\u00e3o","twitter_card":"summary_large_image","twitter_creator":"@Notibras","twitter_site":"@Notibras","twitter_misc":{"Escrito por":"Reda\u00e7\u00e3o","Est. tempo de leitura":"4 minutos"},"schema":{"@context":"https:\/\/schema.org","@graph":[{"@type":"Article","@id":"https:\/\/www.notibras.com\/site\/justica-decreta-intervencao-na-cidade-de-turilandia\/#article","isPartOf":{"@id":"https:\/\/www.notibras.com\/site\/justica-decreta-intervencao-na-cidade-de-turilandia\/"},"author":{"name":"Reda\u00e7\u00e3o","@id":"https:\/\/www.notibras.com\/site\/#\/schema\/person\/36ab0979449956132d3e5b517ea76ac8"},"headline":"Justi\u00e7a decreta interven\u00e7\u00e3o na cidade de Turil\u00e2ndia","datePublished":"2026-01-24T03:02:46+00:00","dateModified":"2026-01-24T09:14:40+00:00","mainEntityOfPage":{"@id":"https:\/\/www.notibras.com\/site\/justica-decreta-intervencao-na-cidade-de-turilandia\/"},"wordCount":781,"publisher":{"@id":"https:\/\/www.notibras.com\/site\/#organization"},"image":{"@id":"https:\/\/www.notibras.com\/site\/justica-decreta-intervencao-na-cidade-de-turilandia\/#primaryimage"},"thumbnailUrl":"https:\/\/www.notibras.com\/site\/wp-content\/uploads\/2026\/01\/julgamento_de_pedido_de_intervencao_em_turilandia_23_01_2026_13_18_33.webp","articleSection":["Nordeste"],"inLanguage":"pt-BR"},{"@type":"WebPage","@id":"https:\/\/www.notibras.com\/site\/justica-decreta-intervencao-na-cidade-de-turilandia\/","url":"https:\/\/www.notibras.com\/site\/justica-decreta-intervencao-na-cidade-de-turilandia\/","name":"Justi\u00e7a decreta interven\u00e7\u00e3o na cidade de Turil\u00e2ndia - Notibras","isPartOf":{"@id":"https:\/\/www.notibras.com\/site\/#website"},"primaryImageOfPage":{"@id":"https:\/\/www.notibras.com\/site\/justica-decreta-intervencao-na-cidade-de-turilandia\/#primaryimage"},"image":{"@id":"https:\/\/www.notibras.com\/site\/justica-decreta-intervencao-na-cidade-de-turilandia\/#primaryimage"},"thumbnailUrl":"https:\/\/www.notibras.com\/site\/wp-content\/uploads\/2026\/01\/julgamento_de_pedido_de_intervencao_em_turilandia_23_01_2026_13_18_33.webp","datePublished":"2026-01-24T03:02:46+00:00","dateModified":"2026-01-24T09:14:40+00:00","breadcrumb":{"@id":"https:\/\/www.notibras.com\/site\/justica-decreta-intervencao-na-cidade-de-turilandia\/#breadcrumb"},"inLanguage":"pt-BR","potentialAction":[{"@type":"ReadAction","target":["https:\/\/www.notibras.com\/site\/justica-decreta-intervencao-na-cidade-de-turilandia\/"]}]},{"@type":"ImageObject","inLanguage":"pt-BR","@id":"https:\/\/www.notibras.com\/site\/justica-decreta-intervencao-na-cidade-de-turilandia\/#primaryimage","url":"https:\/\/www.notibras.com\/site\/wp-content\/uploads\/2026\/01\/julgamento_de_pedido_de_intervencao_em_turilandia_23_01_2026_13_18_33.webp","contentUrl":"https:\/\/www.notibras.com\/site\/wp-content\/uploads\/2026\/01\/julgamento_de_pedido_de_intervencao_em_turilandia_23_01_2026_13_18_33.webp","width":1170,"height":700},{"@type":"BreadcrumbList","@id":"https:\/\/www.notibras.com\/site\/justica-decreta-intervencao-na-cidade-de-turilandia\/#breadcrumb","itemListElement":[{"@type":"ListItem","position":1,"name":"In\u00edcio","item":"https:\/\/www.notibras.com\/site\/"},{"@type":"ListItem","position":2,"name":"Justi\u00e7a decreta interven\u00e7\u00e3o na cidade de Turil\u00e2ndia"}]},{"@type":"WebSite","@id":"https:\/\/www.notibras.com\/site\/#website","url":"https:\/\/www.notibras.com\/site\/","name":"Notibras","description":"Not\u00edcias de Bras\u00edlia, do Brasil e do Mundo","publisher":{"@id":"https:\/\/www.notibras.com\/site\/#organization"},"potentialAction":[{"@type":"SearchAction","target":{"@type":"EntryPoint","urlTemplate":"https:\/\/www.notibras.com\/site\/?s={search_term_string}"},"query-input":{"@type":"PropertyValueSpecification","valueRequired":true,"valueName":"search_term_string"}}],"inLanguage":"pt-BR"},{"@type":"Organization","@id":"https:\/\/www.notibras.com\/site\/#organization","name":"Grupo Notibras de Comunica\u00e7\u00e3o","url":"https:\/\/www.notibras.com\/site\/","logo":{"@type":"ImageObject","inLanguage":"pt-BR","@id":"https:\/\/www.notibras.com\/site\/#\/schema\/logo\/image\/","url":"https:\/\/www.notibras.com\/site\/wp-content\/uploads\/2023\/01\/notibras23.png","contentUrl":"https:\/\/www.notibras.com\/site\/wp-content\/uploads\/2023\/01\/notibras23.png","width":350,"height":87,"caption":"Grupo Notibras de Comunica\u00e7\u00e3o"},"image":{"@id":"https:\/\/www.notibras.com\/site\/#\/schema\/logo\/image\/"},"sameAs":["https:\/\/www.facebook.com\/notibras\/","https:\/\/x.com\/Notibras","https:\/\/www.instagram.com\/notibras\/"]},{"@type":"Person","@id":"https:\/\/www.notibras.com\/site\/#\/schema\/person\/36ab0979449956132d3e5b517ea76ac8","name":"Reda\u00e7\u00e3o","image":{"@type":"ImageObject","inLanguage":"pt-BR","@id":"https:\/\/secure.gravatar.com\/avatar\/e0a867bdedb85fd243eadf09663511f96fc81e0720a4a42581f334ad4303aa6b?s=96&d=mm&r=g","url":"https:\/\/secure.gravatar.com\/avatar\/e0a867bdedb85fd243eadf09663511f96fc81e0720a4a42581f334ad4303aa6b?s=96&d=mm&r=g","contentUrl":"https:\/\/secure.gravatar.com\/avatar\/e0a867bdedb85fd243eadf09663511f96fc81e0720a4a42581f334ad4303aa6b?s=96&d=mm&r=g","caption":"Reda\u00e7\u00e3o"}}]}},"amp_enabled":true,"_links":{"self":[{"href":"https:\/\/www.notibras.com\/site\/wp-json\/wp\/v2\/posts\/380268","targetHints":{"allow":["GET"]}}],"collection":[{"href":"https:\/\/www.notibras.com\/site\/wp-json\/wp\/v2\/posts"}],"about":[{"href":"https:\/\/www.notibras.com\/site\/wp-json\/wp\/v2\/types\/post"}],"author":[{"embeddable":true,"href":"https:\/\/www.notibras.com\/site\/wp-json\/wp\/v2\/users\/2"}],"replies":[{"embeddable":true,"href":"https:\/\/www.notibras.com\/site\/wp-json\/wp\/v2\/comments?post=380268"}],"version-history":[{"count":3,"href":"https:\/\/www.notibras.com\/site\/wp-json\/wp\/v2\/posts\/380268\/revisions"}],"predecessor-version":[{"id":380272,"href":"https:\/\/www.notibras.com\/site\/wp-json\/wp\/v2\/posts\/380268\/revisions\/380272"}],"wp:featuredmedia":[{"embeddable":true,"href":"https:\/\/www.notibras.com\/site\/wp-json\/wp\/v2\/media\/380269"}],"wp:attachment":[{"href":"https:\/\/www.notibras.com\/site\/wp-json\/wp\/v2\/media?parent=380268"}],"wp:term":[{"taxonomy":"category","embeddable":true,"href":"https:\/\/www.notibras.com\/site\/wp-json\/wp\/v2\/categories?post=380268"},{"taxonomy":"post_tag","embeddable":true,"href":"https:\/\/www.notibras.com\/site\/wp-json\/wp\/v2\/tags?post=380268"}],"curies":[{"name":"wp","href":"https:\/\/api.w.org\/{rel}","templated":true}]}}