{"id":380273,"date":"2026-01-24T00:20:48","date_gmt":"2026-01-24T03:20:48","guid":{"rendered":"https:\/\/www.notibras.com\/site\/?p=380273"},"modified":"2026-01-24T06:22:38","modified_gmt":"2026-01-24T09:22:38","slug":"casabloco-une-carnavais-do-rio-de-janeiro-e-recife","status":"publish","type":"post","link":"https:\/\/www.notibras.com\/site\/casabloco-une-carnavais-do-rio-de-janeiro-e-recife\/","title":{"rendered":"CasaBloco une carnavais do Rio de Janeiro e Recife"},"content":{"rendered":"<p>A abertura da 7\u00aa edi\u00e7\u00e3o do Festival CasaBloco na sexta-feira (23) com sequ\u00eancia neste s\u00e1bado (24), une pela primeira vez os festejos de carnaval do Rio de Janeiro e do Recife. O festival come\u00e7ou com Acerto de marcha de Blocos L\u00edricos, entre eles, Confete e Serpentina e a apresenta\u00e7\u00e3o de Elba Ramalho, tudo na Pra\u00e7a do Arsenal, Centro Hist\u00f3rico do Recife, e entrada gratuita.<\/p>\n<p>O CasaBloco promove tamb\u00e9m o encontro de dois blocos tradicionais: o Cord\u00e3o da Bola Preta, que concentra milhares de foli\u00f5es pelas ruas do centro do Rio de Janeiro, com seus 107 anos de hist\u00f3ria; e o tradicional Galo da Madrugada, s\u00edmbolo do carnaval do Recife, que re\u00fane mais de 1 milh\u00e3o de pessoas na regi\u00e3o central da capital pernambucana, no s\u00e1bado de carnaval.<\/p>\n<p>Quem for \u00e0 pra\u00e7a ver\u00e1 ainda Os Caboclos de Lan\u00e7a, do Maracatu de Baque Solto, com aula espet\u00e1culo de Mestre Manuelzinho Salustiano. Para a idealizadora e diretora-geral do projeto, Rita Fernandes, a integra\u00e7\u00e3o entre o carnaval do Rio e do Recife \u00e9 a realiza\u00e7\u00e3o de um sonho, gra\u00e7as \u00e0 parceria com a prefeitura da capital de Pernambuco.<\/p>\n<p>\u201cUma realiza\u00e7\u00e3o muito grande, porque a gente come\u00e7ou ali de uma pequena ideia e, quando se deu conta, a coisa aconteceu e em uma escala maior da que a gente imaginava no come\u00e7o\u201d, disse Rita.<\/p>\n<p><strong>Expans\u00e3o<\/strong><br \/>\nEla destacou que o carnaval de Pernambuco \u00e9 muito importante, porque a cultura carnavalesca do estado, junto com a do Rio de Janeiro e da Bahia, \u00e9 uma das principais do pa\u00eds.<\/p>\n<p>\u201cEu acho que s\u00e3o as tr\u00eas culturas carnavalescas mais importantes do Brasil. Mas eu tenho um sentimento especial pela cultura pernambucana porque a diversidade de ritmos e de tipos de manifesta\u00e7\u00f5es aqui \u00e9 imensa. Quando voc\u00ea acha que conheceu tudo, ainda tem coisa nova para conhecer\u201d, avaliou a diretora-geral do CasaBloco.<\/p>\n<p>\u201cVoc\u00ea tem aqui os maracatus urbanos e rurais, os Cavalos Marinhos, os Periquitos, os frevos, as cirandas e por a\u00ed vai. \u00c9 um neg\u00f3cio gigantesco. Me impressiona muito tamb\u00e9m o orgulho pernambucano da sua cultura, coisa que eu venho h\u00e1 muito tempo levantando uma bandeira\u201d, acrescentou.<\/p>\n<p>Na percep\u00e7\u00e3o e entendimento de Rita Fernandes, a cultura brasileira \u00e9 mais do que identidade. \u201cEla move grupos, economia, sentimentos, identidades\u201d. Para a diretora-geral do projeto, \u201ca for\u00e7a da cultura brasileira \u00e9 muito grande. E eu acho que ela n\u00e3o foi reconhecida na sua capacidade, na sua pot\u00eancia, em nenhuma das escalas e esferas, como tem que ser, como setor produtivo, econ\u00f4mico, dos mais importantes que o Brasil tem\u201d, afirmou.<\/p>\n<p>Rita confessou estar muito feliz e orgulhosa de ter conseguido fazer essa circula\u00e7\u00e3o entre os carnavais das duas capitais. At\u00e9 ent\u00e3o, com o festival CasaBloco, ela s\u00f3 estava levando para o Rio de Janeiro as manifesta\u00e7\u00f5es brasileiras \u00e0s quais queria dar visibilidade. \u201cMas agora estou conseguindo fazer o inverso, fazendo circular as manifesta\u00e7\u00f5es cariocas, misturar os carnavais do Brasil que eu acho t\u00e3o importantes\u201d.<\/p>\n<p>Segundo ela, esse \u00e9 o primeiro passo mais importante de uma expans\u00e3o do projeto CasaBloco. Acredita que, em pouco tempo, vai aumentar mais ainda a circula\u00e7\u00e3o das culturas carnavalescas para Bel\u00e9m (PA), S\u00e3o Lu\u00eds (MA) e outras cidades que t\u00eam tradi\u00e7\u00f5es e hist\u00f3ricos importantes de cultura popular. \u201cE que eu quero muito absorver na CasaBloco\u201d, completou.<\/p>\n<p>No Rio de Janeiro, o evento retorna ao Jockey Club no per\u00edodo de 29 a 31 de janeiro, com shows, performances, bailes e feiras de moda, e na Cinemateca do Museu de Arte Moderna (MAM), de 27 a 29 deste m\u00eas, com a V Mostra CasaBloco de Cinema.<\/p>\n<p>Os destaques incluem nomes como Alcione, Sarajane, Samuel Rosa, Fernanda Abreu, Geraldo Azevedo, Juliana Linhares, Lenine e Spok Frevo. O festival ter\u00e1 tr\u00eas noites tem\u00e1ticas dedicadas ao samba, frevo, maracatu, pop, brega e ax\u00e9. Est\u00e3o previstos ainda bailes dos blocos Cacique de Ramos, Quizomba e Fogo e Paix\u00e3o.<\/p>\n<p>Quem for do carnaval e do samba, mas n\u00e3o deixa de lado um bom filme, poder\u00e1 assistir na Cinemateca do MAM sess\u00f5es especiais de O Samba e Da Lata, 30 Anos, esta seguida de roda de conversa com Fernanda Abreu, Jo\u00e3o Avelleira, fundador do bloco Suvaco do Cristo, e Lenine, no dia 27.<\/p>\n<p>No dia 28, as sess\u00f5es envolvem os filmes Mist\u00e9rio do Samba e O Homem do Fraque Verde mais Samba Infinito. Encerrando a mostra, no dia 29, ser\u00e1 a vez das pel\u00edculas Trinta e Anos 90 &#8211; A Explos\u00e3o do Pagode.<\/p>\n","protected":false},"excerpt":{"rendered":"<p>A abertura da 7\u00aa edi\u00e7\u00e3o do Festival CasaBloco na sexta-feira (23) com sequ\u00eancia neste s\u00e1bado (24), une pela primeira vez os festejos de carnaval do Rio de Janeiro e do Recife. O festival come\u00e7ou com Acerto de marcha de Blocos L\u00edricos, entre eles, Confete e Serpentina e a apresenta\u00e7\u00e3o de Elba Ramalho, tudo na Pra\u00e7a [&hellip;]<\/p>\n","protected":false},"author":2,"featured_media":380274,"comment_status":"closed","ping_status":"closed","sticky":false,"template":"","format":"standard","meta":{"_acf_changed":false,"footnotes":""},"categories":[165],"tags":[],"class_list":["post-380273","post","type-post","status-publish","format-standard","has-post-thumbnail","hentry","category-nordeste"],"acf":[],"yoast_head":"<!-- This site is optimized with the Yoast SEO plugin v27.2 - https:\/\/yoast.com\/product\/yoast-seo-wordpress\/ -->\n<title>CasaBloco une carnavais do Rio de Janeiro e Recife - Notibras<\/title>\n<meta name=\"robots\" content=\"index, follow, max-snippet:-1, max-image-preview:large, max-video-preview:-1\" \/>\n<link rel=\"canonical\" href=\"https:\/\/www.notibras.com\/site\/casabloco-une-carnavais-do-rio-de-janeiro-e-recife\/\" \/>\n<meta property=\"og:locale\" content=\"pt_BR\" \/>\n<meta property=\"og:type\" content=\"article\" \/>\n<meta property=\"og:title\" content=\"CasaBloco une carnavais do Rio de Janeiro e Recife - Notibras\" \/>\n<meta property=\"og:description\" content=\"A abertura da 7\u00aa edi\u00e7\u00e3o do Festival CasaBloco na sexta-feira (23) com sequ\u00eancia neste s\u00e1bado (24), une pela primeira vez os festejos de carnaval do Rio de Janeiro e do Recife. O festival come\u00e7ou com Acerto de marcha de Blocos L\u00edricos, entre eles, Confete e Serpentina e a apresenta\u00e7\u00e3o de Elba Ramalho, tudo na Pra\u00e7a [&hellip;]\" \/>\n<meta property=\"og:url\" content=\"https:\/\/www.notibras.com\/site\/casabloco-une-carnavais-do-rio-de-janeiro-e-recife\/\" \/>\n<meta property=\"og:site_name\" content=\"Notibras\" \/>\n<meta property=\"article:publisher\" content=\"https:\/\/www.facebook.com\/notibras\/\" \/>\n<meta property=\"article:published_time\" content=\"2026-01-24T03:20:48+00:00\" \/>\n<meta property=\"article:modified_time\" content=\"2026-01-24T09:22:38+00:00\" \/>\n<meta property=\"og:image\" content=\"https:\/\/www.notibras.com\/site\/wp-content\/uploads\/2026\/01\/casabloco_2024_-_26-01_-_creditos_casabloco_divulgacao_96.jpg.webp\" \/>\n\t<meta property=\"og:image:width\" content=\"1170\" \/>\n\t<meta property=\"og:image:height\" content=\"700\" \/>\n\t<meta property=\"og:image:type\" content=\"image\/webp\" \/>\n<meta name=\"author\" content=\"Reda\u00e7\u00e3o\" \/>\n<meta name=\"twitter:card\" content=\"summary_large_image\" \/>\n<meta name=\"twitter:creator\" content=\"@Notibras\" \/>\n<meta name=\"twitter:site\" content=\"@Notibras\" \/>\n<meta name=\"twitter:label1\" content=\"Escrito por\" \/>\n\t<meta name=\"twitter:data1\" content=\"Reda\u00e7\u00e3o\" \/>\n\t<meta name=\"twitter:label2\" content=\"Est. tempo de leitura\" \/>\n\t<meta name=\"twitter:data2\" content=\"5 minutos\" \/>\n<script type=\"application\/ld+json\" class=\"yoast-schema-graph\">{\"@context\":\"https:\/\/schema.org\",\"@graph\":[{\"@type\":\"Article\",\"@id\":\"https:\/\/www.notibras.com\/site\/casabloco-une-carnavais-do-rio-de-janeiro-e-recife\/#article\",\"isPartOf\":{\"@id\":\"https:\/\/www.notibras.com\/site\/casabloco-une-carnavais-do-rio-de-janeiro-e-recife\/\"},\"author\":{\"name\":\"Reda\u00e7\u00e3o\",\"@id\":\"https:\/\/www.notibras.com\/site\/#\/schema\/person\/36ab0979449956132d3e5b517ea76ac8\"},\"headline\":\"CasaBloco une carnavais do Rio de Janeiro e Recife\",\"datePublished\":\"2026-01-24T03:20:48+00:00\",\"dateModified\":\"2026-01-24T09:22:38+00:00\",\"mainEntityOfPage\":{\"@id\":\"https:\/\/www.notibras.com\/site\/casabloco-une-carnavais-do-rio-de-janeiro-e-recife\/\"},\"wordCount\":777,\"publisher\":{\"@id\":\"https:\/\/www.notibras.com\/site\/#organization\"},\"image\":{\"@id\":\"https:\/\/www.notibras.com\/site\/casabloco-une-carnavais-do-rio-de-janeiro-e-recife\/#primaryimage\"},\"thumbnailUrl\":\"https:\/\/www.notibras.com\/site\/wp-content\/uploads\/2026\/01\/casabloco_2024_-_26-01_-_creditos_casabloco_divulgacao_96.jpg.webp\",\"articleSection\":[\"Nordeste\"],\"inLanguage\":\"pt-BR\"},{\"@type\":\"WebPage\",\"@id\":\"https:\/\/www.notibras.com\/site\/casabloco-une-carnavais-do-rio-de-janeiro-e-recife\/\",\"url\":\"https:\/\/www.notibras.com\/site\/casabloco-une-carnavais-do-rio-de-janeiro-e-recife\/\",\"name\":\"CasaBloco une carnavais do Rio de Janeiro e Recife - Notibras\",\"isPartOf\":{\"@id\":\"https:\/\/www.notibras.com\/site\/#website\"},\"primaryImageOfPage\":{\"@id\":\"https:\/\/www.notibras.com\/site\/casabloco-une-carnavais-do-rio-de-janeiro-e-recife\/#primaryimage\"},\"image\":{\"@id\":\"https:\/\/www.notibras.com\/site\/casabloco-une-carnavais-do-rio-de-janeiro-e-recife\/#primaryimage\"},\"thumbnailUrl\":\"https:\/\/www.notibras.com\/site\/wp-content\/uploads\/2026\/01\/casabloco_2024_-_26-01_-_creditos_casabloco_divulgacao_96.jpg.webp\",\"datePublished\":\"2026-01-24T03:20:48+00:00\",\"dateModified\":\"2026-01-24T09:22:38+00:00\",\"breadcrumb\":{\"@id\":\"https:\/\/www.notibras.com\/site\/casabloco-une-carnavais-do-rio-de-janeiro-e-recife\/#breadcrumb\"},\"inLanguage\":\"pt-BR\",\"potentialAction\":[{\"@type\":\"ReadAction\",\"target\":[\"https:\/\/www.notibras.com\/site\/casabloco-une-carnavais-do-rio-de-janeiro-e-recife\/\"]}]},{\"@type\":\"ImageObject\",\"inLanguage\":\"pt-BR\",\"@id\":\"https:\/\/www.notibras.com\/site\/casabloco-une-carnavais-do-rio-de-janeiro-e-recife\/#primaryimage\",\"url\":\"https:\/\/www.notibras.com\/site\/wp-content\/uploads\/2026\/01\/casabloco_2024_-_26-01_-_creditos_casabloco_divulgacao_96.jpg.webp\",\"contentUrl\":\"https:\/\/www.notibras.com\/site\/wp-content\/uploads\/2026\/01\/casabloco_2024_-_26-01_-_creditos_casabloco_divulgacao_96.jpg.webp\",\"width\":1170,\"height\":700},{\"@type\":\"BreadcrumbList\",\"@id\":\"https:\/\/www.notibras.com\/site\/casabloco-une-carnavais-do-rio-de-janeiro-e-recife\/#breadcrumb\",\"itemListElement\":[{\"@type\":\"ListItem\",\"position\":1,\"name\":\"In\u00edcio\",\"item\":\"https:\/\/www.notibras.com\/site\/\"},{\"@type\":\"ListItem\",\"position\":2,\"name\":\"CasaBloco une carnavais do Rio de Janeiro e Recife\"}]},{\"@type\":\"WebSite\",\"@id\":\"https:\/\/www.notibras.com\/site\/#website\",\"url\":\"https:\/\/www.notibras.com\/site\/\",\"name\":\"Notibras\",\"description\":\"Not\u00edcias de Bras\u00edlia, do Brasil e do Mundo\",\"publisher\":{\"@id\":\"https:\/\/www.notibras.com\/site\/#organization\"},\"potentialAction\":[{\"@type\":\"SearchAction\",\"target\":{\"@type\":\"EntryPoint\",\"urlTemplate\":\"https:\/\/www.notibras.com\/site\/?s={search_term_string}\"},\"query-input\":{\"@type\":\"PropertyValueSpecification\",\"valueRequired\":true,\"valueName\":\"search_term_string\"}}],\"inLanguage\":\"pt-BR\"},{\"@type\":\"Organization\",\"@id\":\"https:\/\/www.notibras.com\/site\/#organization\",\"name\":\"Grupo Notibras de Comunica\u00e7\u00e3o\",\"url\":\"https:\/\/www.notibras.com\/site\/\",\"logo\":{\"@type\":\"ImageObject\",\"inLanguage\":\"pt-BR\",\"@id\":\"https:\/\/www.notibras.com\/site\/#\/schema\/logo\/image\/\",\"url\":\"https:\/\/www.notibras.com\/site\/wp-content\/uploads\/2023\/01\/notibras23.png\",\"contentUrl\":\"https:\/\/www.notibras.com\/site\/wp-content\/uploads\/2023\/01\/notibras23.png\",\"width\":350,\"height\":87,\"caption\":\"Grupo Notibras de Comunica\u00e7\u00e3o\"},\"image\":{\"@id\":\"https:\/\/www.notibras.com\/site\/#\/schema\/logo\/image\/\"},\"sameAs\":[\"https:\/\/www.facebook.com\/notibras\/\",\"https:\/\/x.com\/Notibras\",\"https:\/\/www.instagram.com\/notibras\/\"]},{\"@type\":\"Person\",\"@id\":\"https:\/\/www.notibras.com\/site\/#\/schema\/person\/36ab0979449956132d3e5b517ea76ac8\",\"name\":\"Reda\u00e7\u00e3o\",\"image\":{\"@type\":\"ImageObject\",\"inLanguage\":\"pt-BR\",\"@id\":\"https:\/\/secure.gravatar.com\/avatar\/e0a867bdedb85fd243eadf09663511f96fc81e0720a4a42581f334ad4303aa6b?s=96&d=mm&r=g\",\"url\":\"https:\/\/secure.gravatar.com\/avatar\/e0a867bdedb85fd243eadf09663511f96fc81e0720a4a42581f334ad4303aa6b?s=96&d=mm&r=g\",\"contentUrl\":\"https:\/\/secure.gravatar.com\/avatar\/e0a867bdedb85fd243eadf09663511f96fc81e0720a4a42581f334ad4303aa6b?s=96&d=mm&r=g\",\"caption\":\"Reda\u00e7\u00e3o\"}}]}<\/script>\n<!-- \/ Yoast SEO plugin. -->","yoast_head_json":{"title":"CasaBloco une carnavais do Rio de Janeiro e Recife - Notibras","robots":{"index":"index","follow":"follow","max-snippet":"max-snippet:-1","max-image-preview":"max-image-preview:large","max-video-preview":"max-video-preview:-1"},"canonical":"https:\/\/www.notibras.com\/site\/casabloco-une-carnavais-do-rio-de-janeiro-e-recife\/","og_locale":"pt_BR","og_type":"article","og_title":"CasaBloco une carnavais do Rio de Janeiro e Recife - Notibras","og_description":"A abertura da 7\u00aa edi\u00e7\u00e3o do Festival CasaBloco na sexta-feira (23) com sequ\u00eancia neste s\u00e1bado (24), une pela primeira vez os festejos de carnaval do Rio de Janeiro e do Recife. O festival come\u00e7ou com Acerto de marcha de Blocos L\u00edricos, entre eles, Confete e Serpentina e a apresenta\u00e7\u00e3o de Elba Ramalho, tudo na Pra\u00e7a [&hellip;]","og_url":"https:\/\/www.notibras.com\/site\/casabloco-une-carnavais-do-rio-de-janeiro-e-recife\/","og_site_name":"Notibras","article_publisher":"https:\/\/www.facebook.com\/notibras\/","article_published_time":"2026-01-24T03:20:48+00:00","article_modified_time":"2026-01-24T09:22:38+00:00","og_image":[{"width":1170,"height":700,"url":"https:\/\/www.notibras.com\/site\/wp-content\/uploads\/2026\/01\/casabloco_2024_-_26-01_-_creditos_casabloco_divulgacao_96.jpg.webp","type":"image\/webp"}],"author":"Reda\u00e7\u00e3o","twitter_card":"summary_large_image","twitter_creator":"@Notibras","twitter_site":"@Notibras","twitter_misc":{"Escrito por":"Reda\u00e7\u00e3o","Est. tempo de leitura":"5 minutos"},"schema":{"@context":"https:\/\/schema.org","@graph":[{"@type":"Article","@id":"https:\/\/www.notibras.com\/site\/casabloco-une-carnavais-do-rio-de-janeiro-e-recife\/#article","isPartOf":{"@id":"https:\/\/www.notibras.com\/site\/casabloco-une-carnavais-do-rio-de-janeiro-e-recife\/"},"author":{"name":"Reda\u00e7\u00e3o","@id":"https:\/\/www.notibras.com\/site\/#\/schema\/person\/36ab0979449956132d3e5b517ea76ac8"},"headline":"CasaBloco une carnavais do Rio de Janeiro e Recife","datePublished":"2026-01-24T03:20:48+00:00","dateModified":"2026-01-24T09:22:38+00:00","mainEntityOfPage":{"@id":"https:\/\/www.notibras.com\/site\/casabloco-une-carnavais-do-rio-de-janeiro-e-recife\/"},"wordCount":777,"publisher":{"@id":"https:\/\/www.notibras.com\/site\/#organization"},"image":{"@id":"https:\/\/www.notibras.com\/site\/casabloco-une-carnavais-do-rio-de-janeiro-e-recife\/#primaryimage"},"thumbnailUrl":"https:\/\/www.notibras.com\/site\/wp-content\/uploads\/2026\/01\/casabloco_2024_-_26-01_-_creditos_casabloco_divulgacao_96.jpg.webp","articleSection":["Nordeste"],"inLanguage":"pt-BR"},{"@type":"WebPage","@id":"https:\/\/www.notibras.com\/site\/casabloco-une-carnavais-do-rio-de-janeiro-e-recife\/","url":"https:\/\/www.notibras.com\/site\/casabloco-une-carnavais-do-rio-de-janeiro-e-recife\/","name":"CasaBloco une carnavais do Rio de Janeiro e Recife - Notibras","isPartOf":{"@id":"https:\/\/www.notibras.com\/site\/#website"},"primaryImageOfPage":{"@id":"https:\/\/www.notibras.com\/site\/casabloco-une-carnavais-do-rio-de-janeiro-e-recife\/#primaryimage"},"image":{"@id":"https:\/\/www.notibras.com\/site\/casabloco-une-carnavais-do-rio-de-janeiro-e-recife\/#primaryimage"},"thumbnailUrl":"https:\/\/www.notibras.com\/site\/wp-content\/uploads\/2026\/01\/casabloco_2024_-_26-01_-_creditos_casabloco_divulgacao_96.jpg.webp","datePublished":"2026-01-24T03:20:48+00:00","dateModified":"2026-01-24T09:22:38+00:00","breadcrumb":{"@id":"https:\/\/www.notibras.com\/site\/casabloco-une-carnavais-do-rio-de-janeiro-e-recife\/#breadcrumb"},"inLanguage":"pt-BR","potentialAction":[{"@type":"ReadAction","target":["https:\/\/www.notibras.com\/site\/casabloco-une-carnavais-do-rio-de-janeiro-e-recife\/"]}]},{"@type":"ImageObject","inLanguage":"pt-BR","@id":"https:\/\/www.notibras.com\/site\/casabloco-une-carnavais-do-rio-de-janeiro-e-recife\/#primaryimage","url":"https:\/\/www.notibras.com\/site\/wp-content\/uploads\/2026\/01\/casabloco_2024_-_26-01_-_creditos_casabloco_divulgacao_96.jpg.webp","contentUrl":"https:\/\/www.notibras.com\/site\/wp-content\/uploads\/2026\/01\/casabloco_2024_-_26-01_-_creditos_casabloco_divulgacao_96.jpg.webp","width":1170,"height":700},{"@type":"BreadcrumbList","@id":"https:\/\/www.notibras.com\/site\/casabloco-une-carnavais-do-rio-de-janeiro-e-recife\/#breadcrumb","itemListElement":[{"@type":"ListItem","position":1,"name":"In\u00edcio","item":"https:\/\/www.notibras.com\/site\/"},{"@type":"ListItem","position":2,"name":"CasaBloco une carnavais do Rio de Janeiro e Recife"}]},{"@type":"WebSite","@id":"https:\/\/www.notibras.com\/site\/#website","url":"https:\/\/www.notibras.com\/site\/","name":"Notibras","description":"Not\u00edcias de Bras\u00edlia, do Brasil e do Mundo","publisher":{"@id":"https:\/\/www.notibras.com\/site\/#organization"},"potentialAction":[{"@type":"SearchAction","target":{"@type":"EntryPoint","urlTemplate":"https:\/\/www.notibras.com\/site\/?s={search_term_string}"},"query-input":{"@type":"PropertyValueSpecification","valueRequired":true,"valueName":"search_term_string"}}],"inLanguage":"pt-BR"},{"@type":"Organization","@id":"https:\/\/www.notibras.com\/site\/#organization","name":"Grupo Notibras de Comunica\u00e7\u00e3o","url":"https:\/\/www.notibras.com\/site\/","logo":{"@type":"ImageObject","inLanguage":"pt-BR","@id":"https:\/\/www.notibras.com\/site\/#\/schema\/logo\/image\/","url":"https:\/\/www.notibras.com\/site\/wp-content\/uploads\/2023\/01\/notibras23.png","contentUrl":"https:\/\/www.notibras.com\/site\/wp-content\/uploads\/2023\/01\/notibras23.png","width":350,"height":87,"caption":"Grupo Notibras de Comunica\u00e7\u00e3o"},"image":{"@id":"https:\/\/www.notibras.com\/site\/#\/schema\/logo\/image\/"},"sameAs":["https:\/\/www.facebook.com\/notibras\/","https:\/\/x.com\/Notibras","https:\/\/www.instagram.com\/notibras\/"]},{"@type":"Person","@id":"https:\/\/www.notibras.com\/site\/#\/schema\/person\/36ab0979449956132d3e5b517ea76ac8","name":"Reda\u00e7\u00e3o","image":{"@type":"ImageObject","inLanguage":"pt-BR","@id":"https:\/\/secure.gravatar.com\/avatar\/e0a867bdedb85fd243eadf09663511f96fc81e0720a4a42581f334ad4303aa6b?s=96&d=mm&r=g","url":"https:\/\/secure.gravatar.com\/avatar\/e0a867bdedb85fd243eadf09663511f96fc81e0720a4a42581f334ad4303aa6b?s=96&d=mm&r=g","contentUrl":"https:\/\/secure.gravatar.com\/avatar\/e0a867bdedb85fd243eadf09663511f96fc81e0720a4a42581f334ad4303aa6b?s=96&d=mm&r=g","caption":"Reda\u00e7\u00e3o"}}]}},"amp_enabled":true,"_links":{"self":[{"href":"https:\/\/www.notibras.com\/site\/wp-json\/wp\/v2\/posts\/380273","targetHints":{"allow":["GET"]}}],"collection":[{"href":"https:\/\/www.notibras.com\/site\/wp-json\/wp\/v2\/posts"}],"about":[{"href":"https:\/\/www.notibras.com\/site\/wp-json\/wp\/v2\/types\/post"}],"author":[{"embeddable":true,"href":"https:\/\/www.notibras.com\/site\/wp-json\/wp\/v2\/users\/2"}],"replies":[{"embeddable":true,"href":"https:\/\/www.notibras.com\/site\/wp-json\/wp\/v2\/comments?post=380273"}],"version-history":[{"count":1,"href":"https:\/\/www.notibras.com\/site\/wp-json\/wp\/v2\/posts\/380273\/revisions"}],"predecessor-version":[{"id":380275,"href":"https:\/\/www.notibras.com\/site\/wp-json\/wp\/v2\/posts\/380273\/revisions\/380275"}],"wp:featuredmedia":[{"embeddable":true,"href":"https:\/\/www.notibras.com\/site\/wp-json\/wp\/v2\/media\/380274"}],"wp:attachment":[{"href":"https:\/\/www.notibras.com\/site\/wp-json\/wp\/v2\/media?parent=380273"}],"wp:term":[{"taxonomy":"category","embeddable":true,"href":"https:\/\/www.notibras.com\/site\/wp-json\/wp\/v2\/categories?post=380273"},{"taxonomy":"post_tag","embeddable":true,"href":"https:\/\/www.notibras.com\/site\/wp-json\/wp\/v2\/tags?post=380273"}],"curies":[{"name":"wp","href":"https:\/\/api.w.org\/{rel}","templated":true}]}}