{"id":380293,"date":"2026-01-24T18:36:01","date_gmt":"2026-01-24T21:36:01","guid":{"rendered":"https:\/\/www.notibras.com\/site\/?p=380293"},"modified":"2026-01-24T18:36:01","modified_gmt":"2026-01-24T21:36:01","slug":"a-insustentavel-leveza-do-ser-com-levitacao","status":"publish","type":"post","link":"https:\/\/www.notibras.com\/site\/a-insustentavel-leveza-do-ser-com-levitacao\/","title":{"rendered":"A insustent\u00e1vel leveza do ser com levita\u00e7\u00e3o"},"content":{"rendered":"<p>A levita\u00e7\u00e3o \u00e9 a capacidade de suspender o corpo humano ou objetos no ar contra a for\u00e7a da gravidade. Aos incr\u00e9dulos, salientamos que se imensos corpos celestiais, com bilh\u00f5es e bilh\u00f5es de toneladas, pairam no C\u00e9u em perfeito equil\u00edbrio, porque um simples corpo humano ou uma mesa n\u00e3o podem se erguer no espa\u00e7o. Ora, ora!!! O fen\u00f4meno da levita\u00e7\u00e3o atravessa s\u00e9culos como um dos mais enigm\u00e1ticos da hist\u00f3ria espiritual da humanidade, cujas provas s\u00e3o irrefut\u00e1veis.<\/p>\n<p>Presente em relatos religiosos, tradi\u00e7\u00f5es m\u00edsticas, esp\u00edritas, registros antropol\u00f3gicos e investiga\u00e7\u00f5es cient\u00edficas, a levita\u00e7\u00e3o ocupa um territ\u00f3rio liminar entre o sagrado, o psicol\u00f3gico e o simb\u00f3lico. \u00c9 um dos fen\u00f4menos mais debatidos quando s\u00e3o investigados os limites entre corpo, mente e esp\u00edrito.<\/p>\n<p>A ci\u00eancia reconhece estados alterados de consci\u00eancia nos quais a percep\u00e7\u00e3o corporal sofre distor\u00e7\u00f5es profundas, produzindo sensa\u00e7\u00f5es de leveza, flutua\u00e7\u00e3o ou deslocamento espacial. A neuroci\u00eancia, por sua vez, associa essas experi\u00eancias a altera\u00e7\u00f5es no c\u00f3rtex parietal, respons\u00e1vel pela orienta\u00e7\u00e3o corporal, especialmente em estados de \u00eaxtase m\u00edstico, medita\u00e7\u00e3o profunda ou transe dissociativo.<\/p>\n<p>No campo esot\u00e9rico, a levita\u00e7\u00e3o representa a vit\u00f3ria do esp\u00edrito sobre a densidade da mat\u00e9ria. A alquimia associa esse estado ao sublimatio, fase em que a consci\u00eancia se eleva acima das paix\u00f5es e limita\u00e7\u00f5es do plano terrestre. Assim, levitar \u00e9 a eleva\u00e7\u00e3o interior.<\/p>\n<p>No Livro dos Esp\u00edritos, Allan Kardec assegura que o principal agente da levita\u00e7\u00e3o \u00e9 o ectoplasma, uma subst\u00e2ncia semimaterial emitida por m\u00e9diuns com efeitos f\u00edsicos. O mecanismo mais comum descrito consiste na a\u00e7\u00e3o dos Esp\u00edritos, que envolvem o objeto ou a pessoa a ser levitada com uma camada de ectoplasma, isolando-o parcialmente da a\u00e7\u00e3o da gravidade. Na pr\u00e1tica, a levita\u00e7\u00e3o pode se manifestar em reuni\u00f5es medi\u00fanicas, quando cadeiras, mesas ou outros objetos se elevam sem qualquer contato f\u00edsico; e tamb\u00e9m quando uma pessoa \u00e9 erguida do solo.<\/p>\n<p>Esses epis\u00f3dios costumam ser acompanhados por testemunhas e, em alguns casos hist\u00f3ricos, foram objeto de estudos cient\u00edficos e relatos detalhados. Ao longo da hist\u00f3ria, algumas ocorr\u00eancias de levita\u00e7\u00e3o foram registradas de modo sistem\u00e1tico por m\u00e9dicos, juristas, observadores externos, autoridades religiosas, e at\u00e9 a Santa Inquisi\u00e7\u00e3o, entendidas como fen\u00f4menos paranormais documentados. O caso mais citado \u00e9 o de S\u00e3o Jos\u00e9 de Cupertino (1603\u20131663), cujos epis\u00f3dios de eleva\u00e7\u00e3o corporal ocorreram diante de testemunhas qualificadas, incluindo membros da Inquisi\u00e7\u00e3o, nobres e cl\u00e9rigos. Os registros can\u00f4nicos descrevem suspens\u00f5es vis\u00edveis do corpo durante estados de \u00eaxtase, acompanhadas de perda de consci\u00eancia ordin\u00e1ria.<\/p>\n<p>Na \u00cdndia, textos do Yoga Sutra descrevem os siddhis \u2014 poderes extraordin\u00e1rios obtidos por meio de disciplina mental, respira\u00e7\u00e3o e medita\u00e7\u00e3o \u2014 entre eles a laghima, a sensa\u00e7\u00e3o de extrema leveza do corpo. Relatos semelhantes surgem no budismo tibetano, especialmente nas pr\u00e1ticas do tummo e do lung-gom-pa, nas quais monges afirmam alcan\u00e7ar estados de suspens\u00e3o corporal associados \u00e0 concentra\u00e7\u00e3o e ao controle da energia vital (prana).<\/p>\n<p>No s\u00e9culo XIX, surgem relatos ligados ao espiritualismo europeu, como os fen\u00f4menos associados ao m\u00e9dium Daniel Dunglas Home (1833\u20131886). Home foi observado por cientistas e intelectuais \u2014 entre eles William Crookes, qu\u00edmico e membro da Royal Society \u2014 que relataram epis\u00f3dios de levita\u00e7\u00e3o em ambientes controlados.<\/p>\n<p>Na Am\u00e9rica Latina e no Brasil, relatos semelhantes surgem em contextos populares e religiosos. No catolicismo popular, h\u00e1 registros de \u00eaxtases corporais em beatos e m\u00edsticos regionais, frequentemente interpretados como arrebatamentos espirituais. Em tradi\u00e7\u00f5es africanas, como o Vodoo, o Candombl\u00e9 e a Umbanda, estados de transe ritual produzem movimentos bruscos do corpo e levita\u00e7\u00e3o. S\u00e3o documentados in\u00fameros casos de possess\u00e3o demon\u00edaca, quando o corpo hospedeiro se eleva no ar, acompanhado de movimentos contorcionistas.<\/p>\n<p>Do ponto de vista doutrin\u00e1rio, a levita\u00e7\u00e3o \u00e9 uma demonstra\u00e7\u00e3o clara de que a mat\u00e9ria pode ser influenciada por for\u00e7as inteligentes e sutis, ampliando nossa compreens\u00e3o sobre a intera\u00e7\u00e3o entre o mundo f\u00edsico e o espiritual.<\/p>\n<p>&#8230;&#8230;&#8230;.<\/p>\n<p><strong>Hussein Sabra el-Awar<\/strong><br \/>\n<strong>Membro Conselheiro do Col\u00e9gio dos Magos e Sacerdotisas<\/strong><br \/>\n<strong>@colegiodosmagosesacerdotisas<\/strong><\/p>\n<p>&#8230;&#8230;&#8230;..<\/p>\n<p><strong>Os estudiosos das Ci\u00eancias Ocultas que quiserem aperfei\u00e7oar os seus conhecimentos herm\u00e9ticos, o Col\u00e9gio dos Magos e Sacerdotisas est\u00e1 convocando novos membros para ingresso na Irmandade. Aos interessados, no m\u00eas de mar\u00e7o ser\u00e3o iniciados os cursos online de Magia, Quiromancia, Tarot e Numerologia. As matr\u00edculas est\u00e3o abertas. Outras informa\u00e7\u00f5es entrar em contato direto com o @colegiodosmagosesacerdortisas, atrav\u00e9s da Bio, Direct, ou pelo Whatsapp: 81 997302139.<\/strong><\/p>\n","protected":false},"excerpt":{"rendered":"<p>A levita\u00e7\u00e3o \u00e9 a capacidade de suspender o corpo humano ou objetos no ar contra a for\u00e7a da gravidade. Aos incr\u00e9dulos, salientamos que se imensos corpos celestiais, com bilh\u00f5es e bilh\u00f5es de toneladas, pairam no C\u00e9u em perfeito equil\u00edbrio, porque um simples corpo humano ou uma mesa n\u00e3o podem se erguer no espa\u00e7o. Ora, ora!!! [&hellip;]<\/p>\n","protected":false},"author":2,"featured_media":380294,"comment_status":"closed","ping_status":"closed","sticky":false,"template":"","format":"standard","meta":{"_acf_changed":false,"footnotes":""},"categories":[237],"tags":[],"class_list":["post-380293","post","type-post","status-publish","format-standard","has-post-thumbnail","hentry","category-oraculos"],"acf":[],"yoast_head":"<!-- This site is optimized with the Yoast SEO plugin v27.2 - https:\/\/yoast.com\/product\/yoast-seo-wordpress\/ -->\n<title>A insustent\u00e1vel leveza do ser com levita\u00e7\u00e3o - Notibras<\/title>\n<meta name=\"robots\" content=\"index, follow, max-snippet:-1, max-image-preview:large, max-video-preview:-1\" \/>\n<link rel=\"canonical\" href=\"https:\/\/www.notibras.com\/site\/a-insustentavel-leveza-do-ser-com-levitacao\/\" \/>\n<meta property=\"og:locale\" content=\"pt_BR\" \/>\n<meta property=\"og:type\" content=\"article\" \/>\n<meta property=\"og:title\" content=\"A insustent\u00e1vel leveza do ser com levita\u00e7\u00e3o - Notibras\" \/>\n<meta property=\"og:description\" content=\"A levita\u00e7\u00e3o \u00e9 a capacidade de suspender o corpo humano ou objetos no ar contra a for\u00e7a da gravidade. Aos incr\u00e9dulos, salientamos que se imensos corpos celestiais, com bilh\u00f5es e bilh\u00f5es de toneladas, pairam no C\u00e9u em perfeito equil\u00edbrio, porque um simples corpo humano ou uma mesa n\u00e3o podem se erguer no espa\u00e7o. Ora, ora!!! [&hellip;]\" \/>\n<meta property=\"og:url\" content=\"https:\/\/www.notibras.com\/site\/a-insustentavel-leveza-do-ser-com-levitacao\/\" \/>\n<meta property=\"og:site_name\" content=\"Notibras\" \/>\n<meta property=\"article:publisher\" content=\"https:\/\/www.facebook.com\/notibras\/\" \/>\n<meta property=\"article:published_time\" content=\"2026-01-24T21:36:01+00:00\" \/>\n<meta property=\"og:image\" content=\"https:\/\/www.notibras.com\/site\/wp-content\/uploads\/2026\/01\/d1901aa9-fe96-4a33-84c1-e19114822364.jpg\" \/>\n\t<meta property=\"og:image:width\" content=\"1600\" \/>\n\t<meta property=\"og:image:height\" content=\"1588\" \/>\n\t<meta property=\"og:image:type\" content=\"image\/jpeg\" \/>\n<meta name=\"author\" content=\"Reda\u00e7\u00e3o\" \/>\n<meta name=\"twitter:card\" content=\"summary_large_image\" \/>\n<meta name=\"twitter:creator\" content=\"@Notibras\" \/>\n<meta name=\"twitter:site\" content=\"@Notibras\" \/>\n<meta name=\"twitter:label1\" content=\"Escrito por\" \/>\n\t<meta name=\"twitter:data1\" content=\"Reda\u00e7\u00e3o\" \/>\n\t<meta name=\"twitter:label2\" content=\"Est. tempo de leitura\" \/>\n\t<meta name=\"twitter:data2\" content=\"5 minutos\" \/>\n<script type=\"application\/ld+json\" class=\"yoast-schema-graph\">{\"@context\":\"https:\/\/schema.org\",\"@graph\":[{\"@type\":\"Article\",\"@id\":\"https:\/\/www.notibras.com\/site\/a-insustentavel-leveza-do-ser-com-levitacao\/#article\",\"isPartOf\":{\"@id\":\"https:\/\/www.notibras.com\/site\/a-insustentavel-leveza-do-ser-com-levitacao\/\"},\"author\":{\"name\":\"Reda\u00e7\u00e3o\",\"@id\":\"https:\/\/www.notibras.com\/site\/#\/schema\/person\/36ab0979449956132d3e5b517ea76ac8\"},\"headline\":\"A insustent\u00e1vel leveza do ser com levita\u00e7\u00e3o\",\"datePublished\":\"2026-01-24T21:36:01+00:00\",\"mainEntityOfPage\":{\"@id\":\"https:\/\/www.notibras.com\/site\/a-insustentavel-leveza-do-ser-com-levitacao\/\"},\"wordCount\":814,\"publisher\":{\"@id\":\"https:\/\/www.notibras.com\/site\/#organization\"},\"image\":{\"@id\":\"https:\/\/www.notibras.com\/site\/a-insustentavel-leveza-do-ser-com-levitacao\/#primaryimage\"},\"thumbnailUrl\":\"https:\/\/www.notibras.com\/site\/wp-content\/uploads\/2026\/01\/d1901aa9-fe96-4a33-84c1-e19114822364.jpg\",\"articleSection\":[\"Or\u00e1culos\"],\"inLanguage\":\"pt-BR\"},{\"@type\":\"WebPage\",\"@id\":\"https:\/\/www.notibras.com\/site\/a-insustentavel-leveza-do-ser-com-levitacao\/\",\"url\":\"https:\/\/www.notibras.com\/site\/a-insustentavel-leveza-do-ser-com-levitacao\/\",\"name\":\"A insustent\u00e1vel leveza do ser com levita\u00e7\u00e3o - Notibras\",\"isPartOf\":{\"@id\":\"https:\/\/www.notibras.com\/site\/#website\"},\"primaryImageOfPage\":{\"@id\":\"https:\/\/www.notibras.com\/site\/a-insustentavel-leveza-do-ser-com-levitacao\/#primaryimage\"},\"image\":{\"@id\":\"https:\/\/www.notibras.com\/site\/a-insustentavel-leveza-do-ser-com-levitacao\/#primaryimage\"},\"thumbnailUrl\":\"https:\/\/www.notibras.com\/site\/wp-content\/uploads\/2026\/01\/d1901aa9-fe96-4a33-84c1-e19114822364.jpg\",\"datePublished\":\"2026-01-24T21:36:01+00:00\",\"breadcrumb\":{\"@id\":\"https:\/\/www.notibras.com\/site\/a-insustentavel-leveza-do-ser-com-levitacao\/#breadcrumb\"},\"inLanguage\":\"pt-BR\",\"potentialAction\":[{\"@type\":\"ReadAction\",\"target\":[\"https:\/\/www.notibras.com\/site\/a-insustentavel-leveza-do-ser-com-levitacao\/\"]}]},{\"@type\":\"ImageObject\",\"inLanguage\":\"pt-BR\",\"@id\":\"https:\/\/www.notibras.com\/site\/a-insustentavel-leveza-do-ser-com-levitacao\/#primaryimage\",\"url\":\"https:\/\/www.notibras.com\/site\/wp-content\/uploads\/2026\/01\/d1901aa9-fe96-4a33-84c1-e19114822364.jpg\",\"contentUrl\":\"https:\/\/www.notibras.com\/site\/wp-content\/uploads\/2026\/01\/d1901aa9-fe96-4a33-84c1-e19114822364.jpg\",\"width\":1600,\"height\":1588},{\"@type\":\"BreadcrumbList\",\"@id\":\"https:\/\/www.notibras.com\/site\/a-insustentavel-leveza-do-ser-com-levitacao\/#breadcrumb\",\"itemListElement\":[{\"@type\":\"ListItem\",\"position\":1,\"name\":\"In\u00edcio\",\"item\":\"https:\/\/www.notibras.com\/site\/\"},{\"@type\":\"ListItem\",\"position\":2,\"name\":\"A insustent\u00e1vel leveza do ser com levita\u00e7\u00e3o\"}]},{\"@type\":\"WebSite\",\"@id\":\"https:\/\/www.notibras.com\/site\/#website\",\"url\":\"https:\/\/www.notibras.com\/site\/\",\"name\":\"Notibras\",\"description\":\"Not\u00edcias de Bras\u00edlia, do Brasil e do Mundo\",\"publisher\":{\"@id\":\"https:\/\/www.notibras.com\/site\/#organization\"},\"potentialAction\":[{\"@type\":\"SearchAction\",\"target\":{\"@type\":\"EntryPoint\",\"urlTemplate\":\"https:\/\/www.notibras.com\/site\/?s={search_term_string}\"},\"query-input\":{\"@type\":\"PropertyValueSpecification\",\"valueRequired\":true,\"valueName\":\"search_term_string\"}}],\"inLanguage\":\"pt-BR\"},{\"@type\":\"Organization\",\"@id\":\"https:\/\/www.notibras.com\/site\/#organization\",\"name\":\"Grupo Notibras de Comunica\u00e7\u00e3o\",\"url\":\"https:\/\/www.notibras.com\/site\/\",\"logo\":{\"@type\":\"ImageObject\",\"inLanguage\":\"pt-BR\",\"@id\":\"https:\/\/www.notibras.com\/site\/#\/schema\/logo\/image\/\",\"url\":\"https:\/\/www.notibras.com\/site\/wp-content\/uploads\/2023\/01\/notibras23.png\",\"contentUrl\":\"https:\/\/www.notibras.com\/site\/wp-content\/uploads\/2023\/01\/notibras23.png\",\"width\":350,\"height\":87,\"caption\":\"Grupo Notibras de Comunica\u00e7\u00e3o\"},\"image\":{\"@id\":\"https:\/\/www.notibras.com\/site\/#\/schema\/logo\/image\/\"},\"sameAs\":[\"https:\/\/www.facebook.com\/notibras\/\",\"https:\/\/x.com\/Notibras\",\"https:\/\/www.instagram.com\/notibras\/\"]},{\"@type\":\"Person\",\"@id\":\"https:\/\/www.notibras.com\/site\/#\/schema\/person\/36ab0979449956132d3e5b517ea76ac8\",\"name\":\"Reda\u00e7\u00e3o\",\"image\":{\"@type\":\"ImageObject\",\"inLanguage\":\"pt-BR\",\"@id\":\"https:\/\/secure.gravatar.com\/avatar\/e0a867bdedb85fd243eadf09663511f96fc81e0720a4a42581f334ad4303aa6b?s=96&d=mm&r=g\",\"url\":\"https:\/\/secure.gravatar.com\/avatar\/e0a867bdedb85fd243eadf09663511f96fc81e0720a4a42581f334ad4303aa6b?s=96&d=mm&r=g\",\"contentUrl\":\"https:\/\/secure.gravatar.com\/avatar\/e0a867bdedb85fd243eadf09663511f96fc81e0720a4a42581f334ad4303aa6b?s=96&d=mm&r=g\",\"caption\":\"Reda\u00e7\u00e3o\"}}]}<\/script>\n<!-- \/ Yoast SEO plugin. -->","yoast_head_json":{"title":"A insustent\u00e1vel leveza do ser com levita\u00e7\u00e3o - Notibras","robots":{"index":"index","follow":"follow","max-snippet":"max-snippet:-1","max-image-preview":"max-image-preview:large","max-video-preview":"max-video-preview:-1"},"canonical":"https:\/\/www.notibras.com\/site\/a-insustentavel-leveza-do-ser-com-levitacao\/","og_locale":"pt_BR","og_type":"article","og_title":"A insustent\u00e1vel leveza do ser com levita\u00e7\u00e3o - Notibras","og_description":"A levita\u00e7\u00e3o \u00e9 a capacidade de suspender o corpo humano ou objetos no ar contra a for\u00e7a da gravidade. Aos incr\u00e9dulos, salientamos que se imensos corpos celestiais, com bilh\u00f5es e bilh\u00f5es de toneladas, pairam no C\u00e9u em perfeito equil\u00edbrio, porque um simples corpo humano ou uma mesa n\u00e3o podem se erguer no espa\u00e7o. Ora, ora!!! [&hellip;]","og_url":"https:\/\/www.notibras.com\/site\/a-insustentavel-leveza-do-ser-com-levitacao\/","og_site_name":"Notibras","article_publisher":"https:\/\/www.facebook.com\/notibras\/","article_published_time":"2026-01-24T21:36:01+00:00","og_image":[{"width":1600,"height":1588,"url":"https:\/\/www.notibras.com\/site\/wp-content\/uploads\/2026\/01\/d1901aa9-fe96-4a33-84c1-e19114822364.jpg","type":"image\/jpeg"}],"author":"Reda\u00e7\u00e3o","twitter_card":"summary_large_image","twitter_creator":"@Notibras","twitter_site":"@Notibras","twitter_misc":{"Escrito por":"Reda\u00e7\u00e3o","Est. tempo de leitura":"5 minutos"},"schema":{"@context":"https:\/\/schema.org","@graph":[{"@type":"Article","@id":"https:\/\/www.notibras.com\/site\/a-insustentavel-leveza-do-ser-com-levitacao\/#article","isPartOf":{"@id":"https:\/\/www.notibras.com\/site\/a-insustentavel-leveza-do-ser-com-levitacao\/"},"author":{"name":"Reda\u00e7\u00e3o","@id":"https:\/\/www.notibras.com\/site\/#\/schema\/person\/36ab0979449956132d3e5b517ea76ac8"},"headline":"A insustent\u00e1vel leveza do ser com levita\u00e7\u00e3o","datePublished":"2026-01-24T21:36:01+00:00","mainEntityOfPage":{"@id":"https:\/\/www.notibras.com\/site\/a-insustentavel-leveza-do-ser-com-levitacao\/"},"wordCount":814,"publisher":{"@id":"https:\/\/www.notibras.com\/site\/#organization"},"image":{"@id":"https:\/\/www.notibras.com\/site\/a-insustentavel-leveza-do-ser-com-levitacao\/#primaryimage"},"thumbnailUrl":"https:\/\/www.notibras.com\/site\/wp-content\/uploads\/2026\/01\/d1901aa9-fe96-4a33-84c1-e19114822364.jpg","articleSection":["Or\u00e1culos"],"inLanguage":"pt-BR"},{"@type":"WebPage","@id":"https:\/\/www.notibras.com\/site\/a-insustentavel-leveza-do-ser-com-levitacao\/","url":"https:\/\/www.notibras.com\/site\/a-insustentavel-leveza-do-ser-com-levitacao\/","name":"A insustent\u00e1vel leveza do ser com levita\u00e7\u00e3o - Notibras","isPartOf":{"@id":"https:\/\/www.notibras.com\/site\/#website"},"primaryImageOfPage":{"@id":"https:\/\/www.notibras.com\/site\/a-insustentavel-leveza-do-ser-com-levitacao\/#primaryimage"},"image":{"@id":"https:\/\/www.notibras.com\/site\/a-insustentavel-leveza-do-ser-com-levitacao\/#primaryimage"},"thumbnailUrl":"https:\/\/www.notibras.com\/site\/wp-content\/uploads\/2026\/01\/d1901aa9-fe96-4a33-84c1-e19114822364.jpg","datePublished":"2026-01-24T21:36:01+00:00","breadcrumb":{"@id":"https:\/\/www.notibras.com\/site\/a-insustentavel-leveza-do-ser-com-levitacao\/#breadcrumb"},"inLanguage":"pt-BR","potentialAction":[{"@type":"ReadAction","target":["https:\/\/www.notibras.com\/site\/a-insustentavel-leveza-do-ser-com-levitacao\/"]}]},{"@type":"ImageObject","inLanguage":"pt-BR","@id":"https:\/\/www.notibras.com\/site\/a-insustentavel-leveza-do-ser-com-levitacao\/#primaryimage","url":"https:\/\/www.notibras.com\/site\/wp-content\/uploads\/2026\/01\/d1901aa9-fe96-4a33-84c1-e19114822364.jpg","contentUrl":"https:\/\/www.notibras.com\/site\/wp-content\/uploads\/2026\/01\/d1901aa9-fe96-4a33-84c1-e19114822364.jpg","width":1600,"height":1588},{"@type":"BreadcrumbList","@id":"https:\/\/www.notibras.com\/site\/a-insustentavel-leveza-do-ser-com-levitacao\/#breadcrumb","itemListElement":[{"@type":"ListItem","position":1,"name":"In\u00edcio","item":"https:\/\/www.notibras.com\/site\/"},{"@type":"ListItem","position":2,"name":"A insustent\u00e1vel leveza do ser com levita\u00e7\u00e3o"}]},{"@type":"WebSite","@id":"https:\/\/www.notibras.com\/site\/#website","url":"https:\/\/www.notibras.com\/site\/","name":"Notibras","description":"Not\u00edcias de Bras\u00edlia, do Brasil e do Mundo","publisher":{"@id":"https:\/\/www.notibras.com\/site\/#organization"},"potentialAction":[{"@type":"SearchAction","target":{"@type":"EntryPoint","urlTemplate":"https:\/\/www.notibras.com\/site\/?s={search_term_string}"},"query-input":{"@type":"PropertyValueSpecification","valueRequired":true,"valueName":"search_term_string"}}],"inLanguage":"pt-BR"},{"@type":"Organization","@id":"https:\/\/www.notibras.com\/site\/#organization","name":"Grupo Notibras de Comunica\u00e7\u00e3o","url":"https:\/\/www.notibras.com\/site\/","logo":{"@type":"ImageObject","inLanguage":"pt-BR","@id":"https:\/\/www.notibras.com\/site\/#\/schema\/logo\/image\/","url":"https:\/\/www.notibras.com\/site\/wp-content\/uploads\/2023\/01\/notibras23.png","contentUrl":"https:\/\/www.notibras.com\/site\/wp-content\/uploads\/2023\/01\/notibras23.png","width":350,"height":87,"caption":"Grupo Notibras de Comunica\u00e7\u00e3o"},"image":{"@id":"https:\/\/www.notibras.com\/site\/#\/schema\/logo\/image\/"},"sameAs":["https:\/\/www.facebook.com\/notibras\/","https:\/\/x.com\/Notibras","https:\/\/www.instagram.com\/notibras\/"]},{"@type":"Person","@id":"https:\/\/www.notibras.com\/site\/#\/schema\/person\/36ab0979449956132d3e5b517ea76ac8","name":"Reda\u00e7\u00e3o","image":{"@type":"ImageObject","inLanguage":"pt-BR","@id":"https:\/\/secure.gravatar.com\/avatar\/e0a867bdedb85fd243eadf09663511f96fc81e0720a4a42581f334ad4303aa6b?s=96&d=mm&r=g","url":"https:\/\/secure.gravatar.com\/avatar\/e0a867bdedb85fd243eadf09663511f96fc81e0720a4a42581f334ad4303aa6b?s=96&d=mm&r=g","contentUrl":"https:\/\/secure.gravatar.com\/avatar\/e0a867bdedb85fd243eadf09663511f96fc81e0720a4a42581f334ad4303aa6b?s=96&d=mm&r=g","caption":"Reda\u00e7\u00e3o"}}]}},"amp_enabled":true,"_links":{"self":[{"href":"https:\/\/www.notibras.com\/site\/wp-json\/wp\/v2\/posts\/380293","targetHints":{"allow":["GET"]}}],"collection":[{"href":"https:\/\/www.notibras.com\/site\/wp-json\/wp\/v2\/posts"}],"about":[{"href":"https:\/\/www.notibras.com\/site\/wp-json\/wp\/v2\/types\/post"}],"author":[{"embeddable":true,"href":"https:\/\/www.notibras.com\/site\/wp-json\/wp\/v2\/users\/2"}],"replies":[{"embeddable":true,"href":"https:\/\/www.notibras.com\/site\/wp-json\/wp\/v2\/comments?post=380293"}],"version-history":[{"count":2,"href":"https:\/\/www.notibras.com\/site\/wp-json\/wp\/v2\/posts\/380293\/revisions"}],"predecessor-version":[{"id":380394,"href":"https:\/\/www.notibras.com\/site\/wp-json\/wp\/v2\/posts\/380293\/revisions\/380394"}],"wp:featuredmedia":[{"embeddable":true,"href":"https:\/\/www.notibras.com\/site\/wp-json\/wp\/v2\/media\/380294"}],"wp:attachment":[{"href":"https:\/\/www.notibras.com\/site\/wp-json\/wp\/v2\/media?parent=380293"}],"wp:term":[{"taxonomy":"category","embeddable":true,"href":"https:\/\/www.notibras.com\/site\/wp-json\/wp\/v2\/categories?post=380293"},{"taxonomy":"post_tag","embeddable":true,"href":"https:\/\/www.notibras.com\/site\/wp-json\/wp\/v2\/tags?post=380293"}],"curies":[{"name":"wp","href":"https:\/\/api.w.org\/{rel}","templated":true}]}}