{"id":380304,"date":"2026-01-25T02:15:12","date_gmt":"2026-01-25T05:15:12","guid":{"rendered":"https:\/\/www.notibras.com\/site\/?p=380304"},"modified":"2026-01-25T05:49:35","modified_gmt":"2026-01-25T08:49:35","slug":"um-silencio-atravessa-a-cidade-com-as-folhas-caindo-antes-do-outono","status":"publish","type":"post","link":"https:\/\/www.notibras.com\/site\/um-silencio-atravessa-a-cidade-com-as-folhas-caindo-antes-do-outono\/","title":{"rendered":"Um sil\u00eancio atravessa a cidade com as folhas caindo antes do outono"},"content":{"rendered":"<p>Ultimamente, h\u00e1 um nome que ecoa por todos os cantos, mesmo quando ningu\u00e9m o pronuncia em voz alta. Est\u00e1 nos corredores, nas mesas de caf\u00e9, nas entrelinhas das conversas apressadas. \u00c9 como se a cidade inteira girasse em torno de uma \u00fanica figura, uma sombra grande demais para passar despercebida.<\/p>\n<p>O curioso \u00e9 que, quanto mais se fala, menos se diz. As frases v\u00eam cheias de met\u00e1foras, de pausas longas, de olhares que se cruzam como quem compartilha um segredo coletivo. N\u00e3o se trata apenas de pol\u00edtica, mas de um clima. Um ar pesado, t\u00edpico de fim de esta\u00e7\u00e3o, quando o ver\u00e3o ainda insiste, mas o vento j\u00e1 anuncia mudan\u00e7a.<\/p>\n<p>H\u00e1 quem jure que esse ciclo n\u00e3o ver\u00e1 as folhas ca\u00edrem. Que o calend\u00e1rio ser\u00e1 interrompido antes de chegar ao outono. N\u00e3o por previs\u00e3o meteorol\u00f3gica, mas por pressentimento social: aquele tipo de sensa\u00e7\u00e3o que nasce quando o poder come\u00e7a a ranger por dentro.<\/p>\n<p>E assim seguimos, vivendo dias em que todos falam da mesma coisa sem nunca dizer o nome. Como se bastasse um sussurro para entender que algo est\u00e1 prestes a mudar de esta\u00e7\u00e3o. E que algu\u00e9m deve condenado a, no m\u00ednimo, prestar servi\u00e7os \u00e0 comunidade.<\/p>\n","protected":false},"excerpt":{"rendered":"<p>Ultimamente, h\u00e1 um nome que ecoa por todos os cantos, mesmo quando ningu\u00e9m o pronuncia em voz alta. Est\u00e1 nos corredores, nas mesas de caf\u00e9, nas entrelinhas das conversas apressadas. \u00c9 como se a cidade inteira girasse em torno de uma \u00fanica figura, uma sombra grande demais para passar despercebida. O curioso \u00e9 que, quanto [&hellip;]<\/p>\n","protected":false},"author":21,"featured_media":380305,"comment_status":"closed","ping_status":"closed","sticky":false,"template":"","format":"standard","meta":{"_acf_changed":false,"footnotes":""},"categories":[235],"tags":[95],"class_list":["post-380304","post","type-post","status-publish","format-standard","has-post-thumbnail","hentry","category-dona-irene","tag-capa"],"acf":[],"yoast_head":"<!-- This site is optimized with the Yoast SEO plugin v27.2 - https:\/\/yoast.com\/product\/yoast-seo-wordpress\/ -->\n<title>Um sil\u00eancio atravessa a cidade com as folhas caindo antes do outono - Notibras<\/title>\n<meta name=\"robots\" content=\"index, follow, max-snippet:-1, max-image-preview:large, max-video-preview:-1\" \/>\n<link rel=\"canonical\" href=\"https:\/\/www.notibras.com\/site\/um-silencio-atravessa-a-cidade-com-as-folhas-caindo-antes-do-outono\/\" \/>\n<meta property=\"og:locale\" content=\"pt_BR\" \/>\n<meta property=\"og:type\" content=\"article\" \/>\n<meta property=\"og:title\" content=\"Um sil\u00eancio atravessa a cidade com as folhas caindo antes do outono - Notibras\" \/>\n<meta property=\"og:description\" content=\"Ultimamente, h\u00e1 um nome que ecoa por todos os cantos, mesmo quando ningu\u00e9m o pronuncia em voz alta. Est\u00e1 nos corredores, nas mesas de caf\u00e9, nas entrelinhas das conversas apressadas. \u00c9 como se a cidade inteira girasse em torno de uma \u00fanica figura, uma sombra grande demais para passar despercebida. O curioso \u00e9 que, quanto [&hellip;]\" \/>\n<meta property=\"og:url\" content=\"https:\/\/www.notibras.com\/site\/um-silencio-atravessa-a-cidade-com-as-folhas-caindo-antes-do-outono\/\" \/>\n<meta property=\"og:site_name\" content=\"Notibras\" \/>\n<meta property=\"article:publisher\" content=\"https:\/\/www.facebook.com\/notibras\/\" \/>\n<meta property=\"article:published_time\" content=\"2026-01-25T05:15:12+00:00\" \/>\n<meta property=\"article:modified_time\" content=\"2026-01-25T08:49:35+00:00\" \/>\n<meta property=\"og:image\" content=\"https:\/\/www.notibras.com\/site\/wp-content\/uploads\/2026\/01\/WhatsApp-Image-2026-01-24-at-19.28.18.jpeg\" \/>\n\t<meta property=\"og:image:width\" content=\"1536\" \/>\n\t<meta property=\"og:image:height\" content=\"1024\" \/>\n\t<meta property=\"og:image:type\" content=\"image\/jpeg\" \/>\n<meta name=\"author\" content=\"Eduardo Mart\u00ednez\" \/>\n<meta name=\"twitter:card\" content=\"summary_large_image\" \/>\n<meta name=\"twitter:creator\" content=\"@Notibras\" \/>\n<meta name=\"twitter:site\" content=\"@Notibras\" \/>\n<meta name=\"twitter:label1\" content=\"Escrito por\" \/>\n\t<meta name=\"twitter:data1\" content=\"Eduardo Mart\u00ednez\" \/>\n\t<meta name=\"twitter:label2\" content=\"Est. tempo de leitura\" \/>\n\t<meta name=\"twitter:data2\" content=\"2 minutos\" \/>\n<script type=\"application\/ld+json\" class=\"yoast-schema-graph\">{\"@context\":\"https:\/\/schema.org\",\"@graph\":[{\"@type\":\"Article\",\"@id\":\"https:\/\/www.notibras.com\/site\/um-silencio-atravessa-a-cidade-com-as-folhas-caindo-antes-do-outono\/#article\",\"isPartOf\":{\"@id\":\"https:\/\/www.notibras.com\/site\/um-silencio-atravessa-a-cidade-com-as-folhas-caindo-antes-do-outono\/\"},\"author\":{\"name\":\"Eduardo Mart\u00ednez\",\"@id\":\"https:\/\/www.notibras.com\/site\/#\/schema\/person\/5b7fabf2aedc3ada2105f03b22b4d3dd\"},\"headline\":\"Um sil\u00eancio atravessa a cidade com as folhas caindo antes do outono\",\"datePublished\":\"2026-01-25T05:15:12+00:00\",\"dateModified\":\"2026-01-25T08:49:35+00:00\",\"mainEntityOfPage\":{\"@id\":\"https:\/\/www.notibras.com\/site\/um-silencio-atravessa-a-cidade-com-as-folhas-caindo-antes-do-outono\/\"},\"wordCount\":228,\"publisher\":{\"@id\":\"https:\/\/www.notibras.com\/site\/#organization\"},\"image\":{\"@id\":\"https:\/\/www.notibras.com\/site\/um-silencio-atravessa-a-cidade-com-as-folhas-caindo-antes-do-outono\/#primaryimage\"},\"thumbnailUrl\":\"https:\/\/www.notibras.com\/site\/wp-content\/uploads\/2026\/01\/WhatsApp-Image-2026-01-24-at-19.28.18.jpeg\",\"keywords\":[\"capa\"],\"articleSection\":[\"Dona Irene\"],\"inLanguage\":\"pt-BR\"},{\"@type\":\"WebPage\",\"@id\":\"https:\/\/www.notibras.com\/site\/um-silencio-atravessa-a-cidade-com-as-folhas-caindo-antes-do-outono\/\",\"url\":\"https:\/\/www.notibras.com\/site\/um-silencio-atravessa-a-cidade-com-as-folhas-caindo-antes-do-outono\/\",\"name\":\"Um sil\u00eancio atravessa a cidade com as folhas caindo antes do outono - Notibras\",\"isPartOf\":{\"@id\":\"https:\/\/www.notibras.com\/site\/#website\"},\"primaryImageOfPage\":{\"@id\":\"https:\/\/www.notibras.com\/site\/um-silencio-atravessa-a-cidade-com-as-folhas-caindo-antes-do-outono\/#primaryimage\"},\"image\":{\"@id\":\"https:\/\/www.notibras.com\/site\/um-silencio-atravessa-a-cidade-com-as-folhas-caindo-antes-do-outono\/#primaryimage\"},\"thumbnailUrl\":\"https:\/\/www.notibras.com\/site\/wp-content\/uploads\/2026\/01\/WhatsApp-Image-2026-01-24-at-19.28.18.jpeg\",\"datePublished\":\"2026-01-25T05:15:12+00:00\",\"dateModified\":\"2026-01-25T08:49:35+00:00\",\"breadcrumb\":{\"@id\":\"https:\/\/www.notibras.com\/site\/um-silencio-atravessa-a-cidade-com-as-folhas-caindo-antes-do-outono\/#breadcrumb\"},\"inLanguage\":\"pt-BR\",\"potentialAction\":[{\"@type\":\"ReadAction\",\"target\":[\"https:\/\/www.notibras.com\/site\/um-silencio-atravessa-a-cidade-com-as-folhas-caindo-antes-do-outono\/\"]}]},{\"@type\":\"ImageObject\",\"inLanguage\":\"pt-BR\",\"@id\":\"https:\/\/www.notibras.com\/site\/um-silencio-atravessa-a-cidade-com-as-folhas-caindo-antes-do-outono\/#primaryimage\",\"url\":\"https:\/\/www.notibras.com\/site\/wp-content\/uploads\/2026\/01\/WhatsApp-Image-2026-01-24-at-19.28.18.jpeg\",\"contentUrl\":\"https:\/\/www.notibras.com\/site\/wp-content\/uploads\/2026\/01\/WhatsApp-Image-2026-01-24-at-19.28.18.jpeg\",\"width\":1536,\"height\":1024},{\"@type\":\"BreadcrumbList\",\"@id\":\"https:\/\/www.notibras.com\/site\/um-silencio-atravessa-a-cidade-com-as-folhas-caindo-antes-do-outono\/#breadcrumb\",\"itemListElement\":[{\"@type\":\"ListItem\",\"position\":1,\"name\":\"In\u00edcio\",\"item\":\"https:\/\/www.notibras.com\/site\/\"},{\"@type\":\"ListItem\",\"position\":2,\"name\":\"Um sil\u00eancio atravessa a cidade com as folhas caindo antes do outono\"}]},{\"@type\":\"WebSite\",\"@id\":\"https:\/\/www.notibras.com\/site\/#website\",\"url\":\"https:\/\/www.notibras.com\/site\/\",\"name\":\"Notibras\",\"description\":\"Not\u00edcias de Bras\u00edlia, do Brasil e do Mundo\",\"publisher\":{\"@id\":\"https:\/\/www.notibras.com\/site\/#organization\"},\"potentialAction\":[{\"@type\":\"SearchAction\",\"target\":{\"@type\":\"EntryPoint\",\"urlTemplate\":\"https:\/\/www.notibras.com\/site\/?s={search_term_string}\"},\"query-input\":{\"@type\":\"PropertyValueSpecification\",\"valueRequired\":true,\"valueName\":\"search_term_string\"}}],\"inLanguage\":\"pt-BR\"},{\"@type\":\"Organization\",\"@id\":\"https:\/\/www.notibras.com\/site\/#organization\",\"name\":\"Grupo Notibras de Comunica\u00e7\u00e3o\",\"url\":\"https:\/\/www.notibras.com\/site\/\",\"logo\":{\"@type\":\"ImageObject\",\"inLanguage\":\"pt-BR\",\"@id\":\"https:\/\/www.notibras.com\/site\/#\/schema\/logo\/image\/\",\"url\":\"https:\/\/www.notibras.com\/site\/wp-content\/uploads\/2023\/01\/notibras23.png\",\"contentUrl\":\"https:\/\/www.notibras.com\/site\/wp-content\/uploads\/2023\/01\/notibras23.png\",\"width\":350,\"height\":87,\"caption\":\"Grupo Notibras de Comunica\u00e7\u00e3o\"},\"image\":{\"@id\":\"https:\/\/www.notibras.com\/site\/#\/schema\/logo\/image\/\"},\"sameAs\":[\"https:\/\/www.facebook.com\/notibras\/\",\"https:\/\/x.com\/Notibras\",\"https:\/\/www.instagram.com\/notibras\/\"]},{\"@type\":\"Person\",\"@id\":\"https:\/\/www.notibras.com\/site\/#\/schema\/person\/5b7fabf2aedc3ada2105f03b22b4d3dd\",\"name\":\"Eduardo Mart\u00ednez\",\"image\":{\"@type\":\"ImageObject\",\"inLanguage\":\"pt-BR\",\"@id\":\"https:\/\/secure.gravatar.com\/avatar\/7902f906289926289cbcda644b5197c796b893c6ffd7b9a536a42d290f7704a0?s=96&d=mm&r=g\",\"url\":\"https:\/\/secure.gravatar.com\/avatar\/7902f906289926289cbcda644b5197c796b893c6ffd7b9a536a42d290f7704a0?s=96&d=mm&r=g\",\"contentUrl\":\"https:\/\/secure.gravatar.com\/avatar\/7902f906289926289cbcda644b5197c796b893c6ffd7b9a536a42d290f7704a0?s=96&d=mm&r=g\",\"caption\":\"Eduardo Mart\u00ednez\"}}]}<\/script>\n<!-- \/ Yoast SEO plugin. -->","yoast_head_json":{"title":"Um sil\u00eancio atravessa a cidade com as folhas caindo antes do outono - Notibras","robots":{"index":"index","follow":"follow","max-snippet":"max-snippet:-1","max-image-preview":"max-image-preview:large","max-video-preview":"max-video-preview:-1"},"canonical":"https:\/\/www.notibras.com\/site\/um-silencio-atravessa-a-cidade-com-as-folhas-caindo-antes-do-outono\/","og_locale":"pt_BR","og_type":"article","og_title":"Um sil\u00eancio atravessa a cidade com as folhas caindo antes do outono - Notibras","og_description":"Ultimamente, h\u00e1 um nome que ecoa por todos os cantos, mesmo quando ningu\u00e9m o pronuncia em voz alta. Est\u00e1 nos corredores, nas mesas de caf\u00e9, nas entrelinhas das conversas apressadas. \u00c9 como se a cidade inteira girasse em torno de uma \u00fanica figura, uma sombra grande demais para passar despercebida. O curioso \u00e9 que, quanto [&hellip;]","og_url":"https:\/\/www.notibras.com\/site\/um-silencio-atravessa-a-cidade-com-as-folhas-caindo-antes-do-outono\/","og_site_name":"Notibras","article_publisher":"https:\/\/www.facebook.com\/notibras\/","article_published_time":"2026-01-25T05:15:12+00:00","article_modified_time":"2026-01-25T08:49:35+00:00","og_image":[{"width":1536,"height":1024,"url":"https:\/\/www.notibras.com\/site\/wp-content\/uploads\/2026\/01\/WhatsApp-Image-2026-01-24-at-19.28.18.jpeg","type":"image\/jpeg"}],"author":"Eduardo Mart\u00ednez","twitter_card":"summary_large_image","twitter_creator":"@Notibras","twitter_site":"@Notibras","twitter_misc":{"Escrito por":"Eduardo Mart\u00ednez","Est. tempo de leitura":"2 minutos"},"schema":{"@context":"https:\/\/schema.org","@graph":[{"@type":"Article","@id":"https:\/\/www.notibras.com\/site\/um-silencio-atravessa-a-cidade-com-as-folhas-caindo-antes-do-outono\/#article","isPartOf":{"@id":"https:\/\/www.notibras.com\/site\/um-silencio-atravessa-a-cidade-com-as-folhas-caindo-antes-do-outono\/"},"author":{"name":"Eduardo Mart\u00ednez","@id":"https:\/\/www.notibras.com\/site\/#\/schema\/person\/5b7fabf2aedc3ada2105f03b22b4d3dd"},"headline":"Um sil\u00eancio atravessa a cidade com as folhas caindo antes do outono","datePublished":"2026-01-25T05:15:12+00:00","dateModified":"2026-01-25T08:49:35+00:00","mainEntityOfPage":{"@id":"https:\/\/www.notibras.com\/site\/um-silencio-atravessa-a-cidade-com-as-folhas-caindo-antes-do-outono\/"},"wordCount":228,"publisher":{"@id":"https:\/\/www.notibras.com\/site\/#organization"},"image":{"@id":"https:\/\/www.notibras.com\/site\/um-silencio-atravessa-a-cidade-com-as-folhas-caindo-antes-do-outono\/#primaryimage"},"thumbnailUrl":"https:\/\/www.notibras.com\/site\/wp-content\/uploads\/2026\/01\/WhatsApp-Image-2026-01-24-at-19.28.18.jpeg","keywords":["capa"],"articleSection":["Dona Irene"],"inLanguage":"pt-BR"},{"@type":"WebPage","@id":"https:\/\/www.notibras.com\/site\/um-silencio-atravessa-a-cidade-com-as-folhas-caindo-antes-do-outono\/","url":"https:\/\/www.notibras.com\/site\/um-silencio-atravessa-a-cidade-com-as-folhas-caindo-antes-do-outono\/","name":"Um sil\u00eancio atravessa a cidade com as folhas caindo antes do outono - Notibras","isPartOf":{"@id":"https:\/\/www.notibras.com\/site\/#website"},"primaryImageOfPage":{"@id":"https:\/\/www.notibras.com\/site\/um-silencio-atravessa-a-cidade-com-as-folhas-caindo-antes-do-outono\/#primaryimage"},"image":{"@id":"https:\/\/www.notibras.com\/site\/um-silencio-atravessa-a-cidade-com-as-folhas-caindo-antes-do-outono\/#primaryimage"},"thumbnailUrl":"https:\/\/www.notibras.com\/site\/wp-content\/uploads\/2026\/01\/WhatsApp-Image-2026-01-24-at-19.28.18.jpeg","datePublished":"2026-01-25T05:15:12+00:00","dateModified":"2026-01-25T08:49:35+00:00","breadcrumb":{"@id":"https:\/\/www.notibras.com\/site\/um-silencio-atravessa-a-cidade-com-as-folhas-caindo-antes-do-outono\/#breadcrumb"},"inLanguage":"pt-BR","potentialAction":[{"@type":"ReadAction","target":["https:\/\/www.notibras.com\/site\/um-silencio-atravessa-a-cidade-com-as-folhas-caindo-antes-do-outono\/"]}]},{"@type":"ImageObject","inLanguage":"pt-BR","@id":"https:\/\/www.notibras.com\/site\/um-silencio-atravessa-a-cidade-com-as-folhas-caindo-antes-do-outono\/#primaryimage","url":"https:\/\/www.notibras.com\/site\/wp-content\/uploads\/2026\/01\/WhatsApp-Image-2026-01-24-at-19.28.18.jpeg","contentUrl":"https:\/\/www.notibras.com\/site\/wp-content\/uploads\/2026\/01\/WhatsApp-Image-2026-01-24-at-19.28.18.jpeg","width":1536,"height":1024},{"@type":"BreadcrumbList","@id":"https:\/\/www.notibras.com\/site\/um-silencio-atravessa-a-cidade-com-as-folhas-caindo-antes-do-outono\/#breadcrumb","itemListElement":[{"@type":"ListItem","position":1,"name":"In\u00edcio","item":"https:\/\/www.notibras.com\/site\/"},{"@type":"ListItem","position":2,"name":"Um sil\u00eancio atravessa a cidade com as folhas caindo antes do outono"}]},{"@type":"WebSite","@id":"https:\/\/www.notibras.com\/site\/#website","url":"https:\/\/www.notibras.com\/site\/","name":"Notibras","description":"Not\u00edcias de Bras\u00edlia, do Brasil e do Mundo","publisher":{"@id":"https:\/\/www.notibras.com\/site\/#organization"},"potentialAction":[{"@type":"SearchAction","target":{"@type":"EntryPoint","urlTemplate":"https:\/\/www.notibras.com\/site\/?s={search_term_string}"},"query-input":{"@type":"PropertyValueSpecification","valueRequired":true,"valueName":"search_term_string"}}],"inLanguage":"pt-BR"},{"@type":"Organization","@id":"https:\/\/www.notibras.com\/site\/#organization","name":"Grupo Notibras de Comunica\u00e7\u00e3o","url":"https:\/\/www.notibras.com\/site\/","logo":{"@type":"ImageObject","inLanguage":"pt-BR","@id":"https:\/\/www.notibras.com\/site\/#\/schema\/logo\/image\/","url":"https:\/\/www.notibras.com\/site\/wp-content\/uploads\/2023\/01\/notibras23.png","contentUrl":"https:\/\/www.notibras.com\/site\/wp-content\/uploads\/2023\/01\/notibras23.png","width":350,"height":87,"caption":"Grupo Notibras de Comunica\u00e7\u00e3o"},"image":{"@id":"https:\/\/www.notibras.com\/site\/#\/schema\/logo\/image\/"},"sameAs":["https:\/\/www.facebook.com\/notibras\/","https:\/\/x.com\/Notibras","https:\/\/www.instagram.com\/notibras\/"]},{"@type":"Person","@id":"https:\/\/www.notibras.com\/site\/#\/schema\/person\/5b7fabf2aedc3ada2105f03b22b4d3dd","name":"Eduardo Mart\u00ednez","image":{"@type":"ImageObject","inLanguage":"pt-BR","@id":"https:\/\/secure.gravatar.com\/avatar\/7902f906289926289cbcda644b5197c796b893c6ffd7b9a536a42d290f7704a0?s=96&d=mm&r=g","url":"https:\/\/secure.gravatar.com\/avatar\/7902f906289926289cbcda644b5197c796b893c6ffd7b9a536a42d290f7704a0?s=96&d=mm&r=g","contentUrl":"https:\/\/secure.gravatar.com\/avatar\/7902f906289926289cbcda644b5197c796b893c6ffd7b9a536a42d290f7704a0?s=96&d=mm&r=g","caption":"Eduardo Mart\u00ednez"}}]}},"amp_enabled":true,"_links":{"self":[{"href":"https:\/\/www.notibras.com\/site\/wp-json\/wp\/v2\/posts\/380304","targetHints":{"allow":["GET"]}}],"collection":[{"href":"https:\/\/www.notibras.com\/site\/wp-json\/wp\/v2\/posts"}],"about":[{"href":"https:\/\/www.notibras.com\/site\/wp-json\/wp\/v2\/types\/post"}],"author":[{"embeddable":true,"href":"https:\/\/www.notibras.com\/site\/wp-json\/wp\/v2\/users\/21"}],"replies":[{"embeddable":true,"href":"https:\/\/www.notibras.com\/site\/wp-json\/wp\/v2\/comments?post=380304"}],"version-history":[{"count":7,"href":"https:\/\/www.notibras.com\/site\/wp-json\/wp\/v2\/posts\/380304\/revisions"}],"predecessor-version":[{"id":380447,"href":"https:\/\/www.notibras.com\/site\/wp-json\/wp\/v2\/posts\/380304\/revisions\/380447"}],"wp:featuredmedia":[{"embeddable":true,"href":"https:\/\/www.notibras.com\/site\/wp-json\/wp\/v2\/media\/380305"}],"wp:attachment":[{"href":"https:\/\/www.notibras.com\/site\/wp-json\/wp\/v2\/media?parent=380304"}],"wp:term":[{"taxonomy":"category","embeddable":true,"href":"https:\/\/www.notibras.com\/site\/wp-json\/wp\/v2\/categories?post=380304"},{"taxonomy":"post_tag","embeddable":true,"href":"https:\/\/www.notibras.com\/site\/wp-json\/wp\/v2\/tags?post=380304"}],"curies":[{"name":"wp","href":"https:\/\/api.w.org\/{rel}","templated":true}]}}