{"id":380314,"date":"2026-01-25T00:30:04","date_gmt":"2026-01-25T03:30:04","guid":{"rendered":"https:\/\/www.notibras.com\/site\/?p=380314"},"modified":"2026-01-24T20:51:48","modified_gmt":"2026-01-24T23:51:48","slug":"a-capela","status":"publish","type":"post","link":"https:\/\/www.notibras.com\/site\/a-capela\/","title":{"rendered":"\u00c0 Capela"},"content":{"rendered":"<p>Fa\u00e7o o jogo do contente<br \/>\nInv\u00e9s de apertar os dentes<br \/>\nDou minha aula \u00e0 capela<\/p>\n<p>Algu\u00e9m olha \u00e0 janela<\/p>\n<p>Hip hop eu fui do rock!<br \/>\nbeatbox beatbox<br \/>\nj\u00e1 fui do rock<\/p>\n<p>beatbox beatbox<br \/>\ngraduei em Oxford<\/p>\n<p>beatlemania virou heresia<br \/>\nbeatbox mania virou profecia<\/p>\n<p>beatbox beatbox<br \/>\ngraduei em Oxford<\/p>\n<p>underground eu curtia<br \/>\nbeatbox beatford<br \/>\nbeatbox Ford ford<\/p>\n<p>Que saudade da sanfona<br \/>\nBeatbox sou matrona!<\/p>\n<p>Que saudade dos cafonas<br \/>\nQue saudade dos Mamonas!<\/p>\n<p>Um acerto com um clarim<br \/>\nQuebrou o meu serafim<br \/>\nA minha chicomania<br \/>\nA minha pedagogia<br \/>\nChamaste de chinfrim?<\/p>\n<p>A minha autonomia&#8230;<br \/>\nPor que me desfeiteaste assim?<\/p>\n<p>N\u00e3o quero mais cantar \u00e0 capela<br \/>\nNem ser chamada de chinfrim<br \/>\nN\u00e3o quero mais ouvir balela:<br \/>\nSequestro de querubim&#8230;<\/p>\n<p>Ric roc ric roc<br \/>\nSua avozinha era assim?<\/p>\n<p>Hip hop hip hop<br \/>\nTira a tropa de choque<br \/>\ndevolve o meu clarim!<\/p>\n<p>Sou cor de rosa choque&#8230;<br \/>\nMas tamb\u00e9m gosto de samba<br \/>\nDe uma nota sol&#8230;<br \/>\nNuma praia de bamba!<\/p>\n<p>Por isso n\u00e3o deboche<br \/>\ndo meu atual eStado de Choque<br \/>\ne da minha antiga panaceia deflagrada<br \/>\ne do meu M\u00e1rio de Andaime<br \/>\ne do meu Oper\u00e1rio de Andrade<\/p>\n<p>Ric roc hip hop&#8230;<br \/>\nSua voz tem uma nota s\u00f3?<\/p>\n<p>Sua av\u00f3 \u00e9 assim sol?<\/p>\n<p>Seu samba tem uma nota sol?<br \/>\nOu tem compasso de lua?<\/p>\n<p><strong>&#8230;&#8230;&#8230;&#8230;&#8230;&#8230;&#8230;&#8230;.<\/strong><\/p>\n<p><strong>Edna Domenica \u00e9 cronista e poetisa. Seus escritos perpassam por interferir na guerra cultural pelo combate ao etarismo, \u00e0 misoginia, ao negacionismo, ao machismo e outras express\u00f5es do autoritarismo e do pensamento hegem\u00f4nico. \u00c9 autora de &#8220;O Set\u00eanio&#8221; (T\u00e3o livros, 2024) e co- autora de &#8220;Raps\u00f3dia da Rua da Mooca&#8221; (T\u00e3o livros, no prelo).<\/strong><\/p>\n","protected":false},"excerpt":{"rendered":"<p>Fa\u00e7o o jogo do contente Inv\u00e9s de apertar os dentes Dou minha aula \u00e0 capela Algu\u00e9m olha \u00e0 janela Hip hop eu fui do rock! beatbox beatbox j\u00e1 fui do rock beatbox beatbox graduei em Oxford beatlemania virou heresia beatbox mania virou profecia beatbox beatbox graduei em Oxford underground eu curtia beatbox beatford beatbox Ford [&hellip;]<\/p>\n","protected":false},"author":21,"featured_media":380315,"comment_status":"closed","ping_status":"closed","sticky":false,"template":"","format":"standard","meta":{"_acf_changed":false,"footnotes":""},"categories":[234],"tags":[],"class_list":["post-380314","post","type-post","status-publish","format-standard","has-post-thumbnail","hentry","category-cafe-literario"],"acf":[],"yoast_head":"<!-- This site is optimized with the Yoast SEO plugin v27.2 - https:\/\/yoast.com\/product\/yoast-seo-wordpress\/ -->\n<title>\u00c0 Capela - Notibras<\/title>\n<meta name=\"robots\" content=\"index, follow, max-snippet:-1, max-image-preview:large, max-video-preview:-1\" \/>\n<link rel=\"canonical\" href=\"https:\/\/www.notibras.com\/site\/a-capela\/\" \/>\n<meta property=\"og:locale\" content=\"pt_BR\" \/>\n<meta property=\"og:type\" content=\"article\" \/>\n<meta property=\"og:title\" content=\"\u00c0 Capela - Notibras\" \/>\n<meta property=\"og:description\" content=\"Fa\u00e7o o jogo do contente Inv\u00e9s de apertar os dentes Dou minha aula \u00e0 capela Algu\u00e9m olha \u00e0 janela Hip hop eu fui do rock! beatbox beatbox j\u00e1 fui do rock beatbox beatbox graduei em Oxford beatlemania virou heresia beatbox mania virou profecia beatbox beatbox graduei em Oxford underground eu curtia beatbox beatford beatbox Ford [&hellip;]\" \/>\n<meta property=\"og:url\" content=\"https:\/\/www.notibras.com\/site\/a-capela\/\" \/>\n<meta property=\"og:site_name\" content=\"Notibras\" \/>\n<meta property=\"article:publisher\" content=\"https:\/\/www.facebook.com\/notibras\/\" \/>\n<meta property=\"article:published_time\" content=\"2026-01-25T03:30:04+00:00\" \/>\n<meta property=\"og:image\" content=\"https:\/\/www.notibras.com\/site\/wp-content\/uploads\/2026\/01\/IMG_0585.jpg\" \/>\n\t<meta property=\"og:image:width\" content=\"911\" \/>\n\t<meta property=\"og:image:height\" content=\"971\" \/>\n\t<meta property=\"og:image:type\" content=\"image\/jpeg\" \/>\n<meta name=\"author\" content=\"Eduardo Mart\u00ednez\" \/>\n<meta name=\"twitter:card\" content=\"summary_large_image\" \/>\n<meta name=\"twitter:creator\" content=\"@Notibras\" \/>\n<meta name=\"twitter:site\" content=\"@Notibras\" \/>\n<meta name=\"twitter:label1\" content=\"Escrito por\" \/>\n\t<meta name=\"twitter:data1\" content=\"Eduardo Mart\u00ednez\" \/>\n\t<meta name=\"twitter:label2\" content=\"Est. tempo de leitura\" \/>\n\t<meta name=\"twitter:data2\" content=\"2 minutos\" \/>\n<script type=\"application\/ld+json\" class=\"yoast-schema-graph\">{\"@context\":\"https:\/\/schema.org\",\"@graph\":[{\"@type\":\"Article\",\"@id\":\"https:\/\/www.notibras.com\/site\/a-capela\/#article\",\"isPartOf\":{\"@id\":\"https:\/\/www.notibras.com\/site\/a-capela\/\"},\"author\":{\"name\":\"Eduardo Mart\u00ednez\",\"@id\":\"https:\/\/www.notibras.com\/site\/#\/schema\/person\/5b7fabf2aedc3ada2105f03b22b4d3dd\"},\"headline\":\"\u00c0 Capela\",\"datePublished\":\"2026-01-25T03:30:04+00:00\",\"mainEntityOfPage\":{\"@id\":\"https:\/\/www.notibras.com\/site\/a-capela\/\"},\"wordCount\":271,\"publisher\":{\"@id\":\"https:\/\/www.notibras.com\/site\/#organization\"},\"image\":{\"@id\":\"https:\/\/www.notibras.com\/site\/a-capela\/#primaryimage\"},\"thumbnailUrl\":\"https:\/\/www.notibras.com\/site\/wp-content\/uploads\/2026\/01\/IMG_0585.jpg\",\"articleSection\":[\"Caf\u00e9 Liter\u00e1rio\"],\"inLanguage\":\"pt-BR\"},{\"@type\":\"WebPage\",\"@id\":\"https:\/\/www.notibras.com\/site\/a-capela\/\",\"url\":\"https:\/\/www.notibras.com\/site\/a-capela\/\",\"name\":\"\u00c0 Capela - Notibras\",\"isPartOf\":{\"@id\":\"https:\/\/www.notibras.com\/site\/#website\"},\"primaryImageOfPage\":{\"@id\":\"https:\/\/www.notibras.com\/site\/a-capela\/#primaryimage\"},\"image\":{\"@id\":\"https:\/\/www.notibras.com\/site\/a-capela\/#primaryimage\"},\"thumbnailUrl\":\"https:\/\/www.notibras.com\/site\/wp-content\/uploads\/2026\/01\/IMG_0585.jpg\",\"datePublished\":\"2026-01-25T03:30:04+00:00\",\"breadcrumb\":{\"@id\":\"https:\/\/www.notibras.com\/site\/a-capela\/#breadcrumb\"},\"inLanguage\":\"pt-BR\",\"potentialAction\":[{\"@type\":\"ReadAction\",\"target\":[\"https:\/\/www.notibras.com\/site\/a-capela\/\"]}]},{\"@type\":\"ImageObject\",\"inLanguage\":\"pt-BR\",\"@id\":\"https:\/\/www.notibras.com\/site\/a-capela\/#primaryimage\",\"url\":\"https:\/\/www.notibras.com\/site\/wp-content\/uploads\/2026\/01\/IMG_0585.jpg\",\"contentUrl\":\"https:\/\/www.notibras.com\/site\/wp-content\/uploads\/2026\/01\/IMG_0585.jpg\",\"width\":911,\"height\":971},{\"@type\":\"BreadcrumbList\",\"@id\":\"https:\/\/www.notibras.com\/site\/a-capela\/#breadcrumb\",\"itemListElement\":[{\"@type\":\"ListItem\",\"position\":1,\"name\":\"In\u00edcio\",\"item\":\"https:\/\/www.notibras.com\/site\/\"},{\"@type\":\"ListItem\",\"position\":2,\"name\":\"\u00c0 Capela\"}]},{\"@type\":\"WebSite\",\"@id\":\"https:\/\/www.notibras.com\/site\/#website\",\"url\":\"https:\/\/www.notibras.com\/site\/\",\"name\":\"Notibras\",\"description\":\"Not\u00edcias de Bras\u00edlia, do Brasil e do Mundo\",\"publisher\":{\"@id\":\"https:\/\/www.notibras.com\/site\/#organization\"},\"potentialAction\":[{\"@type\":\"SearchAction\",\"target\":{\"@type\":\"EntryPoint\",\"urlTemplate\":\"https:\/\/www.notibras.com\/site\/?s={search_term_string}\"},\"query-input\":{\"@type\":\"PropertyValueSpecification\",\"valueRequired\":true,\"valueName\":\"search_term_string\"}}],\"inLanguage\":\"pt-BR\"},{\"@type\":\"Organization\",\"@id\":\"https:\/\/www.notibras.com\/site\/#organization\",\"name\":\"Grupo Notibras de Comunica\u00e7\u00e3o\",\"url\":\"https:\/\/www.notibras.com\/site\/\",\"logo\":{\"@type\":\"ImageObject\",\"inLanguage\":\"pt-BR\",\"@id\":\"https:\/\/www.notibras.com\/site\/#\/schema\/logo\/image\/\",\"url\":\"https:\/\/www.notibras.com\/site\/wp-content\/uploads\/2023\/01\/notibras23.png\",\"contentUrl\":\"https:\/\/www.notibras.com\/site\/wp-content\/uploads\/2023\/01\/notibras23.png\",\"width\":350,\"height\":87,\"caption\":\"Grupo Notibras de Comunica\u00e7\u00e3o\"},\"image\":{\"@id\":\"https:\/\/www.notibras.com\/site\/#\/schema\/logo\/image\/\"},\"sameAs\":[\"https:\/\/www.facebook.com\/notibras\/\",\"https:\/\/x.com\/Notibras\",\"https:\/\/www.instagram.com\/notibras\/\"]},{\"@type\":\"Person\",\"@id\":\"https:\/\/www.notibras.com\/site\/#\/schema\/person\/5b7fabf2aedc3ada2105f03b22b4d3dd\",\"name\":\"Eduardo Mart\u00ednez\",\"image\":{\"@type\":\"ImageObject\",\"inLanguage\":\"pt-BR\",\"@id\":\"https:\/\/secure.gravatar.com\/avatar\/7902f906289926289cbcda644b5197c796b893c6ffd7b9a536a42d290f7704a0?s=96&d=mm&r=g\",\"url\":\"https:\/\/secure.gravatar.com\/avatar\/7902f906289926289cbcda644b5197c796b893c6ffd7b9a536a42d290f7704a0?s=96&d=mm&r=g\",\"contentUrl\":\"https:\/\/secure.gravatar.com\/avatar\/7902f906289926289cbcda644b5197c796b893c6ffd7b9a536a42d290f7704a0?s=96&d=mm&r=g\",\"caption\":\"Eduardo Mart\u00ednez\"}}]}<\/script>\n<!-- \/ Yoast SEO plugin. -->","yoast_head_json":{"title":"\u00c0 Capela - Notibras","robots":{"index":"index","follow":"follow","max-snippet":"max-snippet:-1","max-image-preview":"max-image-preview:large","max-video-preview":"max-video-preview:-1"},"canonical":"https:\/\/www.notibras.com\/site\/a-capela\/","og_locale":"pt_BR","og_type":"article","og_title":"\u00c0 Capela - Notibras","og_description":"Fa\u00e7o o jogo do contente Inv\u00e9s de apertar os dentes Dou minha aula \u00e0 capela Algu\u00e9m olha \u00e0 janela Hip hop eu fui do rock! beatbox beatbox j\u00e1 fui do rock beatbox beatbox graduei em Oxford beatlemania virou heresia beatbox mania virou profecia beatbox beatbox graduei em Oxford underground eu curtia beatbox beatford beatbox Ford [&hellip;]","og_url":"https:\/\/www.notibras.com\/site\/a-capela\/","og_site_name":"Notibras","article_publisher":"https:\/\/www.facebook.com\/notibras\/","article_published_time":"2026-01-25T03:30:04+00:00","og_image":[{"width":911,"height":971,"url":"https:\/\/www.notibras.com\/site\/wp-content\/uploads\/2026\/01\/IMG_0585.jpg","type":"image\/jpeg"}],"author":"Eduardo Mart\u00ednez","twitter_card":"summary_large_image","twitter_creator":"@Notibras","twitter_site":"@Notibras","twitter_misc":{"Escrito por":"Eduardo Mart\u00ednez","Est. tempo de leitura":"2 minutos"},"schema":{"@context":"https:\/\/schema.org","@graph":[{"@type":"Article","@id":"https:\/\/www.notibras.com\/site\/a-capela\/#article","isPartOf":{"@id":"https:\/\/www.notibras.com\/site\/a-capela\/"},"author":{"name":"Eduardo Mart\u00ednez","@id":"https:\/\/www.notibras.com\/site\/#\/schema\/person\/5b7fabf2aedc3ada2105f03b22b4d3dd"},"headline":"\u00c0 Capela","datePublished":"2026-01-25T03:30:04+00:00","mainEntityOfPage":{"@id":"https:\/\/www.notibras.com\/site\/a-capela\/"},"wordCount":271,"publisher":{"@id":"https:\/\/www.notibras.com\/site\/#organization"},"image":{"@id":"https:\/\/www.notibras.com\/site\/a-capela\/#primaryimage"},"thumbnailUrl":"https:\/\/www.notibras.com\/site\/wp-content\/uploads\/2026\/01\/IMG_0585.jpg","articleSection":["Caf\u00e9 Liter\u00e1rio"],"inLanguage":"pt-BR"},{"@type":"WebPage","@id":"https:\/\/www.notibras.com\/site\/a-capela\/","url":"https:\/\/www.notibras.com\/site\/a-capela\/","name":"\u00c0 Capela - Notibras","isPartOf":{"@id":"https:\/\/www.notibras.com\/site\/#website"},"primaryImageOfPage":{"@id":"https:\/\/www.notibras.com\/site\/a-capela\/#primaryimage"},"image":{"@id":"https:\/\/www.notibras.com\/site\/a-capela\/#primaryimage"},"thumbnailUrl":"https:\/\/www.notibras.com\/site\/wp-content\/uploads\/2026\/01\/IMG_0585.jpg","datePublished":"2026-01-25T03:30:04+00:00","breadcrumb":{"@id":"https:\/\/www.notibras.com\/site\/a-capela\/#breadcrumb"},"inLanguage":"pt-BR","potentialAction":[{"@type":"ReadAction","target":["https:\/\/www.notibras.com\/site\/a-capela\/"]}]},{"@type":"ImageObject","inLanguage":"pt-BR","@id":"https:\/\/www.notibras.com\/site\/a-capela\/#primaryimage","url":"https:\/\/www.notibras.com\/site\/wp-content\/uploads\/2026\/01\/IMG_0585.jpg","contentUrl":"https:\/\/www.notibras.com\/site\/wp-content\/uploads\/2026\/01\/IMG_0585.jpg","width":911,"height":971},{"@type":"BreadcrumbList","@id":"https:\/\/www.notibras.com\/site\/a-capela\/#breadcrumb","itemListElement":[{"@type":"ListItem","position":1,"name":"In\u00edcio","item":"https:\/\/www.notibras.com\/site\/"},{"@type":"ListItem","position":2,"name":"\u00c0 Capela"}]},{"@type":"WebSite","@id":"https:\/\/www.notibras.com\/site\/#website","url":"https:\/\/www.notibras.com\/site\/","name":"Notibras","description":"Not\u00edcias de Bras\u00edlia, do Brasil e do Mundo","publisher":{"@id":"https:\/\/www.notibras.com\/site\/#organization"},"potentialAction":[{"@type":"SearchAction","target":{"@type":"EntryPoint","urlTemplate":"https:\/\/www.notibras.com\/site\/?s={search_term_string}"},"query-input":{"@type":"PropertyValueSpecification","valueRequired":true,"valueName":"search_term_string"}}],"inLanguage":"pt-BR"},{"@type":"Organization","@id":"https:\/\/www.notibras.com\/site\/#organization","name":"Grupo Notibras de Comunica\u00e7\u00e3o","url":"https:\/\/www.notibras.com\/site\/","logo":{"@type":"ImageObject","inLanguage":"pt-BR","@id":"https:\/\/www.notibras.com\/site\/#\/schema\/logo\/image\/","url":"https:\/\/www.notibras.com\/site\/wp-content\/uploads\/2023\/01\/notibras23.png","contentUrl":"https:\/\/www.notibras.com\/site\/wp-content\/uploads\/2023\/01\/notibras23.png","width":350,"height":87,"caption":"Grupo Notibras de Comunica\u00e7\u00e3o"},"image":{"@id":"https:\/\/www.notibras.com\/site\/#\/schema\/logo\/image\/"},"sameAs":["https:\/\/www.facebook.com\/notibras\/","https:\/\/x.com\/Notibras","https:\/\/www.instagram.com\/notibras\/"]},{"@type":"Person","@id":"https:\/\/www.notibras.com\/site\/#\/schema\/person\/5b7fabf2aedc3ada2105f03b22b4d3dd","name":"Eduardo Mart\u00ednez","image":{"@type":"ImageObject","inLanguage":"pt-BR","@id":"https:\/\/secure.gravatar.com\/avatar\/7902f906289926289cbcda644b5197c796b893c6ffd7b9a536a42d290f7704a0?s=96&d=mm&r=g","url":"https:\/\/secure.gravatar.com\/avatar\/7902f906289926289cbcda644b5197c796b893c6ffd7b9a536a42d290f7704a0?s=96&d=mm&r=g","contentUrl":"https:\/\/secure.gravatar.com\/avatar\/7902f906289926289cbcda644b5197c796b893c6ffd7b9a536a42d290f7704a0?s=96&d=mm&r=g","caption":"Eduardo Mart\u00ednez"}}]}},"amp_enabled":true,"_links":{"self":[{"href":"https:\/\/www.notibras.com\/site\/wp-json\/wp\/v2\/posts\/380314","targetHints":{"allow":["GET"]}}],"collection":[{"href":"https:\/\/www.notibras.com\/site\/wp-json\/wp\/v2\/posts"}],"about":[{"href":"https:\/\/www.notibras.com\/site\/wp-json\/wp\/v2\/types\/post"}],"author":[{"embeddable":true,"href":"https:\/\/www.notibras.com\/site\/wp-json\/wp\/v2\/users\/21"}],"replies":[{"embeddable":true,"href":"https:\/\/www.notibras.com\/site\/wp-json\/wp\/v2\/comments?post=380314"}],"version-history":[{"count":2,"href":"https:\/\/www.notibras.com\/site\/wp-json\/wp\/v2\/posts\/380314\/revisions"}],"predecessor-version":[{"id":380317,"href":"https:\/\/www.notibras.com\/site\/wp-json\/wp\/v2\/posts\/380314\/revisions\/380317"}],"wp:featuredmedia":[{"embeddable":true,"href":"https:\/\/www.notibras.com\/site\/wp-json\/wp\/v2\/media\/380315"}],"wp:attachment":[{"href":"https:\/\/www.notibras.com\/site\/wp-json\/wp\/v2\/media?parent=380314"}],"wp:term":[{"taxonomy":"category","embeddable":true,"href":"https:\/\/www.notibras.com\/site\/wp-json\/wp\/v2\/categories?post=380314"},{"taxonomy":"post_tag","embeddable":true,"href":"https:\/\/www.notibras.com\/site\/wp-json\/wp\/v2\/tags?post=380314"}],"curies":[{"name":"wp","href":"https:\/\/api.w.org\/{rel}","templated":true}]}}