{"id":380318,"date":"2026-01-25T02:00:34","date_gmt":"2026-01-25T05:00:34","guid":{"rendered":"https:\/\/www.notibras.com\/site\/?p=380318"},"modified":"2026-01-25T02:57:24","modified_gmt":"2026-01-25T05:57:24","slug":"tarde-de-celebracao-marca-aniversarios-em-familia","status":"publish","type":"post","link":"https:\/\/www.notibras.com\/site\/tarde-de-celebracao-marca-aniversarios-em-familia\/","title":{"rendered":"Tarde de celebra\u00e7\u00e3o marca anivers\u00e1rios em fam\u00edlia"},"content":{"rendered":"<p>Na tarde ensolarada do s\u00e1bado, 24, o bairro de \u00c1guas Claras foi palco de um encontro marcado por afeto, eleg\u00e2ncia e boas conversas. Amigos e familiares se reuniram para celebrar o anivers\u00e1rio do renomado jornalista Jos\u00e9 Seabra, figura querida e respeitada da cena brasiliense.<\/p>\n<p>A comemora\u00e7\u00e3o reuniu nomes ilustres da sociedade local, em um ambiente de alegria e confraterniza\u00e7\u00e3o. O evento teve ainda um motivo duplamente especial: tamb\u00e9m foram celebrados os 19 anos de Yasmin, uma das netas do jornalista, que encantou a todos com sua juventude e simpatia.<\/p>\n<p style=\"text-align: center;\"><img loading=\"lazy\" decoding=\"async\" class=\"alignnone size-medium wp-image-380320\" src=\"https:\/\/www.notibras.com\/site\/wp-content\/uploads\/2026\/01\/WhatsApp-Image-2026-01-24-at-20.53.06-1-300x225.jpeg\" alt=\"\" width=\"300\" height=\"225\" srcset=\"https:\/\/www.notibras.com\/site\/wp-content\/uploads\/2026\/01\/WhatsApp-Image-2026-01-24-at-20.53.06-1-300x225.jpeg 300w, https:\/\/www.notibras.com\/site\/wp-content\/uploads\/2026\/01\/WhatsApp-Image-2026-01-24-at-20.53.06-1-1024x768.jpeg 1024w, https:\/\/www.notibras.com\/site\/wp-content\/uploads\/2026\/01\/WhatsApp-Image-2026-01-24-at-20.53.06-1-768x576.jpeg 768w, https:\/\/www.notibras.com\/site\/wp-content\/uploads\/2026\/01\/WhatsApp-Image-2026-01-24-at-20.53.06-1.jpeg 1280w\" sizes=\"auto, (max-width: 300px) 100vw, 300px\" \/><\/p>\n<p>Entre abra\u00e7os, sorrisos e votos de felicidade, a tarde foi marcada por mem\u00f3rias, reconhecimento e muito carinho familiar, exatamente como pede uma boa celebra\u00e7\u00e3o.<\/p>\n<p>Felicidades \u00e0 fam\u00edlia Seabra!<\/p>\n","protected":false},"excerpt":{"rendered":"<p>Na tarde ensolarada do s\u00e1bado, 24, o bairro de \u00c1guas Claras foi palco de um encontro marcado por afeto, eleg\u00e2ncia e boas conversas. Amigos e familiares se reuniram para celebrar o anivers\u00e1rio do renomado jornalista Jos\u00e9 Seabra, figura querida e respeitada da cena brasiliense. A comemora\u00e7\u00e3o reuniu nomes ilustres da sociedade local, em um ambiente [&hellip;]<\/p>\n","protected":false},"author":21,"featured_media":380319,"comment_status":"closed","ping_status":"closed","sticky":false,"template":"","format":"standard","meta":{"_acf_changed":false,"footnotes":""},"categories":[235],"tags":[],"class_list":["post-380318","post","type-post","status-publish","format-standard","has-post-thumbnail","hentry","category-dona-irene"],"acf":[],"yoast_head":"<!-- This site is optimized with the Yoast SEO plugin v27.2 - https:\/\/yoast.com\/product\/yoast-seo-wordpress\/ -->\n<title>Tarde de celebra\u00e7\u00e3o marca anivers\u00e1rios em fam\u00edlia - Notibras<\/title>\n<meta name=\"robots\" content=\"index, follow, max-snippet:-1, max-image-preview:large, max-video-preview:-1\" \/>\n<link rel=\"canonical\" href=\"https:\/\/www.notibras.com\/site\/tarde-de-celebracao-marca-aniversarios-em-familia\/\" \/>\n<meta property=\"og:locale\" content=\"pt_BR\" \/>\n<meta property=\"og:type\" content=\"article\" \/>\n<meta property=\"og:title\" content=\"Tarde de celebra\u00e7\u00e3o marca anivers\u00e1rios em fam\u00edlia - Notibras\" \/>\n<meta property=\"og:description\" content=\"Na tarde ensolarada do s\u00e1bado, 24, o bairro de \u00c1guas Claras foi palco de um encontro marcado por afeto, eleg\u00e2ncia e boas conversas. Amigos e familiares se reuniram para celebrar o anivers\u00e1rio do renomado jornalista Jos\u00e9 Seabra, figura querida e respeitada da cena brasiliense. A comemora\u00e7\u00e3o reuniu nomes ilustres da sociedade local, em um ambiente [&hellip;]\" \/>\n<meta property=\"og:url\" content=\"https:\/\/www.notibras.com\/site\/tarde-de-celebracao-marca-aniversarios-em-familia\/\" \/>\n<meta property=\"og:site_name\" content=\"Notibras\" \/>\n<meta property=\"article:publisher\" content=\"https:\/\/www.facebook.com\/notibras\/\" \/>\n<meta property=\"article:published_time\" content=\"2026-01-25T05:00:34+00:00\" \/>\n<meta property=\"article:modified_time\" content=\"2026-01-25T05:57:24+00:00\" \/>\n<meta property=\"og:image\" content=\"https:\/\/www.notibras.com\/site\/wp-content\/uploads\/2026\/01\/WhatsApp-Image-2026-01-24-at-20.51.28.jpeg\" \/>\n\t<meta property=\"og:image:width\" content=\"1280\" \/>\n\t<meta property=\"og:image:height\" content=\"960\" \/>\n\t<meta property=\"og:image:type\" content=\"image\/jpeg\" \/>\n<meta name=\"author\" content=\"Eduardo Mart\u00ednez\" \/>\n<meta name=\"twitter:card\" content=\"summary_large_image\" \/>\n<meta name=\"twitter:creator\" content=\"@Notibras\" \/>\n<meta name=\"twitter:site\" content=\"@Notibras\" \/>\n<meta name=\"twitter:label1\" content=\"Escrito por\" \/>\n\t<meta name=\"twitter:data1\" content=\"Eduardo Mart\u00ednez\" \/>\n\t<meta name=\"twitter:label2\" content=\"Est. tempo de leitura\" \/>\n\t<meta name=\"twitter:data2\" content=\"2 minutos\" \/>\n<script type=\"application\/ld+json\" class=\"yoast-schema-graph\">{\"@context\":\"https:\/\/schema.org\",\"@graph\":[{\"@type\":\"Article\",\"@id\":\"https:\/\/www.notibras.com\/site\/tarde-de-celebracao-marca-aniversarios-em-familia\/#article\",\"isPartOf\":{\"@id\":\"https:\/\/www.notibras.com\/site\/tarde-de-celebracao-marca-aniversarios-em-familia\/\"},\"author\":{\"name\":\"Eduardo Mart\u00ednez\",\"@id\":\"https:\/\/www.notibras.com\/site\/#\/schema\/person\/5b7fabf2aedc3ada2105f03b22b4d3dd\"},\"headline\":\"Tarde de celebra\u00e7\u00e3o marca anivers\u00e1rios em fam\u00edlia\",\"datePublished\":\"2026-01-25T05:00:34+00:00\",\"dateModified\":\"2026-01-25T05:57:24+00:00\",\"mainEntityOfPage\":{\"@id\":\"https:\/\/www.notibras.com\/site\/tarde-de-celebracao-marca-aniversarios-em-familia\/\"},\"wordCount\":134,\"publisher\":{\"@id\":\"https:\/\/www.notibras.com\/site\/#organization\"},\"image\":{\"@id\":\"https:\/\/www.notibras.com\/site\/tarde-de-celebracao-marca-aniversarios-em-familia\/#primaryimage\"},\"thumbnailUrl\":\"https:\/\/www.notibras.com\/site\/wp-content\/uploads\/2026\/01\/WhatsApp-Image-2026-01-24-at-20.51.28.jpeg\",\"articleSection\":[\"Dona Irene\"],\"inLanguage\":\"pt-BR\"},{\"@type\":\"WebPage\",\"@id\":\"https:\/\/www.notibras.com\/site\/tarde-de-celebracao-marca-aniversarios-em-familia\/\",\"url\":\"https:\/\/www.notibras.com\/site\/tarde-de-celebracao-marca-aniversarios-em-familia\/\",\"name\":\"Tarde de celebra\u00e7\u00e3o marca anivers\u00e1rios em fam\u00edlia - Notibras\",\"isPartOf\":{\"@id\":\"https:\/\/www.notibras.com\/site\/#website\"},\"primaryImageOfPage\":{\"@id\":\"https:\/\/www.notibras.com\/site\/tarde-de-celebracao-marca-aniversarios-em-familia\/#primaryimage\"},\"image\":{\"@id\":\"https:\/\/www.notibras.com\/site\/tarde-de-celebracao-marca-aniversarios-em-familia\/#primaryimage\"},\"thumbnailUrl\":\"https:\/\/www.notibras.com\/site\/wp-content\/uploads\/2026\/01\/WhatsApp-Image-2026-01-24-at-20.51.28.jpeg\",\"datePublished\":\"2026-01-25T05:00:34+00:00\",\"dateModified\":\"2026-01-25T05:57:24+00:00\",\"breadcrumb\":{\"@id\":\"https:\/\/www.notibras.com\/site\/tarde-de-celebracao-marca-aniversarios-em-familia\/#breadcrumb\"},\"inLanguage\":\"pt-BR\",\"potentialAction\":[{\"@type\":\"ReadAction\",\"target\":[\"https:\/\/www.notibras.com\/site\/tarde-de-celebracao-marca-aniversarios-em-familia\/\"]}]},{\"@type\":\"ImageObject\",\"inLanguage\":\"pt-BR\",\"@id\":\"https:\/\/www.notibras.com\/site\/tarde-de-celebracao-marca-aniversarios-em-familia\/#primaryimage\",\"url\":\"https:\/\/www.notibras.com\/site\/wp-content\/uploads\/2026\/01\/WhatsApp-Image-2026-01-24-at-20.51.28.jpeg\",\"contentUrl\":\"https:\/\/www.notibras.com\/site\/wp-content\/uploads\/2026\/01\/WhatsApp-Image-2026-01-24-at-20.51.28.jpeg\",\"width\":1280,\"height\":960},{\"@type\":\"BreadcrumbList\",\"@id\":\"https:\/\/www.notibras.com\/site\/tarde-de-celebracao-marca-aniversarios-em-familia\/#breadcrumb\",\"itemListElement\":[{\"@type\":\"ListItem\",\"position\":1,\"name\":\"In\u00edcio\",\"item\":\"https:\/\/www.notibras.com\/site\/\"},{\"@type\":\"ListItem\",\"position\":2,\"name\":\"Tarde de celebra\u00e7\u00e3o marca anivers\u00e1rios em fam\u00edlia\"}]},{\"@type\":\"WebSite\",\"@id\":\"https:\/\/www.notibras.com\/site\/#website\",\"url\":\"https:\/\/www.notibras.com\/site\/\",\"name\":\"Notibras\",\"description\":\"Not\u00edcias de Bras\u00edlia, do Brasil e do Mundo\",\"publisher\":{\"@id\":\"https:\/\/www.notibras.com\/site\/#organization\"},\"potentialAction\":[{\"@type\":\"SearchAction\",\"target\":{\"@type\":\"EntryPoint\",\"urlTemplate\":\"https:\/\/www.notibras.com\/site\/?s={search_term_string}\"},\"query-input\":{\"@type\":\"PropertyValueSpecification\",\"valueRequired\":true,\"valueName\":\"search_term_string\"}}],\"inLanguage\":\"pt-BR\"},{\"@type\":\"Organization\",\"@id\":\"https:\/\/www.notibras.com\/site\/#organization\",\"name\":\"Grupo Notibras de Comunica\u00e7\u00e3o\",\"url\":\"https:\/\/www.notibras.com\/site\/\",\"logo\":{\"@type\":\"ImageObject\",\"inLanguage\":\"pt-BR\",\"@id\":\"https:\/\/www.notibras.com\/site\/#\/schema\/logo\/image\/\",\"url\":\"https:\/\/www.notibras.com\/site\/wp-content\/uploads\/2023\/01\/notibras23.png\",\"contentUrl\":\"https:\/\/www.notibras.com\/site\/wp-content\/uploads\/2023\/01\/notibras23.png\",\"width\":350,\"height\":87,\"caption\":\"Grupo Notibras de Comunica\u00e7\u00e3o\"},\"image\":{\"@id\":\"https:\/\/www.notibras.com\/site\/#\/schema\/logo\/image\/\"},\"sameAs\":[\"https:\/\/www.facebook.com\/notibras\/\",\"https:\/\/x.com\/Notibras\",\"https:\/\/www.instagram.com\/notibras\/\"]},{\"@type\":\"Person\",\"@id\":\"https:\/\/www.notibras.com\/site\/#\/schema\/person\/5b7fabf2aedc3ada2105f03b22b4d3dd\",\"name\":\"Eduardo Mart\u00ednez\",\"image\":{\"@type\":\"ImageObject\",\"inLanguage\":\"pt-BR\",\"@id\":\"https:\/\/secure.gravatar.com\/avatar\/7902f906289926289cbcda644b5197c796b893c6ffd7b9a536a42d290f7704a0?s=96&d=mm&r=g\",\"url\":\"https:\/\/secure.gravatar.com\/avatar\/7902f906289926289cbcda644b5197c796b893c6ffd7b9a536a42d290f7704a0?s=96&d=mm&r=g\",\"contentUrl\":\"https:\/\/secure.gravatar.com\/avatar\/7902f906289926289cbcda644b5197c796b893c6ffd7b9a536a42d290f7704a0?s=96&d=mm&r=g\",\"caption\":\"Eduardo Mart\u00ednez\"}}]}<\/script>\n<!-- \/ Yoast SEO plugin. -->","yoast_head_json":{"title":"Tarde de celebra\u00e7\u00e3o marca anivers\u00e1rios em fam\u00edlia - Notibras","robots":{"index":"index","follow":"follow","max-snippet":"max-snippet:-1","max-image-preview":"max-image-preview:large","max-video-preview":"max-video-preview:-1"},"canonical":"https:\/\/www.notibras.com\/site\/tarde-de-celebracao-marca-aniversarios-em-familia\/","og_locale":"pt_BR","og_type":"article","og_title":"Tarde de celebra\u00e7\u00e3o marca anivers\u00e1rios em fam\u00edlia - Notibras","og_description":"Na tarde ensolarada do s\u00e1bado, 24, o bairro de \u00c1guas Claras foi palco de um encontro marcado por afeto, eleg\u00e2ncia e boas conversas. Amigos e familiares se reuniram para celebrar o anivers\u00e1rio do renomado jornalista Jos\u00e9 Seabra, figura querida e respeitada da cena brasiliense. A comemora\u00e7\u00e3o reuniu nomes ilustres da sociedade local, em um ambiente [&hellip;]","og_url":"https:\/\/www.notibras.com\/site\/tarde-de-celebracao-marca-aniversarios-em-familia\/","og_site_name":"Notibras","article_publisher":"https:\/\/www.facebook.com\/notibras\/","article_published_time":"2026-01-25T05:00:34+00:00","article_modified_time":"2026-01-25T05:57:24+00:00","og_image":[{"width":1280,"height":960,"url":"https:\/\/www.notibras.com\/site\/wp-content\/uploads\/2026\/01\/WhatsApp-Image-2026-01-24-at-20.51.28.jpeg","type":"image\/jpeg"}],"author":"Eduardo Mart\u00ednez","twitter_card":"summary_large_image","twitter_creator":"@Notibras","twitter_site":"@Notibras","twitter_misc":{"Escrito por":"Eduardo Mart\u00ednez","Est. tempo de leitura":"2 minutos"},"schema":{"@context":"https:\/\/schema.org","@graph":[{"@type":"Article","@id":"https:\/\/www.notibras.com\/site\/tarde-de-celebracao-marca-aniversarios-em-familia\/#article","isPartOf":{"@id":"https:\/\/www.notibras.com\/site\/tarde-de-celebracao-marca-aniversarios-em-familia\/"},"author":{"name":"Eduardo Mart\u00ednez","@id":"https:\/\/www.notibras.com\/site\/#\/schema\/person\/5b7fabf2aedc3ada2105f03b22b4d3dd"},"headline":"Tarde de celebra\u00e7\u00e3o marca anivers\u00e1rios em fam\u00edlia","datePublished":"2026-01-25T05:00:34+00:00","dateModified":"2026-01-25T05:57:24+00:00","mainEntityOfPage":{"@id":"https:\/\/www.notibras.com\/site\/tarde-de-celebracao-marca-aniversarios-em-familia\/"},"wordCount":134,"publisher":{"@id":"https:\/\/www.notibras.com\/site\/#organization"},"image":{"@id":"https:\/\/www.notibras.com\/site\/tarde-de-celebracao-marca-aniversarios-em-familia\/#primaryimage"},"thumbnailUrl":"https:\/\/www.notibras.com\/site\/wp-content\/uploads\/2026\/01\/WhatsApp-Image-2026-01-24-at-20.51.28.jpeg","articleSection":["Dona Irene"],"inLanguage":"pt-BR"},{"@type":"WebPage","@id":"https:\/\/www.notibras.com\/site\/tarde-de-celebracao-marca-aniversarios-em-familia\/","url":"https:\/\/www.notibras.com\/site\/tarde-de-celebracao-marca-aniversarios-em-familia\/","name":"Tarde de celebra\u00e7\u00e3o marca anivers\u00e1rios em fam\u00edlia - Notibras","isPartOf":{"@id":"https:\/\/www.notibras.com\/site\/#website"},"primaryImageOfPage":{"@id":"https:\/\/www.notibras.com\/site\/tarde-de-celebracao-marca-aniversarios-em-familia\/#primaryimage"},"image":{"@id":"https:\/\/www.notibras.com\/site\/tarde-de-celebracao-marca-aniversarios-em-familia\/#primaryimage"},"thumbnailUrl":"https:\/\/www.notibras.com\/site\/wp-content\/uploads\/2026\/01\/WhatsApp-Image-2026-01-24-at-20.51.28.jpeg","datePublished":"2026-01-25T05:00:34+00:00","dateModified":"2026-01-25T05:57:24+00:00","breadcrumb":{"@id":"https:\/\/www.notibras.com\/site\/tarde-de-celebracao-marca-aniversarios-em-familia\/#breadcrumb"},"inLanguage":"pt-BR","potentialAction":[{"@type":"ReadAction","target":["https:\/\/www.notibras.com\/site\/tarde-de-celebracao-marca-aniversarios-em-familia\/"]}]},{"@type":"ImageObject","inLanguage":"pt-BR","@id":"https:\/\/www.notibras.com\/site\/tarde-de-celebracao-marca-aniversarios-em-familia\/#primaryimage","url":"https:\/\/www.notibras.com\/site\/wp-content\/uploads\/2026\/01\/WhatsApp-Image-2026-01-24-at-20.51.28.jpeg","contentUrl":"https:\/\/www.notibras.com\/site\/wp-content\/uploads\/2026\/01\/WhatsApp-Image-2026-01-24-at-20.51.28.jpeg","width":1280,"height":960},{"@type":"BreadcrumbList","@id":"https:\/\/www.notibras.com\/site\/tarde-de-celebracao-marca-aniversarios-em-familia\/#breadcrumb","itemListElement":[{"@type":"ListItem","position":1,"name":"In\u00edcio","item":"https:\/\/www.notibras.com\/site\/"},{"@type":"ListItem","position":2,"name":"Tarde de celebra\u00e7\u00e3o marca anivers\u00e1rios em fam\u00edlia"}]},{"@type":"WebSite","@id":"https:\/\/www.notibras.com\/site\/#website","url":"https:\/\/www.notibras.com\/site\/","name":"Notibras","description":"Not\u00edcias de Bras\u00edlia, do Brasil e do Mundo","publisher":{"@id":"https:\/\/www.notibras.com\/site\/#organization"},"potentialAction":[{"@type":"SearchAction","target":{"@type":"EntryPoint","urlTemplate":"https:\/\/www.notibras.com\/site\/?s={search_term_string}"},"query-input":{"@type":"PropertyValueSpecification","valueRequired":true,"valueName":"search_term_string"}}],"inLanguage":"pt-BR"},{"@type":"Organization","@id":"https:\/\/www.notibras.com\/site\/#organization","name":"Grupo Notibras de Comunica\u00e7\u00e3o","url":"https:\/\/www.notibras.com\/site\/","logo":{"@type":"ImageObject","inLanguage":"pt-BR","@id":"https:\/\/www.notibras.com\/site\/#\/schema\/logo\/image\/","url":"https:\/\/www.notibras.com\/site\/wp-content\/uploads\/2023\/01\/notibras23.png","contentUrl":"https:\/\/www.notibras.com\/site\/wp-content\/uploads\/2023\/01\/notibras23.png","width":350,"height":87,"caption":"Grupo Notibras de Comunica\u00e7\u00e3o"},"image":{"@id":"https:\/\/www.notibras.com\/site\/#\/schema\/logo\/image\/"},"sameAs":["https:\/\/www.facebook.com\/notibras\/","https:\/\/x.com\/Notibras","https:\/\/www.instagram.com\/notibras\/"]},{"@type":"Person","@id":"https:\/\/www.notibras.com\/site\/#\/schema\/person\/5b7fabf2aedc3ada2105f03b22b4d3dd","name":"Eduardo Mart\u00ednez","image":{"@type":"ImageObject","inLanguage":"pt-BR","@id":"https:\/\/secure.gravatar.com\/avatar\/7902f906289926289cbcda644b5197c796b893c6ffd7b9a536a42d290f7704a0?s=96&d=mm&r=g","url":"https:\/\/secure.gravatar.com\/avatar\/7902f906289926289cbcda644b5197c796b893c6ffd7b9a536a42d290f7704a0?s=96&d=mm&r=g","contentUrl":"https:\/\/secure.gravatar.com\/avatar\/7902f906289926289cbcda644b5197c796b893c6ffd7b9a536a42d290f7704a0?s=96&d=mm&r=g","caption":"Eduardo Mart\u00ednez"}}]}},"amp_enabled":true,"_links":{"self":[{"href":"https:\/\/www.notibras.com\/site\/wp-json\/wp\/v2\/posts\/380318","targetHints":{"allow":["GET"]}}],"collection":[{"href":"https:\/\/www.notibras.com\/site\/wp-json\/wp\/v2\/posts"}],"about":[{"href":"https:\/\/www.notibras.com\/site\/wp-json\/wp\/v2\/types\/post"}],"author":[{"embeddable":true,"href":"https:\/\/www.notibras.com\/site\/wp-json\/wp\/v2\/users\/21"}],"replies":[{"embeddable":true,"href":"https:\/\/www.notibras.com\/site\/wp-json\/wp\/v2\/comments?post=380318"}],"version-history":[{"count":8,"href":"https:\/\/www.notibras.com\/site\/wp-json\/wp\/v2\/posts\/380318\/revisions"}],"predecessor-version":[{"id":380405,"href":"https:\/\/www.notibras.com\/site\/wp-json\/wp\/v2\/posts\/380318\/revisions\/380405"}],"wp:featuredmedia":[{"embeddable":true,"href":"https:\/\/www.notibras.com\/site\/wp-json\/wp\/v2\/media\/380319"}],"wp:attachment":[{"href":"https:\/\/www.notibras.com\/site\/wp-json\/wp\/v2\/media?parent=380318"}],"wp:term":[{"taxonomy":"category","embeddable":true,"href":"https:\/\/www.notibras.com\/site\/wp-json\/wp\/v2\/categories?post=380318"},{"taxonomy":"post_tag","embeddable":true,"href":"https:\/\/www.notibras.com\/site\/wp-json\/wp\/v2\/tags?post=380318"}],"curies":[{"name":"wp","href":"https:\/\/api.w.org\/{rel}","templated":true}]}}