{"id":380332,"date":"2026-01-25T00:30:12","date_gmt":"2026-01-25T03:30:12","guid":{"rendered":"https:\/\/www.notibras.com\/site\/?p=380332"},"modified":"2026-01-24T22:08:46","modified_gmt":"2026-01-25T01:08:46","slug":"construcao-de-estacionamento-e-calcadas-no-bairro-sao-bartolomeu","status":"publish","type":"post","link":"https:\/\/www.notibras.com\/site\/construcao-de-estacionamento-e-calcadas-no-bairro-sao-bartolomeu\/","title":{"rendered":"Constru\u00e7\u00e3o de estacionamento e cal\u00e7adas no bairro S\u00e3o Bartolomeu"},"content":{"rendered":"<p>Com investimento de R$1.874.552, o Governo do Distrito Federal (GDF) avan\u00e7a na constru\u00e7\u00e3o de estacionamentos, cal\u00e7adas e canteiros no bairro S\u00e3o Bartolomeu, em S\u00e3o Sebasti\u00e3o. A obra \u00e9 executada pela Companhia Urbanizadora da Nova Capital do Brasil (Novacap), com acompanhamento da administra\u00e7\u00e3o regional local, e integra o conjunto de a\u00e7\u00f5es do GDF voltadas \u00e0 infraestrutura urbana nas regi\u00f5es administrativas.<\/p>\n<p>As melhorias s\u00e3o uma demanda antiga da comunidade local e organizam o espa\u00e7o urbano em uma \u00e1rea que concentra com\u00e9rcios, igrejas e empreendimentos residenciais.<\/p>\n<p>O projeto contempla tr\u00eas novos estacionamentos ao longo da via, ampliando a capacidade para mais de 100 ve\u00edculos, al\u00e9m de ordenamento do espa\u00e7o urbano. A interven\u00e7\u00e3o melhora as condi\u00e7\u00f5es de circula\u00e7\u00e3o, reduz o estacionamento irregular e oferece mais seguran\u00e7a para motoristas e pedestres que transitam diariamente pela regi\u00e3o.<\/p>\n<p>Segundo o administrador regional de S\u00e3o Sebasti\u00e3o, Roberto Medeiros Santos, a obra \u00e9 estrat\u00e9gica para organizar uma via de grande movimenta\u00e7\u00e3o di\u00e1ria. \u201cEssa \u00e9 uma avenida muito utilizada, com com\u00e9rcio tradicional, novos pr\u00e9dios, igrejas e quiosques que atendem a comunidade\u201d, enumera. \u201cEstimamos que entre 3 mil e 5 mil pessoas passem por aqui todos os dias. A implanta\u00e7\u00e3o dos estacionamentos e das cal\u00e7adas traz mais ordem, seguran\u00e7a e conforto para quem mora, trabalha ou frequenta a regi\u00e3o\u201d.<\/p>\n<p>O administrador lembra ainda que, antes da interven\u00e7\u00e3o, a falta de vagas levava motoristas a estacionarem sobre \u00e1reas verdes e em locais inadequados. \u201cAl\u00e9m do impacto ambiental, isso colocava pessoas e ve\u00edculos em risco; agora, com vagas demarcadas e cal\u00e7adas adequadas, o uso do espa\u00e7o fica mais seguro e organizado para todos\u201d, aponta.<\/p>\n<p>De acordo com o diretor de Obras da Novacap, Andr\u00e9 Vaz, a interven\u00e7\u00e3o tem como objetivo melhorar a circula\u00e7\u00e3o e o conforto da popula\u00e7\u00e3o. \u201cEsta obra contribuir\u00e1 para o fomento do com\u00e9rcio local, \u00e0 medida que amplia a possibilidade dos usu\u00e1rios estacionarem em frente aos estabelecimentos\u201d, comenta.<\/p>\n<p><strong>Impacto para a regi\u00e3o<\/strong><\/p>\n<p>Nascido e criado em S\u00e3o Sebasti\u00e3o, o aut\u00f4nomo Paulo Tavares, de 36 anos, vive atualmente em Portugal. De f\u00e9rias na casa da fam\u00edlia, ele relata a percep\u00e7\u00e3o de mudan\u00e7a ao retornar ao bairro ap\u00f3s sete anos: \u201cEu nasci e cresci aqui, mas fazia tempo que n\u00e3o voltava. Cheguei ontem e hoje fui andar pela regi\u00e3o. Est\u00e1 muito diferente, mais organizada e mais verde. A cal\u00e7ada e o estacionamento fazem muita diferen\u00e7a, principalmente porque hoje h\u00e1 muito mais carros. D\u00e1 para perceber claramente a melhoria\u201d.<\/p>\n<p>Para comerciantes locais, a interven\u00e7\u00e3o tamb\u00e9m representa ganho direto no dia a dia. A comerciante Maria Elisete Oliveira Andrade, 41, afirma que a amplia\u00e7\u00e3o das vagas facilita o acesso dos clientes e melhora a circula\u00e7\u00e3o. \u201cAqui \u00e9 uma \u00e1rea que vem se desenvolvendo muito, com novas constru\u00e7\u00f5es e com\u00e9rcio\u201d, observa. \u201cTer um estacionamento organizado d\u00e1 mais seguran\u00e7a para quem vem comprar e evita que o cliente perca tempo procurando vaga. Isso beneficia todo mundo\u201d.<\/p>\n<p>Ela ressalta ainda a import\u00e2ncia das cal\u00e7adas para quem pratica caminhadas e atividades f\u00edsicas: \u201cMuita gente usa essa \u00e1rea para caminhar ou correr, principalmente de manh\u00e3 cedo e no fim da tarde. Com cal\u00e7adas melhores, fica mais seguro para idosos e para quem anda a p\u00e9, al\u00e9m de reduzir o risco de acidentes\u201d.<\/p>\n","protected":false},"excerpt":{"rendered":"<p>Com investimento de R$1.874.552, o Governo do Distrito Federal (GDF) avan\u00e7a na constru\u00e7\u00e3o de estacionamentos, cal\u00e7adas e canteiros no bairro S\u00e3o Bartolomeu, em S\u00e3o Sebasti\u00e3o. A obra \u00e9 executada pela Companhia Urbanizadora da Nova Capital do Brasil (Novacap), com acompanhamento da administra\u00e7\u00e3o regional local, e integra o conjunto de a\u00e7\u00f5es do GDF voltadas \u00e0 infraestrutura [&hellip;]<\/p>\n","protected":false},"author":21,"featured_media":380333,"comment_status":"closed","ping_status":"closed","sticky":false,"template":"","format":"standard","meta":{"_acf_changed":false,"footnotes":""},"categories":[161],"tags":[],"class_list":["post-380332","post","type-post","status-publish","format-standard","has-post-thumbnail","hentry","category-quadradinho-em-foco"],"acf":[],"yoast_head":"<!-- This site is optimized with the Yoast SEO plugin v27.2 - https:\/\/yoast.com\/product\/yoast-seo-wordpress\/ -->\n<title>Constru\u00e7\u00e3o de estacionamento e cal\u00e7adas no bairro S\u00e3o Bartolomeu - Notibras<\/title>\n<meta name=\"robots\" content=\"index, follow, max-snippet:-1, max-image-preview:large, max-video-preview:-1\" \/>\n<link rel=\"canonical\" href=\"https:\/\/www.notibras.com\/site\/construcao-de-estacionamento-e-calcadas-no-bairro-sao-bartolomeu\/\" \/>\n<meta property=\"og:locale\" content=\"pt_BR\" \/>\n<meta property=\"og:type\" content=\"article\" \/>\n<meta property=\"og:title\" content=\"Constru\u00e7\u00e3o de estacionamento e cal\u00e7adas no bairro S\u00e3o Bartolomeu - Notibras\" \/>\n<meta property=\"og:description\" content=\"Com investimento de R$1.874.552, o Governo do Distrito Federal (GDF) avan\u00e7a na constru\u00e7\u00e3o de estacionamentos, cal\u00e7adas e canteiros no bairro S\u00e3o Bartolomeu, em S\u00e3o Sebasti\u00e3o. A obra \u00e9 executada pela Companhia Urbanizadora da Nova Capital do Brasil (Novacap), com acompanhamento da administra\u00e7\u00e3o regional local, e integra o conjunto de a\u00e7\u00f5es do GDF voltadas \u00e0 infraestrutura [&hellip;]\" \/>\n<meta property=\"og:url\" content=\"https:\/\/www.notibras.com\/site\/construcao-de-estacionamento-e-calcadas-no-bairro-sao-bartolomeu\/\" \/>\n<meta property=\"og:site_name\" content=\"Notibras\" \/>\n<meta property=\"article:publisher\" content=\"https:\/\/www.facebook.com\/notibras\/\" \/>\n<meta property=\"article:published_time\" content=\"2026-01-25T03:30:12+00:00\" \/>\n<meta property=\"og:image\" content=\"https:\/\/www.notibras.com\/site\/wp-content\/uploads\/2026\/01\/Dentro-3-40.jpg\" \/>\n\t<meta property=\"og:image:width\" content=\"1181\" \/>\n\t<meta property=\"og:image:height\" content=\"787\" \/>\n\t<meta property=\"og:image:type\" content=\"image\/jpeg\" \/>\n<meta name=\"author\" content=\"Eduardo Mart\u00ednez\" \/>\n<meta name=\"twitter:card\" content=\"summary_large_image\" \/>\n<meta name=\"twitter:creator\" content=\"@Notibras\" \/>\n<meta name=\"twitter:site\" content=\"@Notibras\" \/>\n<meta name=\"twitter:label1\" content=\"Escrito por\" \/>\n\t<meta name=\"twitter:data1\" content=\"Eduardo Mart\u00ednez\" \/>\n\t<meta name=\"twitter:label2\" content=\"Est. tempo de leitura\" \/>\n\t<meta name=\"twitter:data2\" content=\"4 minutos\" \/>\n<script type=\"application\/ld+json\" class=\"yoast-schema-graph\">{\"@context\":\"https:\/\/schema.org\",\"@graph\":[{\"@type\":\"Article\",\"@id\":\"https:\/\/www.notibras.com\/site\/construcao-de-estacionamento-e-calcadas-no-bairro-sao-bartolomeu\/#article\",\"isPartOf\":{\"@id\":\"https:\/\/www.notibras.com\/site\/construcao-de-estacionamento-e-calcadas-no-bairro-sao-bartolomeu\/\"},\"author\":{\"name\":\"Eduardo Mart\u00ednez\",\"@id\":\"https:\/\/www.notibras.com\/site\/#\/schema\/person\/5b7fabf2aedc3ada2105f03b22b4d3dd\"},\"headline\":\"Constru\u00e7\u00e3o de estacionamento e cal\u00e7adas no bairro S\u00e3o Bartolomeu\",\"datePublished\":\"2026-01-25T03:30:12+00:00\",\"mainEntityOfPage\":{\"@id\":\"https:\/\/www.notibras.com\/site\/construcao-de-estacionamento-e-calcadas-no-bairro-sao-bartolomeu\/\"},\"wordCount\":591,\"publisher\":{\"@id\":\"https:\/\/www.notibras.com\/site\/#organization\"},\"image\":{\"@id\":\"https:\/\/www.notibras.com\/site\/construcao-de-estacionamento-e-calcadas-no-bairro-sao-bartolomeu\/#primaryimage\"},\"thumbnailUrl\":\"https:\/\/www.notibras.com\/site\/wp-content\/uploads\/2026\/01\/Dentro-3-40.jpg\",\"articleSection\":[\"Quadradinho em Foco\"],\"inLanguage\":\"pt-BR\"},{\"@type\":\"WebPage\",\"@id\":\"https:\/\/www.notibras.com\/site\/construcao-de-estacionamento-e-calcadas-no-bairro-sao-bartolomeu\/\",\"url\":\"https:\/\/www.notibras.com\/site\/construcao-de-estacionamento-e-calcadas-no-bairro-sao-bartolomeu\/\",\"name\":\"Constru\u00e7\u00e3o de estacionamento e cal\u00e7adas no bairro S\u00e3o Bartolomeu - Notibras\",\"isPartOf\":{\"@id\":\"https:\/\/www.notibras.com\/site\/#website\"},\"primaryImageOfPage\":{\"@id\":\"https:\/\/www.notibras.com\/site\/construcao-de-estacionamento-e-calcadas-no-bairro-sao-bartolomeu\/#primaryimage\"},\"image\":{\"@id\":\"https:\/\/www.notibras.com\/site\/construcao-de-estacionamento-e-calcadas-no-bairro-sao-bartolomeu\/#primaryimage\"},\"thumbnailUrl\":\"https:\/\/www.notibras.com\/site\/wp-content\/uploads\/2026\/01\/Dentro-3-40.jpg\",\"datePublished\":\"2026-01-25T03:30:12+00:00\",\"breadcrumb\":{\"@id\":\"https:\/\/www.notibras.com\/site\/construcao-de-estacionamento-e-calcadas-no-bairro-sao-bartolomeu\/#breadcrumb\"},\"inLanguage\":\"pt-BR\",\"potentialAction\":[{\"@type\":\"ReadAction\",\"target\":[\"https:\/\/www.notibras.com\/site\/construcao-de-estacionamento-e-calcadas-no-bairro-sao-bartolomeu\/\"]}]},{\"@type\":\"ImageObject\",\"inLanguage\":\"pt-BR\",\"@id\":\"https:\/\/www.notibras.com\/site\/construcao-de-estacionamento-e-calcadas-no-bairro-sao-bartolomeu\/#primaryimage\",\"url\":\"https:\/\/www.notibras.com\/site\/wp-content\/uploads\/2026\/01\/Dentro-3-40.jpg\",\"contentUrl\":\"https:\/\/www.notibras.com\/site\/wp-content\/uploads\/2026\/01\/Dentro-3-40.jpg\",\"width\":1181,\"height\":787},{\"@type\":\"BreadcrumbList\",\"@id\":\"https:\/\/www.notibras.com\/site\/construcao-de-estacionamento-e-calcadas-no-bairro-sao-bartolomeu\/#breadcrumb\",\"itemListElement\":[{\"@type\":\"ListItem\",\"position\":1,\"name\":\"In\u00edcio\",\"item\":\"https:\/\/www.notibras.com\/site\/\"},{\"@type\":\"ListItem\",\"position\":2,\"name\":\"Constru\u00e7\u00e3o de estacionamento e cal\u00e7adas no bairro S\u00e3o Bartolomeu\"}]},{\"@type\":\"WebSite\",\"@id\":\"https:\/\/www.notibras.com\/site\/#website\",\"url\":\"https:\/\/www.notibras.com\/site\/\",\"name\":\"Notibras\",\"description\":\"Not\u00edcias de Bras\u00edlia, do Brasil e do Mundo\",\"publisher\":{\"@id\":\"https:\/\/www.notibras.com\/site\/#organization\"},\"potentialAction\":[{\"@type\":\"SearchAction\",\"target\":{\"@type\":\"EntryPoint\",\"urlTemplate\":\"https:\/\/www.notibras.com\/site\/?s={search_term_string}\"},\"query-input\":{\"@type\":\"PropertyValueSpecification\",\"valueRequired\":true,\"valueName\":\"search_term_string\"}}],\"inLanguage\":\"pt-BR\"},{\"@type\":\"Organization\",\"@id\":\"https:\/\/www.notibras.com\/site\/#organization\",\"name\":\"Grupo Notibras de Comunica\u00e7\u00e3o\",\"url\":\"https:\/\/www.notibras.com\/site\/\",\"logo\":{\"@type\":\"ImageObject\",\"inLanguage\":\"pt-BR\",\"@id\":\"https:\/\/www.notibras.com\/site\/#\/schema\/logo\/image\/\",\"url\":\"https:\/\/www.notibras.com\/site\/wp-content\/uploads\/2023\/01\/notibras23.png\",\"contentUrl\":\"https:\/\/www.notibras.com\/site\/wp-content\/uploads\/2023\/01\/notibras23.png\",\"width\":350,\"height\":87,\"caption\":\"Grupo Notibras de Comunica\u00e7\u00e3o\"},\"image\":{\"@id\":\"https:\/\/www.notibras.com\/site\/#\/schema\/logo\/image\/\"},\"sameAs\":[\"https:\/\/www.facebook.com\/notibras\/\",\"https:\/\/x.com\/Notibras\",\"https:\/\/www.instagram.com\/notibras\/\"]},{\"@type\":\"Person\",\"@id\":\"https:\/\/www.notibras.com\/site\/#\/schema\/person\/5b7fabf2aedc3ada2105f03b22b4d3dd\",\"name\":\"Eduardo Mart\u00ednez\",\"image\":{\"@type\":\"ImageObject\",\"inLanguage\":\"pt-BR\",\"@id\":\"https:\/\/secure.gravatar.com\/avatar\/7902f906289926289cbcda644b5197c796b893c6ffd7b9a536a42d290f7704a0?s=96&d=mm&r=g\",\"url\":\"https:\/\/secure.gravatar.com\/avatar\/7902f906289926289cbcda644b5197c796b893c6ffd7b9a536a42d290f7704a0?s=96&d=mm&r=g\",\"contentUrl\":\"https:\/\/secure.gravatar.com\/avatar\/7902f906289926289cbcda644b5197c796b893c6ffd7b9a536a42d290f7704a0?s=96&d=mm&r=g\",\"caption\":\"Eduardo Mart\u00ednez\"}}]}<\/script>\n<!-- \/ Yoast SEO plugin. -->","yoast_head_json":{"title":"Constru\u00e7\u00e3o de estacionamento e cal\u00e7adas no bairro S\u00e3o Bartolomeu - Notibras","robots":{"index":"index","follow":"follow","max-snippet":"max-snippet:-1","max-image-preview":"max-image-preview:large","max-video-preview":"max-video-preview:-1"},"canonical":"https:\/\/www.notibras.com\/site\/construcao-de-estacionamento-e-calcadas-no-bairro-sao-bartolomeu\/","og_locale":"pt_BR","og_type":"article","og_title":"Constru\u00e7\u00e3o de estacionamento e cal\u00e7adas no bairro S\u00e3o Bartolomeu - Notibras","og_description":"Com investimento de R$1.874.552, o Governo do Distrito Federal (GDF) avan\u00e7a na constru\u00e7\u00e3o de estacionamentos, cal\u00e7adas e canteiros no bairro S\u00e3o Bartolomeu, em S\u00e3o Sebasti\u00e3o. A obra \u00e9 executada pela Companhia Urbanizadora da Nova Capital do Brasil (Novacap), com acompanhamento da administra\u00e7\u00e3o regional local, e integra o conjunto de a\u00e7\u00f5es do GDF voltadas \u00e0 infraestrutura [&hellip;]","og_url":"https:\/\/www.notibras.com\/site\/construcao-de-estacionamento-e-calcadas-no-bairro-sao-bartolomeu\/","og_site_name":"Notibras","article_publisher":"https:\/\/www.facebook.com\/notibras\/","article_published_time":"2026-01-25T03:30:12+00:00","og_image":[{"width":1181,"height":787,"url":"https:\/\/www.notibras.com\/site\/wp-content\/uploads\/2026\/01\/Dentro-3-40.jpg","type":"image\/jpeg"}],"author":"Eduardo Mart\u00ednez","twitter_card":"summary_large_image","twitter_creator":"@Notibras","twitter_site":"@Notibras","twitter_misc":{"Escrito por":"Eduardo Mart\u00ednez","Est. tempo de leitura":"4 minutos"},"schema":{"@context":"https:\/\/schema.org","@graph":[{"@type":"Article","@id":"https:\/\/www.notibras.com\/site\/construcao-de-estacionamento-e-calcadas-no-bairro-sao-bartolomeu\/#article","isPartOf":{"@id":"https:\/\/www.notibras.com\/site\/construcao-de-estacionamento-e-calcadas-no-bairro-sao-bartolomeu\/"},"author":{"name":"Eduardo Mart\u00ednez","@id":"https:\/\/www.notibras.com\/site\/#\/schema\/person\/5b7fabf2aedc3ada2105f03b22b4d3dd"},"headline":"Constru\u00e7\u00e3o de estacionamento e cal\u00e7adas no bairro S\u00e3o Bartolomeu","datePublished":"2026-01-25T03:30:12+00:00","mainEntityOfPage":{"@id":"https:\/\/www.notibras.com\/site\/construcao-de-estacionamento-e-calcadas-no-bairro-sao-bartolomeu\/"},"wordCount":591,"publisher":{"@id":"https:\/\/www.notibras.com\/site\/#organization"},"image":{"@id":"https:\/\/www.notibras.com\/site\/construcao-de-estacionamento-e-calcadas-no-bairro-sao-bartolomeu\/#primaryimage"},"thumbnailUrl":"https:\/\/www.notibras.com\/site\/wp-content\/uploads\/2026\/01\/Dentro-3-40.jpg","articleSection":["Quadradinho em Foco"],"inLanguage":"pt-BR"},{"@type":"WebPage","@id":"https:\/\/www.notibras.com\/site\/construcao-de-estacionamento-e-calcadas-no-bairro-sao-bartolomeu\/","url":"https:\/\/www.notibras.com\/site\/construcao-de-estacionamento-e-calcadas-no-bairro-sao-bartolomeu\/","name":"Constru\u00e7\u00e3o de estacionamento e cal\u00e7adas no bairro S\u00e3o Bartolomeu - Notibras","isPartOf":{"@id":"https:\/\/www.notibras.com\/site\/#website"},"primaryImageOfPage":{"@id":"https:\/\/www.notibras.com\/site\/construcao-de-estacionamento-e-calcadas-no-bairro-sao-bartolomeu\/#primaryimage"},"image":{"@id":"https:\/\/www.notibras.com\/site\/construcao-de-estacionamento-e-calcadas-no-bairro-sao-bartolomeu\/#primaryimage"},"thumbnailUrl":"https:\/\/www.notibras.com\/site\/wp-content\/uploads\/2026\/01\/Dentro-3-40.jpg","datePublished":"2026-01-25T03:30:12+00:00","breadcrumb":{"@id":"https:\/\/www.notibras.com\/site\/construcao-de-estacionamento-e-calcadas-no-bairro-sao-bartolomeu\/#breadcrumb"},"inLanguage":"pt-BR","potentialAction":[{"@type":"ReadAction","target":["https:\/\/www.notibras.com\/site\/construcao-de-estacionamento-e-calcadas-no-bairro-sao-bartolomeu\/"]}]},{"@type":"ImageObject","inLanguage":"pt-BR","@id":"https:\/\/www.notibras.com\/site\/construcao-de-estacionamento-e-calcadas-no-bairro-sao-bartolomeu\/#primaryimage","url":"https:\/\/www.notibras.com\/site\/wp-content\/uploads\/2026\/01\/Dentro-3-40.jpg","contentUrl":"https:\/\/www.notibras.com\/site\/wp-content\/uploads\/2026\/01\/Dentro-3-40.jpg","width":1181,"height":787},{"@type":"BreadcrumbList","@id":"https:\/\/www.notibras.com\/site\/construcao-de-estacionamento-e-calcadas-no-bairro-sao-bartolomeu\/#breadcrumb","itemListElement":[{"@type":"ListItem","position":1,"name":"In\u00edcio","item":"https:\/\/www.notibras.com\/site\/"},{"@type":"ListItem","position":2,"name":"Constru\u00e7\u00e3o de estacionamento e cal\u00e7adas no bairro S\u00e3o Bartolomeu"}]},{"@type":"WebSite","@id":"https:\/\/www.notibras.com\/site\/#website","url":"https:\/\/www.notibras.com\/site\/","name":"Notibras","description":"Not\u00edcias de Bras\u00edlia, do Brasil e do Mundo","publisher":{"@id":"https:\/\/www.notibras.com\/site\/#organization"},"potentialAction":[{"@type":"SearchAction","target":{"@type":"EntryPoint","urlTemplate":"https:\/\/www.notibras.com\/site\/?s={search_term_string}"},"query-input":{"@type":"PropertyValueSpecification","valueRequired":true,"valueName":"search_term_string"}}],"inLanguage":"pt-BR"},{"@type":"Organization","@id":"https:\/\/www.notibras.com\/site\/#organization","name":"Grupo Notibras de Comunica\u00e7\u00e3o","url":"https:\/\/www.notibras.com\/site\/","logo":{"@type":"ImageObject","inLanguage":"pt-BR","@id":"https:\/\/www.notibras.com\/site\/#\/schema\/logo\/image\/","url":"https:\/\/www.notibras.com\/site\/wp-content\/uploads\/2023\/01\/notibras23.png","contentUrl":"https:\/\/www.notibras.com\/site\/wp-content\/uploads\/2023\/01\/notibras23.png","width":350,"height":87,"caption":"Grupo Notibras de Comunica\u00e7\u00e3o"},"image":{"@id":"https:\/\/www.notibras.com\/site\/#\/schema\/logo\/image\/"},"sameAs":["https:\/\/www.facebook.com\/notibras\/","https:\/\/x.com\/Notibras","https:\/\/www.instagram.com\/notibras\/"]},{"@type":"Person","@id":"https:\/\/www.notibras.com\/site\/#\/schema\/person\/5b7fabf2aedc3ada2105f03b22b4d3dd","name":"Eduardo Mart\u00ednez","image":{"@type":"ImageObject","inLanguage":"pt-BR","@id":"https:\/\/secure.gravatar.com\/avatar\/7902f906289926289cbcda644b5197c796b893c6ffd7b9a536a42d290f7704a0?s=96&d=mm&r=g","url":"https:\/\/secure.gravatar.com\/avatar\/7902f906289926289cbcda644b5197c796b893c6ffd7b9a536a42d290f7704a0?s=96&d=mm&r=g","contentUrl":"https:\/\/secure.gravatar.com\/avatar\/7902f906289926289cbcda644b5197c796b893c6ffd7b9a536a42d290f7704a0?s=96&d=mm&r=g","caption":"Eduardo Mart\u00ednez"}}]}},"amp_enabled":true,"_links":{"self":[{"href":"https:\/\/www.notibras.com\/site\/wp-json\/wp\/v2\/posts\/380332","targetHints":{"allow":["GET"]}}],"collection":[{"href":"https:\/\/www.notibras.com\/site\/wp-json\/wp\/v2\/posts"}],"about":[{"href":"https:\/\/www.notibras.com\/site\/wp-json\/wp\/v2\/types\/post"}],"author":[{"embeddable":true,"href":"https:\/\/www.notibras.com\/site\/wp-json\/wp\/v2\/users\/21"}],"replies":[{"embeddable":true,"href":"https:\/\/www.notibras.com\/site\/wp-json\/wp\/v2\/comments?post=380332"}],"version-history":[{"count":4,"href":"https:\/\/www.notibras.com\/site\/wp-json\/wp\/v2\/posts\/380332\/revisions"}],"predecessor-version":[{"id":380337,"href":"https:\/\/www.notibras.com\/site\/wp-json\/wp\/v2\/posts\/380332\/revisions\/380337"}],"wp:featuredmedia":[{"embeddable":true,"href":"https:\/\/www.notibras.com\/site\/wp-json\/wp\/v2\/media\/380333"}],"wp:attachment":[{"href":"https:\/\/www.notibras.com\/site\/wp-json\/wp\/v2\/media?parent=380332"}],"wp:term":[{"taxonomy":"category","embeddable":true,"href":"https:\/\/www.notibras.com\/site\/wp-json\/wp\/v2\/categories?post=380332"},{"taxonomy":"post_tag","embeddable":true,"href":"https:\/\/www.notibras.com\/site\/wp-json\/wp\/v2\/tags?post=380332"}],"curies":[{"name":"wp","href":"https:\/\/api.w.org\/{rel}","templated":true}]}}