{"id":380338,"date":"2026-01-25T00:45:23","date_gmt":"2026-01-25T03:45:23","guid":{"rendered":"https:\/\/www.notibras.com\/site\/?p=380338"},"modified":"2026-01-24T22:17:01","modified_gmt":"2026-01-25T01:17:01","slug":"plano-de-transporte-e-mobilidade-e-debatido-em-audiencia-publica","status":"publish","type":"post","link":"https:\/\/www.notibras.com\/site\/plano-de-transporte-e-mobilidade-e-debatido-em-audiencia-publica\/","title":{"rendered":"Plano de transporte e mobilidade \u00e9 debatido em audi\u00eancia p\u00fablica"},"content":{"rendered":"<p>As obras e a\u00e7\u00f5es necess\u00e1rias para melhorar a mobilidade urbana do DF foram debatidas na 3\u00aa audi\u00eancia p\u00fablica sobre a atualiza\u00e7\u00e3o do Plano Diretor de Transporte Urbano (PDTU) e elabora\u00e7\u00e3o do Plano de Mobilidade Urbana Sustent\u00e1vel (PMUS). Durante o evento realizado pela Secretaria de Transporte e Mobilidade (Semob-DF), neste s\u00e1bado (24), na C\u00e2mara Legislativa (CLDF), o projeto do PDTU recebeu novas contribui\u00e7\u00f5es de usu\u00e1rios do transporte coletivo e representantes de entidades civis do DF.<\/p>\n<p>\u201cO debate com a popula\u00e7\u00e3o \u00e9 fundamental para aprimorar o projeto e essa pr\u00e1tica tem sido constante. J\u00e1 realizamos tr\u00eas audi\u00eancias p\u00fablicas, duas etapas de oficinas em todas as regi\u00f5es administrativas, reuni\u00f5es tem\u00e1ticas online com a popula\u00e7\u00e3o, al\u00e9m de disponibilizar o projeto e as propostas na p\u00e1gina do PDTU para manifesta\u00e7\u00e3o das pessoas em tempo integral\u201d, afirmou o titular da Semob, Zeno Gon\u00e7alves. Segundo o secret\u00e1rio, a equipe t\u00e9cnica j\u00e1 est\u00e1 preparando a pr\u00f3xima audi\u00eancia p\u00fablica, que vai debater o projeto de lei do PDTU.<\/p>\n<p>Ao todo, o PDTU e o PMUS j\u00e1 receberam mais de quatro mil contribui\u00e7\u00f5es da popula\u00e7\u00e3o. Ao final, os dois documentos ser\u00e3o reunidos em um s\u00f3 projeto, que ser\u00e1 debatido ainda este ano na C\u00e2mara Legislativa (CLDF) para ser transformado em lei. Na audi\u00eancia p\u00fablica deste s\u00e1bado, a equipe t\u00e9cnica apresentou o progn\u00f3stico e as propostas para a mobilidade urbana do DF.<\/p>\n<p>O estudo t\u00e9cnico prev\u00ea 13 a\u00e7\u00f5es para os modos ativos, que s\u00e3o os meios de deslocamentos sem uso de ve\u00edculos automotores. Uma das a\u00e7\u00f5es \u00e9 implantar rotas acess\u00edveis, para garantir a circula\u00e7\u00e3o segura e confort\u00e1vel de pedestres e ciclistas. A proposta inclui 847 km de ciclovias, 175 km de ciclofaixas e 28 km de ciclorrotas, al\u00e9m de condi\u00e7\u00f5es para a micromobilidade el\u00e9trica, travessias subterr\u00e2neas, paraciclos em esta\u00e7\u00f5es de metr\u00f4 e BRT, terminais de \u00f4nibus e pontos de parada.<\/p>\n<p><strong>Mobilidade<\/strong><\/p>\n<p>As a\u00e7\u00f5es do PMUS s\u00e3o bastante avan\u00e7adas. Al\u00e9m da implanta\u00e7\u00e3o de zona 30, em \u00e1reas residenciais ou pr\u00f3ximas de escolas e hospitais, o projeto prev\u00ea a cria\u00e7\u00e3o de ruas completas, onde h\u00e1 espa\u00e7o espec\u00edfico para todos os tipos de usu\u00e1rios, com prioridade para os modos ativos e coletivos. Nas ruas completas, a velocidade m\u00e1xima \u00e9 de 50 km\/h para os ve\u00edculos, com vias segregadas para transporte coletivo, ciclovias, ca\u00e7adas e travessias seguras.<\/p>\n<p>\u201cEssas vias s\u00e3o implantadas em locais de grande movimenta\u00e7\u00e3o, em geral, s\u00e3o as principais vias de cada RA que v\u00e3o receber o tratamento de ruas completas\u201d, explicou a engenheira do Labtrans, Fernanda Malon. Segundo ela, as ruas completas se integram com as rotas acess\u00edveis e tamb\u00e9m com as zonas 30. Um dos locais previstos para receber a obra \u00e9 a Avenida H\u00e9lio Prates, de Ceil\u00e2ndia, com previs\u00e3o tamb\u00e9m de implanta\u00e7\u00e3o de um VLT e de travessias elevadas para os pedestres.<\/p>\n<p><strong>Transporte<\/strong><\/p>\n<p>O projeto do PDTU prev\u00ea cinco cen\u00e1rios de obras e a\u00e7\u00f5es para o sistema de transporte do DF. No melhor cen\u00e1rio, est\u00e3o previstas obras de grande porte, como BRT Norte, BRT Leste, Anel BRT do Plano Piloto, BRT Sudoeste, amplia\u00e7\u00e3o do metr\u00f4, implanta\u00e7\u00e3o de VLT em Ceil\u00e2ndia e Taguatinga, trens regionais para o Entorno, Ponte sobre o Lago Parano\u00e1 e novo acesso de S\u00e3o Sebasti\u00e3o, entre outros projetos. Ao todo, as propostas s\u00e3o de 307,5 km de vias, sendo 181,4 km para o transporte rodovi\u00e1rio e 126,1 km para o modal ferrovi\u00e1rio.<\/p>\n<p>O secret\u00e1rio-executivo do Instituto Movimento Nacional pelo Direito ao Transporte P\u00fablico de Qualidade para Todos (MDT), Wesley Ferro, considera que o trabalho de elabora\u00e7\u00e3o do PDTU e PMUS est\u00e1 praticamente pronto, mas falta incluir no debate uma proposta de como as obras ser\u00e3o realizadas.<\/p>\n<p>\u201c\u00c9 preciso criar um ambiente favor\u00e1vel para que o projeto se transforme em realidade. Se a gente n\u00e3o tiver a sociedade convencida do que precisa ser transformado, e se ela n\u00e3o apoiar essas transforma\u00e7\u00f5es, n\u00f3s vamos continuar tendo um plano s\u00f3 com boas inten\u00e7\u00f5es. O legislativo vai avaliar a minuta do projeto de lei, e os deputados precisam estar convencidos de que o plano de mobilidade e o PDTU s\u00e3o importantes para a cidade. O Judici\u00e1rio tamb\u00e9m precisa estar convencido, porque qualquer liminar derruba uma medida de implanta\u00e7\u00e3o de um corredor de \u00f4nibus, por exemplo. A imprensa e todos esses setores estrat\u00e9gicos precisam ser trazidos para esse debate\u201d, afirmou Wesley.<\/p>\n","protected":false},"excerpt":{"rendered":"<p>As obras e a\u00e7\u00f5es necess\u00e1rias para melhorar a mobilidade urbana do DF foram debatidas na 3\u00aa audi\u00eancia p\u00fablica sobre a atualiza\u00e7\u00e3o do Plano Diretor de Transporte Urbano (PDTU) e elabora\u00e7\u00e3o do Plano de Mobilidade Urbana Sustent\u00e1vel (PMUS). Durante o evento realizado pela Secretaria de Transporte e Mobilidade (Semob-DF), neste s\u00e1bado (24), na C\u00e2mara Legislativa (CLDF), [&hellip;]<\/p>\n","protected":false},"author":21,"featured_media":380339,"comment_status":"closed","ping_status":"closed","sticky":false,"template":"","format":"standard","meta":{"_acf_changed":false,"footnotes":""},"categories":[161],"tags":[],"class_list":["post-380338","post","type-post","status-publish","format-standard","has-post-thumbnail","hentry","category-quadradinho-em-foco"],"acf":[],"yoast_head":"<!-- This site is optimized with the Yoast SEO plugin v27.2 - https:\/\/yoast.com\/product\/yoast-seo-wordpress\/ -->\n<title>Plano de transporte e mobilidade \u00e9 debatido em audi\u00eancia p\u00fablica - Notibras<\/title>\n<meta name=\"robots\" content=\"index, follow, max-snippet:-1, max-image-preview:large, max-video-preview:-1\" \/>\n<link rel=\"canonical\" href=\"https:\/\/www.notibras.com\/site\/plano-de-transporte-e-mobilidade-e-debatido-em-audiencia-publica\/\" \/>\n<meta property=\"og:locale\" content=\"pt_BR\" \/>\n<meta property=\"og:type\" content=\"article\" \/>\n<meta property=\"og:title\" content=\"Plano de transporte e mobilidade \u00e9 debatido em audi\u00eancia p\u00fablica - Notibras\" \/>\n<meta property=\"og:description\" content=\"As obras e a\u00e7\u00f5es necess\u00e1rias para melhorar a mobilidade urbana do DF foram debatidas na 3\u00aa audi\u00eancia p\u00fablica sobre a atualiza\u00e7\u00e3o do Plano Diretor de Transporte Urbano (PDTU) e elabora\u00e7\u00e3o do Plano de Mobilidade Urbana Sustent\u00e1vel (PMUS). Durante o evento realizado pela Secretaria de Transporte e Mobilidade (Semob-DF), neste s\u00e1bado (24), na C\u00e2mara Legislativa (CLDF), [&hellip;]\" \/>\n<meta property=\"og:url\" content=\"https:\/\/www.notibras.com\/site\/plano-de-transporte-e-mobilidade-e-debatido-em-audiencia-publica\/\" \/>\n<meta property=\"og:site_name\" content=\"Notibras\" \/>\n<meta property=\"article:publisher\" content=\"https:\/\/www.facebook.com\/notibras\/\" \/>\n<meta property=\"article:published_time\" content=\"2026-01-25T03:45:23+00:00\" \/>\n<meta property=\"og:image\" content=\"https:\/\/www.notibras.com\/site\/wp-content\/uploads\/2026\/01\/Audiencia-3-1.jpg\" \/>\n\t<meta property=\"og:image:width\" content=\"1280\" \/>\n\t<meta property=\"og:image:height\" content=\"720\" \/>\n\t<meta property=\"og:image:type\" content=\"image\/jpeg\" \/>\n<meta name=\"author\" content=\"Eduardo Mart\u00ednez\" \/>\n<meta name=\"twitter:card\" content=\"summary_large_image\" \/>\n<meta name=\"twitter:creator\" content=\"@Notibras\" \/>\n<meta name=\"twitter:site\" content=\"@Notibras\" \/>\n<meta name=\"twitter:label1\" content=\"Escrito por\" \/>\n\t<meta name=\"twitter:data1\" content=\"Eduardo Mart\u00ednez\" \/>\n\t<meta name=\"twitter:label2\" content=\"Est. tempo de leitura\" \/>\n\t<meta name=\"twitter:data2\" content=\"5 minutos\" \/>\n<script type=\"application\/ld+json\" class=\"yoast-schema-graph\">{\"@context\":\"https:\/\/schema.org\",\"@graph\":[{\"@type\":\"Article\",\"@id\":\"https:\/\/www.notibras.com\/site\/plano-de-transporte-e-mobilidade-e-debatido-em-audiencia-publica\/#article\",\"isPartOf\":{\"@id\":\"https:\/\/www.notibras.com\/site\/plano-de-transporte-e-mobilidade-e-debatido-em-audiencia-publica\/\"},\"author\":{\"name\":\"Eduardo Mart\u00ednez\",\"@id\":\"https:\/\/www.notibras.com\/site\/#\/schema\/person\/5b7fabf2aedc3ada2105f03b22b4d3dd\"},\"headline\":\"Plano de transporte e mobilidade \u00e9 debatido em audi\u00eancia p\u00fablica\",\"datePublished\":\"2026-01-25T03:45:23+00:00\",\"mainEntityOfPage\":{\"@id\":\"https:\/\/www.notibras.com\/site\/plano-de-transporte-e-mobilidade-e-debatido-em-audiencia-publica\/\"},\"wordCount\":796,\"publisher\":{\"@id\":\"https:\/\/www.notibras.com\/site\/#organization\"},\"image\":{\"@id\":\"https:\/\/www.notibras.com\/site\/plano-de-transporte-e-mobilidade-e-debatido-em-audiencia-publica\/#primaryimage\"},\"thumbnailUrl\":\"https:\/\/www.notibras.com\/site\/wp-content\/uploads\/2026\/01\/Audiencia-3-1.jpg\",\"articleSection\":[\"Quadradinho em Foco\"],\"inLanguage\":\"pt-BR\"},{\"@type\":\"WebPage\",\"@id\":\"https:\/\/www.notibras.com\/site\/plano-de-transporte-e-mobilidade-e-debatido-em-audiencia-publica\/\",\"url\":\"https:\/\/www.notibras.com\/site\/plano-de-transporte-e-mobilidade-e-debatido-em-audiencia-publica\/\",\"name\":\"Plano de transporte e mobilidade \u00e9 debatido em audi\u00eancia p\u00fablica - Notibras\",\"isPartOf\":{\"@id\":\"https:\/\/www.notibras.com\/site\/#website\"},\"primaryImageOfPage\":{\"@id\":\"https:\/\/www.notibras.com\/site\/plano-de-transporte-e-mobilidade-e-debatido-em-audiencia-publica\/#primaryimage\"},\"image\":{\"@id\":\"https:\/\/www.notibras.com\/site\/plano-de-transporte-e-mobilidade-e-debatido-em-audiencia-publica\/#primaryimage\"},\"thumbnailUrl\":\"https:\/\/www.notibras.com\/site\/wp-content\/uploads\/2026\/01\/Audiencia-3-1.jpg\",\"datePublished\":\"2026-01-25T03:45:23+00:00\",\"breadcrumb\":{\"@id\":\"https:\/\/www.notibras.com\/site\/plano-de-transporte-e-mobilidade-e-debatido-em-audiencia-publica\/#breadcrumb\"},\"inLanguage\":\"pt-BR\",\"potentialAction\":[{\"@type\":\"ReadAction\",\"target\":[\"https:\/\/www.notibras.com\/site\/plano-de-transporte-e-mobilidade-e-debatido-em-audiencia-publica\/\"]}]},{\"@type\":\"ImageObject\",\"inLanguage\":\"pt-BR\",\"@id\":\"https:\/\/www.notibras.com\/site\/plano-de-transporte-e-mobilidade-e-debatido-em-audiencia-publica\/#primaryimage\",\"url\":\"https:\/\/www.notibras.com\/site\/wp-content\/uploads\/2026\/01\/Audiencia-3-1.jpg\",\"contentUrl\":\"https:\/\/www.notibras.com\/site\/wp-content\/uploads\/2026\/01\/Audiencia-3-1.jpg\",\"width\":1280,\"height\":720},{\"@type\":\"BreadcrumbList\",\"@id\":\"https:\/\/www.notibras.com\/site\/plano-de-transporte-e-mobilidade-e-debatido-em-audiencia-publica\/#breadcrumb\",\"itemListElement\":[{\"@type\":\"ListItem\",\"position\":1,\"name\":\"In\u00edcio\",\"item\":\"https:\/\/www.notibras.com\/site\/\"},{\"@type\":\"ListItem\",\"position\":2,\"name\":\"Plano de transporte e mobilidade \u00e9 debatido em audi\u00eancia p\u00fablica\"}]},{\"@type\":\"WebSite\",\"@id\":\"https:\/\/www.notibras.com\/site\/#website\",\"url\":\"https:\/\/www.notibras.com\/site\/\",\"name\":\"Notibras\",\"description\":\"Not\u00edcias de Bras\u00edlia, do Brasil e do Mundo\",\"publisher\":{\"@id\":\"https:\/\/www.notibras.com\/site\/#organization\"},\"potentialAction\":[{\"@type\":\"SearchAction\",\"target\":{\"@type\":\"EntryPoint\",\"urlTemplate\":\"https:\/\/www.notibras.com\/site\/?s={search_term_string}\"},\"query-input\":{\"@type\":\"PropertyValueSpecification\",\"valueRequired\":true,\"valueName\":\"search_term_string\"}}],\"inLanguage\":\"pt-BR\"},{\"@type\":\"Organization\",\"@id\":\"https:\/\/www.notibras.com\/site\/#organization\",\"name\":\"Grupo Notibras de Comunica\u00e7\u00e3o\",\"url\":\"https:\/\/www.notibras.com\/site\/\",\"logo\":{\"@type\":\"ImageObject\",\"inLanguage\":\"pt-BR\",\"@id\":\"https:\/\/www.notibras.com\/site\/#\/schema\/logo\/image\/\",\"url\":\"https:\/\/www.notibras.com\/site\/wp-content\/uploads\/2023\/01\/notibras23.png\",\"contentUrl\":\"https:\/\/www.notibras.com\/site\/wp-content\/uploads\/2023\/01\/notibras23.png\",\"width\":350,\"height\":87,\"caption\":\"Grupo Notibras de Comunica\u00e7\u00e3o\"},\"image\":{\"@id\":\"https:\/\/www.notibras.com\/site\/#\/schema\/logo\/image\/\"},\"sameAs\":[\"https:\/\/www.facebook.com\/notibras\/\",\"https:\/\/x.com\/Notibras\",\"https:\/\/www.instagram.com\/notibras\/\"]},{\"@type\":\"Person\",\"@id\":\"https:\/\/www.notibras.com\/site\/#\/schema\/person\/5b7fabf2aedc3ada2105f03b22b4d3dd\",\"name\":\"Eduardo Mart\u00ednez\",\"image\":{\"@type\":\"ImageObject\",\"inLanguage\":\"pt-BR\",\"@id\":\"https:\/\/secure.gravatar.com\/avatar\/7902f906289926289cbcda644b5197c796b893c6ffd7b9a536a42d290f7704a0?s=96&d=mm&r=g\",\"url\":\"https:\/\/secure.gravatar.com\/avatar\/7902f906289926289cbcda644b5197c796b893c6ffd7b9a536a42d290f7704a0?s=96&d=mm&r=g\",\"contentUrl\":\"https:\/\/secure.gravatar.com\/avatar\/7902f906289926289cbcda644b5197c796b893c6ffd7b9a536a42d290f7704a0?s=96&d=mm&r=g\",\"caption\":\"Eduardo Mart\u00ednez\"}}]}<\/script>\n<!-- \/ Yoast SEO plugin. -->","yoast_head_json":{"title":"Plano de transporte e mobilidade \u00e9 debatido em audi\u00eancia p\u00fablica - Notibras","robots":{"index":"index","follow":"follow","max-snippet":"max-snippet:-1","max-image-preview":"max-image-preview:large","max-video-preview":"max-video-preview:-1"},"canonical":"https:\/\/www.notibras.com\/site\/plano-de-transporte-e-mobilidade-e-debatido-em-audiencia-publica\/","og_locale":"pt_BR","og_type":"article","og_title":"Plano de transporte e mobilidade \u00e9 debatido em audi\u00eancia p\u00fablica - Notibras","og_description":"As obras e a\u00e7\u00f5es necess\u00e1rias para melhorar a mobilidade urbana do DF foram debatidas na 3\u00aa audi\u00eancia p\u00fablica sobre a atualiza\u00e7\u00e3o do Plano Diretor de Transporte Urbano (PDTU) e elabora\u00e7\u00e3o do Plano de Mobilidade Urbana Sustent\u00e1vel (PMUS). Durante o evento realizado pela Secretaria de Transporte e Mobilidade (Semob-DF), neste s\u00e1bado (24), na C\u00e2mara Legislativa (CLDF), [&hellip;]","og_url":"https:\/\/www.notibras.com\/site\/plano-de-transporte-e-mobilidade-e-debatido-em-audiencia-publica\/","og_site_name":"Notibras","article_publisher":"https:\/\/www.facebook.com\/notibras\/","article_published_time":"2026-01-25T03:45:23+00:00","og_image":[{"width":1280,"height":720,"url":"https:\/\/www.notibras.com\/site\/wp-content\/uploads\/2026\/01\/Audiencia-3-1.jpg","type":"image\/jpeg"}],"author":"Eduardo Mart\u00ednez","twitter_card":"summary_large_image","twitter_creator":"@Notibras","twitter_site":"@Notibras","twitter_misc":{"Escrito por":"Eduardo Mart\u00ednez","Est. tempo de leitura":"5 minutos"},"schema":{"@context":"https:\/\/schema.org","@graph":[{"@type":"Article","@id":"https:\/\/www.notibras.com\/site\/plano-de-transporte-e-mobilidade-e-debatido-em-audiencia-publica\/#article","isPartOf":{"@id":"https:\/\/www.notibras.com\/site\/plano-de-transporte-e-mobilidade-e-debatido-em-audiencia-publica\/"},"author":{"name":"Eduardo Mart\u00ednez","@id":"https:\/\/www.notibras.com\/site\/#\/schema\/person\/5b7fabf2aedc3ada2105f03b22b4d3dd"},"headline":"Plano de transporte e mobilidade \u00e9 debatido em audi\u00eancia p\u00fablica","datePublished":"2026-01-25T03:45:23+00:00","mainEntityOfPage":{"@id":"https:\/\/www.notibras.com\/site\/plano-de-transporte-e-mobilidade-e-debatido-em-audiencia-publica\/"},"wordCount":796,"publisher":{"@id":"https:\/\/www.notibras.com\/site\/#organization"},"image":{"@id":"https:\/\/www.notibras.com\/site\/plano-de-transporte-e-mobilidade-e-debatido-em-audiencia-publica\/#primaryimage"},"thumbnailUrl":"https:\/\/www.notibras.com\/site\/wp-content\/uploads\/2026\/01\/Audiencia-3-1.jpg","articleSection":["Quadradinho em Foco"],"inLanguage":"pt-BR"},{"@type":"WebPage","@id":"https:\/\/www.notibras.com\/site\/plano-de-transporte-e-mobilidade-e-debatido-em-audiencia-publica\/","url":"https:\/\/www.notibras.com\/site\/plano-de-transporte-e-mobilidade-e-debatido-em-audiencia-publica\/","name":"Plano de transporte e mobilidade \u00e9 debatido em audi\u00eancia p\u00fablica - Notibras","isPartOf":{"@id":"https:\/\/www.notibras.com\/site\/#website"},"primaryImageOfPage":{"@id":"https:\/\/www.notibras.com\/site\/plano-de-transporte-e-mobilidade-e-debatido-em-audiencia-publica\/#primaryimage"},"image":{"@id":"https:\/\/www.notibras.com\/site\/plano-de-transporte-e-mobilidade-e-debatido-em-audiencia-publica\/#primaryimage"},"thumbnailUrl":"https:\/\/www.notibras.com\/site\/wp-content\/uploads\/2026\/01\/Audiencia-3-1.jpg","datePublished":"2026-01-25T03:45:23+00:00","breadcrumb":{"@id":"https:\/\/www.notibras.com\/site\/plano-de-transporte-e-mobilidade-e-debatido-em-audiencia-publica\/#breadcrumb"},"inLanguage":"pt-BR","potentialAction":[{"@type":"ReadAction","target":["https:\/\/www.notibras.com\/site\/plano-de-transporte-e-mobilidade-e-debatido-em-audiencia-publica\/"]}]},{"@type":"ImageObject","inLanguage":"pt-BR","@id":"https:\/\/www.notibras.com\/site\/plano-de-transporte-e-mobilidade-e-debatido-em-audiencia-publica\/#primaryimage","url":"https:\/\/www.notibras.com\/site\/wp-content\/uploads\/2026\/01\/Audiencia-3-1.jpg","contentUrl":"https:\/\/www.notibras.com\/site\/wp-content\/uploads\/2026\/01\/Audiencia-3-1.jpg","width":1280,"height":720},{"@type":"BreadcrumbList","@id":"https:\/\/www.notibras.com\/site\/plano-de-transporte-e-mobilidade-e-debatido-em-audiencia-publica\/#breadcrumb","itemListElement":[{"@type":"ListItem","position":1,"name":"In\u00edcio","item":"https:\/\/www.notibras.com\/site\/"},{"@type":"ListItem","position":2,"name":"Plano de transporte e mobilidade \u00e9 debatido em audi\u00eancia p\u00fablica"}]},{"@type":"WebSite","@id":"https:\/\/www.notibras.com\/site\/#website","url":"https:\/\/www.notibras.com\/site\/","name":"Notibras","description":"Not\u00edcias de Bras\u00edlia, do Brasil e do Mundo","publisher":{"@id":"https:\/\/www.notibras.com\/site\/#organization"},"potentialAction":[{"@type":"SearchAction","target":{"@type":"EntryPoint","urlTemplate":"https:\/\/www.notibras.com\/site\/?s={search_term_string}"},"query-input":{"@type":"PropertyValueSpecification","valueRequired":true,"valueName":"search_term_string"}}],"inLanguage":"pt-BR"},{"@type":"Organization","@id":"https:\/\/www.notibras.com\/site\/#organization","name":"Grupo Notibras de Comunica\u00e7\u00e3o","url":"https:\/\/www.notibras.com\/site\/","logo":{"@type":"ImageObject","inLanguage":"pt-BR","@id":"https:\/\/www.notibras.com\/site\/#\/schema\/logo\/image\/","url":"https:\/\/www.notibras.com\/site\/wp-content\/uploads\/2023\/01\/notibras23.png","contentUrl":"https:\/\/www.notibras.com\/site\/wp-content\/uploads\/2023\/01\/notibras23.png","width":350,"height":87,"caption":"Grupo Notibras de Comunica\u00e7\u00e3o"},"image":{"@id":"https:\/\/www.notibras.com\/site\/#\/schema\/logo\/image\/"},"sameAs":["https:\/\/www.facebook.com\/notibras\/","https:\/\/x.com\/Notibras","https:\/\/www.instagram.com\/notibras\/"]},{"@type":"Person","@id":"https:\/\/www.notibras.com\/site\/#\/schema\/person\/5b7fabf2aedc3ada2105f03b22b4d3dd","name":"Eduardo Mart\u00ednez","image":{"@type":"ImageObject","inLanguage":"pt-BR","@id":"https:\/\/secure.gravatar.com\/avatar\/7902f906289926289cbcda644b5197c796b893c6ffd7b9a536a42d290f7704a0?s=96&d=mm&r=g","url":"https:\/\/secure.gravatar.com\/avatar\/7902f906289926289cbcda644b5197c796b893c6ffd7b9a536a42d290f7704a0?s=96&d=mm&r=g","contentUrl":"https:\/\/secure.gravatar.com\/avatar\/7902f906289926289cbcda644b5197c796b893c6ffd7b9a536a42d290f7704a0?s=96&d=mm&r=g","caption":"Eduardo Mart\u00ednez"}}]}},"amp_enabled":true,"_links":{"self":[{"href":"https:\/\/www.notibras.com\/site\/wp-json\/wp\/v2\/posts\/380338","targetHints":{"allow":["GET"]}}],"collection":[{"href":"https:\/\/www.notibras.com\/site\/wp-json\/wp\/v2\/posts"}],"about":[{"href":"https:\/\/www.notibras.com\/site\/wp-json\/wp\/v2\/types\/post"}],"author":[{"embeddable":true,"href":"https:\/\/www.notibras.com\/site\/wp-json\/wp\/v2\/users\/21"}],"replies":[{"embeddable":true,"href":"https:\/\/www.notibras.com\/site\/wp-json\/wp\/v2\/comments?post=380338"}],"version-history":[{"count":3,"href":"https:\/\/www.notibras.com\/site\/wp-json\/wp\/v2\/posts\/380338\/revisions"}],"predecessor-version":[{"id":380342,"href":"https:\/\/www.notibras.com\/site\/wp-json\/wp\/v2\/posts\/380338\/revisions\/380342"}],"wp:featuredmedia":[{"embeddable":true,"href":"https:\/\/www.notibras.com\/site\/wp-json\/wp\/v2\/media\/380339"}],"wp:attachment":[{"href":"https:\/\/www.notibras.com\/site\/wp-json\/wp\/v2\/media?parent=380338"}],"wp:term":[{"taxonomy":"category","embeddable":true,"href":"https:\/\/www.notibras.com\/site\/wp-json\/wp\/v2\/categories?post=380338"},{"taxonomy":"post_tag","embeddable":true,"href":"https:\/\/www.notibras.com\/site\/wp-json\/wp\/v2\/tags?post=380338"}],"curies":[{"name":"wp","href":"https:\/\/api.w.org\/{rel}","templated":true}]}}