{"id":380343,"date":"2026-01-25T01:00:25","date_gmt":"2026-01-25T04:00:25","guid":{"rendered":"https:\/\/www.notibras.com\/site\/?p=380343"},"modified":"2026-01-24T22:58:36","modified_gmt":"2026-01-25T01:58:36","slug":"celebracao-do-encerramento-do-47o-curso-de-verao-com-espetaculos","status":"publish","type":"post","link":"https:\/\/www.notibras.com\/site\/celebracao-do-encerramento-do-47o-curso-de-verao-com-espetaculos\/","title":{"rendered":"Celebra\u00e7\u00e3o do encerramento do 47\u00ba Curso de Ver\u00e3o com espet\u00e1culos"},"content":{"rendered":"<p>A m\u00fasica tomou conta do Teatro Levino de Alc\u00e2ntara da Escola de M\u00fasica de Bras\u00edlia (EMB) na noite desta sexta-feira (23). Com a casa cheia e uma atmosfera de entusiasmo, a unidade escolar da rede p\u00fablica de ensino do Distrito Federal celebrou o encerramento da 47\u00aa edi\u00e7\u00e3o do Curso Internacional de Ver\u00e3o de Bras\u00edlia (Civebra). O evento, que continua neste s\u00e1bado (24), \u00e0s 19h, reuniu apresenta\u00e7\u00f5es da Banda Sinf\u00f4nica e um Recital de Canto Erudito, consolidando semanas de intenso aprendizado e troca de experi\u00eancias.<\/p>\n<p>Ao longo de todo o m\u00eas de janeiro, a EMB se transformou em um canteiro de obras art\u00edsticas, com cursos realizados nos turnos matutino, vespertino e noturno. As atividades foram realizada diariamente, ocupando inclusive os fins de semana, o que refor\u00e7ou o papel da escola como um polo de efervesc\u00eancia cultural para todo o Distrito Federal.<\/p>\n<p>Mais do que t\u00e9cnica, o Civebra reafirmou a fun\u00e7\u00e3o social da EMB na democratiza\u00e7\u00e3o do acesso da cultura, do ensino e da produ\u00e7\u00e3o musical. Como unidade da rede p\u00fablica de ensino, a escola cumpre o papel de oferecer \u00e0 comunidade n\u00e3o apenas o consumo de cultura, mas a capacidade de produzi-la. Esse movimento \u00e9 fundamental para o desenvolvimento da economia local, oportunizando que novos talentos se destaquem e se profissionalizem.<\/p>\n<p>Para Jean Figueiredo, servidor da Secretaria de Educa\u00e7\u00e3o do DF (SEEDF), o evento j\u00e1 \u00e9 parte da identidade da cidade. &#8220;O Civebra j\u00e1 faz parte do que podemos chamar de patrim\u00f4nio imaterial de Bras\u00edlia, sendo o momento em que consolidamos todo o aprendizado desenvolvido pela Escola de M\u00fasica e reafirmamos sua relev\u00e2ncia para a capital. A Secretaria de Educa\u00e7\u00e3o tem investido profundamente nesse incentivo \u00e0 musicaliza\u00e7\u00e3o, fruto de um trabalho conjunto entre a equipe gestora, professores e estudantes para oferecer esse fomento \u00e0 cultura para a sociedade de Bras\u00edlia em geral&#8221;, destacou Jean.<\/p>\n<p><strong>Interc\u00e2mbio e viv\u00eancia pr\u00e1tica<\/strong><\/p>\n<p>Para quem esteve nos palcos, a experi\u00eancia foi definida como &#8220;transformadora&#8221;. Lu\u00eds M\u00e1rio, m\u00fasico amador que participou do curso de Big Band, focado em orquestra\u00e7\u00e3o e arranjos de jazz, ressaltou a ambiente colaborativo e a conex\u00e3o entre os participantes. &#8220;Foi incr\u00edvel estar em contato com m\u00fasicos de excel\u00eancia. Geralmente, o patamar de qualidade eleva todo mundo: todos se ajudam, criando uma conex\u00e3o muito forte entre os alunos&#8221;, relatou o estudante.<\/p>\n<p>A import\u00e2ncia da EMB como unidade singular no Distrito Federal tamb\u00e9m foi destacada por Sandra Cristina de Brito, da coordenadora da Regional de Ensino do Plano Piloto. &#8220;\u00c9 um orgulho para nossa rede. A coordena\u00e7\u00e3o procura estar sempre junta, pois sabemos da relev\u00e2ncia que a musicaliza\u00e7\u00e3o tem na vida de todo cidad\u00e3o. N\u00e3o existe outra escola com esse perfil na nossa regi\u00e3o&#8221;, afirmou.<\/p>\n<p><strong>O\u00a0despertar de novos sonhos<\/strong><\/p>\n<p>Para as fam\u00edlias, o Civebra \u00e9 um espa\u00e7o de inspira\u00e7\u00e3o e resgate de esperan\u00e7as. Wilton C\u00e9sar de Santos Moreira acompanhou orgulhoso a apresenta\u00e7\u00e3o de seu filho, Caio C\u00e9sar, estudante regular de percuss\u00e3o erudita na EMB. \u201c\u00c9 uma satisfa\u00e7\u00e3o enorme ver meu filho conseguindo alcan\u00e7ar o que ele quer, que \u00e9 seguir na m\u00fasica. Eu sempre o acompanhei e incentivei desde que ele nasceu\u201d, contou.<\/p>\n<p>Wilton, que toca cavaquinho de forma amadora e vem de uma fam\u00edlia com veia musical, revelou que estar na escola como para a viv\u00eancia musical despertou um desejo antigo: &#8220;Sempre quis estudar na Escola de M\u00fasica de Bras\u00edlia, mas pela correria do trabalho nunca consegui. Hoje, pela primeira vez, estou aqui dentro para ver meu filho. Quem sabe isso n\u00e3o abre a minha mente? Ainda estou novo, quem sabe eu n\u00e3o consiga entrar aqui tamb\u00e9m&#8221;, comentou Wilton.<\/p>\n<p><strong>Plateia diversa<\/strong><\/p>\n<p>O evento tamb\u00e9m atraiu quem nunca havia tido contato pr\u00f3ximo com uma orquestra. Luiz Eduardo Ribeiro Guerra, espectador que prestigiava o evento pela primeira vez, destacou a import\u00e2ncia do apoio governamental. &#8220;Gosto de m\u00fasica cl\u00e1ssica, bossa nova e blues, mas nunca tinha assistido a uma orquestra presencialmente. No Brasil, o estudo da m\u00fasica ainda \u00e9 muito desvalorizado, por isso \u00e9 essencial que existam escolas p\u00fablicas que ensinem todas as modalidades&#8221;, defendeu.<\/p>\n<p>O encerramento do 47\u00ba Civebra reafirma o compromisso da SEEDF em investir na cultura como ferramenta de forma\u00e7\u00e3o integral, provando que a educa\u00e7\u00e3o musical \u00e9 uma chave poderosa para transformar trajet\u00f3rias de vida e fortalecer o patrim\u00f4nio cultural de Bras\u00edlia.<\/p>\n","protected":false},"excerpt":{"rendered":"<p>A m\u00fasica tomou conta do Teatro Levino de Alc\u00e2ntara da Escola de M\u00fasica de Bras\u00edlia (EMB) na noite desta sexta-feira (23). Com a casa cheia e uma atmosfera de entusiasmo, a unidade escolar da rede p\u00fablica de ensino do Distrito Federal celebrou o encerramento da 47\u00aa edi\u00e7\u00e3o do Curso Internacional de Ver\u00e3o de Bras\u00edlia (Civebra). [&hellip;]<\/p>\n","protected":false},"author":21,"featured_media":380344,"comment_status":"closed","ping_status":"closed","sticky":false,"template":"","format":"standard","meta":{"_acf_changed":false,"footnotes":""},"categories":[161],"tags":[],"class_list":["post-380343","post","type-post","status-publish","format-standard","has-post-thumbnail","hentry","category-quadradinho-em-foco"],"acf":[],"yoast_head":"<!-- This site is optimized with the Yoast SEO plugin v27.2 - https:\/\/yoast.com\/product\/yoast-seo-wordpress\/ -->\n<title>Celebra\u00e7\u00e3o do encerramento do 47\u00ba Curso de Ver\u00e3o com espet\u00e1culos - Notibras<\/title>\n<meta name=\"robots\" content=\"index, follow, max-snippet:-1, max-image-preview:large, max-video-preview:-1\" \/>\n<link rel=\"canonical\" href=\"https:\/\/www.notibras.com\/site\/celebracao-do-encerramento-do-47o-curso-de-verao-com-espetaculos\/\" \/>\n<meta property=\"og:locale\" content=\"pt_BR\" \/>\n<meta property=\"og:type\" content=\"article\" \/>\n<meta property=\"og:title\" content=\"Celebra\u00e7\u00e3o do encerramento do 47\u00ba Curso de Ver\u00e3o com espet\u00e1culos - Notibras\" \/>\n<meta property=\"og:description\" content=\"A m\u00fasica tomou conta do Teatro Levino de Alc\u00e2ntara da Escola de M\u00fasica de Bras\u00edlia (EMB) na noite desta sexta-feira (23). Com a casa cheia e uma atmosfera de entusiasmo, a unidade escolar da rede p\u00fablica de ensino do Distrito Federal celebrou o encerramento da 47\u00aa edi\u00e7\u00e3o do Curso Internacional de Ver\u00e3o de Bras\u00edlia (Civebra). [&hellip;]\" \/>\n<meta property=\"og:url\" content=\"https:\/\/www.notibras.com\/site\/celebracao-do-encerramento-do-47o-curso-de-verao-com-espetaculos\/\" \/>\n<meta property=\"og:site_name\" content=\"Notibras\" \/>\n<meta property=\"article:publisher\" content=\"https:\/\/www.facebook.com\/notibras\/\" \/>\n<meta property=\"article:published_time\" content=\"2026-01-25T04:00:25+00:00\" \/>\n<meta property=\"og:image\" content=\"https:\/\/www.notibras.com\/site\/wp-content\/uploads\/2026\/01\/Buriti-Lucio.jpeg\" \/>\n\t<meta property=\"og:image:width\" content=\"1600\" \/>\n\t<meta property=\"og:image:height\" content=\"1062\" \/>\n\t<meta property=\"og:image:type\" content=\"image\/jpeg\" \/>\n<meta name=\"author\" content=\"Eduardo Mart\u00ednez\" \/>\n<meta name=\"twitter:card\" content=\"summary_large_image\" \/>\n<meta name=\"twitter:creator\" content=\"@Notibras\" \/>\n<meta name=\"twitter:site\" content=\"@Notibras\" \/>\n<meta name=\"twitter:label1\" content=\"Escrito por\" \/>\n\t<meta name=\"twitter:data1\" content=\"Eduardo Mart\u00ednez\" \/>\n\t<meta name=\"twitter:label2\" content=\"Est. tempo de leitura\" \/>\n\t<meta name=\"twitter:data2\" content=\"5 minutos\" \/>\n<script type=\"application\/ld+json\" class=\"yoast-schema-graph\">{\"@context\":\"https:\/\/schema.org\",\"@graph\":[{\"@type\":\"Article\",\"@id\":\"https:\/\/www.notibras.com\/site\/celebracao-do-encerramento-do-47o-curso-de-verao-com-espetaculos\/#article\",\"isPartOf\":{\"@id\":\"https:\/\/www.notibras.com\/site\/celebracao-do-encerramento-do-47o-curso-de-verao-com-espetaculos\/\"},\"author\":{\"name\":\"Eduardo Mart\u00ednez\",\"@id\":\"https:\/\/www.notibras.com\/site\/#\/schema\/person\/5b7fabf2aedc3ada2105f03b22b4d3dd\"},\"headline\":\"Celebra\u00e7\u00e3o do encerramento do 47\u00ba Curso de Ver\u00e3o com espet\u00e1culos\",\"datePublished\":\"2026-01-25T04:00:25+00:00\",\"mainEntityOfPage\":{\"@id\":\"https:\/\/www.notibras.com\/site\/celebracao-do-encerramento-do-47o-curso-de-verao-com-espetaculos\/\"},\"wordCount\":776,\"publisher\":{\"@id\":\"https:\/\/www.notibras.com\/site\/#organization\"},\"image\":{\"@id\":\"https:\/\/www.notibras.com\/site\/celebracao-do-encerramento-do-47o-curso-de-verao-com-espetaculos\/#primaryimage\"},\"thumbnailUrl\":\"https:\/\/www.notibras.com\/site\/wp-content\/uploads\/2026\/01\/Buriti-Lucio.jpeg\",\"articleSection\":[\"Quadradinho em Foco\"],\"inLanguage\":\"pt-BR\"},{\"@type\":\"WebPage\",\"@id\":\"https:\/\/www.notibras.com\/site\/celebracao-do-encerramento-do-47o-curso-de-verao-com-espetaculos\/\",\"url\":\"https:\/\/www.notibras.com\/site\/celebracao-do-encerramento-do-47o-curso-de-verao-com-espetaculos\/\",\"name\":\"Celebra\u00e7\u00e3o do encerramento do 47\u00ba Curso de Ver\u00e3o com espet\u00e1culos - Notibras\",\"isPartOf\":{\"@id\":\"https:\/\/www.notibras.com\/site\/#website\"},\"primaryImageOfPage\":{\"@id\":\"https:\/\/www.notibras.com\/site\/celebracao-do-encerramento-do-47o-curso-de-verao-com-espetaculos\/#primaryimage\"},\"image\":{\"@id\":\"https:\/\/www.notibras.com\/site\/celebracao-do-encerramento-do-47o-curso-de-verao-com-espetaculos\/#primaryimage\"},\"thumbnailUrl\":\"https:\/\/www.notibras.com\/site\/wp-content\/uploads\/2026\/01\/Buriti-Lucio.jpeg\",\"datePublished\":\"2026-01-25T04:00:25+00:00\",\"breadcrumb\":{\"@id\":\"https:\/\/www.notibras.com\/site\/celebracao-do-encerramento-do-47o-curso-de-verao-com-espetaculos\/#breadcrumb\"},\"inLanguage\":\"pt-BR\",\"potentialAction\":[{\"@type\":\"ReadAction\",\"target\":[\"https:\/\/www.notibras.com\/site\/celebracao-do-encerramento-do-47o-curso-de-verao-com-espetaculos\/\"]}]},{\"@type\":\"ImageObject\",\"inLanguage\":\"pt-BR\",\"@id\":\"https:\/\/www.notibras.com\/site\/celebracao-do-encerramento-do-47o-curso-de-verao-com-espetaculos\/#primaryimage\",\"url\":\"https:\/\/www.notibras.com\/site\/wp-content\/uploads\/2026\/01\/Buriti-Lucio.jpeg\",\"contentUrl\":\"https:\/\/www.notibras.com\/site\/wp-content\/uploads\/2026\/01\/Buriti-Lucio.jpeg\",\"width\":1600,\"height\":1062},{\"@type\":\"BreadcrumbList\",\"@id\":\"https:\/\/www.notibras.com\/site\/celebracao-do-encerramento-do-47o-curso-de-verao-com-espetaculos\/#breadcrumb\",\"itemListElement\":[{\"@type\":\"ListItem\",\"position\":1,\"name\":\"In\u00edcio\",\"item\":\"https:\/\/www.notibras.com\/site\/\"},{\"@type\":\"ListItem\",\"position\":2,\"name\":\"Celebra\u00e7\u00e3o do encerramento do 47\u00ba Curso de Ver\u00e3o com espet\u00e1culos\"}]},{\"@type\":\"WebSite\",\"@id\":\"https:\/\/www.notibras.com\/site\/#website\",\"url\":\"https:\/\/www.notibras.com\/site\/\",\"name\":\"Notibras\",\"description\":\"Not\u00edcias de Bras\u00edlia, do Brasil e do Mundo\",\"publisher\":{\"@id\":\"https:\/\/www.notibras.com\/site\/#organization\"},\"potentialAction\":[{\"@type\":\"SearchAction\",\"target\":{\"@type\":\"EntryPoint\",\"urlTemplate\":\"https:\/\/www.notibras.com\/site\/?s={search_term_string}\"},\"query-input\":{\"@type\":\"PropertyValueSpecification\",\"valueRequired\":true,\"valueName\":\"search_term_string\"}}],\"inLanguage\":\"pt-BR\"},{\"@type\":\"Organization\",\"@id\":\"https:\/\/www.notibras.com\/site\/#organization\",\"name\":\"Grupo Notibras de Comunica\u00e7\u00e3o\",\"url\":\"https:\/\/www.notibras.com\/site\/\",\"logo\":{\"@type\":\"ImageObject\",\"inLanguage\":\"pt-BR\",\"@id\":\"https:\/\/www.notibras.com\/site\/#\/schema\/logo\/image\/\",\"url\":\"https:\/\/www.notibras.com\/site\/wp-content\/uploads\/2023\/01\/notibras23.png\",\"contentUrl\":\"https:\/\/www.notibras.com\/site\/wp-content\/uploads\/2023\/01\/notibras23.png\",\"width\":350,\"height\":87,\"caption\":\"Grupo Notibras de Comunica\u00e7\u00e3o\"},\"image\":{\"@id\":\"https:\/\/www.notibras.com\/site\/#\/schema\/logo\/image\/\"},\"sameAs\":[\"https:\/\/www.facebook.com\/notibras\/\",\"https:\/\/x.com\/Notibras\",\"https:\/\/www.instagram.com\/notibras\/\"]},{\"@type\":\"Person\",\"@id\":\"https:\/\/www.notibras.com\/site\/#\/schema\/person\/5b7fabf2aedc3ada2105f03b22b4d3dd\",\"name\":\"Eduardo Mart\u00ednez\",\"image\":{\"@type\":\"ImageObject\",\"inLanguage\":\"pt-BR\",\"@id\":\"https:\/\/secure.gravatar.com\/avatar\/7902f906289926289cbcda644b5197c796b893c6ffd7b9a536a42d290f7704a0?s=96&d=mm&r=g\",\"url\":\"https:\/\/secure.gravatar.com\/avatar\/7902f906289926289cbcda644b5197c796b893c6ffd7b9a536a42d290f7704a0?s=96&d=mm&r=g\",\"contentUrl\":\"https:\/\/secure.gravatar.com\/avatar\/7902f906289926289cbcda644b5197c796b893c6ffd7b9a536a42d290f7704a0?s=96&d=mm&r=g\",\"caption\":\"Eduardo Mart\u00ednez\"}}]}<\/script>\n<!-- \/ Yoast SEO plugin. -->","yoast_head_json":{"title":"Celebra\u00e7\u00e3o do encerramento do 47\u00ba Curso de Ver\u00e3o com espet\u00e1culos - Notibras","robots":{"index":"index","follow":"follow","max-snippet":"max-snippet:-1","max-image-preview":"max-image-preview:large","max-video-preview":"max-video-preview:-1"},"canonical":"https:\/\/www.notibras.com\/site\/celebracao-do-encerramento-do-47o-curso-de-verao-com-espetaculos\/","og_locale":"pt_BR","og_type":"article","og_title":"Celebra\u00e7\u00e3o do encerramento do 47\u00ba Curso de Ver\u00e3o com espet\u00e1culos - Notibras","og_description":"A m\u00fasica tomou conta do Teatro Levino de Alc\u00e2ntara da Escola de M\u00fasica de Bras\u00edlia (EMB) na noite desta sexta-feira (23). Com a casa cheia e uma atmosfera de entusiasmo, a unidade escolar da rede p\u00fablica de ensino do Distrito Federal celebrou o encerramento da 47\u00aa edi\u00e7\u00e3o do Curso Internacional de Ver\u00e3o de Bras\u00edlia (Civebra). [&hellip;]","og_url":"https:\/\/www.notibras.com\/site\/celebracao-do-encerramento-do-47o-curso-de-verao-com-espetaculos\/","og_site_name":"Notibras","article_publisher":"https:\/\/www.facebook.com\/notibras\/","article_published_time":"2026-01-25T04:00:25+00:00","og_image":[{"width":1600,"height":1062,"url":"https:\/\/www.notibras.com\/site\/wp-content\/uploads\/2026\/01\/Buriti-Lucio.jpeg","type":"image\/jpeg"}],"author":"Eduardo Mart\u00ednez","twitter_card":"summary_large_image","twitter_creator":"@Notibras","twitter_site":"@Notibras","twitter_misc":{"Escrito por":"Eduardo Mart\u00ednez","Est. tempo de leitura":"5 minutos"},"schema":{"@context":"https:\/\/schema.org","@graph":[{"@type":"Article","@id":"https:\/\/www.notibras.com\/site\/celebracao-do-encerramento-do-47o-curso-de-verao-com-espetaculos\/#article","isPartOf":{"@id":"https:\/\/www.notibras.com\/site\/celebracao-do-encerramento-do-47o-curso-de-verao-com-espetaculos\/"},"author":{"name":"Eduardo Mart\u00ednez","@id":"https:\/\/www.notibras.com\/site\/#\/schema\/person\/5b7fabf2aedc3ada2105f03b22b4d3dd"},"headline":"Celebra\u00e7\u00e3o do encerramento do 47\u00ba Curso de Ver\u00e3o com espet\u00e1culos","datePublished":"2026-01-25T04:00:25+00:00","mainEntityOfPage":{"@id":"https:\/\/www.notibras.com\/site\/celebracao-do-encerramento-do-47o-curso-de-verao-com-espetaculos\/"},"wordCount":776,"publisher":{"@id":"https:\/\/www.notibras.com\/site\/#organization"},"image":{"@id":"https:\/\/www.notibras.com\/site\/celebracao-do-encerramento-do-47o-curso-de-verao-com-espetaculos\/#primaryimage"},"thumbnailUrl":"https:\/\/www.notibras.com\/site\/wp-content\/uploads\/2026\/01\/Buriti-Lucio.jpeg","articleSection":["Quadradinho em Foco"],"inLanguage":"pt-BR"},{"@type":"WebPage","@id":"https:\/\/www.notibras.com\/site\/celebracao-do-encerramento-do-47o-curso-de-verao-com-espetaculos\/","url":"https:\/\/www.notibras.com\/site\/celebracao-do-encerramento-do-47o-curso-de-verao-com-espetaculos\/","name":"Celebra\u00e7\u00e3o do encerramento do 47\u00ba Curso de Ver\u00e3o com espet\u00e1culos - Notibras","isPartOf":{"@id":"https:\/\/www.notibras.com\/site\/#website"},"primaryImageOfPage":{"@id":"https:\/\/www.notibras.com\/site\/celebracao-do-encerramento-do-47o-curso-de-verao-com-espetaculos\/#primaryimage"},"image":{"@id":"https:\/\/www.notibras.com\/site\/celebracao-do-encerramento-do-47o-curso-de-verao-com-espetaculos\/#primaryimage"},"thumbnailUrl":"https:\/\/www.notibras.com\/site\/wp-content\/uploads\/2026\/01\/Buriti-Lucio.jpeg","datePublished":"2026-01-25T04:00:25+00:00","breadcrumb":{"@id":"https:\/\/www.notibras.com\/site\/celebracao-do-encerramento-do-47o-curso-de-verao-com-espetaculos\/#breadcrumb"},"inLanguage":"pt-BR","potentialAction":[{"@type":"ReadAction","target":["https:\/\/www.notibras.com\/site\/celebracao-do-encerramento-do-47o-curso-de-verao-com-espetaculos\/"]}]},{"@type":"ImageObject","inLanguage":"pt-BR","@id":"https:\/\/www.notibras.com\/site\/celebracao-do-encerramento-do-47o-curso-de-verao-com-espetaculos\/#primaryimage","url":"https:\/\/www.notibras.com\/site\/wp-content\/uploads\/2026\/01\/Buriti-Lucio.jpeg","contentUrl":"https:\/\/www.notibras.com\/site\/wp-content\/uploads\/2026\/01\/Buriti-Lucio.jpeg","width":1600,"height":1062},{"@type":"BreadcrumbList","@id":"https:\/\/www.notibras.com\/site\/celebracao-do-encerramento-do-47o-curso-de-verao-com-espetaculos\/#breadcrumb","itemListElement":[{"@type":"ListItem","position":1,"name":"In\u00edcio","item":"https:\/\/www.notibras.com\/site\/"},{"@type":"ListItem","position":2,"name":"Celebra\u00e7\u00e3o do encerramento do 47\u00ba Curso de Ver\u00e3o com espet\u00e1culos"}]},{"@type":"WebSite","@id":"https:\/\/www.notibras.com\/site\/#website","url":"https:\/\/www.notibras.com\/site\/","name":"Notibras","description":"Not\u00edcias de Bras\u00edlia, do Brasil e do Mundo","publisher":{"@id":"https:\/\/www.notibras.com\/site\/#organization"},"potentialAction":[{"@type":"SearchAction","target":{"@type":"EntryPoint","urlTemplate":"https:\/\/www.notibras.com\/site\/?s={search_term_string}"},"query-input":{"@type":"PropertyValueSpecification","valueRequired":true,"valueName":"search_term_string"}}],"inLanguage":"pt-BR"},{"@type":"Organization","@id":"https:\/\/www.notibras.com\/site\/#organization","name":"Grupo Notibras de Comunica\u00e7\u00e3o","url":"https:\/\/www.notibras.com\/site\/","logo":{"@type":"ImageObject","inLanguage":"pt-BR","@id":"https:\/\/www.notibras.com\/site\/#\/schema\/logo\/image\/","url":"https:\/\/www.notibras.com\/site\/wp-content\/uploads\/2023\/01\/notibras23.png","contentUrl":"https:\/\/www.notibras.com\/site\/wp-content\/uploads\/2023\/01\/notibras23.png","width":350,"height":87,"caption":"Grupo Notibras de Comunica\u00e7\u00e3o"},"image":{"@id":"https:\/\/www.notibras.com\/site\/#\/schema\/logo\/image\/"},"sameAs":["https:\/\/www.facebook.com\/notibras\/","https:\/\/x.com\/Notibras","https:\/\/www.instagram.com\/notibras\/"]},{"@type":"Person","@id":"https:\/\/www.notibras.com\/site\/#\/schema\/person\/5b7fabf2aedc3ada2105f03b22b4d3dd","name":"Eduardo Mart\u00ednez","image":{"@type":"ImageObject","inLanguage":"pt-BR","@id":"https:\/\/secure.gravatar.com\/avatar\/7902f906289926289cbcda644b5197c796b893c6ffd7b9a536a42d290f7704a0?s=96&d=mm&r=g","url":"https:\/\/secure.gravatar.com\/avatar\/7902f906289926289cbcda644b5197c796b893c6ffd7b9a536a42d290f7704a0?s=96&d=mm&r=g","contentUrl":"https:\/\/secure.gravatar.com\/avatar\/7902f906289926289cbcda644b5197c796b893c6ffd7b9a536a42d290f7704a0?s=96&d=mm&r=g","caption":"Eduardo Mart\u00ednez"}}]}},"amp_enabled":true,"_links":{"self":[{"href":"https:\/\/www.notibras.com\/site\/wp-json\/wp\/v2\/posts\/380343","targetHints":{"allow":["GET"]}}],"collection":[{"href":"https:\/\/www.notibras.com\/site\/wp-json\/wp\/v2\/posts"}],"about":[{"href":"https:\/\/www.notibras.com\/site\/wp-json\/wp\/v2\/types\/post"}],"author":[{"embeddable":true,"href":"https:\/\/www.notibras.com\/site\/wp-json\/wp\/v2\/users\/21"}],"replies":[{"embeddable":true,"href":"https:\/\/www.notibras.com\/site\/wp-json\/wp\/v2\/comments?post=380343"}],"version-history":[{"count":4,"href":"https:\/\/www.notibras.com\/site\/wp-json\/wp\/v2\/posts\/380343\/revisions"}],"predecessor-version":[{"id":380348,"href":"https:\/\/www.notibras.com\/site\/wp-json\/wp\/v2\/posts\/380343\/revisions\/380348"}],"wp:featuredmedia":[{"embeddable":true,"href":"https:\/\/www.notibras.com\/site\/wp-json\/wp\/v2\/media\/380344"}],"wp:attachment":[{"href":"https:\/\/www.notibras.com\/site\/wp-json\/wp\/v2\/media?parent=380343"}],"wp:term":[{"taxonomy":"category","embeddable":true,"href":"https:\/\/www.notibras.com\/site\/wp-json\/wp\/v2\/categories?post=380343"},{"taxonomy":"post_tag","embeddable":true,"href":"https:\/\/www.notibras.com\/site\/wp-json\/wp\/v2\/tags?post=380343"}],"curies":[{"name":"wp","href":"https:\/\/api.w.org\/{rel}","templated":true}]}}