{"id":380358,"date":"2026-01-26T00:30:26","date_gmt":"2026-01-26T03:30:26","guid":{"rendered":"https:\/\/www.notibras.com\/site\/?p=380358"},"modified":"2026-01-25T00:38:32","modified_gmt":"2026-01-25T03:38:32","slug":"a-mulher-que-arrancava-sobrancelhas","status":"publish","type":"post","link":"https:\/\/www.notibras.com\/site\/a-mulher-que-arrancava-sobrancelhas\/","title":{"rendered":"A MULHER QUE ARRANCAVA SOBRANCELHAS"},"content":{"rendered":"<p>Todos os dias a mesma dor.<\/p>\n<p>O pux\u00e3o forte, decisivo. Z\u00c1S!<\/p>\n<p>Ui&#8230;<\/p>\n<p>Ao longo dos dias virou ritual.<\/p>\n<p>Anacleta &#8211; o nome j\u00e1 \u00e9 absolutamente improv\u00e1vel &#8211; acordava e ia ao banheiro; mixava em jorros e antes de escovar os parcos dentes que lhe restavam, Ana mirava aquela figura no espelho:<\/p>\n<p>&#8220;Eu sou a Ana. Voc\u00ea, verme imunda, voc\u00ea \u00e9 a Anacleta&#8221;.<\/p>\n<p>Todos os dias.<\/p>\n<p>Ap\u00f3s a encarada porrada, o ritual de dor e liberta\u00e7\u00e3o.<\/p>\n<p>Ana juntava os fios da longa sobrancelha e&#8230; Z\u00c1S! &#8230; arrancava sem d\u00f3 ou temor.<\/p>\n<p>E assim foi.<\/p>\n<p>Arrancou as duas sobrancelhas at\u00e9 a raiz dos pelos. Depois partiu para os cabelos.<\/p>\n<p>No espelho, Anacleta ria:<\/p>\n<p>&#8220;Ainda bem que voc\u00ea \u00e9 peluda! Vai, Loka, vai arrancando&#8221;.<\/p>\n<p>E Ana foi arrancando todos os pelos que encontrava pelo corpo &#8220;proibido&#8221;, ainda inc\u00f3lume, indevass\u00e1vel aos 70 anos de idade.<\/p>\n<p>Certo dia, Ana chegou nas &#8220;partes \u00edntimas&#8221;.<\/p>\n<p>Z\u00c1S!<\/p>\n<p>Parou e travou.<\/p>\n<p>&#8220;S\u00e3o t\u00e3o bonitos&#8230;loirinhos&#8230; n\u00e3o tenho coragem&#8221;.<\/p>\n<p>Numa tarde de Sol rachando, os vizinhos sentiram um forte cheiro de alfazema no ar e chamaram os bombeiros.<\/p>\n<p>Encontraram Ana deitada, nua e nas m\u00e3os um aparelho de barbear<\/p>\n<p>O bilhete definitivo daria sentido \u00e0 trama:<\/p>\n<p>&#8220;Amados, limpei tudo o que pude, mas com a periquita \u00e9 preciso amor, carinho, dignidade. tecnologia \u00e9 fundamental&#8221;.<\/p>\n<p>Os dias seguiram lentos e cheio de hist\u00f3rias na Guarda do Emba\u00fa SC.<\/p>\n<p>Ana\/Anacleta virou mito urbano e, hoje, a maioria das mulheres nativas n\u00e3o fazem mais a &#8220;barba&#8221; da periquita.<\/p>\n<p>Libertaram-se.<\/p>\n<p><strong>&#8230;&#8230;&#8230;&#8230;&#8230;&#8230;&#8230;&#8230;&#8230;&#8230;.<\/strong><\/p>\n<p><strong>Gilberto Motta \u00e9 escritor, jornalista e professor\/pesquisador que h\u00e1 anos deixou de fazer a barba. Vive na Guarda do Emba\u00fa SC.<\/strong><\/p>\n","protected":false},"excerpt":{"rendered":"<p>Todos os dias a mesma dor. O pux\u00e3o forte, decisivo. Z\u00c1S! Ui&#8230; Ao longo dos dias virou ritual. Anacleta &#8211; o nome j\u00e1 \u00e9 absolutamente improv\u00e1vel &#8211; acordava e ia ao banheiro; mixava em jorros e antes de escovar os parcos dentes que lhe restavam, Ana mirava aquela figura no espelho: &#8220;Eu sou a Ana. [&hellip;]<\/p>\n","protected":false},"author":21,"featured_media":380359,"comment_status":"closed","ping_status":"closed","sticky":false,"template":"","format":"standard","meta":{"_acf_changed":false,"footnotes":""},"categories":[234],"tags":[],"class_list":["post-380358","post","type-post","status-publish","format-standard","has-post-thumbnail","hentry","category-cafe-literario"],"acf":[],"yoast_head":"<!-- This site is optimized with the Yoast SEO plugin v27.2 - https:\/\/yoast.com\/product\/yoast-seo-wordpress\/ -->\n<title>A MULHER QUE ARRANCAVA SOBRANCELHAS - Notibras<\/title>\n<meta name=\"robots\" content=\"index, follow, max-snippet:-1, max-image-preview:large, max-video-preview:-1\" \/>\n<link rel=\"canonical\" href=\"https:\/\/www.notibras.com\/site\/a-mulher-que-arrancava-sobrancelhas\/\" \/>\n<meta property=\"og:locale\" content=\"pt_BR\" \/>\n<meta property=\"og:type\" content=\"article\" \/>\n<meta property=\"og:title\" content=\"A MULHER QUE ARRANCAVA SOBRANCELHAS - Notibras\" \/>\n<meta property=\"og:description\" content=\"Todos os dias a mesma dor. O pux\u00e3o forte, decisivo. Z\u00c1S! Ui&#8230; Ao longo dos dias virou ritual. Anacleta &#8211; o nome j\u00e1 \u00e9 absolutamente improv\u00e1vel &#8211; acordava e ia ao banheiro; mixava em jorros e antes de escovar os parcos dentes que lhe restavam, Ana mirava aquela figura no espelho: &#8220;Eu sou a Ana. [&hellip;]\" \/>\n<meta property=\"og:url\" content=\"https:\/\/www.notibras.com\/site\/a-mulher-que-arrancava-sobrancelhas\/\" \/>\n<meta property=\"og:site_name\" content=\"Notibras\" \/>\n<meta property=\"article:publisher\" content=\"https:\/\/www.facebook.com\/notibras\/\" \/>\n<meta property=\"article:published_time\" content=\"2026-01-26T03:30:26+00:00\" \/>\n<meta property=\"og:image\" content=\"https:\/\/www.notibras.com\/site\/wp-content\/uploads\/2026\/01\/image-25.png\" \/>\n\t<meta property=\"og:image:width\" content=\"410\" \/>\n\t<meta property=\"og:image:height\" content=\"278\" \/>\n\t<meta property=\"og:image:type\" content=\"image\/png\" \/>\n<meta name=\"author\" content=\"Eduardo Mart\u00ednez\" \/>\n<meta name=\"twitter:card\" content=\"summary_large_image\" \/>\n<meta name=\"twitter:creator\" content=\"@Notibras\" \/>\n<meta name=\"twitter:site\" content=\"@Notibras\" \/>\n<meta name=\"twitter:label1\" content=\"Escrito por\" \/>\n\t<meta name=\"twitter:data1\" content=\"Eduardo Mart\u00ednez\" \/>\n\t<meta name=\"twitter:label2\" content=\"Est. tempo de leitura\" \/>\n\t<meta name=\"twitter:data2\" content=\"2 minutos\" \/>\n<script type=\"application\/ld+json\" class=\"yoast-schema-graph\">{\"@context\":\"https:\/\/schema.org\",\"@graph\":[{\"@type\":\"Article\",\"@id\":\"https:\/\/www.notibras.com\/site\/a-mulher-que-arrancava-sobrancelhas\/#article\",\"isPartOf\":{\"@id\":\"https:\/\/www.notibras.com\/site\/a-mulher-que-arrancava-sobrancelhas\/\"},\"author\":{\"name\":\"Eduardo Mart\u00ednez\",\"@id\":\"https:\/\/www.notibras.com\/site\/#\/schema\/person\/5b7fabf2aedc3ada2105f03b22b4d3dd\"},\"headline\":\"A MULHER QUE ARRANCAVA SOBRANCELHAS\",\"datePublished\":\"2026-01-26T03:30:26+00:00\",\"mainEntityOfPage\":{\"@id\":\"https:\/\/www.notibras.com\/site\/a-mulher-que-arrancava-sobrancelhas\/\"},\"wordCount\":280,\"publisher\":{\"@id\":\"https:\/\/www.notibras.com\/site\/#organization\"},\"image\":{\"@id\":\"https:\/\/www.notibras.com\/site\/a-mulher-que-arrancava-sobrancelhas\/#primaryimage\"},\"thumbnailUrl\":\"https:\/\/www.notibras.com\/site\/wp-content\/uploads\/2026\/01\/image-25.png\",\"articleSection\":[\"Caf\u00e9 Liter\u00e1rio\"],\"inLanguage\":\"pt-BR\"},{\"@type\":\"WebPage\",\"@id\":\"https:\/\/www.notibras.com\/site\/a-mulher-que-arrancava-sobrancelhas\/\",\"url\":\"https:\/\/www.notibras.com\/site\/a-mulher-que-arrancava-sobrancelhas\/\",\"name\":\"A MULHER QUE ARRANCAVA SOBRANCELHAS - Notibras\",\"isPartOf\":{\"@id\":\"https:\/\/www.notibras.com\/site\/#website\"},\"primaryImageOfPage\":{\"@id\":\"https:\/\/www.notibras.com\/site\/a-mulher-que-arrancava-sobrancelhas\/#primaryimage\"},\"image\":{\"@id\":\"https:\/\/www.notibras.com\/site\/a-mulher-que-arrancava-sobrancelhas\/#primaryimage\"},\"thumbnailUrl\":\"https:\/\/www.notibras.com\/site\/wp-content\/uploads\/2026\/01\/image-25.png\",\"datePublished\":\"2026-01-26T03:30:26+00:00\",\"breadcrumb\":{\"@id\":\"https:\/\/www.notibras.com\/site\/a-mulher-que-arrancava-sobrancelhas\/#breadcrumb\"},\"inLanguage\":\"pt-BR\",\"potentialAction\":[{\"@type\":\"ReadAction\",\"target\":[\"https:\/\/www.notibras.com\/site\/a-mulher-que-arrancava-sobrancelhas\/\"]}]},{\"@type\":\"ImageObject\",\"inLanguage\":\"pt-BR\",\"@id\":\"https:\/\/www.notibras.com\/site\/a-mulher-que-arrancava-sobrancelhas\/#primaryimage\",\"url\":\"https:\/\/www.notibras.com\/site\/wp-content\/uploads\/2026\/01\/image-25.png\",\"contentUrl\":\"https:\/\/www.notibras.com\/site\/wp-content\/uploads\/2026\/01\/image-25.png\",\"width\":410,\"height\":278},{\"@type\":\"BreadcrumbList\",\"@id\":\"https:\/\/www.notibras.com\/site\/a-mulher-que-arrancava-sobrancelhas\/#breadcrumb\",\"itemListElement\":[{\"@type\":\"ListItem\",\"position\":1,\"name\":\"In\u00edcio\",\"item\":\"https:\/\/www.notibras.com\/site\/\"},{\"@type\":\"ListItem\",\"position\":2,\"name\":\"A MULHER QUE ARRANCAVA SOBRANCELHAS\"}]},{\"@type\":\"WebSite\",\"@id\":\"https:\/\/www.notibras.com\/site\/#website\",\"url\":\"https:\/\/www.notibras.com\/site\/\",\"name\":\"Notibras\",\"description\":\"Not\u00edcias de Bras\u00edlia, do Brasil e do Mundo\",\"publisher\":{\"@id\":\"https:\/\/www.notibras.com\/site\/#organization\"},\"potentialAction\":[{\"@type\":\"SearchAction\",\"target\":{\"@type\":\"EntryPoint\",\"urlTemplate\":\"https:\/\/www.notibras.com\/site\/?s={search_term_string}\"},\"query-input\":{\"@type\":\"PropertyValueSpecification\",\"valueRequired\":true,\"valueName\":\"search_term_string\"}}],\"inLanguage\":\"pt-BR\"},{\"@type\":\"Organization\",\"@id\":\"https:\/\/www.notibras.com\/site\/#organization\",\"name\":\"Grupo Notibras de Comunica\u00e7\u00e3o\",\"url\":\"https:\/\/www.notibras.com\/site\/\",\"logo\":{\"@type\":\"ImageObject\",\"inLanguage\":\"pt-BR\",\"@id\":\"https:\/\/www.notibras.com\/site\/#\/schema\/logo\/image\/\",\"url\":\"https:\/\/www.notibras.com\/site\/wp-content\/uploads\/2023\/01\/notibras23.png\",\"contentUrl\":\"https:\/\/www.notibras.com\/site\/wp-content\/uploads\/2023\/01\/notibras23.png\",\"width\":350,\"height\":87,\"caption\":\"Grupo Notibras de Comunica\u00e7\u00e3o\"},\"image\":{\"@id\":\"https:\/\/www.notibras.com\/site\/#\/schema\/logo\/image\/\"},\"sameAs\":[\"https:\/\/www.facebook.com\/notibras\/\",\"https:\/\/x.com\/Notibras\",\"https:\/\/www.instagram.com\/notibras\/\"]},{\"@type\":\"Person\",\"@id\":\"https:\/\/www.notibras.com\/site\/#\/schema\/person\/5b7fabf2aedc3ada2105f03b22b4d3dd\",\"name\":\"Eduardo Mart\u00ednez\",\"image\":{\"@type\":\"ImageObject\",\"inLanguage\":\"pt-BR\",\"@id\":\"https:\/\/secure.gravatar.com\/avatar\/7902f906289926289cbcda644b5197c796b893c6ffd7b9a536a42d290f7704a0?s=96&d=mm&r=g\",\"url\":\"https:\/\/secure.gravatar.com\/avatar\/7902f906289926289cbcda644b5197c796b893c6ffd7b9a536a42d290f7704a0?s=96&d=mm&r=g\",\"contentUrl\":\"https:\/\/secure.gravatar.com\/avatar\/7902f906289926289cbcda644b5197c796b893c6ffd7b9a536a42d290f7704a0?s=96&d=mm&r=g\",\"caption\":\"Eduardo Mart\u00ednez\"}}]}<\/script>\n<!-- \/ Yoast SEO plugin. -->","yoast_head_json":{"title":"A MULHER QUE ARRANCAVA SOBRANCELHAS - Notibras","robots":{"index":"index","follow":"follow","max-snippet":"max-snippet:-1","max-image-preview":"max-image-preview:large","max-video-preview":"max-video-preview:-1"},"canonical":"https:\/\/www.notibras.com\/site\/a-mulher-que-arrancava-sobrancelhas\/","og_locale":"pt_BR","og_type":"article","og_title":"A MULHER QUE ARRANCAVA SOBRANCELHAS - Notibras","og_description":"Todos os dias a mesma dor. O pux\u00e3o forte, decisivo. Z\u00c1S! Ui&#8230; Ao longo dos dias virou ritual. Anacleta &#8211; o nome j\u00e1 \u00e9 absolutamente improv\u00e1vel &#8211; acordava e ia ao banheiro; mixava em jorros e antes de escovar os parcos dentes que lhe restavam, Ana mirava aquela figura no espelho: &#8220;Eu sou a Ana. [&hellip;]","og_url":"https:\/\/www.notibras.com\/site\/a-mulher-que-arrancava-sobrancelhas\/","og_site_name":"Notibras","article_publisher":"https:\/\/www.facebook.com\/notibras\/","article_published_time":"2026-01-26T03:30:26+00:00","og_image":[{"width":410,"height":278,"url":"https:\/\/www.notibras.com\/site\/wp-content\/uploads\/2026\/01\/image-25.png","type":"image\/png"}],"author":"Eduardo Mart\u00ednez","twitter_card":"summary_large_image","twitter_creator":"@Notibras","twitter_site":"@Notibras","twitter_misc":{"Escrito por":"Eduardo Mart\u00ednez","Est. tempo de leitura":"2 minutos"},"schema":{"@context":"https:\/\/schema.org","@graph":[{"@type":"Article","@id":"https:\/\/www.notibras.com\/site\/a-mulher-que-arrancava-sobrancelhas\/#article","isPartOf":{"@id":"https:\/\/www.notibras.com\/site\/a-mulher-que-arrancava-sobrancelhas\/"},"author":{"name":"Eduardo Mart\u00ednez","@id":"https:\/\/www.notibras.com\/site\/#\/schema\/person\/5b7fabf2aedc3ada2105f03b22b4d3dd"},"headline":"A MULHER QUE ARRANCAVA SOBRANCELHAS","datePublished":"2026-01-26T03:30:26+00:00","mainEntityOfPage":{"@id":"https:\/\/www.notibras.com\/site\/a-mulher-que-arrancava-sobrancelhas\/"},"wordCount":280,"publisher":{"@id":"https:\/\/www.notibras.com\/site\/#organization"},"image":{"@id":"https:\/\/www.notibras.com\/site\/a-mulher-que-arrancava-sobrancelhas\/#primaryimage"},"thumbnailUrl":"https:\/\/www.notibras.com\/site\/wp-content\/uploads\/2026\/01\/image-25.png","articleSection":["Caf\u00e9 Liter\u00e1rio"],"inLanguage":"pt-BR"},{"@type":"WebPage","@id":"https:\/\/www.notibras.com\/site\/a-mulher-que-arrancava-sobrancelhas\/","url":"https:\/\/www.notibras.com\/site\/a-mulher-que-arrancava-sobrancelhas\/","name":"A MULHER QUE ARRANCAVA SOBRANCELHAS - Notibras","isPartOf":{"@id":"https:\/\/www.notibras.com\/site\/#website"},"primaryImageOfPage":{"@id":"https:\/\/www.notibras.com\/site\/a-mulher-que-arrancava-sobrancelhas\/#primaryimage"},"image":{"@id":"https:\/\/www.notibras.com\/site\/a-mulher-que-arrancava-sobrancelhas\/#primaryimage"},"thumbnailUrl":"https:\/\/www.notibras.com\/site\/wp-content\/uploads\/2026\/01\/image-25.png","datePublished":"2026-01-26T03:30:26+00:00","breadcrumb":{"@id":"https:\/\/www.notibras.com\/site\/a-mulher-que-arrancava-sobrancelhas\/#breadcrumb"},"inLanguage":"pt-BR","potentialAction":[{"@type":"ReadAction","target":["https:\/\/www.notibras.com\/site\/a-mulher-que-arrancava-sobrancelhas\/"]}]},{"@type":"ImageObject","inLanguage":"pt-BR","@id":"https:\/\/www.notibras.com\/site\/a-mulher-que-arrancava-sobrancelhas\/#primaryimage","url":"https:\/\/www.notibras.com\/site\/wp-content\/uploads\/2026\/01\/image-25.png","contentUrl":"https:\/\/www.notibras.com\/site\/wp-content\/uploads\/2026\/01\/image-25.png","width":410,"height":278},{"@type":"BreadcrumbList","@id":"https:\/\/www.notibras.com\/site\/a-mulher-que-arrancava-sobrancelhas\/#breadcrumb","itemListElement":[{"@type":"ListItem","position":1,"name":"In\u00edcio","item":"https:\/\/www.notibras.com\/site\/"},{"@type":"ListItem","position":2,"name":"A MULHER QUE ARRANCAVA SOBRANCELHAS"}]},{"@type":"WebSite","@id":"https:\/\/www.notibras.com\/site\/#website","url":"https:\/\/www.notibras.com\/site\/","name":"Notibras","description":"Not\u00edcias de Bras\u00edlia, do Brasil e do Mundo","publisher":{"@id":"https:\/\/www.notibras.com\/site\/#organization"},"potentialAction":[{"@type":"SearchAction","target":{"@type":"EntryPoint","urlTemplate":"https:\/\/www.notibras.com\/site\/?s={search_term_string}"},"query-input":{"@type":"PropertyValueSpecification","valueRequired":true,"valueName":"search_term_string"}}],"inLanguage":"pt-BR"},{"@type":"Organization","@id":"https:\/\/www.notibras.com\/site\/#organization","name":"Grupo Notibras de Comunica\u00e7\u00e3o","url":"https:\/\/www.notibras.com\/site\/","logo":{"@type":"ImageObject","inLanguage":"pt-BR","@id":"https:\/\/www.notibras.com\/site\/#\/schema\/logo\/image\/","url":"https:\/\/www.notibras.com\/site\/wp-content\/uploads\/2023\/01\/notibras23.png","contentUrl":"https:\/\/www.notibras.com\/site\/wp-content\/uploads\/2023\/01\/notibras23.png","width":350,"height":87,"caption":"Grupo Notibras de Comunica\u00e7\u00e3o"},"image":{"@id":"https:\/\/www.notibras.com\/site\/#\/schema\/logo\/image\/"},"sameAs":["https:\/\/www.facebook.com\/notibras\/","https:\/\/x.com\/Notibras","https:\/\/www.instagram.com\/notibras\/"]},{"@type":"Person","@id":"https:\/\/www.notibras.com\/site\/#\/schema\/person\/5b7fabf2aedc3ada2105f03b22b4d3dd","name":"Eduardo Mart\u00ednez","image":{"@type":"ImageObject","inLanguage":"pt-BR","@id":"https:\/\/secure.gravatar.com\/avatar\/7902f906289926289cbcda644b5197c796b893c6ffd7b9a536a42d290f7704a0?s=96&d=mm&r=g","url":"https:\/\/secure.gravatar.com\/avatar\/7902f906289926289cbcda644b5197c796b893c6ffd7b9a536a42d290f7704a0?s=96&d=mm&r=g","contentUrl":"https:\/\/secure.gravatar.com\/avatar\/7902f906289926289cbcda644b5197c796b893c6ffd7b9a536a42d290f7704a0?s=96&d=mm&r=g","caption":"Eduardo Mart\u00ednez"}}]}},"amp_enabled":true,"_links":{"self":[{"href":"https:\/\/www.notibras.com\/site\/wp-json\/wp\/v2\/posts\/380358","targetHints":{"allow":["GET"]}}],"collection":[{"href":"https:\/\/www.notibras.com\/site\/wp-json\/wp\/v2\/posts"}],"about":[{"href":"https:\/\/www.notibras.com\/site\/wp-json\/wp\/v2\/types\/post"}],"author":[{"embeddable":true,"href":"https:\/\/www.notibras.com\/site\/wp-json\/wp\/v2\/users\/21"}],"replies":[{"embeddable":true,"href":"https:\/\/www.notibras.com\/site\/wp-json\/wp\/v2\/comments?post=380358"}],"version-history":[{"count":2,"href":"https:\/\/www.notibras.com\/site\/wp-json\/wp\/v2\/posts\/380358\/revisions"}],"predecessor-version":[{"id":380361,"href":"https:\/\/www.notibras.com\/site\/wp-json\/wp\/v2\/posts\/380358\/revisions\/380361"}],"wp:featuredmedia":[{"embeddable":true,"href":"https:\/\/www.notibras.com\/site\/wp-json\/wp\/v2\/media\/380359"}],"wp:attachment":[{"href":"https:\/\/www.notibras.com\/site\/wp-json\/wp\/v2\/media?parent=380358"}],"wp:term":[{"taxonomy":"category","embeddable":true,"href":"https:\/\/www.notibras.com\/site\/wp-json\/wp\/v2\/categories?post=380358"},{"taxonomy":"post_tag","embeddable":true,"href":"https:\/\/www.notibras.com\/site\/wp-json\/wp\/v2\/tags?post=380358"}],"curies":[{"name":"wp","href":"https:\/\/api.w.org\/{rel}","templated":true}]}}