{"id":380366,"date":"2026-01-28T00:45:39","date_gmt":"2026-01-28T03:45:39","guid":{"rendered":"https:\/\/www.notibras.com\/site\/?p=380366"},"modified":"2026-01-25T00:52:31","modified_gmt":"2026-01-25T03:52:31","slug":"benca-mae","status":"publish","type":"post","link":"https:\/\/www.notibras.com\/site\/benca-mae\/","title":{"rendered":"BEN\u00c7A, M\u00c3E!"},"content":{"rendered":"<p>Tenho a mania de anotar pensamentos escritos em portas de banheiros de rodovi\u00e1rias, grafites de muros, guardanapos que sempre terminam no frasco sobre as mesas dos botecos de periferia por onde ando e andarei.<\/p>\n<p>E guardo tamb\u00e9m cadernos, pequenas cadernetas de apontamentos; bolsas e gavetas cheias delas.<\/p>\n<p>Um dia, quem sabe, servir\u00e3o de combust\u00edvel para a grande fogueira das mem\u00f3rias, aqueles livros jamais escritos, sempre sonhados.<\/p>\n<p>A CR\u00d4NICA DE LU\u00cdZA NOGUEIRA E A CARTA EM SP<\/p>\n<p>Em 20\/01\/26, ao ler a cr\u00f4nica &#8220;Entre Caminhos e Ra\u00edzes&#8221;, da escritora e colega aqui do <strong>Caf\u00e9 Liter\u00e1rio<\/strong>, imediatamente fui arremetido \u00e0s minhas manias e lembran\u00e7as dos meus garimpos a\u00ed pelas estradas.<\/p>\n<p>Hoje quero contar algo ocorrido pr\u00f3ximo ao Dia das M\u00e3es l\u00e1 no ano de 2014, na capital de S\u00e3o Paulo.<\/p>\n<p>Pois ent\u00e3o, abrir a gaveta dos meus escritos &#8220;roubados e estocados&#8221;, a es\/hist\u00f3ria estava l\u00e1 me esperando.<\/p>\n<p>(O fato)<\/p>\n<p>Caminhando sem rumo certo, parei numa padaria da avenida Nova Cantareira, entre Santana e Tucuruvi, zona norte de S\u00e3o Paulo, Sampa, pra tomar uma cervejinha, pois ningu\u00e9m \u00e9 de ferro. Encontrei este texto, escrito numa folha suja de papel, sobre a mesinha na cal\u00e7ada e guardei.<\/p>\n<p>(O texto)<\/p>\n<p>*Amanh\u00e3 \u00e9 Domingo. Dia das M\u00e3es. Preciso relaxar e falar com ELA.<\/p>\n<p>Onde estar\u00e1 a minha m\u00e3e?<\/p>\n<p>1- Querida amiga de todos os segundos: pra come\u00e7ar, MUITO OBRIGADO por estar sempre aqui ao meu lado;<\/p>\n<p>2- A senhora \u00e9 a m\u00e3e certa para mim, sem precisar mudar nada. \u00c9 a casa que habitei e aquela que para sempre me habitar\u00e1. A concretiza\u00e7\u00e3o do sagrado, al\u00e9m de religi\u00f5es, grupos ou teses que reduzem\/separam: a Senhora \u00e9 F\u00e9 e Amor. Pura Dedica\u00e7\u00e3o.<\/p>\n<p>3- Eu recebo com alegria a vida que a senhora e meu pai me deram. Foi atrav\u00e9s de voc\u00eas dois que a vida plena chegou para mim, e isso \u00e9 o sopro, o fluxo, o fim. E o recome\u00e7ar de tudo.<\/p>\n<p>4- Eu lamento todas as vezes que fui impaciente, ingrato e Meu lugar \u00e9 de filho e a vida n\u00e3o avan\u00e7a, n\u00e3o se constr\u00f3i uma jornada sem o respeito fundamental a cada passo, a cada desafio.<\/p>\n<p>5- A senhora veio primeiro e eu vim depois. Eu sou o aprendiz e a Senhora o Farol.<\/p>\n<p>6- A senhora \u00e9 infinita e eu t\u00e3o pequeno.<\/p>\n<p>7- A senhora me trouxe \u00e0 luz e eu recebi de gra\u00e7a a vida.<\/p>\n<p>8- A senhora \u00e9 a m\u00e3e e eu sou o filho. Isto faz todo o sentido.<\/p>\n<p>9- Eu admiro e reconhe\u00e7o a sua for\u00e7a, coragem e amor incondicionais em aceitar a minha vida em sua vida.<\/p>\n<p>10- Eu tomo tudo que vem da senhora com plena alegria e honra.<\/p>\n<p>11- A senhora sempre ser\u00e1 a m\u00e3e e eu, sempre seu filho, e isso me alegra infinitamente. Jamais estarei sozinho.<\/p>\n<p>12- Eu vou fazer algo bom com a vida que a senhora e o pai me deram. Eu vou cuidar de mim, vou seguir adiante na vida, levando comigo tudo que voc\u00eas generosamente me oferecem. E tudo que recebi de voc\u00eas \u00e9 o bastante para eu seguir. \u00c9 tudo o que eu preciso e n\u00e3o me falta nada. Amor, prote\u00e7\u00e3o e educa\u00e7\u00e3o fundamentais.<\/p>\n<p>13- Gratid\u00e3o eterna. A senhora est\u00e1 em todos os segundos comigo. Deus \u00e9 M\u00e3e.<\/p>\n<p>14- A senhora me aben\u00e7oa?<\/p>\n<p>15- Onde quer que a senhora esteja, &#8220;Ben\u00e7a, m\u00e3e!&#8221; &#8230; e Paz!<\/p>\n<p>A vida segue sendo escrita a\u00ed pelos an\u00f4nimos nas paredes, muros, portas de banheiros p\u00fablicos.<\/p>\n<p>Carrego comigo o bilhete sujo com a carta mais &#8220;limpa&#8221; que j\u00e1 encontrei.<\/p>\n<p><strong>&#8230;&#8230;&#8230;&#8230;&#8230;&#8230;&#8230;&#8230;..<\/strong><\/p>\n<p><strong>Gilberto Motta \u00e9 escritor, jornalista, professor\/pesquisador e garimpeiro de pistas e garrafas de n\u00e1ufragos em forma de frases e textos a\u00ed pelos caminhos. Vive na vilazinha da Guarda do Emba\u00fa, litoral de SC.<\/strong><\/p>\n","protected":false},"excerpt":{"rendered":"<p>Tenho a mania de anotar pensamentos escritos em portas de banheiros de rodovi\u00e1rias, grafites de muros, guardanapos que sempre terminam no frasco sobre as mesas dos botecos de periferia por onde ando e andarei. E guardo tamb\u00e9m cadernos, pequenas cadernetas de apontamentos; bolsas e gavetas cheias delas. Um dia, quem sabe, servir\u00e3o de combust\u00edvel para [&hellip;]<\/p>\n","protected":false},"author":21,"featured_media":380367,"comment_status":"closed","ping_status":"closed","sticky":false,"template":"","format":"standard","meta":{"_acf_changed":false,"footnotes":""},"categories":[234],"tags":[],"class_list":["post-380366","post","type-post","status-publish","format-standard","has-post-thumbnail","hentry","category-cafe-literario"],"acf":[],"yoast_head":"<!-- This site is optimized with the Yoast SEO plugin v27.2 - https:\/\/yoast.com\/product\/yoast-seo-wordpress\/ -->\n<title>BEN\u00c7A, M\u00c3E! - Notibras<\/title>\n<meta name=\"robots\" content=\"index, follow, max-snippet:-1, max-image-preview:large, max-video-preview:-1\" \/>\n<link rel=\"canonical\" href=\"https:\/\/www.notibras.com\/site\/benca-mae\/\" \/>\n<meta property=\"og:locale\" content=\"pt_BR\" \/>\n<meta property=\"og:type\" content=\"article\" \/>\n<meta property=\"og:title\" content=\"BEN\u00c7A, M\u00c3E! - Notibras\" \/>\n<meta property=\"og:description\" content=\"Tenho a mania de anotar pensamentos escritos em portas de banheiros de rodovi\u00e1rias, grafites de muros, guardanapos que sempre terminam no frasco sobre as mesas dos botecos de periferia por onde ando e andarei. E guardo tamb\u00e9m cadernos, pequenas cadernetas de apontamentos; bolsas e gavetas cheias delas. Um dia, quem sabe, servir\u00e3o de combust\u00edvel para [&hellip;]\" \/>\n<meta property=\"og:url\" content=\"https:\/\/www.notibras.com\/site\/benca-mae\/\" \/>\n<meta property=\"og:site_name\" content=\"Notibras\" \/>\n<meta property=\"article:publisher\" content=\"https:\/\/www.facebook.com\/notibras\/\" \/>\n<meta property=\"article:published_time\" content=\"2026-01-28T03:45:39+00:00\" \/>\n<meta property=\"og:image\" content=\"https:\/\/www.notibras.com\/site\/wp-content\/uploads\/2026\/01\/image-27.png\" \/>\n\t<meta property=\"og:image:width\" content=\"720\" \/>\n\t<meta property=\"og:image:height\" content=\"960\" \/>\n\t<meta property=\"og:image:type\" content=\"image\/png\" \/>\n<meta name=\"author\" content=\"Eduardo Mart\u00ednez\" \/>\n<meta name=\"twitter:card\" content=\"summary_large_image\" \/>\n<meta name=\"twitter:creator\" content=\"@Notibras\" \/>\n<meta name=\"twitter:site\" content=\"@Notibras\" \/>\n<meta name=\"twitter:label1\" content=\"Escrito por\" \/>\n\t<meta name=\"twitter:data1\" content=\"Eduardo Mart\u00ednez\" \/>\n\t<meta name=\"twitter:label2\" content=\"Est. tempo de leitura\" \/>\n\t<meta name=\"twitter:data2\" content=\"4 minutos\" \/>\n<script type=\"application\/ld+json\" class=\"yoast-schema-graph\">{\"@context\":\"https:\/\/schema.org\",\"@graph\":[{\"@type\":\"Article\",\"@id\":\"https:\/\/www.notibras.com\/site\/benca-mae\/#article\",\"isPartOf\":{\"@id\":\"https:\/\/www.notibras.com\/site\/benca-mae\/\"},\"author\":{\"name\":\"Eduardo Mart\u00ednez\",\"@id\":\"https:\/\/www.notibras.com\/site\/#\/schema\/person\/5b7fabf2aedc3ada2105f03b22b4d3dd\"},\"headline\":\"BEN\u00c7A, M\u00c3E!\",\"datePublished\":\"2026-01-28T03:45:39+00:00\",\"mainEntityOfPage\":{\"@id\":\"https:\/\/www.notibras.com\/site\/benca-mae\/\"},\"wordCount\":660,\"publisher\":{\"@id\":\"https:\/\/www.notibras.com\/site\/#organization\"},\"image\":{\"@id\":\"https:\/\/www.notibras.com\/site\/benca-mae\/#primaryimage\"},\"thumbnailUrl\":\"https:\/\/www.notibras.com\/site\/wp-content\/uploads\/2026\/01\/image-27.png\",\"articleSection\":[\"Caf\u00e9 Liter\u00e1rio\"],\"inLanguage\":\"pt-BR\"},{\"@type\":\"WebPage\",\"@id\":\"https:\/\/www.notibras.com\/site\/benca-mae\/\",\"url\":\"https:\/\/www.notibras.com\/site\/benca-mae\/\",\"name\":\"BEN\u00c7A, M\u00c3E! - Notibras\",\"isPartOf\":{\"@id\":\"https:\/\/www.notibras.com\/site\/#website\"},\"primaryImageOfPage\":{\"@id\":\"https:\/\/www.notibras.com\/site\/benca-mae\/#primaryimage\"},\"image\":{\"@id\":\"https:\/\/www.notibras.com\/site\/benca-mae\/#primaryimage\"},\"thumbnailUrl\":\"https:\/\/www.notibras.com\/site\/wp-content\/uploads\/2026\/01\/image-27.png\",\"datePublished\":\"2026-01-28T03:45:39+00:00\",\"breadcrumb\":{\"@id\":\"https:\/\/www.notibras.com\/site\/benca-mae\/#breadcrumb\"},\"inLanguage\":\"pt-BR\",\"potentialAction\":[{\"@type\":\"ReadAction\",\"target\":[\"https:\/\/www.notibras.com\/site\/benca-mae\/\"]}]},{\"@type\":\"ImageObject\",\"inLanguage\":\"pt-BR\",\"@id\":\"https:\/\/www.notibras.com\/site\/benca-mae\/#primaryimage\",\"url\":\"https:\/\/www.notibras.com\/site\/wp-content\/uploads\/2026\/01\/image-27.png\",\"contentUrl\":\"https:\/\/www.notibras.com\/site\/wp-content\/uploads\/2026\/01\/image-27.png\",\"width\":720,\"height\":960},{\"@type\":\"BreadcrumbList\",\"@id\":\"https:\/\/www.notibras.com\/site\/benca-mae\/#breadcrumb\",\"itemListElement\":[{\"@type\":\"ListItem\",\"position\":1,\"name\":\"In\u00edcio\",\"item\":\"https:\/\/www.notibras.com\/site\/\"},{\"@type\":\"ListItem\",\"position\":2,\"name\":\"BEN\u00c7A, M\u00c3E!\"}]},{\"@type\":\"WebSite\",\"@id\":\"https:\/\/www.notibras.com\/site\/#website\",\"url\":\"https:\/\/www.notibras.com\/site\/\",\"name\":\"Notibras\",\"description\":\"Not\u00edcias de Bras\u00edlia, do Brasil e do Mundo\",\"publisher\":{\"@id\":\"https:\/\/www.notibras.com\/site\/#organization\"},\"potentialAction\":[{\"@type\":\"SearchAction\",\"target\":{\"@type\":\"EntryPoint\",\"urlTemplate\":\"https:\/\/www.notibras.com\/site\/?s={search_term_string}\"},\"query-input\":{\"@type\":\"PropertyValueSpecification\",\"valueRequired\":true,\"valueName\":\"search_term_string\"}}],\"inLanguage\":\"pt-BR\"},{\"@type\":\"Organization\",\"@id\":\"https:\/\/www.notibras.com\/site\/#organization\",\"name\":\"Grupo Notibras de Comunica\u00e7\u00e3o\",\"url\":\"https:\/\/www.notibras.com\/site\/\",\"logo\":{\"@type\":\"ImageObject\",\"inLanguage\":\"pt-BR\",\"@id\":\"https:\/\/www.notibras.com\/site\/#\/schema\/logo\/image\/\",\"url\":\"https:\/\/www.notibras.com\/site\/wp-content\/uploads\/2023\/01\/notibras23.png\",\"contentUrl\":\"https:\/\/www.notibras.com\/site\/wp-content\/uploads\/2023\/01\/notibras23.png\",\"width\":350,\"height\":87,\"caption\":\"Grupo Notibras de Comunica\u00e7\u00e3o\"},\"image\":{\"@id\":\"https:\/\/www.notibras.com\/site\/#\/schema\/logo\/image\/\"},\"sameAs\":[\"https:\/\/www.facebook.com\/notibras\/\",\"https:\/\/x.com\/Notibras\",\"https:\/\/www.instagram.com\/notibras\/\"]},{\"@type\":\"Person\",\"@id\":\"https:\/\/www.notibras.com\/site\/#\/schema\/person\/5b7fabf2aedc3ada2105f03b22b4d3dd\",\"name\":\"Eduardo Mart\u00ednez\",\"image\":{\"@type\":\"ImageObject\",\"inLanguage\":\"pt-BR\",\"@id\":\"https:\/\/secure.gravatar.com\/avatar\/7902f906289926289cbcda644b5197c796b893c6ffd7b9a536a42d290f7704a0?s=96&d=mm&r=g\",\"url\":\"https:\/\/secure.gravatar.com\/avatar\/7902f906289926289cbcda644b5197c796b893c6ffd7b9a536a42d290f7704a0?s=96&d=mm&r=g\",\"contentUrl\":\"https:\/\/secure.gravatar.com\/avatar\/7902f906289926289cbcda644b5197c796b893c6ffd7b9a536a42d290f7704a0?s=96&d=mm&r=g\",\"caption\":\"Eduardo Mart\u00ednez\"}}]}<\/script>\n<!-- \/ Yoast SEO plugin. -->","yoast_head_json":{"title":"BEN\u00c7A, M\u00c3E! - Notibras","robots":{"index":"index","follow":"follow","max-snippet":"max-snippet:-1","max-image-preview":"max-image-preview:large","max-video-preview":"max-video-preview:-1"},"canonical":"https:\/\/www.notibras.com\/site\/benca-mae\/","og_locale":"pt_BR","og_type":"article","og_title":"BEN\u00c7A, M\u00c3E! - Notibras","og_description":"Tenho a mania de anotar pensamentos escritos em portas de banheiros de rodovi\u00e1rias, grafites de muros, guardanapos que sempre terminam no frasco sobre as mesas dos botecos de periferia por onde ando e andarei. E guardo tamb\u00e9m cadernos, pequenas cadernetas de apontamentos; bolsas e gavetas cheias delas. Um dia, quem sabe, servir\u00e3o de combust\u00edvel para [&hellip;]","og_url":"https:\/\/www.notibras.com\/site\/benca-mae\/","og_site_name":"Notibras","article_publisher":"https:\/\/www.facebook.com\/notibras\/","article_published_time":"2026-01-28T03:45:39+00:00","og_image":[{"width":720,"height":960,"url":"https:\/\/www.notibras.com\/site\/wp-content\/uploads\/2026\/01\/image-27.png","type":"image\/png"}],"author":"Eduardo Mart\u00ednez","twitter_card":"summary_large_image","twitter_creator":"@Notibras","twitter_site":"@Notibras","twitter_misc":{"Escrito por":"Eduardo Mart\u00ednez","Est. tempo de leitura":"4 minutos"},"schema":{"@context":"https:\/\/schema.org","@graph":[{"@type":"Article","@id":"https:\/\/www.notibras.com\/site\/benca-mae\/#article","isPartOf":{"@id":"https:\/\/www.notibras.com\/site\/benca-mae\/"},"author":{"name":"Eduardo Mart\u00ednez","@id":"https:\/\/www.notibras.com\/site\/#\/schema\/person\/5b7fabf2aedc3ada2105f03b22b4d3dd"},"headline":"BEN\u00c7A, M\u00c3E!","datePublished":"2026-01-28T03:45:39+00:00","mainEntityOfPage":{"@id":"https:\/\/www.notibras.com\/site\/benca-mae\/"},"wordCount":660,"publisher":{"@id":"https:\/\/www.notibras.com\/site\/#organization"},"image":{"@id":"https:\/\/www.notibras.com\/site\/benca-mae\/#primaryimage"},"thumbnailUrl":"https:\/\/www.notibras.com\/site\/wp-content\/uploads\/2026\/01\/image-27.png","articleSection":["Caf\u00e9 Liter\u00e1rio"],"inLanguage":"pt-BR"},{"@type":"WebPage","@id":"https:\/\/www.notibras.com\/site\/benca-mae\/","url":"https:\/\/www.notibras.com\/site\/benca-mae\/","name":"BEN\u00c7A, M\u00c3E! - Notibras","isPartOf":{"@id":"https:\/\/www.notibras.com\/site\/#website"},"primaryImageOfPage":{"@id":"https:\/\/www.notibras.com\/site\/benca-mae\/#primaryimage"},"image":{"@id":"https:\/\/www.notibras.com\/site\/benca-mae\/#primaryimage"},"thumbnailUrl":"https:\/\/www.notibras.com\/site\/wp-content\/uploads\/2026\/01\/image-27.png","datePublished":"2026-01-28T03:45:39+00:00","breadcrumb":{"@id":"https:\/\/www.notibras.com\/site\/benca-mae\/#breadcrumb"},"inLanguage":"pt-BR","potentialAction":[{"@type":"ReadAction","target":["https:\/\/www.notibras.com\/site\/benca-mae\/"]}]},{"@type":"ImageObject","inLanguage":"pt-BR","@id":"https:\/\/www.notibras.com\/site\/benca-mae\/#primaryimage","url":"https:\/\/www.notibras.com\/site\/wp-content\/uploads\/2026\/01\/image-27.png","contentUrl":"https:\/\/www.notibras.com\/site\/wp-content\/uploads\/2026\/01\/image-27.png","width":720,"height":960},{"@type":"BreadcrumbList","@id":"https:\/\/www.notibras.com\/site\/benca-mae\/#breadcrumb","itemListElement":[{"@type":"ListItem","position":1,"name":"In\u00edcio","item":"https:\/\/www.notibras.com\/site\/"},{"@type":"ListItem","position":2,"name":"BEN\u00c7A, M\u00c3E!"}]},{"@type":"WebSite","@id":"https:\/\/www.notibras.com\/site\/#website","url":"https:\/\/www.notibras.com\/site\/","name":"Notibras","description":"Not\u00edcias de Bras\u00edlia, do Brasil e do Mundo","publisher":{"@id":"https:\/\/www.notibras.com\/site\/#organization"},"potentialAction":[{"@type":"SearchAction","target":{"@type":"EntryPoint","urlTemplate":"https:\/\/www.notibras.com\/site\/?s={search_term_string}"},"query-input":{"@type":"PropertyValueSpecification","valueRequired":true,"valueName":"search_term_string"}}],"inLanguage":"pt-BR"},{"@type":"Organization","@id":"https:\/\/www.notibras.com\/site\/#organization","name":"Grupo Notibras de Comunica\u00e7\u00e3o","url":"https:\/\/www.notibras.com\/site\/","logo":{"@type":"ImageObject","inLanguage":"pt-BR","@id":"https:\/\/www.notibras.com\/site\/#\/schema\/logo\/image\/","url":"https:\/\/www.notibras.com\/site\/wp-content\/uploads\/2023\/01\/notibras23.png","contentUrl":"https:\/\/www.notibras.com\/site\/wp-content\/uploads\/2023\/01\/notibras23.png","width":350,"height":87,"caption":"Grupo Notibras de Comunica\u00e7\u00e3o"},"image":{"@id":"https:\/\/www.notibras.com\/site\/#\/schema\/logo\/image\/"},"sameAs":["https:\/\/www.facebook.com\/notibras\/","https:\/\/x.com\/Notibras","https:\/\/www.instagram.com\/notibras\/"]},{"@type":"Person","@id":"https:\/\/www.notibras.com\/site\/#\/schema\/person\/5b7fabf2aedc3ada2105f03b22b4d3dd","name":"Eduardo Mart\u00ednez","image":{"@type":"ImageObject","inLanguage":"pt-BR","@id":"https:\/\/secure.gravatar.com\/avatar\/7902f906289926289cbcda644b5197c796b893c6ffd7b9a536a42d290f7704a0?s=96&d=mm&r=g","url":"https:\/\/secure.gravatar.com\/avatar\/7902f906289926289cbcda644b5197c796b893c6ffd7b9a536a42d290f7704a0?s=96&d=mm&r=g","contentUrl":"https:\/\/secure.gravatar.com\/avatar\/7902f906289926289cbcda644b5197c796b893c6ffd7b9a536a42d290f7704a0?s=96&d=mm&r=g","caption":"Eduardo Mart\u00ednez"}}]}},"amp_enabled":true,"_links":{"self":[{"href":"https:\/\/www.notibras.com\/site\/wp-json\/wp\/v2\/posts\/380366","targetHints":{"allow":["GET"]}}],"collection":[{"href":"https:\/\/www.notibras.com\/site\/wp-json\/wp\/v2\/posts"}],"about":[{"href":"https:\/\/www.notibras.com\/site\/wp-json\/wp\/v2\/types\/post"}],"author":[{"embeddable":true,"href":"https:\/\/www.notibras.com\/site\/wp-json\/wp\/v2\/users\/21"}],"replies":[{"embeddable":true,"href":"https:\/\/www.notibras.com\/site\/wp-json\/wp\/v2\/comments?post=380366"}],"version-history":[{"count":1,"href":"https:\/\/www.notibras.com\/site\/wp-json\/wp\/v2\/posts\/380366\/revisions"}],"predecessor-version":[{"id":380368,"href":"https:\/\/www.notibras.com\/site\/wp-json\/wp\/v2\/posts\/380366\/revisions\/380368"}],"wp:featuredmedia":[{"embeddable":true,"href":"https:\/\/www.notibras.com\/site\/wp-json\/wp\/v2\/media\/380367"}],"wp:attachment":[{"href":"https:\/\/www.notibras.com\/site\/wp-json\/wp\/v2\/media?parent=380366"}],"wp:term":[{"taxonomy":"category","embeddable":true,"href":"https:\/\/www.notibras.com\/site\/wp-json\/wp\/v2\/categories?post=380366"},{"taxonomy":"post_tag","embeddable":true,"href":"https:\/\/www.notibras.com\/site\/wp-json\/wp\/v2\/tags?post=380366"}],"curies":[{"name":"wp","href":"https:\/\/api.w.org\/{rel}","templated":true}]}}