{"id":380380,"date":"2026-01-26T00:15:00","date_gmt":"2026-01-26T03:15:00","guid":{"rendered":"https:\/\/www.notibras.com\/site\/?p=380380"},"modified":"2026-01-25T02:18:36","modified_gmt":"2026-01-25T05:18:36","slug":"o-pastor-damasceno-era-um-conservador-dos-mais-cascudos","status":"publish","type":"post","link":"https:\/\/www.notibras.com\/site\/o-pastor-damasceno-era-um-conservador-dos-mais-cascudos\/","title":{"rendered":"O pastor Damasceno era um conservador dos mais cascudos"},"content":{"rendered":"<p>O pastor Damasceno, neopentecostal de carteirinha, era um conservador dos mais cascudos. Ferrenho defensor da ordem estabelecida, vociferava contra o novededos e o governo do PT, recusava-se a ouvir int\u00e9rpretes como Chico Buarque e Caetano, \u201ccomunas de quatro costados\u201d, e morria de saudades do Bozo. Quer dizer, nada de muito diferente dos malafaias da vida \u2013 os pastores e bispos milion\u00e1rios que frequentam as manchetes dos jornais.<\/p>\n<p>Um ponto, por\u00e9m, singularizava Damasceno: ele acreditava sinceramente que o Apocalipse estava pr\u00f3ximo. Se houvesse um abalo s\u00edsmico chinfrim no Jap\u00e3o, meros 2.2 na escala Richter dos terremotos (o maior registrado, no Chile, em 1960, alcan\u00e7ou 9,5), no dia seguinte ele berrava aos fi\u00e9is:<\/p>\n<p>&#8211; Viram? N\u00e3o falei? \u00c9 o Senhor abalando a Terra! Logo v\u00e3o soar as trombetas! O fim dos tempos est\u00e1 pr\u00f3ximo, aleluia!<\/p>\n<p>Mas antes viria o evento sobrenatural de sua predile\u00e7\u00e3o: o Arrebatamento (com A mai\u00fasculo). Sabia de cor os vers\u00edculos da B\u00edblia que mencionavam a coisa; um de seus prediletos era Hebreus 11:5:<\/p>\n<p>Pela f\u00e9, Enoque foi levado, de modo que n\u00e3o experimentou a morte (&#8230;). Pois, antes de ser levado, recebeu testemunho de que tinha agradado a Deus.<\/p>\n<p>Ele, Damasceno, n\u00e3o tinha a menor d\u00favida, havia agradado a Deus; com certeza, ele e os demais cidad\u00e3os de bem seriam levados para o c\u00e9u em vida, sendo poupados das atribula\u00e7\u00f5es que recairiam sobre os pecadores \u2013 o restante da tigrada. Fan\u00e1tico por futebol, Damasceno pensava na coisa como uma esp\u00e9cie de minutagem divina: o t\u00e9cnico (Deus) tira do campo os mais valiosos jogadores para preserv\u00e1-los para embates futuros. Ele estava na lista, tinha convic\u00e7\u00e3o disso, e n\u00e3o dava a m\u00ednima se, depois, o time dos pernas de pau \u2013 a esp\u00e9cie humana, sem os melhores atletas \u2013 iria perder de goleada. Tamb\u00e9m cagava e andava para o impacto imediato da sa\u00edda de campo: autom\u00f3veis, \u00f4nibus e trens desgovernados de um momento para o outro, chocando-se com outros ve\u00edculos, e por a\u00ed vai. \u201cBem feito\u201d, pensava. \u201cSe os acidentados, no Brasil, fossem homens e mulheres de bem e n\u00e3o um bando de petistas ou coisa pior, tamb\u00e9m tinham subido\u201d.<\/p>\n<p>Certo dia, ele estava no escrit\u00f3rio do templo, contando os d\u00edzimos que haviam entrado na semana anterior, quando o obreiro Ariovaldo se aproximou, gaguejando de nervoso:<\/p>\n<p>&#8211; Pas..pastor, o arre&#8230;arrebatamento&#8230;<\/p>\n<p>&#8211; Que foi, Ariovaldo?<\/p>\n<p>&#8211; O arrebatamento. Acon&#8230; aconteceu mesmo!<\/p>\n<p>&#8211; Conta tudo!<\/p>\n<p>Nesse momento, o pastor experimentou uma sucess\u00e3o de sentimentos contradit\u00f3rios. Primeiro, ultraje: como arrebatamento dos justos, se ele continuava aqui? Depois, alegria reverente por ser quase testemunha de um milagre e ter uma miss\u00e3o a cumprir: o t\u00e9cnico com certeza o deixara em campo para n\u00e3o desfalcar demasiado o time. Mais calmo, perguntou:<\/p>\n<p>&#8211; Quantos foram arrebatados, Ariovaldo? No m\u00e1ximo, algumas centenas de milh\u00f5es, mais prov\u00e1vel dezenas de milh\u00f5es. Sobraram muitos pecadores para salvarmos \u2013 e deu um risinho.<\/p>\n<p>&#8211; Um.<\/p>\n<p>&#8211; Um o qu\u00ea, Ariovaldo?<\/p>\n<p>&#8211; Um s\u00f3. Apenas um foi arrebatado. O papa.<\/p>\n<p>&#8211; O papa? Da igreja cat\u00f3lica? Le\u00e3o XIV, aquele comunistinha, sucessor do papa Francisco, o comunist\u00e3o?<\/p>\n<p>&#8211; Esse mesmo. Est\u00e1 em todos os notici\u00e1rios da TV e do r\u00e1dio.<\/p>\n<p>&#8211; Papa-asno, burro, porco, mentiroso, blasfemo, anticristo, chefe de uma igreja de prostitutas e hermafroditas; os atos pontif\u00edcios s\u00e3o escritos com a merda do diabo e selados com os peidos do papa!<\/p>\n<p>Ariovaldo ouvia, consternado, os xingamentos dirigidos a Le\u00e3o XIV. Diatribes imerecidas, pois ele, afinal, agradava ao senhor \u2013 tanto que fora arrebatado e iria, agora, trocar figurinhas com seu par\u00e7a Enoque no para\u00edso. Mas, na verdade, o pastor estava xingando o papa indiretamente, por interposta pessoa: limitava-se a citar as ofensas dirigidas a outro Le\u00e3o, o d\u00e9cimo, por Martinho Lutero, impulsionador da Reforma protestante e, com isso, ancestral enviesado das denomina\u00e7\u00f5es neopentecostais, entre elas a de Damasceno. S\u00f3 que o obreiro n\u00e3o sabia nada disso, o \u00fanico Martinho que conhecia era o da Vila \u2013 e sem intimidade, que a igreja achava que samba era cria\u00e7\u00e3o do demo.<\/p>\n<p>O pastor acompanhou, pela TV, o v\u00eddeo da ascens\u00e3o do papa; e tamb\u00e9m, fazendo caretas de \u00f3dio impotente, a zoeira dos cat\u00f3licos com os evang\u00e9licos. Goza\u00e7\u00f5es que partiam basicamente dos segmentos conservadores do catolicismo, pois cat\u00f3licos e evang\u00e9licos progressistas se uniam na luta em defesa dos pobres contra azelites e uzmercadus. Para eles, arrebatamento, nem pensar: o campo de batalha era este mundo, aqui e agora.<\/p>\n<p>Diga-se que a alegria do catolicismo conservador durou pouco: grava\u00e7\u00f5es da subida de Le\u00e3o XIV ao c\u00e9u mostravam-no rosnando \u2013 em ingl\u00eas, sua l\u00edngua natal, n\u00e3o em espanhol, sua segunda l\u00edngua, ou italiano e muito menos em latim \u2013 as seguintes palavras:<\/p>\n<p>&#8211; Stop this fucking rapture! I want to stay here!<\/p>\n<p>Uma tradu\u00e7\u00e3o selvagem, para o portugu\u00eas, poderia ser:<\/p>\n<p>&#8211; Parem com essa porra de arrebatamento! Quero ficar aqui!<\/p>\n<p>O que mostra que o bispo de Roma n\u00e3o conhecia a Bahia e, muito menos, Quero voltar pra Bahia, obra-prima do cancioneiro brazuca, de autoria de Paulo Diniz. Se conhecesse, subiria batucando em uma caixa de f\u00f3sforos e citaria o \u00faltimo verso do refr\u00e3o \u2013 nada dif\u00edcil pra ele, pois na can\u00e7\u00e3o o verso est\u00e1 em ingl\u00eas e, por essa raz\u00e3o, n\u00e3o ser\u00e1 traduzido aqui \u2013 com um pequeno acr\u00e9scimo, s\u00f3 a palavrinha and (e):<\/p>\n<p>&#8211; Stop this fucking rapture! I want to stay here. And I want to go back to Bahia!<\/p>\n","protected":false},"excerpt":{"rendered":"<p>O pastor Damasceno, neopentecostal de carteirinha, era um conservador dos mais cascudos. Ferrenho defensor da ordem estabelecida, vociferava contra o novededos e o governo do PT, recusava-se a ouvir int\u00e9rpretes como Chico Buarque e Caetano, \u201ccomunas de quatro costados\u201d, e morria de saudades do Bozo. Quer dizer, nada de muito diferente dos malafaias da vida [&hellip;]<\/p>\n","protected":false},"author":21,"featured_media":380381,"comment_status":"closed","ping_status":"closed","sticky":false,"template":"","format":"standard","meta":{"_acf_changed":false,"footnotes":""},"categories":[234],"tags":[],"class_list":["post-380380","post","type-post","status-publish","format-standard","has-post-thumbnail","hentry","category-cafe-literario"],"acf":[],"yoast_head":"<!-- This site is optimized with the Yoast SEO plugin v27.2 - https:\/\/yoast.com\/product\/yoast-seo-wordpress\/ -->\n<title>O pastor Damasceno era um conservador dos mais cascudos - Notibras<\/title>\n<meta name=\"robots\" content=\"index, follow, max-snippet:-1, max-image-preview:large, max-video-preview:-1\" \/>\n<link rel=\"canonical\" href=\"https:\/\/www.notibras.com\/site\/o-pastor-damasceno-era-um-conservador-dos-mais-cascudos\/\" \/>\n<meta property=\"og:locale\" content=\"pt_BR\" \/>\n<meta property=\"og:type\" content=\"article\" \/>\n<meta property=\"og:title\" content=\"O pastor Damasceno era um conservador dos mais cascudos - Notibras\" \/>\n<meta property=\"og:description\" content=\"O pastor Damasceno, neopentecostal de carteirinha, era um conservador dos mais cascudos. Ferrenho defensor da ordem estabelecida, vociferava contra o novededos e o governo do PT, recusava-se a ouvir int\u00e9rpretes como Chico Buarque e Caetano, \u201ccomunas de quatro costados\u201d, e morria de saudades do Bozo. Quer dizer, nada de muito diferente dos malafaias da vida [&hellip;]\" \/>\n<meta property=\"og:url\" content=\"https:\/\/www.notibras.com\/site\/o-pastor-damasceno-era-um-conservador-dos-mais-cascudos\/\" \/>\n<meta property=\"og:site_name\" content=\"Notibras\" \/>\n<meta property=\"article:publisher\" content=\"https:\/\/www.facebook.com\/notibras\/\" \/>\n<meta property=\"article:published_time\" content=\"2026-01-26T03:15:00+00:00\" \/>\n<meta property=\"og:image\" content=\"https:\/\/www.notibras.com\/site\/wp-content\/uploads\/2026\/01\/IMG_0591.jpg\" \/>\n\t<meta property=\"og:image:width\" content=\"1023\" \/>\n\t<meta property=\"og:image:height\" content=\"935\" \/>\n\t<meta property=\"og:image:type\" content=\"image\/jpeg\" \/>\n<meta name=\"author\" content=\"Eduardo Mart\u00ednez\" \/>\n<meta name=\"twitter:card\" content=\"summary_large_image\" \/>\n<meta name=\"twitter:creator\" content=\"@Notibras\" \/>\n<meta name=\"twitter:site\" content=\"@Notibras\" \/>\n<meta name=\"twitter:label1\" content=\"Escrito por\" \/>\n\t<meta name=\"twitter:data1\" content=\"Eduardo Mart\u00ednez\" \/>\n\t<meta name=\"twitter:label2\" content=\"Est. tempo de leitura\" \/>\n\t<meta name=\"twitter:data2\" content=\"5 minutos\" \/>\n<script type=\"application\/ld+json\" class=\"yoast-schema-graph\">{\"@context\":\"https:\/\/schema.org\",\"@graph\":[{\"@type\":\"Article\",\"@id\":\"https:\/\/www.notibras.com\/site\/o-pastor-damasceno-era-um-conservador-dos-mais-cascudos\/#article\",\"isPartOf\":{\"@id\":\"https:\/\/www.notibras.com\/site\/o-pastor-damasceno-era-um-conservador-dos-mais-cascudos\/\"},\"author\":{\"name\":\"Eduardo Mart\u00ednez\",\"@id\":\"https:\/\/www.notibras.com\/site\/#\/schema\/person\/5b7fabf2aedc3ada2105f03b22b4d3dd\"},\"headline\":\"O pastor Damasceno era um conservador dos mais cascudos\",\"datePublished\":\"2026-01-26T03:15:00+00:00\",\"mainEntityOfPage\":{\"@id\":\"https:\/\/www.notibras.com\/site\/o-pastor-damasceno-era-um-conservador-dos-mais-cascudos\/\"},\"wordCount\":967,\"publisher\":{\"@id\":\"https:\/\/www.notibras.com\/site\/#organization\"},\"image\":{\"@id\":\"https:\/\/www.notibras.com\/site\/o-pastor-damasceno-era-um-conservador-dos-mais-cascudos\/#primaryimage\"},\"thumbnailUrl\":\"https:\/\/www.notibras.com\/site\/wp-content\/uploads\/2026\/01\/IMG_0591.jpg\",\"articleSection\":[\"Caf\u00e9 Liter\u00e1rio\"],\"inLanguage\":\"pt-BR\"},{\"@type\":\"WebPage\",\"@id\":\"https:\/\/www.notibras.com\/site\/o-pastor-damasceno-era-um-conservador-dos-mais-cascudos\/\",\"url\":\"https:\/\/www.notibras.com\/site\/o-pastor-damasceno-era-um-conservador-dos-mais-cascudos\/\",\"name\":\"O pastor Damasceno era um conservador dos mais cascudos - Notibras\",\"isPartOf\":{\"@id\":\"https:\/\/www.notibras.com\/site\/#website\"},\"primaryImageOfPage\":{\"@id\":\"https:\/\/www.notibras.com\/site\/o-pastor-damasceno-era-um-conservador-dos-mais-cascudos\/#primaryimage\"},\"image\":{\"@id\":\"https:\/\/www.notibras.com\/site\/o-pastor-damasceno-era-um-conservador-dos-mais-cascudos\/#primaryimage\"},\"thumbnailUrl\":\"https:\/\/www.notibras.com\/site\/wp-content\/uploads\/2026\/01\/IMG_0591.jpg\",\"datePublished\":\"2026-01-26T03:15:00+00:00\",\"breadcrumb\":{\"@id\":\"https:\/\/www.notibras.com\/site\/o-pastor-damasceno-era-um-conservador-dos-mais-cascudos\/#breadcrumb\"},\"inLanguage\":\"pt-BR\",\"potentialAction\":[{\"@type\":\"ReadAction\",\"target\":[\"https:\/\/www.notibras.com\/site\/o-pastor-damasceno-era-um-conservador-dos-mais-cascudos\/\"]}]},{\"@type\":\"ImageObject\",\"inLanguage\":\"pt-BR\",\"@id\":\"https:\/\/www.notibras.com\/site\/o-pastor-damasceno-era-um-conservador-dos-mais-cascudos\/#primaryimage\",\"url\":\"https:\/\/www.notibras.com\/site\/wp-content\/uploads\/2026\/01\/IMG_0591.jpg\",\"contentUrl\":\"https:\/\/www.notibras.com\/site\/wp-content\/uploads\/2026\/01\/IMG_0591.jpg\",\"width\":1023,\"height\":935},{\"@type\":\"BreadcrumbList\",\"@id\":\"https:\/\/www.notibras.com\/site\/o-pastor-damasceno-era-um-conservador-dos-mais-cascudos\/#breadcrumb\",\"itemListElement\":[{\"@type\":\"ListItem\",\"position\":1,\"name\":\"In\u00edcio\",\"item\":\"https:\/\/www.notibras.com\/site\/\"},{\"@type\":\"ListItem\",\"position\":2,\"name\":\"O pastor Damasceno era um conservador dos mais cascudos\"}]},{\"@type\":\"WebSite\",\"@id\":\"https:\/\/www.notibras.com\/site\/#website\",\"url\":\"https:\/\/www.notibras.com\/site\/\",\"name\":\"Notibras\",\"description\":\"Not\u00edcias de Bras\u00edlia, do Brasil e do Mundo\",\"publisher\":{\"@id\":\"https:\/\/www.notibras.com\/site\/#organization\"},\"potentialAction\":[{\"@type\":\"SearchAction\",\"target\":{\"@type\":\"EntryPoint\",\"urlTemplate\":\"https:\/\/www.notibras.com\/site\/?s={search_term_string}\"},\"query-input\":{\"@type\":\"PropertyValueSpecification\",\"valueRequired\":true,\"valueName\":\"search_term_string\"}}],\"inLanguage\":\"pt-BR\"},{\"@type\":\"Organization\",\"@id\":\"https:\/\/www.notibras.com\/site\/#organization\",\"name\":\"Grupo Notibras de Comunica\u00e7\u00e3o\",\"url\":\"https:\/\/www.notibras.com\/site\/\",\"logo\":{\"@type\":\"ImageObject\",\"inLanguage\":\"pt-BR\",\"@id\":\"https:\/\/www.notibras.com\/site\/#\/schema\/logo\/image\/\",\"url\":\"https:\/\/www.notibras.com\/site\/wp-content\/uploads\/2023\/01\/notibras23.png\",\"contentUrl\":\"https:\/\/www.notibras.com\/site\/wp-content\/uploads\/2023\/01\/notibras23.png\",\"width\":350,\"height\":87,\"caption\":\"Grupo Notibras de Comunica\u00e7\u00e3o\"},\"image\":{\"@id\":\"https:\/\/www.notibras.com\/site\/#\/schema\/logo\/image\/\"},\"sameAs\":[\"https:\/\/www.facebook.com\/notibras\/\",\"https:\/\/x.com\/Notibras\",\"https:\/\/www.instagram.com\/notibras\/\"]},{\"@type\":\"Person\",\"@id\":\"https:\/\/www.notibras.com\/site\/#\/schema\/person\/5b7fabf2aedc3ada2105f03b22b4d3dd\",\"name\":\"Eduardo Mart\u00ednez\",\"image\":{\"@type\":\"ImageObject\",\"inLanguage\":\"pt-BR\",\"@id\":\"https:\/\/secure.gravatar.com\/avatar\/7902f906289926289cbcda644b5197c796b893c6ffd7b9a536a42d290f7704a0?s=96&d=mm&r=g\",\"url\":\"https:\/\/secure.gravatar.com\/avatar\/7902f906289926289cbcda644b5197c796b893c6ffd7b9a536a42d290f7704a0?s=96&d=mm&r=g\",\"contentUrl\":\"https:\/\/secure.gravatar.com\/avatar\/7902f906289926289cbcda644b5197c796b893c6ffd7b9a536a42d290f7704a0?s=96&d=mm&r=g\",\"caption\":\"Eduardo Mart\u00ednez\"}}]}<\/script>\n<!-- \/ Yoast SEO plugin. -->","yoast_head_json":{"title":"O pastor Damasceno era um conservador dos mais cascudos - Notibras","robots":{"index":"index","follow":"follow","max-snippet":"max-snippet:-1","max-image-preview":"max-image-preview:large","max-video-preview":"max-video-preview:-1"},"canonical":"https:\/\/www.notibras.com\/site\/o-pastor-damasceno-era-um-conservador-dos-mais-cascudos\/","og_locale":"pt_BR","og_type":"article","og_title":"O pastor Damasceno era um conservador dos mais cascudos - Notibras","og_description":"O pastor Damasceno, neopentecostal de carteirinha, era um conservador dos mais cascudos. Ferrenho defensor da ordem estabelecida, vociferava contra o novededos e o governo do PT, recusava-se a ouvir int\u00e9rpretes como Chico Buarque e Caetano, \u201ccomunas de quatro costados\u201d, e morria de saudades do Bozo. Quer dizer, nada de muito diferente dos malafaias da vida [&hellip;]","og_url":"https:\/\/www.notibras.com\/site\/o-pastor-damasceno-era-um-conservador-dos-mais-cascudos\/","og_site_name":"Notibras","article_publisher":"https:\/\/www.facebook.com\/notibras\/","article_published_time":"2026-01-26T03:15:00+00:00","og_image":[{"width":1023,"height":935,"url":"https:\/\/www.notibras.com\/site\/wp-content\/uploads\/2026\/01\/IMG_0591.jpg","type":"image\/jpeg"}],"author":"Eduardo Mart\u00ednez","twitter_card":"summary_large_image","twitter_creator":"@Notibras","twitter_site":"@Notibras","twitter_misc":{"Escrito por":"Eduardo Mart\u00ednez","Est. tempo de leitura":"5 minutos"},"schema":{"@context":"https:\/\/schema.org","@graph":[{"@type":"Article","@id":"https:\/\/www.notibras.com\/site\/o-pastor-damasceno-era-um-conservador-dos-mais-cascudos\/#article","isPartOf":{"@id":"https:\/\/www.notibras.com\/site\/o-pastor-damasceno-era-um-conservador-dos-mais-cascudos\/"},"author":{"name":"Eduardo Mart\u00ednez","@id":"https:\/\/www.notibras.com\/site\/#\/schema\/person\/5b7fabf2aedc3ada2105f03b22b4d3dd"},"headline":"O pastor Damasceno era um conservador dos mais cascudos","datePublished":"2026-01-26T03:15:00+00:00","mainEntityOfPage":{"@id":"https:\/\/www.notibras.com\/site\/o-pastor-damasceno-era-um-conservador-dos-mais-cascudos\/"},"wordCount":967,"publisher":{"@id":"https:\/\/www.notibras.com\/site\/#organization"},"image":{"@id":"https:\/\/www.notibras.com\/site\/o-pastor-damasceno-era-um-conservador-dos-mais-cascudos\/#primaryimage"},"thumbnailUrl":"https:\/\/www.notibras.com\/site\/wp-content\/uploads\/2026\/01\/IMG_0591.jpg","articleSection":["Caf\u00e9 Liter\u00e1rio"],"inLanguage":"pt-BR"},{"@type":"WebPage","@id":"https:\/\/www.notibras.com\/site\/o-pastor-damasceno-era-um-conservador-dos-mais-cascudos\/","url":"https:\/\/www.notibras.com\/site\/o-pastor-damasceno-era-um-conservador-dos-mais-cascudos\/","name":"O pastor Damasceno era um conservador dos mais cascudos - Notibras","isPartOf":{"@id":"https:\/\/www.notibras.com\/site\/#website"},"primaryImageOfPage":{"@id":"https:\/\/www.notibras.com\/site\/o-pastor-damasceno-era-um-conservador-dos-mais-cascudos\/#primaryimage"},"image":{"@id":"https:\/\/www.notibras.com\/site\/o-pastor-damasceno-era-um-conservador-dos-mais-cascudos\/#primaryimage"},"thumbnailUrl":"https:\/\/www.notibras.com\/site\/wp-content\/uploads\/2026\/01\/IMG_0591.jpg","datePublished":"2026-01-26T03:15:00+00:00","breadcrumb":{"@id":"https:\/\/www.notibras.com\/site\/o-pastor-damasceno-era-um-conservador-dos-mais-cascudos\/#breadcrumb"},"inLanguage":"pt-BR","potentialAction":[{"@type":"ReadAction","target":["https:\/\/www.notibras.com\/site\/o-pastor-damasceno-era-um-conservador-dos-mais-cascudos\/"]}]},{"@type":"ImageObject","inLanguage":"pt-BR","@id":"https:\/\/www.notibras.com\/site\/o-pastor-damasceno-era-um-conservador-dos-mais-cascudos\/#primaryimage","url":"https:\/\/www.notibras.com\/site\/wp-content\/uploads\/2026\/01\/IMG_0591.jpg","contentUrl":"https:\/\/www.notibras.com\/site\/wp-content\/uploads\/2026\/01\/IMG_0591.jpg","width":1023,"height":935},{"@type":"BreadcrumbList","@id":"https:\/\/www.notibras.com\/site\/o-pastor-damasceno-era-um-conservador-dos-mais-cascudos\/#breadcrumb","itemListElement":[{"@type":"ListItem","position":1,"name":"In\u00edcio","item":"https:\/\/www.notibras.com\/site\/"},{"@type":"ListItem","position":2,"name":"O pastor Damasceno era um conservador dos mais cascudos"}]},{"@type":"WebSite","@id":"https:\/\/www.notibras.com\/site\/#website","url":"https:\/\/www.notibras.com\/site\/","name":"Notibras","description":"Not\u00edcias de Bras\u00edlia, do Brasil e do Mundo","publisher":{"@id":"https:\/\/www.notibras.com\/site\/#organization"},"potentialAction":[{"@type":"SearchAction","target":{"@type":"EntryPoint","urlTemplate":"https:\/\/www.notibras.com\/site\/?s={search_term_string}"},"query-input":{"@type":"PropertyValueSpecification","valueRequired":true,"valueName":"search_term_string"}}],"inLanguage":"pt-BR"},{"@type":"Organization","@id":"https:\/\/www.notibras.com\/site\/#organization","name":"Grupo Notibras de Comunica\u00e7\u00e3o","url":"https:\/\/www.notibras.com\/site\/","logo":{"@type":"ImageObject","inLanguage":"pt-BR","@id":"https:\/\/www.notibras.com\/site\/#\/schema\/logo\/image\/","url":"https:\/\/www.notibras.com\/site\/wp-content\/uploads\/2023\/01\/notibras23.png","contentUrl":"https:\/\/www.notibras.com\/site\/wp-content\/uploads\/2023\/01\/notibras23.png","width":350,"height":87,"caption":"Grupo Notibras de Comunica\u00e7\u00e3o"},"image":{"@id":"https:\/\/www.notibras.com\/site\/#\/schema\/logo\/image\/"},"sameAs":["https:\/\/www.facebook.com\/notibras\/","https:\/\/x.com\/Notibras","https:\/\/www.instagram.com\/notibras\/"]},{"@type":"Person","@id":"https:\/\/www.notibras.com\/site\/#\/schema\/person\/5b7fabf2aedc3ada2105f03b22b4d3dd","name":"Eduardo Mart\u00ednez","image":{"@type":"ImageObject","inLanguage":"pt-BR","@id":"https:\/\/secure.gravatar.com\/avatar\/7902f906289926289cbcda644b5197c796b893c6ffd7b9a536a42d290f7704a0?s=96&d=mm&r=g","url":"https:\/\/secure.gravatar.com\/avatar\/7902f906289926289cbcda644b5197c796b893c6ffd7b9a536a42d290f7704a0?s=96&d=mm&r=g","contentUrl":"https:\/\/secure.gravatar.com\/avatar\/7902f906289926289cbcda644b5197c796b893c6ffd7b9a536a42d290f7704a0?s=96&d=mm&r=g","caption":"Eduardo Mart\u00ednez"}}]}},"amp_enabled":true,"_links":{"self":[{"href":"https:\/\/www.notibras.com\/site\/wp-json\/wp\/v2\/posts\/380380","targetHints":{"allow":["GET"]}}],"collection":[{"href":"https:\/\/www.notibras.com\/site\/wp-json\/wp\/v2\/posts"}],"about":[{"href":"https:\/\/www.notibras.com\/site\/wp-json\/wp\/v2\/types\/post"}],"author":[{"embeddable":true,"href":"https:\/\/www.notibras.com\/site\/wp-json\/wp\/v2\/users\/21"}],"replies":[{"embeddable":true,"href":"https:\/\/www.notibras.com\/site\/wp-json\/wp\/v2\/comments?post=380380"}],"version-history":[{"count":3,"href":"https:\/\/www.notibras.com\/site\/wp-json\/wp\/v2\/posts\/380380\/revisions"}],"predecessor-version":[{"id":380384,"href":"https:\/\/www.notibras.com\/site\/wp-json\/wp\/v2\/posts\/380380\/revisions\/380384"}],"wp:featuredmedia":[{"embeddable":true,"href":"https:\/\/www.notibras.com\/site\/wp-json\/wp\/v2\/media\/380381"}],"wp:attachment":[{"href":"https:\/\/www.notibras.com\/site\/wp-json\/wp\/v2\/media?parent=380380"}],"wp:term":[{"taxonomy":"category","embeddable":true,"href":"https:\/\/www.notibras.com\/site\/wp-json\/wp\/v2\/categories?post=380380"},{"taxonomy":"post_tag","embeddable":true,"href":"https:\/\/www.notibras.com\/site\/wp-json\/wp\/v2\/tags?post=380380"}],"curies":[{"name":"wp","href":"https:\/\/api.w.org\/{rel}","templated":true}]}}