{"id":380385,"date":"2026-01-27T00:45:42","date_gmt":"2026-01-27T03:45:42","guid":{"rendered":"https:\/\/www.notibras.com\/site\/?p=380385"},"modified":"2026-01-25T02:22:32","modified_gmt":"2026-01-25T05:22:32","slug":"cabeca-de-idoso-tem-coisas-engracadas","status":"publish","type":"post","link":"https:\/\/www.notibras.com\/site\/cabeca-de-idoso-tem-coisas-engracadas\/","title":{"rendered":"Cabe\u00e7a de idoso tem coisas engra\u00e7adas"},"content":{"rendered":"<p>Cabe\u00e7a de idoso tem coisas engra\u00e7adas. Por vezes, me flagro sendo visitado \u2013 ou melhor, invadido \u2013 por antigas pe\u00e7as publicit\u00e1rias de minha inf\u00e2ncia e juventude, em uma esp\u00e9cie de super recall.<\/p>\n<p>N\u00e3o raro, chegam propagandas anteriores \u00e0 televis\u00e3o, que nem sei se foram veiculadas pelo r\u00e1dio. Lembro-me de l\u00ea-las, em bondes. O melhor exemplo \u00e9 a do Rhum Creosotado (que, escrito Rhum, e n\u00e3o Rum, me parece ficar menos et\u00edlico e mais com gosto de rem\u00e9dio): \u201cVeja, ilustre passageiro, o belo tipo faceiro que o senhor tem a seu lado. E, no entanto, acredite, quase morreu de bronquite, salvou-o o Rhum Creosotado\u201d.<\/p>\n<p>O bonde, diga-se, inspirou uma observa\u00e7\u00e3o filos\u00f3fica sobre o devir, que eu sempre repetia: \u201cTudo na vida \u00e9 passageiro, menos o cobrador e o motorneiro\u201d. Hoje, a tigrada nem sabe o que \u00e9 motorneiro \u2013 o motorista do bonde, esclare\u00e7o \u2013 e adapta o ditado aos tempos do \u00f4nibus, vociferando \u201cTudo na vida \u00e9 passageiro, menos o cobrador e o condutor\u201d. O que pode ser uma rima (bem chinfrim), mas n\u00e3o \u00e9 uma solu\u00e7\u00e3o.<\/p>\n<p>Uma propaganda que eu adorava, j\u00e1 nos tempos da televis\u00e3o, era da Esso. Desenho animado. Uma robusta cantora de \u00f3pera entoava: \u201cS\u00f3 Esso d\u00e1 a seu carro o m\u00e1ximo\u201d, quebrava isso em diferentes versos e se esguelava no final: \u201cVeja o que Esso faaaz&#8230;\u201d<\/p>\n<p>Eu morria de rir, c\u00famplice, talvez por ter um av\u00f4 amante de \u00f3pera e reconhecer, naquelas mal entoadas, um trecho da Can\u00e7\u00e3o do Toreador, da \u00f3pera Carmen.<\/p>\n<p>Depois uma voz gritava, \u201cN\u00e3o, n\u00e3o \u00e9 essa m\u00fasica!\u201d, e a propaganda era repetida, sem pompa nem circunst\u00e2ncia, ao som de um simp\u00e1tico sambinha.<\/p>\n<p>Na grande maioria das pe\u00e7as publicit\u00e1rias dos anos 1950 e 1960, as m\u00fasicas eram de uma singeleza encantadora. Como exemplo, um trechinho da propaganda das l\u00e2mpadas GE: \u201cSe a l\u00e2mpada apagar, n\u00e3o adianta reclamar, nem bater o p\u00e9\u201d, tudo bem sincopado. Hoje, os botocudos nem sabem como bater o p\u00e9, se a l\u00e2mpada queimar v\u00e3o logo xingando, com uma saraivada de palavr\u00f5es cabeludos.<\/p>\n<p>Nas d\u00e9cadas seguintes, a publicidade brasileira ganhou arranjos magn\u00edficos, conquistou pr\u00eamios no exterior, sofisticou-se na \u00faltima. Um marco da virada \u00e9 a \u201cestrela brasileira num c\u00e9u azul\u201d, da Varig. Que gerou uma zoeira com a Transportes A\u00e9reos Portugueses (TAP), cuja loja era anunciada como ficando ao lado daquela da&#8230; e l\u00e1 vinha o grand finale brazuca, Varig, Varig, Varig! (A pobre TAP n\u00e3o ficava colada \u00e0 Varig, mas a realidade nunca impediu uma boa goza\u00e7\u00e3o de se imortalizar.)<\/p>\n<p>Outras propagandas, mais recentes, est\u00e3o na mem\u00f3ria de quase todos (os nascidos no atual mil\u00eanio est\u00e3o perdoados): a s\u00e9rie da Bombril, a dos bichinhos\/bebezinhos da Parmalat, as do Posto Ipiranga, tantas mais&#8230;<\/p>\n<p>Eu poderia continuar, mas, na vol\u00fapia de prestar o depoimento, os exemplos escaparam-me da mente. V\u00e3o voltar, sei que v\u00e3o, mas n\u00e3o a tempo de ser listados neste texto.<\/p>\n<p>Mem\u00f3ria de velho \u00e9 uma lama.<\/p>\n","protected":false},"excerpt":{"rendered":"<p>Cabe\u00e7a de idoso tem coisas engra\u00e7adas. Por vezes, me flagro sendo visitado \u2013 ou melhor, invadido \u2013 por antigas pe\u00e7as publicit\u00e1rias de minha inf\u00e2ncia e juventude, em uma esp\u00e9cie de super recall. N\u00e3o raro, chegam propagandas anteriores \u00e0 televis\u00e3o, que nem sei se foram veiculadas pelo r\u00e1dio. Lembro-me de l\u00ea-las, em bondes. O melhor exemplo [&hellip;]<\/p>\n","protected":false},"author":21,"featured_media":380386,"comment_status":"closed","ping_status":"closed","sticky":false,"template":"","format":"standard","meta":{"_acf_changed":false,"footnotes":""},"categories":[234],"tags":[],"class_list":["post-380385","post","type-post","status-publish","format-standard","has-post-thumbnail","hentry","category-cafe-literario"],"acf":[],"yoast_head":"<!-- This site is optimized with the Yoast SEO plugin v27.2 - https:\/\/yoast.com\/product\/yoast-seo-wordpress\/ -->\n<title>Cabe\u00e7a de idoso tem coisas engra\u00e7adas - Notibras<\/title>\n<meta name=\"robots\" content=\"index, follow, max-snippet:-1, max-image-preview:large, max-video-preview:-1\" \/>\n<link rel=\"canonical\" href=\"https:\/\/www.notibras.com\/site\/cabeca-de-idoso-tem-coisas-engracadas\/\" \/>\n<meta property=\"og:locale\" content=\"pt_BR\" \/>\n<meta property=\"og:type\" content=\"article\" \/>\n<meta property=\"og:title\" content=\"Cabe\u00e7a de idoso tem coisas engra\u00e7adas - Notibras\" \/>\n<meta property=\"og:description\" content=\"Cabe\u00e7a de idoso tem coisas engra\u00e7adas. Por vezes, me flagro sendo visitado \u2013 ou melhor, invadido \u2013 por antigas pe\u00e7as publicit\u00e1rias de minha inf\u00e2ncia e juventude, em uma esp\u00e9cie de super recall. N\u00e3o raro, chegam propagandas anteriores \u00e0 televis\u00e3o, que nem sei se foram veiculadas pelo r\u00e1dio. Lembro-me de l\u00ea-las, em bondes. O melhor exemplo [&hellip;]\" \/>\n<meta property=\"og:url\" content=\"https:\/\/www.notibras.com\/site\/cabeca-de-idoso-tem-coisas-engracadas\/\" \/>\n<meta property=\"og:site_name\" content=\"Notibras\" \/>\n<meta property=\"article:publisher\" content=\"https:\/\/www.facebook.com\/notibras\/\" \/>\n<meta property=\"article:published_time\" content=\"2026-01-27T03:45:42+00:00\" \/>\n<meta property=\"og:image\" content=\"https:\/\/www.notibras.com\/site\/wp-content\/uploads\/2026\/01\/IMG_0592.jpg\" \/>\n\t<meta property=\"og:image:width\" content=\"935\" \/>\n\t<meta property=\"og:image:height\" content=\"932\" \/>\n\t<meta property=\"og:image:type\" content=\"image\/jpeg\" \/>\n<meta name=\"author\" content=\"Eduardo Mart\u00ednez\" \/>\n<meta name=\"twitter:card\" content=\"summary_large_image\" \/>\n<meta name=\"twitter:creator\" content=\"@Notibras\" \/>\n<meta name=\"twitter:site\" content=\"@Notibras\" \/>\n<meta name=\"twitter:label1\" content=\"Escrito por\" \/>\n\t<meta name=\"twitter:data1\" content=\"Eduardo Mart\u00ednez\" \/>\n\t<meta name=\"twitter:label2\" content=\"Est. tempo de leitura\" \/>\n\t<meta name=\"twitter:data2\" content=\"3 minutos\" \/>\n<script type=\"application\/ld+json\" class=\"yoast-schema-graph\">{\"@context\":\"https:\/\/schema.org\",\"@graph\":[{\"@type\":\"Article\",\"@id\":\"https:\/\/www.notibras.com\/site\/cabeca-de-idoso-tem-coisas-engracadas\/#article\",\"isPartOf\":{\"@id\":\"https:\/\/www.notibras.com\/site\/cabeca-de-idoso-tem-coisas-engracadas\/\"},\"author\":{\"name\":\"Eduardo Mart\u00ednez\",\"@id\":\"https:\/\/www.notibras.com\/site\/#\/schema\/person\/5b7fabf2aedc3ada2105f03b22b4d3dd\"},\"headline\":\"Cabe\u00e7a de idoso tem coisas engra\u00e7adas\",\"datePublished\":\"2026-01-27T03:45:42+00:00\",\"mainEntityOfPage\":{\"@id\":\"https:\/\/www.notibras.com\/site\/cabeca-de-idoso-tem-coisas-engracadas\/\"},\"wordCount\":526,\"publisher\":{\"@id\":\"https:\/\/www.notibras.com\/site\/#organization\"},\"image\":{\"@id\":\"https:\/\/www.notibras.com\/site\/cabeca-de-idoso-tem-coisas-engracadas\/#primaryimage\"},\"thumbnailUrl\":\"https:\/\/www.notibras.com\/site\/wp-content\/uploads\/2026\/01\/IMG_0592.jpg\",\"articleSection\":[\"Caf\u00e9 Liter\u00e1rio\"],\"inLanguage\":\"pt-BR\"},{\"@type\":\"WebPage\",\"@id\":\"https:\/\/www.notibras.com\/site\/cabeca-de-idoso-tem-coisas-engracadas\/\",\"url\":\"https:\/\/www.notibras.com\/site\/cabeca-de-idoso-tem-coisas-engracadas\/\",\"name\":\"Cabe\u00e7a de idoso tem coisas engra\u00e7adas - Notibras\",\"isPartOf\":{\"@id\":\"https:\/\/www.notibras.com\/site\/#website\"},\"primaryImageOfPage\":{\"@id\":\"https:\/\/www.notibras.com\/site\/cabeca-de-idoso-tem-coisas-engracadas\/#primaryimage\"},\"image\":{\"@id\":\"https:\/\/www.notibras.com\/site\/cabeca-de-idoso-tem-coisas-engracadas\/#primaryimage\"},\"thumbnailUrl\":\"https:\/\/www.notibras.com\/site\/wp-content\/uploads\/2026\/01\/IMG_0592.jpg\",\"datePublished\":\"2026-01-27T03:45:42+00:00\",\"breadcrumb\":{\"@id\":\"https:\/\/www.notibras.com\/site\/cabeca-de-idoso-tem-coisas-engracadas\/#breadcrumb\"},\"inLanguage\":\"pt-BR\",\"potentialAction\":[{\"@type\":\"ReadAction\",\"target\":[\"https:\/\/www.notibras.com\/site\/cabeca-de-idoso-tem-coisas-engracadas\/\"]}]},{\"@type\":\"ImageObject\",\"inLanguage\":\"pt-BR\",\"@id\":\"https:\/\/www.notibras.com\/site\/cabeca-de-idoso-tem-coisas-engracadas\/#primaryimage\",\"url\":\"https:\/\/www.notibras.com\/site\/wp-content\/uploads\/2026\/01\/IMG_0592.jpg\",\"contentUrl\":\"https:\/\/www.notibras.com\/site\/wp-content\/uploads\/2026\/01\/IMG_0592.jpg\",\"width\":935,\"height\":932},{\"@type\":\"BreadcrumbList\",\"@id\":\"https:\/\/www.notibras.com\/site\/cabeca-de-idoso-tem-coisas-engracadas\/#breadcrumb\",\"itemListElement\":[{\"@type\":\"ListItem\",\"position\":1,\"name\":\"In\u00edcio\",\"item\":\"https:\/\/www.notibras.com\/site\/\"},{\"@type\":\"ListItem\",\"position\":2,\"name\":\"Cabe\u00e7a de idoso tem coisas engra\u00e7adas\"}]},{\"@type\":\"WebSite\",\"@id\":\"https:\/\/www.notibras.com\/site\/#website\",\"url\":\"https:\/\/www.notibras.com\/site\/\",\"name\":\"Notibras\",\"description\":\"Not\u00edcias de Bras\u00edlia, do Brasil e do Mundo\",\"publisher\":{\"@id\":\"https:\/\/www.notibras.com\/site\/#organization\"},\"potentialAction\":[{\"@type\":\"SearchAction\",\"target\":{\"@type\":\"EntryPoint\",\"urlTemplate\":\"https:\/\/www.notibras.com\/site\/?s={search_term_string}\"},\"query-input\":{\"@type\":\"PropertyValueSpecification\",\"valueRequired\":true,\"valueName\":\"search_term_string\"}}],\"inLanguage\":\"pt-BR\"},{\"@type\":\"Organization\",\"@id\":\"https:\/\/www.notibras.com\/site\/#organization\",\"name\":\"Grupo Notibras de Comunica\u00e7\u00e3o\",\"url\":\"https:\/\/www.notibras.com\/site\/\",\"logo\":{\"@type\":\"ImageObject\",\"inLanguage\":\"pt-BR\",\"@id\":\"https:\/\/www.notibras.com\/site\/#\/schema\/logo\/image\/\",\"url\":\"https:\/\/www.notibras.com\/site\/wp-content\/uploads\/2023\/01\/notibras23.png\",\"contentUrl\":\"https:\/\/www.notibras.com\/site\/wp-content\/uploads\/2023\/01\/notibras23.png\",\"width\":350,\"height\":87,\"caption\":\"Grupo Notibras de Comunica\u00e7\u00e3o\"},\"image\":{\"@id\":\"https:\/\/www.notibras.com\/site\/#\/schema\/logo\/image\/\"},\"sameAs\":[\"https:\/\/www.facebook.com\/notibras\/\",\"https:\/\/x.com\/Notibras\",\"https:\/\/www.instagram.com\/notibras\/\"]},{\"@type\":\"Person\",\"@id\":\"https:\/\/www.notibras.com\/site\/#\/schema\/person\/5b7fabf2aedc3ada2105f03b22b4d3dd\",\"name\":\"Eduardo Mart\u00ednez\",\"image\":{\"@type\":\"ImageObject\",\"inLanguage\":\"pt-BR\",\"@id\":\"https:\/\/secure.gravatar.com\/avatar\/7902f906289926289cbcda644b5197c796b893c6ffd7b9a536a42d290f7704a0?s=96&d=mm&r=g\",\"url\":\"https:\/\/secure.gravatar.com\/avatar\/7902f906289926289cbcda644b5197c796b893c6ffd7b9a536a42d290f7704a0?s=96&d=mm&r=g\",\"contentUrl\":\"https:\/\/secure.gravatar.com\/avatar\/7902f906289926289cbcda644b5197c796b893c6ffd7b9a536a42d290f7704a0?s=96&d=mm&r=g\",\"caption\":\"Eduardo Mart\u00ednez\"}}]}<\/script>\n<!-- \/ Yoast SEO plugin. -->","yoast_head_json":{"title":"Cabe\u00e7a de idoso tem coisas engra\u00e7adas - Notibras","robots":{"index":"index","follow":"follow","max-snippet":"max-snippet:-1","max-image-preview":"max-image-preview:large","max-video-preview":"max-video-preview:-1"},"canonical":"https:\/\/www.notibras.com\/site\/cabeca-de-idoso-tem-coisas-engracadas\/","og_locale":"pt_BR","og_type":"article","og_title":"Cabe\u00e7a de idoso tem coisas engra\u00e7adas - Notibras","og_description":"Cabe\u00e7a de idoso tem coisas engra\u00e7adas. Por vezes, me flagro sendo visitado \u2013 ou melhor, invadido \u2013 por antigas pe\u00e7as publicit\u00e1rias de minha inf\u00e2ncia e juventude, em uma esp\u00e9cie de super recall. N\u00e3o raro, chegam propagandas anteriores \u00e0 televis\u00e3o, que nem sei se foram veiculadas pelo r\u00e1dio. Lembro-me de l\u00ea-las, em bondes. O melhor exemplo [&hellip;]","og_url":"https:\/\/www.notibras.com\/site\/cabeca-de-idoso-tem-coisas-engracadas\/","og_site_name":"Notibras","article_publisher":"https:\/\/www.facebook.com\/notibras\/","article_published_time":"2026-01-27T03:45:42+00:00","og_image":[{"width":935,"height":932,"url":"https:\/\/www.notibras.com\/site\/wp-content\/uploads\/2026\/01\/IMG_0592.jpg","type":"image\/jpeg"}],"author":"Eduardo Mart\u00ednez","twitter_card":"summary_large_image","twitter_creator":"@Notibras","twitter_site":"@Notibras","twitter_misc":{"Escrito por":"Eduardo Mart\u00ednez","Est. tempo de leitura":"3 minutos"},"schema":{"@context":"https:\/\/schema.org","@graph":[{"@type":"Article","@id":"https:\/\/www.notibras.com\/site\/cabeca-de-idoso-tem-coisas-engracadas\/#article","isPartOf":{"@id":"https:\/\/www.notibras.com\/site\/cabeca-de-idoso-tem-coisas-engracadas\/"},"author":{"name":"Eduardo Mart\u00ednez","@id":"https:\/\/www.notibras.com\/site\/#\/schema\/person\/5b7fabf2aedc3ada2105f03b22b4d3dd"},"headline":"Cabe\u00e7a de idoso tem coisas engra\u00e7adas","datePublished":"2026-01-27T03:45:42+00:00","mainEntityOfPage":{"@id":"https:\/\/www.notibras.com\/site\/cabeca-de-idoso-tem-coisas-engracadas\/"},"wordCount":526,"publisher":{"@id":"https:\/\/www.notibras.com\/site\/#organization"},"image":{"@id":"https:\/\/www.notibras.com\/site\/cabeca-de-idoso-tem-coisas-engracadas\/#primaryimage"},"thumbnailUrl":"https:\/\/www.notibras.com\/site\/wp-content\/uploads\/2026\/01\/IMG_0592.jpg","articleSection":["Caf\u00e9 Liter\u00e1rio"],"inLanguage":"pt-BR"},{"@type":"WebPage","@id":"https:\/\/www.notibras.com\/site\/cabeca-de-idoso-tem-coisas-engracadas\/","url":"https:\/\/www.notibras.com\/site\/cabeca-de-idoso-tem-coisas-engracadas\/","name":"Cabe\u00e7a de idoso tem coisas engra\u00e7adas - Notibras","isPartOf":{"@id":"https:\/\/www.notibras.com\/site\/#website"},"primaryImageOfPage":{"@id":"https:\/\/www.notibras.com\/site\/cabeca-de-idoso-tem-coisas-engracadas\/#primaryimage"},"image":{"@id":"https:\/\/www.notibras.com\/site\/cabeca-de-idoso-tem-coisas-engracadas\/#primaryimage"},"thumbnailUrl":"https:\/\/www.notibras.com\/site\/wp-content\/uploads\/2026\/01\/IMG_0592.jpg","datePublished":"2026-01-27T03:45:42+00:00","breadcrumb":{"@id":"https:\/\/www.notibras.com\/site\/cabeca-de-idoso-tem-coisas-engracadas\/#breadcrumb"},"inLanguage":"pt-BR","potentialAction":[{"@type":"ReadAction","target":["https:\/\/www.notibras.com\/site\/cabeca-de-idoso-tem-coisas-engracadas\/"]}]},{"@type":"ImageObject","inLanguage":"pt-BR","@id":"https:\/\/www.notibras.com\/site\/cabeca-de-idoso-tem-coisas-engracadas\/#primaryimage","url":"https:\/\/www.notibras.com\/site\/wp-content\/uploads\/2026\/01\/IMG_0592.jpg","contentUrl":"https:\/\/www.notibras.com\/site\/wp-content\/uploads\/2026\/01\/IMG_0592.jpg","width":935,"height":932},{"@type":"BreadcrumbList","@id":"https:\/\/www.notibras.com\/site\/cabeca-de-idoso-tem-coisas-engracadas\/#breadcrumb","itemListElement":[{"@type":"ListItem","position":1,"name":"In\u00edcio","item":"https:\/\/www.notibras.com\/site\/"},{"@type":"ListItem","position":2,"name":"Cabe\u00e7a de idoso tem coisas engra\u00e7adas"}]},{"@type":"WebSite","@id":"https:\/\/www.notibras.com\/site\/#website","url":"https:\/\/www.notibras.com\/site\/","name":"Notibras","description":"Not\u00edcias de Bras\u00edlia, do Brasil e do Mundo","publisher":{"@id":"https:\/\/www.notibras.com\/site\/#organization"},"potentialAction":[{"@type":"SearchAction","target":{"@type":"EntryPoint","urlTemplate":"https:\/\/www.notibras.com\/site\/?s={search_term_string}"},"query-input":{"@type":"PropertyValueSpecification","valueRequired":true,"valueName":"search_term_string"}}],"inLanguage":"pt-BR"},{"@type":"Organization","@id":"https:\/\/www.notibras.com\/site\/#organization","name":"Grupo Notibras de Comunica\u00e7\u00e3o","url":"https:\/\/www.notibras.com\/site\/","logo":{"@type":"ImageObject","inLanguage":"pt-BR","@id":"https:\/\/www.notibras.com\/site\/#\/schema\/logo\/image\/","url":"https:\/\/www.notibras.com\/site\/wp-content\/uploads\/2023\/01\/notibras23.png","contentUrl":"https:\/\/www.notibras.com\/site\/wp-content\/uploads\/2023\/01\/notibras23.png","width":350,"height":87,"caption":"Grupo Notibras de Comunica\u00e7\u00e3o"},"image":{"@id":"https:\/\/www.notibras.com\/site\/#\/schema\/logo\/image\/"},"sameAs":["https:\/\/www.facebook.com\/notibras\/","https:\/\/x.com\/Notibras","https:\/\/www.instagram.com\/notibras\/"]},{"@type":"Person","@id":"https:\/\/www.notibras.com\/site\/#\/schema\/person\/5b7fabf2aedc3ada2105f03b22b4d3dd","name":"Eduardo Mart\u00ednez","image":{"@type":"ImageObject","inLanguage":"pt-BR","@id":"https:\/\/secure.gravatar.com\/avatar\/7902f906289926289cbcda644b5197c796b893c6ffd7b9a536a42d290f7704a0?s=96&d=mm&r=g","url":"https:\/\/secure.gravatar.com\/avatar\/7902f906289926289cbcda644b5197c796b893c6ffd7b9a536a42d290f7704a0?s=96&d=mm&r=g","contentUrl":"https:\/\/secure.gravatar.com\/avatar\/7902f906289926289cbcda644b5197c796b893c6ffd7b9a536a42d290f7704a0?s=96&d=mm&r=g","caption":"Eduardo Mart\u00ednez"}}]}},"amp_enabled":true,"_links":{"self":[{"href":"https:\/\/www.notibras.com\/site\/wp-json\/wp\/v2\/posts\/380385","targetHints":{"allow":["GET"]}}],"collection":[{"href":"https:\/\/www.notibras.com\/site\/wp-json\/wp\/v2\/posts"}],"about":[{"href":"https:\/\/www.notibras.com\/site\/wp-json\/wp\/v2\/types\/post"}],"author":[{"embeddable":true,"href":"https:\/\/www.notibras.com\/site\/wp-json\/wp\/v2\/users\/21"}],"replies":[{"embeddable":true,"href":"https:\/\/www.notibras.com\/site\/wp-json\/wp\/v2\/comments?post=380385"}],"version-history":[{"count":2,"href":"https:\/\/www.notibras.com\/site\/wp-json\/wp\/v2\/posts\/380385\/revisions"}],"predecessor-version":[{"id":380388,"href":"https:\/\/www.notibras.com\/site\/wp-json\/wp\/v2\/posts\/380385\/revisions\/380388"}],"wp:featuredmedia":[{"embeddable":true,"href":"https:\/\/www.notibras.com\/site\/wp-json\/wp\/v2\/media\/380386"}],"wp:attachment":[{"href":"https:\/\/www.notibras.com\/site\/wp-json\/wp\/v2\/media?parent=380385"}],"wp:term":[{"taxonomy":"category","embeddable":true,"href":"https:\/\/www.notibras.com\/site\/wp-json\/wp\/v2\/categories?post=380385"},{"taxonomy":"post_tag","embeddable":true,"href":"https:\/\/www.notibras.com\/site\/wp-json\/wp\/v2\/tags?post=380385"}],"curies":[{"name":"wp","href":"https:\/\/api.w.org\/{rel}","templated":true}]}}