{"id":380427,"date":"2026-01-26T02:00:18","date_gmt":"2026-01-26T05:00:18","guid":{"rendered":"https:\/\/www.notibras.com\/site\/?p=380427"},"modified":"2026-01-25T03:55:15","modified_gmt":"2026-01-25T06:55:15","slug":"nos-chamamos-de-louco-o-homem-que-assedia-agride-ou-violenta-mulheres","status":"publish","type":"post","link":"https:\/\/www.notibras.com\/site\/nos-chamamos-de-louco-o-homem-que-assedia-agride-ou-violenta-mulheres\/","title":{"rendered":"N\u00f3s chamamos de louco o homem que assedia, agride ou violenta mulheres"},"content":{"rendered":"<p>E fazemos isso como se fosse um gesto de condena\u00e7\u00e3o, quando na verdade \u00e9 uma forma sofisticada de absolvi\u00e7\u00e3o.<\/p>\n<p>Ao chamar o crime de loucura, n\u00f3s retiramos dele aquilo que mais o define: a escolha. A inten\u00e7\u00e3o. A estrutura. Transformamos viol\u00eancia em desvio individual, quando ela \u00e9, historicamente, um comportamento socialmente produzido, tolerado e, muitas vezes, protegido.<\/p>\n<p>Michel Foucault j\u00e1 nos ensinou que a loucura nunca foi apenas uma condi\u00e7\u00e3o m\u00e9dica, mas uma categoria pol\u00edtica. Nomear algu\u00e9m como louco sempre serviu para afast\u00e1-lo do campo da responsabilidade moral e jur\u00eddica. O louco n\u00e3o responde plenamente por seus atos. O louco n\u00e3o representa a norma. O louco \u00e9 exce\u00e7\u00e3o. E \u00e9 exatamente isso que interessa quando falamos de viol\u00eancia contra mulheres.<\/p>\n<p>N\u00f3s chamamos de loucura porque nos recusamos a admitir que o ass\u00e9dio \u00e9 banal. Que ele \u00e9 cotidiano. Que ele atravessa homens comuns, pais de fam\u00edlia, colegas de trabalho, l\u00edderes respeitados. Preferimos acreditar que se trata de uma falha individual do que reconhecer que \u00e9 o resultado l\u00f3gico de uma cultura que ensina homens a confundir poder com direito.<\/p>\n<p>Quando dizemos \u201cele \u00e9 louco\u201d, estamos dizendo, ainda que sem perceber: n\u00e3o somos n\u00f3s.<\/p>\n<p>N\u00e3o \u00e9 o sistema.<\/p>\n<p>N\u00e3o \u00e9 a educa\u00e7\u00e3o que damos.<\/p>\n<p>N\u00e3o \u00e9 a masculinidade que celebramos.<\/p>\n<p>Hannah Arendt falou da banalidade do mal ao analisar como atrocidades podem ser cometidas por pessoas perfeitamente integradas \u00e0 normalidade social. N\u00f3s vemos isso todos os dias. O assediador n\u00e3o precisa gritar, espumar ou parecer fora de si. Muitas vezes ele age com calma, estrat\u00e9gia e plena consci\u00eancia de que dificilmente ser\u00e1 responsabilizado.<\/p>\n<p>Chamar crime de loucura tamb\u00e9m \u00e9 uma forma de desumanizar a pr\u00f3pria loucura. N\u00f3s associamos a ela tudo o que \u00e9 violento, cruel e desprez\u00edvel, quando, na realidade, a maioria das pessoas em sofrimento ps\u00edquico s\u00e3o v\u00edtimas, n\u00e3o algozes. Ao fazer isso, refor\u00e7amos estigmas e protegemos culpados.<\/p>\n<p>O ass\u00e9dio n\u00e3o \u00e9 del\u00edrio.<\/p>\n<p>N\u00e3o \u00e9 surto.<\/p>\n<p>N\u00e3o \u00e9 perda de controle.<\/p>\n<p>\u00c9 exerc\u00edcio de poder.<\/p>\n<p>E enquanto n\u00f3s insistirmos em tratar viol\u00eancia como desvio psicol\u00f3gico, continuaremos incapazes de enfrent\u00e1-la como aquilo que ela \u00e9: um problema pol\u00edtico, cultural e estrutural. Um crime sustentado por sil\u00eancios, piadas, descr\u00e9dito das v\u00edtimas e pela confort\u00e1vel ideia de que \u201chomens normais n\u00e3o fazem isso\u201d.<\/p>\n<p>N\u00f3s fazemos isso porque admitir a verdade exigiria mudan\u00e7a.<\/p>\n<p>E mudar \u00e9 sempre mais dif\u00edcil do que patologizar.<\/p>\n<p>Enquanto chamarmos crime de loucura, seguiremos protegendo agressores e culpabilizando v\u00edtimas.<\/p>\n<p>E isso, definitivamente, n\u00e3o \u00e9 falta de sanidade.<\/p>\n<p>\u00c9 escolha social.<\/p>\n","protected":false},"excerpt":{"rendered":"<p>E fazemos isso como se fosse um gesto de condena\u00e7\u00e3o, quando na verdade \u00e9 uma forma sofisticada de absolvi\u00e7\u00e3o. Ao chamar o crime de loucura, n\u00f3s retiramos dele aquilo que mais o define: a escolha. A inten\u00e7\u00e3o. A estrutura. Transformamos viol\u00eancia em desvio individual, quando ela \u00e9, historicamente, um comportamento socialmente produzido, tolerado e, muitas [&hellip;]<\/p>\n","protected":false},"author":21,"featured_media":380429,"comment_status":"closed","ping_status":"closed","sticky":false,"template":"","format":"standard","meta":{"_acf_changed":false,"footnotes":""},"categories":[236],"tags":[],"class_list":["post-380427","post","type-post","status-publish","format-standard","has-post-thumbnail","hentry","category-ponto-de-vista"],"acf":[],"yoast_head":"<!-- This site is optimized with the Yoast SEO plugin v27.2 - https:\/\/yoast.com\/product\/yoast-seo-wordpress\/ -->\n<title>N\u00f3s chamamos de louco o homem que assedia, agride ou violenta mulheres - Notibras<\/title>\n<meta name=\"robots\" content=\"index, follow, max-snippet:-1, max-image-preview:large, max-video-preview:-1\" \/>\n<link rel=\"canonical\" href=\"https:\/\/www.notibras.com\/site\/nos-chamamos-de-louco-o-homem-que-assedia-agride-ou-violenta-mulheres\/\" \/>\n<meta property=\"og:locale\" content=\"pt_BR\" \/>\n<meta property=\"og:type\" content=\"article\" \/>\n<meta property=\"og:title\" content=\"N\u00f3s chamamos de louco o homem que assedia, agride ou violenta mulheres - Notibras\" \/>\n<meta property=\"og:description\" content=\"E fazemos isso como se fosse um gesto de condena\u00e7\u00e3o, quando na verdade \u00e9 uma forma sofisticada de absolvi\u00e7\u00e3o. Ao chamar o crime de loucura, n\u00f3s retiramos dele aquilo que mais o define: a escolha. A inten\u00e7\u00e3o. A estrutura. Transformamos viol\u00eancia em desvio individual, quando ela \u00e9, historicamente, um comportamento socialmente produzido, tolerado e, muitas [&hellip;]\" \/>\n<meta property=\"og:url\" content=\"https:\/\/www.notibras.com\/site\/nos-chamamos-de-louco-o-homem-que-assedia-agride-ou-violenta-mulheres\/\" \/>\n<meta property=\"og:site_name\" content=\"Notibras\" \/>\n<meta property=\"article:publisher\" content=\"https:\/\/www.facebook.com\/notibras\/\" \/>\n<meta property=\"article:published_time\" content=\"2026-01-26T05:00:18+00:00\" \/>\n<meta property=\"og:image\" content=\"https:\/\/www.notibras.com\/site\/wp-content\/uploads\/2026\/01\/IMG_0600.jpg\" \/>\n\t<meta property=\"og:image:width\" content=\"1023\" \/>\n\t<meta property=\"og:image:height\" content=\"915\" \/>\n\t<meta property=\"og:image:type\" content=\"image\/jpeg\" \/>\n<meta name=\"author\" content=\"Eduardo Mart\u00ednez\" \/>\n<meta name=\"twitter:card\" content=\"summary_large_image\" \/>\n<meta name=\"twitter:creator\" content=\"@Notibras\" \/>\n<meta name=\"twitter:site\" content=\"@Notibras\" \/>\n<meta name=\"twitter:label1\" content=\"Escrito por\" \/>\n\t<meta name=\"twitter:data1\" content=\"Eduardo Mart\u00ednez\" \/>\n\t<meta name=\"twitter:label2\" content=\"Est. tempo de leitura\" \/>\n\t<meta name=\"twitter:data2\" content=\"3 minutos\" \/>\n<script type=\"application\/ld+json\" class=\"yoast-schema-graph\">{\"@context\":\"https:\/\/schema.org\",\"@graph\":[{\"@type\":\"Article\",\"@id\":\"https:\/\/www.notibras.com\/site\/nos-chamamos-de-louco-o-homem-que-assedia-agride-ou-violenta-mulheres\/#article\",\"isPartOf\":{\"@id\":\"https:\/\/www.notibras.com\/site\/nos-chamamos-de-louco-o-homem-que-assedia-agride-ou-violenta-mulheres\/\"},\"author\":{\"name\":\"Eduardo Mart\u00ednez\",\"@id\":\"https:\/\/www.notibras.com\/site\/#\/schema\/person\/5b7fabf2aedc3ada2105f03b22b4d3dd\"},\"headline\":\"N\u00f3s chamamos de louco o homem que assedia, agride ou violenta mulheres\",\"datePublished\":\"2026-01-26T05:00:18+00:00\",\"mainEntityOfPage\":{\"@id\":\"https:\/\/www.notibras.com\/site\/nos-chamamos-de-louco-o-homem-que-assedia-agride-ou-violenta-mulheres\/\"},\"wordCount\":462,\"publisher\":{\"@id\":\"https:\/\/www.notibras.com\/site\/#organization\"},\"image\":{\"@id\":\"https:\/\/www.notibras.com\/site\/nos-chamamos-de-louco-o-homem-que-assedia-agride-ou-violenta-mulheres\/#primaryimage\"},\"thumbnailUrl\":\"https:\/\/www.notibras.com\/site\/wp-content\/uploads\/2026\/01\/IMG_0600.jpg\",\"articleSection\":[\"Ponto de Vista\"],\"inLanguage\":\"pt-BR\"},{\"@type\":\"WebPage\",\"@id\":\"https:\/\/www.notibras.com\/site\/nos-chamamos-de-louco-o-homem-que-assedia-agride-ou-violenta-mulheres\/\",\"url\":\"https:\/\/www.notibras.com\/site\/nos-chamamos-de-louco-o-homem-que-assedia-agride-ou-violenta-mulheres\/\",\"name\":\"N\u00f3s chamamos de louco o homem que assedia, agride ou violenta mulheres - Notibras\",\"isPartOf\":{\"@id\":\"https:\/\/www.notibras.com\/site\/#website\"},\"primaryImageOfPage\":{\"@id\":\"https:\/\/www.notibras.com\/site\/nos-chamamos-de-louco-o-homem-que-assedia-agride-ou-violenta-mulheres\/#primaryimage\"},\"image\":{\"@id\":\"https:\/\/www.notibras.com\/site\/nos-chamamos-de-louco-o-homem-que-assedia-agride-ou-violenta-mulheres\/#primaryimage\"},\"thumbnailUrl\":\"https:\/\/www.notibras.com\/site\/wp-content\/uploads\/2026\/01\/IMG_0600.jpg\",\"datePublished\":\"2026-01-26T05:00:18+00:00\",\"breadcrumb\":{\"@id\":\"https:\/\/www.notibras.com\/site\/nos-chamamos-de-louco-o-homem-que-assedia-agride-ou-violenta-mulheres\/#breadcrumb\"},\"inLanguage\":\"pt-BR\",\"potentialAction\":[{\"@type\":\"ReadAction\",\"target\":[\"https:\/\/www.notibras.com\/site\/nos-chamamos-de-louco-o-homem-que-assedia-agride-ou-violenta-mulheres\/\"]}]},{\"@type\":\"ImageObject\",\"inLanguage\":\"pt-BR\",\"@id\":\"https:\/\/www.notibras.com\/site\/nos-chamamos-de-louco-o-homem-que-assedia-agride-ou-violenta-mulheres\/#primaryimage\",\"url\":\"https:\/\/www.notibras.com\/site\/wp-content\/uploads\/2026\/01\/IMG_0600.jpg\",\"contentUrl\":\"https:\/\/www.notibras.com\/site\/wp-content\/uploads\/2026\/01\/IMG_0600.jpg\",\"width\":1023,\"height\":915},{\"@type\":\"BreadcrumbList\",\"@id\":\"https:\/\/www.notibras.com\/site\/nos-chamamos-de-louco-o-homem-que-assedia-agride-ou-violenta-mulheres\/#breadcrumb\",\"itemListElement\":[{\"@type\":\"ListItem\",\"position\":1,\"name\":\"In\u00edcio\",\"item\":\"https:\/\/www.notibras.com\/site\/\"},{\"@type\":\"ListItem\",\"position\":2,\"name\":\"N\u00f3s chamamos de louco o homem que assedia, agride ou violenta mulheres\"}]},{\"@type\":\"WebSite\",\"@id\":\"https:\/\/www.notibras.com\/site\/#website\",\"url\":\"https:\/\/www.notibras.com\/site\/\",\"name\":\"Notibras\",\"description\":\"Not\u00edcias de Bras\u00edlia, do Brasil e do Mundo\",\"publisher\":{\"@id\":\"https:\/\/www.notibras.com\/site\/#organization\"},\"potentialAction\":[{\"@type\":\"SearchAction\",\"target\":{\"@type\":\"EntryPoint\",\"urlTemplate\":\"https:\/\/www.notibras.com\/site\/?s={search_term_string}\"},\"query-input\":{\"@type\":\"PropertyValueSpecification\",\"valueRequired\":true,\"valueName\":\"search_term_string\"}}],\"inLanguage\":\"pt-BR\"},{\"@type\":\"Organization\",\"@id\":\"https:\/\/www.notibras.com\/site\/#organization\",\"name\":\"Grupo Notibras de Comunica\u00e7\u00e3o\",\"url\":\"https:\/\/www.notibras.com\/site\/\",\"logo\":{\"@type\":\"ImageObject\",\"inLanguage\":\"pt-BR\",\"@id\":\"https:\/\/www.notibras.com\/site\/#\/schema\/logo\/image\/\",\"url\":\"https:\/\/www.notibras.com\/site\/wp-content\/uploads\/2023\/01\/notibras23.png\",\"contentUrl\":\"https:\/\/www.notibras.com\/site\/wp-content\/uploads\/2023\/01\/notibras23.png\",\"width\":350,\"height\":87,\"caption\":\"Grupo Notibras de Comunica\u00e7\u00e3o\"},\"image\":{\"@id\":\"https:\/\/www.notibras.com\/site\/#\/schema\/logo\/image\/\"},\"sameAs\":[\"https:\/\/www.facebook.com\/notibras\/\",\"https:\/\/x.com\/Notibras\",\"https:\/\/www.instagram.com\/notibras\/\"]},{\"@type\":\"Person\",\"@id\":\"https:\/\/www.notibras.com\/site\/#\/schema\/person\/5b7fabf2aedc3ada2105f03b22b4d3dd\",\"name\":\"Eduardo Mart\u00ednez\",\"image\":{\"@type\":\"ImageObject\",\"inLanguage\":\"pt-BR\",\"@id\":\"https:\/\/secure.gravatar.com\/avatar\/7902f906289926289cbcda644b5197c796b893c6ffd7b9a536a42d290f7704a0?s=96&d=mm&r=g\",\"url\":\"https:\/\/secure.gravatar.com\/avatar\/7902f906289926289cbcda644b5197c796b893c6ffd7b9a536a42d290f7704a0?s=96&d=mm&r=g\",\"contentUrl\":\"https:\/\/secure.gravatar.com\/avatar\/7902f906289926289cbcda644b5197c796b893c6ffd7b9a536a42d290f7704a0?s=96&d=mm&r=g\",\"caption\":\"Eduardo Mart\u00ednez\"}}]}<\/script>\n<!-- \/ Yoast SEO plugin. -->","yoast_head_json":{"title":"N\u00f3s chamamos de louco o homem que assedia, agride ou violenta mulheres - Notibras","robots":{"index":"index","follow":"follow","max-snippet":"max-snippet:-1","max-image-preview":"max-image-preview:large","max-video-preview":"max-video-preview:-1"},"canonical":"https:\/\/www.notibras.com\/site\/nos-chamamos-de-louco-o-homem-que-assedia-agride-ou-violenta-mulheres\/","og_locale":"pt_BR","og_type":"article","og_title":"N\u00f3s chamamos de louco o homem que assedia, agride ou violenta mulheres - Notibras","og_description":"E fazemos isso como se fosse um gesto de condena\u00e7\u00e3o, quando na verdade \u00e9 uma forma sofisticada de absolvi\u00e7\u00e3o. Ao chamar o crime de loucura, n\u00f3s retiramos dele aquilo que mais o define: a escolha. A inten\u00e7\u00e3o. A estrutura. Transformamos viol\u00eancia em desvio individual, quando ela \u00e9, historicamente, um comportamento socialmente produzido, tolerado e, muitas [&hellip;]","og_url":"https:\/\/www.notibras.com\/site\/nos-chamamos-de-louco-o-homem-que-assedia-agride-ou-violenta-mulheres\/","og_site_name":"Notibras","article_publisher":"https:\/\/www.facebook.com\/notibras\/","article_published_time":"2026-01-26T05:00:18+00:00","og_image":[{"width":1023,"height":915,"url":"https:\/\/www.notibras.com\/site\/wp-content\/uploads\/2026\/01\/IMG_0600.jpg","type":"image\/jpeg"}],"author":"Eduardo Mart\u00ednez","twitter_card":"summary_large_image","twitter_creator":"@Notibras","twitter_site":"@Notibras","twitter_misc":{"Escrito por":"Eduardo Mart\u00ednez","Est. tempo de leitura":"3 minutos"},"schema":{"@context":"https:\/\/schema.org","@graph":[{"@type":"Article","@id":"https:\/\/www.notibras.com\/site\/nos-chamamos-de-louco-o-homem-que-assedia-agride-ou-violenta-mulheres\/#article","isPartOf":{"@id":"https:\/\/www.notibras.com\/site\/nos-chamamos-de-louco-o-homem-que-assedia-agride-ou-violenta-mulheres\/"},"author":{"name":"Eduardo Mart\u00ednez","@id":"https:\/\/www.notibras.com\/site\/#\/schema\/person\/5b7fabf2aedc3ada2105f03b22b4d3dd"},"headline":"N\u00f3s chamamos de louco o homem que assedia, agride ou violenta mulheres","datePublished":"2026-01-26T05:00:18+00:00","mainEntityOfPage":{"@id":"https:\/\/www.notibras.com\/site\/nos-chamamos-de-louco-o-homem-que-assedia-agride-ou-violenta-mulheres\/"},"wordCount":462,"publisher":{"@id":"https:\/\/www.notibras.com\/site\/#organization"},"image":{"@id":"https:\/\/www.notibras.com\/site\/nos-chamamos-de-louco-o-homem-que-assedia-agride-ou-violenta-mulheres\/#primaryimage"},"thumbnailUrl":"https:\/\/www.notibras.com\/site\/wp-content\/uploads\/2026\/01\/IMG_0600.jpg","articleSection":["Ponto de Vista"],"inLanguage":"pt-BR"},{"@type":"WebPage","@id":"https:\/\/www.notibras.com\/site\/nos-chamamos-de-louco-o-homem-que-assedia-agride-ou-violenta-mulheres\/","url":"https:\/\/www.notibras.com\/site\/nos-chamamos-de-louco-o-homem-que-assedia-agride-ou-violenta-mulheres\/","name":"N\u00f3s chamamos de louco o homem que assedia, agride ou violenta mulheres - Notibras","isPartOf":{"@id":"https:\/\/www.notibras.com\/site\/#website"},"primaryImageOfPage":{"@id":"https:\/\/www.notibras.com\/site\/nos-chamamos-de-louco-o-homem-que-assedia-agride-ou-violenta-mulheres\/#primaryimage"},"image":{"@id":"https:\/\/www.notibras.com\/site\/nos-chamamos-de-louco-o-homem-que-assedia-agride-ou-violenta-mulheres\/#primaryimage"},"thumbnailUrl":"https:\/\/www.notibras.com\/site\/wp-content\/uploads\/2026\/01\/IMG_0600.jpg","datePublished":"2026-01-26T05:00:18+00:00","breadcrumb":{"@id":"https:\/\/www.notibras.com\/site\/nos-chamamos-de-louco-o-homem-que-assedia-agride-ou-violenta-mulheres\/#breadcrumb"},"inLanguage":"pt-BR","potentialAction":[{"@type":"ReadAction","target":["https:\/\/www.notibras.com\/site\/nos-chamamos-de-louco-o-homem-que-assedia-agride-ou-violenta-mulheres\/"]}]},{"@type":"ImageObject","inLanguage":"pt-BR","@id":"https:\/\/www.notibras.com\/site\/nos-chamamos-de-louco-o-homem-que-assedia-agride-ou-violenta-mulheres\/#primaryimage","url":"https:\/\/www.notibras.com\/site\/wp-content\/uploads\/2026\/01\/IMG_0600.jpg","contentUrl":"https:\/\/www.notibras.com\/site\/wp-content\/uploads\/2026\/01\/IMG_0600.jpg","width":1023,"height":915},{"@type":"BreadcrumbList","@id":"https:\/\/www.notibras.com\/site\/nos-chamamos-de-louco-o-homem-que-assedia-agride-ou-violenta-mulheres\/#breadcrumb","itemListElement":[{"@type":"ListItem","position":1,"name":"In\u00edcio","item":"https:\/\/www.notibras.com\/site\/"},{"@type":"ListItem","position":2,"name":"N\u00f3s chamamos de louco o homem que assedia, agride ou violenta mulheres"}]},{"@type":"WebSite","@id":"https:\/\/www.notibras.com\/site\/#website","url":"https:\/\/www.notibras.com\/site\/","name":"Notibras","description":"Not\u00edcias de Bras\u00edlia, do Brasil e do Mundo","publisher":{"@id":"https:\/\/www.notibras.com\/site\/#organization"},"potentialAction":[{"@type":"SearchAction","target":{"@type":"EntryPoint","urlTemplate":"https:\/\/www.notibras.com\/site\/?s={search_term_string}"},"query-input":{"@type":"PropertyValueSpecification","valueRequired":true,"valueName":"search_term_string"}}],"inLanguage":"pt-BR"},{"@type":"Organization","@id":"https:\/\/www.notibras.com\/site\/#organization","name":"Grupo Notibras de Comunica\u00e7\u00e3o","url":"https:\/\/www.notibras.com\/site\/","logo":{"@type":"ImageObject","inLanguage":"pt-BR","@id":"https:\/\/www.notibras.com\/site\/#\/schema\/logo\/image\/","url":"https:\/\/www.notibras.com\/site\/wp-content\/uploads\/2023\/01\/notibras23.png","contentUrl":"https:\/\/www.notibras.com\/site\/wp-content\/uploads\/2023\/01\/notibras23.png","width":350,"height":87,"caption":"Grupo Notibras de Comunica\u00e7\u00e3o"},"image":{"@id":"https:\/\/www.notibras.com\/site\/#\/schema\/logo\/image\/"},"sameAs":["https:\/\/www.facebook.com\/notibras\/","https:\/\/x.com\/Notibras","https:\/\/www.instagram.com\/notibras\/"]},{"@type":"Person","@id":"https:\/\/www.notibras.com\/site\/#\/schema\/person\/5b7fabf2aedc3ada2105f03b22b4d3dd","name":"Eduardo Mart\u00ednez","image":{"@type":"ImageObject","inLanguage":"pt-BR","@id":"https:\/\/secure.gravatar.com\/avatar\/7902f906289926289cbcda644b5197c796b893c6ffd7b9a536a42d290f7704a0?s=96&d=mm&r=g","url":"https:\/\/secure.gravatar.com\/avatar\/7902f906289926289cbcda644b5197c796b893c6ffd7b9a536a42d290f7704a0?s=96&d=mm&r=g","contentUrl":"https:\/\/secure.gravatar.com\/avatar\/7902f906289926289cbcda644b5197c796b893c6ffd7b9a536a42d290f7704a0?s=96&d=mm&r=g","caption":"Eduardo Mart\u00ednez"}}]}},"amp_enabled":true,"_links":{"self":[{"href":"https:\/\/www.notibras.com\/site\/wp-json\/wp\/v2\/posts\/380427","targetHints":{"allow":["GET"]}}],"collection":[{"href":"https:\/\/www.notibras.com\/site\/wp-json\/wp\/v2\/posts"}],"about":[{"href":"https:\/\/www.notibras.com\/site\/wp-json\/wp\/v2\/types\/post"}],"author":[{"embeddable":true,"href":"https:\/\/www.notibras.com\/site\/wp-json\/wp\/v2\/users\/21"}],"replies":[{"embeddable":true,"href":"https:\/\/www.notibras.com\/site\/wp-json\/wp\/v2\/comments?post=380427"}],"version-history":[{"count":3,"href":"https:\/\/www.notibras.com\/site\/wp-json\/wp\/v2\/posts\/380427\/revisions"}],"predecessor-version":[{"id":380431,"href":"https:\/\/www.notibras.com\/site\/wp-json\/wp\/v2\/posts\/380427\/revisions\/380431"}],"wp:featuredmedia":[{"embeddable":true,"href":"https:\/\/www.notibras.com\/site\/wp-json\/wp\/v2\/media\/380429"}],"wp:attachment":[{"href":"https:\/\/www.notibras.com\/site\/wp-json\/wp\/v2\/media?parent=380427"}],"wp:term":[{"taxonomy":"category","embeddable":true,"href":"https:\/\/www.notibras.com\/site\/wp-json\/wp\/v2\/categories?post=380427"},{"taxonomy":"post_tag","embeddable":true,"href":"https:\/\/www.notibras.com\/site\/wp-json\/wp\/v2\/tags?post=380427"}],"curies":[{"name":"wp","href":"https:\/\/api.w.org\/{rel}","templated":true}]}}