{"id":380432,"date":"2026-01-26T00:45:28","date_gmt":"2026-01-26T03:45:28","guid":{"rendered":"https:\/\/www.notibras.com\/site\/?p=380432"},"modified":"2026-01-25T04:18:15","modified_gmt":"2026-01-25T07:18:15","slug":"voce-me-fez-sentir-ou-eu-me-sinto","status":"publish","type":"post","link":"https:\/\/www.notibras.com\/site\/voce-me-fez-sentir-ou-eu-me-sinto\/","title":{"rendered":"&#8220;Voc\u00ea me fez sentir&#8221;? Ou &#8220;eu me sinto&#8221;?"},"content":{"rendered":"<p>UM: Voc\u00ea me fez sentir tristeza.<\/p>\n<p>DOIS: Ningu\u00e9m tem o poder de me fazer sentir nada.<\/p>\n<p>UM: Quando d\u00f3i, penso em abrir m\u00e3o do gerenciamento de minhas emo\u00e7\u00f5es.<\/p>\n<p>DOIS: N\u00e3o sou extens\u00e3o de seu Eu.<\/p>\n<p>UM: Sem empatia?<\/p>\n<p>DOIS: Com empatia: &#8220;eu escolho minhas rea\u00e7\u00f5es&#8221;.<\/p>\n<p>UM: Ent\u00e3o percebo que &#8220;eu me sinto&#8221; confuso.<\/p>\n<p>DOIS: D\u00f3i muito falar sobre isso?<\/p>\n<p>UM: D\u00f3i. E se n\u00e3o for culpa sua \u00e9 culpa de Fulano.<\/p>\n<p>DOIS: Fulano n\u00e3o est\u00e1 aqui. Por que falar sobre ele?<\/p>\n<p>UM: Por que n\u00e3o falar sobre ele?<\/p>\n<p>DOIS: Como falar \u00e9 o desafio. Sair da confus\u00e3o \u00e9 o seu impasse.<\/p>\n<p>UM: Falar sobre Fulano, aqui e agora \u00e9 errado?<\/p>\n<p>DOIS: Errado n\u00e3o, e sim evita\u00e7\u00e3o.<\/p>\n<p>UM: Percebo o impasse&#8230;<\/p>\n<p>Uma encruzilhada confunde o caminhante<\/p>\n<p>DOIS: Uma encruzilhada abre v\u00e1rios caminhos.<\/p>\n<p><strong>&#8230;&#8230;&#8230;&#8230;&#8230;&#8230;&#8230;.<\/strong><\/p>\n<p><strong>Edna Domenica \u00e9 cronista e poetisa. Sua escrita aborda temas que valorizam a resist\u00eancia na guerra cultural pelo direito do livre existir. \u00c9 autora de &#8220;O Set\u00eanio&#8221; (T\u00e3o livros, 2024) e co-autora de &#8220;Raps\u00f3dia da Rua da Mooca&#8221; (T\u00e3o livros, no prelo).<\/strong><\/p>\n","protected":false},"excerpt":{"rendered":"<p>UM: Voc\u00ea me fez sentir tristeza. DOIS: Ningu\u00e9m tem o poder de me fazer sentir nada. UM: Quando d\u00f3i, penso em abrir m\u00e3o do gerenciamento de minhas emo\u00e7\u00f5es. DOIS: N\u00e3o sou extens\u00e3o de seu Eu. UM: Sem empatia? DOIS: Com empatia: &#8220;eu escolho minhas rea\u00e7\u00f5es&#8221;. UM: Ent\u00e3o percebo que &#8220;eu me sinto&#8221; confuso. DOIS: D\u00f3i [&hellip;]<\/p>\n","protected":false},"author":21,"featured_media":380433,"comment_status":"closed","ping_status":"closed","sticky":false,"template":"","format":"standard","meta":{"_acf_changed":false,"footnotes":""},"categories":[234],"tags":[],"class_list":["post-380432","post","type-post","status-publish","format-standard","has-post-thumbnail","hentry","category-cafe-literario"],"acf":[],"yoast_head":"<!-- This site is optimized with the Yoast SEO plugin v27.2 - https:\/\/yoast.com\/product\/yoast-seo-wordpress\/ -->\n<title>&quot;Voc\u00ea me fez sentir&quot;? Ou &quot;eu me sinto&quot;? - Notibras<\/title>\n<meta name=\"robots\" content=\"index, follow, max-snippet:-1, max-image-preview:large, max-video-preview:-1\" \/>\n<link rel=\"canonical\" href=\"https:\/\/www.notibras.com\/site\/voce-me-fez-sentir-ou-eu-me-sinto\/\" \/>\n<meta property=\"og:locale\" content=\"pt_BR\" \/>\n<meta property=\"og:type\" content=\"article\" \/>\n<meta property=\"og:title\" content=\"&quot;Voc\u00ea me fez sentir&quot;? Ou &quot;eu me sinto&quot;? - Notibras\" \/>\n<meta property=\"og:description\" content=\"UM: Voc\u00ea me fez sentir tristeza. DOIS: Ningu\u00e9m tem o poder de me fazer sentir nada. UM: Quando d\u00f3i, penso em abrir m\u00e3o do gerenciamento de minhas emo\u00e7\u00f5es. DOIS: N\u00e3o sou extens\u00e3o de seu Eu. UM: Sem empatia? DOIS: Com empatia: &#8220;eu escolho minhas rea\u00e7\u00f5es&#8221;. UM: Ent\u00e3o percebo que &#8220;eu me sinto&#8221; confuso. DOIS: D\u00f3i [&hellip;]\" \/>\n<meta property=\"og:url\" content=\"https:\/\/www.notibras.com\/site\/voce-me-fez-sentir-ou-eu-me-sinto\/\" \/>\n<meta property=\"og:site_name\" content=\"Notibras\" \/>\n<meta property=\"article:publisher\" content=\"https:\/\/www.facebook.com\/notibras\/\" \/>\n<meta property=\"article:published_time\" content=\"2026-01-26T03:45:28+00:00\" \/>\n<meta property=\"og:image\" content=\"https:\/\/www.notibras.com\/site\/wp-content\/uploads\/2026\/01\/85f338c9-cd8b-4dc2-95cc-2a5820b09ed3.jpg\" \/>\n\t<meta property=\"og:image:width\" content=\"809\" \/>\n\t<meta property=\"og:image:height\" content=\"1181\" \/>\n\t<meta property=\"og:image:type\" content=\"image\/jpeg\" \/>\n<meta name=\"author\" content=\"Eduardo Mart\u00ednez\" \/>\n<meta name=\"twitter:card\" content=\"summary_large_image\" \/>\n<meta name=\"twitter:creator\" content=\"@Notibras\" \/>\n<meta name=\"twitter:site\" content=\"@Notibras\" \/>\n<meta name=\"twitter:label1\" content=\"Escrito por\" \/>\n\t<meta name=\"twitter:data1\" content=\"Eduardo Mart\u00ednez\" \/>\n\t<meta name=\"twitter:label2\" content=\"Est. tempo de leitura\" \/>\n\t<meta name=\"twitter:data2\" content=\"2 minutos\" \/>\n<script type=\"application\/ld+json\" class=\"yoast-schema-graph\">{\"@context\":\"https:\/\/schema.org\",\"@graph\":[{\"@type\":\"Article\",\"@id\":\"https:\/\/www.notibras.com\/site\/voce-me-fez-sentir-ou-eu-me-sinto\/#article\",\"isPartOf\":{\"@id\":\"https:\/\/www.notibras.com\/site\/voce-me-fez-sentir-ou-eu-me-sinto\/\"},\"author\":{\"name\":\"Eduardo Mart\u00ednez\",\"@id\":\"https:\/\/www.notibras.com\/site\/#\/schema\/person\/5b7fabf2aedc3ada2105f03b22b4d3dd\"},\"headline\":\"&#8220;Voc\u00ea me fez sentir&#8221;? Ou &#8220;eu me sinto&#8221;?\",\"datePublished\":\"2026-01-26T03:45:28+00:00\",\"mainEntityOfPage\":{\"@id\":\"https:\/\/www.notibras.com\/site\/voce-me-fez-sentir-ou-eu-me-sinto\/\"},\"wordCount\":196,\"publisher\":{\"@id\":\"https:\/\/www.notibras.com\/site\/#organization\"},\"image\":{\"@id\":\"https:\/\/www.notibras.com\/site\/voce-me-fez-sentir-ou-eu-me-sinto\/#primaryimage\"},\"thumbnailUrl\":\"https:\/\/www.notibras.com\/site\/wp-content\/uploads\/2026\/01\/85f338c9-cd8b-4dc2-95cc-2a5820b09ed3.jpg\",\"articleSection\":[\"Caf\u00e9 Liter\u00e1rio\"],\"inLanguage\":\"pt-BR\"},{\"@type\":\"WebPage\",\"@id\":\"https:\/\/www.notibras.com\/site\/voce-me-fez-sentir-ou-eu-me-sinto\/\",\"url\":\"https:\/\/www.notibras.com\/site\/voce-me-fez-sentir-ou-eu-me-sinto\/\",\"name\":\"\\\"Voc\u00ea me fez sentir\\\"? Ou \\\"eu me sinto\\\"? - Notibras\",\"isPartOf\":{\"@id\":\"https:\/\/www.notibras.com\/site\/#website\"},\"primaryImageOfPage\":{\"@id\":\"https:\/\/www.notibras.com\/site\/voce-me-fez-sentir-ou-eu-me-sinto\/#primaryimage\"},\"image\":{\"@id\":\"https:\/\/www.notibras.com\/site\/voce-me-fez-sentir-ou-eu-me-sinto\/#primaryimage\"},\"thumbnailUrl\":\"https:\/\/www.notibras.com\/site\/wp-content\/uploads\/2026\/01\/85f338c9-cd8b-4dc2-95cc-2a5820b09ed3.jpg\",\"datePublished\":\"2026-01-26T03:45:28+00:00\",\"breadcrumb\":{\"@id\":\"https:\/\/www.notibras.com\/site\/voce-me-fez-sentir-ou-eu-me-sinto\/#breadcrumb\"},\"inLanguage\":\"pt-BR\",\"potentialAction\":[{\"@type\":\"ReadAction\",\"target\":[\"https:\/\/www.notibras.com\/site\/voce-me-fez-sentir-ou-eu-me-sinto\/\"]}]},{\"@type\":\"ImageObject\",\"inLanguage\":\"pt-BR\",\"@id\":\"https:\/\/www.notibras.com\/site\/voce-me-fez-sentir-ou-eu-me-sinto\/#primaryimage\",\"url\":\"https:\/\/www.notibras.com\/site\/wp-content\/uploads\/2026\/01\/85f338c9-cd8b-4dc2-95cc-2a5820b09ed3.jpg\",\"contentUrl\":\"https:\/\/www.notibras.com\/site\/wp-content\/uploads\/2026\/01\/85f338c9-cd8b-4dc2-95cc-2a5820b09ed3.jpg\",\"width\":809,\"height\":1181},{\"@type\":\"BreadcrumbList\",\"@id\":\"https:\/\/www.notibras.com\/site\/voce-me-fez-sentir-ou-eu-me-sinto\/#breadcrumb\",\"itemListElement\":[{\"@type\":\"ListItem\",\"position\":1,\"name\":\"In\u00edcio\",\"item\":\"https:\/\/www.notibras.com\/site\/\"},{\"@type\":\"ListItem\",\"position\":2,\"name\":\"&#8220;Voc\u00ea me fez sentir&#8221;? Ou &#8220;eu me sinto&#8221;?\"}]},{\"@type\":\"WebSite\",\"@id\":\"https:\/\/www.notibras.com\/site\/#website\",\"url\":\"https:\/\/www.notibras.com\/site\/\",\"name\":\"Notibras\",\"description\":\"Not\u00edcias de Bras\u00edlia, do Brasil e do Mundo\",\"publisher\":{\"@id\":\"https:\/\/www.notibras.com\/site\/#organization\"},\"potentialAction\":[{\"@type\":\"SearchAction\",\"target\":{\"@type\":\"EntryPoint\",\"urlTemplate\":\"https:\/\/www.notibras.com\/site\/?s={search_term_string}\"},\"query-input\":{\"@type\":\"PropertyValueSpecification\",\"valueRequired\":true,\"valueName\":\"search_term_string\"}}],\"inLanguage\":\"pt-BR\"},{\"@type\":\"Organization\",\"@id\":\"https:\/\/www.notibras.com\/site\/#organization\",\"name\":\"Grupo Notibras de Comunica\u00e7\u00e3o\",\"url\":\"https:\/\/www.notibras.com\/site\/\",\"logo\":{\"@type\":\"ImageObject\",\"inLanguage\":\"pt-BR\",\"@id\":\"https:\/\/www.notibras.com\/site\/#\/schema\/logo\/image\/\",\"url\":\"https:\/\/www.notibras.com\/site\/wp-content\/uploads\/2023\/01\/notibras23.png\",\"contentUrl\":\"https:\/\/www.notibras.com\/site\/wp-content\/uploads\/2023\/01\/notibras23.png\",\"width\":350,\"height\":87,\"caption\":\"Grupo Notibras de Comunica\u00e7\u00e3o\"},\"image\":{\"@id\":\"https:\/\/www.notibras.com\/site\/#\/schema\/logo\/image\/\"},\"sameAs\":[\"https:\/\/www.facebook.com\/notibras\/\",\"https:\/\/x.com\/Notibras\",\"https:\/\/www.instagram.com\/notibras\/\"]},{\"@type\":\"Person\",\"@id\":\"https:\/\/www.notibras.com\/site\/#\/schema\/person\/5b7fabf2aedc3ada2105f03b22b4d3dd\",\"name\":\"Eduardo Mart\u00ednez\",\"image\":{\"@type\":\"ImageObject\",\"inLanguage\":\"pt-BR\",\"@id\":\"https:\/\/secure.gravatar.com\/avatar\/7902f906289926289cbcda644b5197c796b893c6ffd7b9a536a42d290f7704a0?s=96&d=mm&r=g\",\"url\":\"https:\/\/secure.gravatar.com\/avatar\/7902f906289926289cbcda644b5197c796b893c6ffd7b9a536a42d290f7704a0?s=96&d=mm&r=g\",\"contentUrl\":\"https:\/\/secure.gravatar.com\/avatar\/7902f906289926289cbcda644b5197c796b893c6ffd7b9a536a42d290f7704a0?s=96&d=mm&r=g\",\"caption\":\"Eduardo Mart\u00ednez\"}}]}<\/script>\n<!-- \/ Yoast SEO plugin. -->","yoast_head_json":{"title":"\"Voc\u00ea me fez sentir\"? Ou \"eu me sinto\"? - Notibras","robots":{"index":"index","follow":"follow","max-snippet":"max-snippet:-1","max-image-preview":"max-image-preview:large","max-video-preview":"max-video-preview:-1"},"canonical":"https:\/\/www.notibras.com\/site\/voce-me-fez-sentir-ou-eu-me-sinto\/","og_locale":"pt_BR","og_type":"article","og_title":"\"Voc\u00ea me fez sentir\"? Ou \"eu me sinto\"? - Notibras","og_description":"UM: Voc\u00ea me fez sentir tristeza. DOIS: Ningu\u00e9m tem o poder de me fazer sentir nada. UM: Quando d\u00f3i, penso em abrir m\u00e3o do gerenciamento de minhas emo\u00e7\u00f5es. DOIS: N\u00e3o sou extens\u00e3o de seu Eu. UM: Sem empatia? DOIS: Com empatia: &#8220;eu escolho minhas rea\u00e7\u00f5es&#8221;. UM: Ent\u00e3o percebo que &#8220;eu me sinto&#8221; confuso. DOIS: D\u00f3i [&hellip;]","og_url":"https:\/\/www.notibras.com\/site\/voce-me-fez-sentir-ou-eu-me-sinto\/","og_site_name":"Notibras","article_publisher":"https:\/\/www.facebook.com\/notibras\/","article_published_time":"2026-01-26T03:45:28+00:00","og_image":[{"width":809,"height":1181,"url":"https:\/\/www.notibras.com\/site\/wp-content\/uploads\/2026\/01\/85f338c9-cd8b-4dc2-95cc-2a5820b09ed3.jpg","type":"image\/jpeg"}],"author":"Eduardo Mart\u00ednez","twitter_card":"summary_large_image","twitter_creator":"@Notibras","twitter_site":"@Notibras","twitter_misc":{"Escrito por":"Eduardo Mart\u00ednez","Est. tempo de leitura":"2 minutos"},"schema":{"@context":"https:\/\/schema.org","@graph":[{"@type":"Article","@id":"https:\/\/www.notibras.com\/site\/voce-me-fez-sentir-ou-eu-me-sinto\/#article","isPartOf":{"@id":"https:\/\/www.notibras.com\/site\/voce-me-fez-sentir-ou-eu-me-sinto\/"},"author":{"name":"Eduardo Mart\u00ednez","@id":"https:\/\/www.notibras.com\/site\/#\/schema\/person\/5b7fabf2aedc3ada2105f03b22b4d3dd"},"headline":"&#8220;Voc\u00ea me fez sentir&#8221;? Ou &#8220;eu me sinto&#8221;?","datePublished":"2026-01-26T03:45:28+00:00","mainEntityOfPage":{"@id":"https:\/\/www.notibras.com\/site\/voce-me-fez-sentir-ou-eu-me-sinto\/"},"wordCount":196,"publisher":{"@id":"https:\/\/www.notibras.com\/site\/#organization"},"image":{"@id":"https:\/\/www.notibras.com\/site\/voce-me-fez-sentir-ou-eu-me-sinto\/#primaryimage"},"thumbnailUrl":"https:\/\/www.notibras.com\/site\/wp-content\/uploads\/2026\/01\/85f338c9-cd8b-4dc2-95cc-2a5820b09ed3.jpg","articleSection":["Caf\u00e9 Liter\u00e1rio"],"inLanguage":"pt-BR"},{"@type":"WebPage","@id":"https:\/\/www.notibras.com\/site\/voce-me-fez-sentir-ou-eu-me-sinto\/","url":"https:\/\/www.notibras.com\/site\/voce-me-fez-sentir-ou-eu-me-sinto\/","name":"\"Voc\u00ea me fez sentir\"? Ou \"eu me sinto\"? - Notibras","isPartOf":{"@id":"https:\/\/www.notibras.com\/site\/#website"},"primaryImageOfPage":{"@id":"https:\/\/www.notibras.com\/site\/voce-me-fez-sentir-ou-eu-me-sinto\/#primaryimage"},"image":{"@id":"https:\/\/www.notibras.com\/site\/voce-me-fez-sentir-ou-eu-me-sinto\/#primaryimage"},"thumbnailUrl":"https:\/\/www.notibras.com\/site\/wp-content\/uploads\/2026\/01\/85f338c9-cd8b-4dc2-95cc-2a5820b09ed3.jpg","datePublished":"2026-01-26T03:45:28+00:00","breadcrumb":{"@id":"https:\/\/www.notibras.com\/site\/voce-me-fez-sentir-ou-eu-me-sinto\/#breadcrumb"},"inLanguage":"pt-BR","potentialAction":[{"@type":"ReadAction","target":["https:\/\/www.notibras.com\/site\/voce-me-fez-sentir-ou-eu-me-sinto\/"]}]},{"@type":"ImageObject","inLanguage":"pt-BR","@id":"https:\/\/www.notibras.com\/site\/voce-me-fez-sentir-ou-eu-me-sinto\/#primaryimage","url":"https:\/\/www.notibras.com\/site\/wp-content\/uploads\/2026\/01\/85f338c9-cd8b-4dc2-95cc-2a5820b09ed3.jpg","contentUrl":"https:\/\/www.notibras.com\/site\/wp-content\/uploads\/2026\/01\/85f338c9-cd8b-4dc2-95cc-2a5820b09ed3.jpg","width":809,"height":1181},{"@type":"BreadcrumbList","@id":"https:\/\/www.notibras.com\/site\/voce-me-fez-sentir-ou-eu-me-sinto\/#breadcrumb","itemListElement":[{"@type":"ListItem","position":1,"name":"In\u00edcio","item":"https:\/\/www.notibras.com\/site\/"},{"@type":"ListItem","position":2,"name":"&#8220;Voc\u00ea me fez sentir&#8221;? Ou &#8220;eu me sinto&#8221;?"}]},{"@type":"WebSite","@id":"https:\/\/www.notibras.com\/site\/#website","url":"https:\/\/www.notibras.com\/site\/","name":"Notibras","description":"Not\u00edcias de Bras\u00edlia, do Brasil e do Mundo","publisher":{"@id":"https:\/\/www.notibras.com\/site\/#organization"},"potentialAction":[{"@type":"SearchAction","target":{"@type":"EntryPoint","urlTemplate":"https:\/\/www.notibras.com\/site\/?s={search_term_string}"},"query-input":{"@type":"PropertyValueSpecification","valueRequired":true,"valueName":"search_term_string"}}],"inLanguage":"pt-BR"},{"@type":"Organization","@id":"https:\/\/www.notibras.com\/site\/#organization","name":"Grupo Notibras de Comunica\u00e7\u00e3o","url":"https:\/\/www.notibras.com\/site\/","logo":{"@type":"ImageObject","inLanguage":"pt-BR","@id":"https:\/\/www.notibras.com\/site\/#\/schema\/logo\/image\/","url":"https:\/\/www.notibras.com\/site\/wp-content\/uploads\/2023\/01\/notibras23.png","contentUrl":"https:\/\/www.notibras.com\/site\/wp-content\/uploads\/2023\/01\/notibras23.png","width":350,"height":87,"caption":"Grupo Notibras de Comunica\u00e7\u00e3o"},"image":{"@id":"https:\/\/www.notibras.com\/site\/#\/schema\/logo\/image\/"},"sameAs":["https:\/\/www.facebook.com\/notibras\/","https:\/\/x.com\/Notibras","https:\/\/www.instagram.com\/notibras\/"]},{"@type":"Person","@id":"https:\/\/www.notibras.com\/site\/#\/schema\/person\/5b7fabf2aedc3ada2105f03b22b4d3dd","name":"Eduardo Mart\u00ednez","image":{"@type":"ImageObject","inLanguage":"pt-BR","@id":"https:\/\/secure.gravatar.com\/avatar\/7902f906289926289cbcda644b5197c796b893c6ffd7b9a536a42d290f7704a0?s=96&d=mm&r=g","url":"https:\/\/secure.gravatar.com\/avatar\/7902f906289926289cbcda644b5197c796b893c6ffd7b9a536a42d290f7704a0?s=96&d=mm&r=g","contentUrl":"https:\/\/secure.gravatar.com\/avatar\/7902f906289926289cbcda644b5197c796b893c6ffd7b9a536a42d290f7704a0?s=96&d=mm&r=g","caption":"Eduardo Mart\u00ednez"}}]}},"amp_enabled":true,"_links":{"self":[{"href":"https:\/\/www.notibras.com\/site\/wp-json\/wp\/v2\/posts\/380432","targetHints":{"allow":["GET"]}}],"collection":[{"href":"https:\/\/www.notibras.com\/site\/wp-json\/wp\/v2\/posts"}],"about":[{"href":"https:\/\/www.notibras.com\/site\/wp-json\/wp\/v2\/types\/post"}],"author":[{"embeddable":true,"href":"https:\/\/www.notibras.com\/site\/wp-json\/wp\/v2\/users\/21"}],"replies":[{"embeddable":true,"href":"https:\/\/www.notibras.com\/site\/wp-json\/wp\/v2\/comments?post=380432"}],"version-history":[{"count":2,"href":"https:\/\/www.notibras.com\/site\/wp-json\/wp\/v2\/posts\/380432\/revisions"}],"predecessor-version":[{"id":380435,"href":"https:\/\/www.notibras.com\/site\/wp-json\/wp\/v2\/posts\/380432\/revisions\/380435"}],"wp:featuredmedia":[{"embeddable":true,"href":"https:\/\/www.notibras.com\/site\/wp-json\/wp\/v2\/media\/380433"}],"wp:attachment":[{"href":"https:\/\/www.notibras.com\/site\/wp-json\/wp\/v2\/media?parent=380432"}],"wp:term":[{"taxonomy":"category","embeddable":true,"href":"https:\/\/www.notibras.com\/site\/wp-json\/wp\/v2\/categories?post=380432"},{"taxonomy":"post_tag","embeddable":true,"href":"https:\/\/www.notibras.com\/site\/wp-json\/wp\/v2\/tags?post=380432"}],"curies":[{"name":"wp","href":"https:\/\/api.w.org\/{rel}","templated":true}]}}