{"id":380436,"date":"2026-01-25T04:28:02","date_gmt":"2026-01-25T07:28:02","guid":{"rendered":"https:\/\/www.notibras.com\/site\/?p=380436"},"modified":"2026-01-25T04:28:02","modified_gmt":"2026-01-25T07:28:02","slug":"forrest-gump-do-cerrado-ve-caminhada-do-gado-em-cima-de-caminhonete","status":"publish","type":"post","link":"https:\/\/www.notibras.com\/site\/forrest-gump-do-cerrado-ve-caminhada-do-gado-em-cima-de-caminhonete\/","title":{"rendered":"Forrest Gump do Cerrado v\u00ea caminhada do gado em cima de caminhonete"},"content":{"rendered":"<p class=\"v1gmail-MsoBodyText\">Faz seis dias que estou acompanhado a caminhada pela liberdade de Nikolas Ferreira (PL-MG). O que tenho visto \u00e9 o gado solto, pegando chuva e sentindo frio na BR-040. Em f\u00e9rias e \u00e0 vontade para fazer o que bem entender, o menino maluquinho do Partido Liberal parece um turbo a bordo da caminhonete vermelha e adentrando o hotel de luxo em Cristalina. Ele pode. Mas o gado me lembrou um meme mostrando uma vaca se co\u00e7ando com uma geringon\u00e7a do tipo vassoura de pia\u00e7ava. Engra\u00e7ado, pitoresco e in\u00e9dito, o v\u00eddeo sem legenda me chamou aten\u00e7\u00e3o por uma raz\u00e3o eminentemente pol\u00edtica.<\/p>\n<p class=\"v1gmail-MsoBodyText\">Depois de tanto perrengue com os extremistas que se acham superiores, mais trabalhadores e mais operantes, descobrir uma vaca aprendendo a se co\u00e7ar \u00e9 a certeza de que qualquer ser que respira \u00e9 mais funcional do que os deputados do partido do Valdemar Costa Neto. Como pista n\u00e3o \u00e9 pasto, est\u00e1 claro para o eleitor que conhece o peso do voto que fazer parte do PL \u00e9 assumir o predicado de enganador. Na linguagem do povo, o engano do enganador \u00e9 pensar que os enganados permanecer\u00e3o sempre desenganados. Qualquer coincid\u00eancia com Nikolas, o Forrest Gump do Cerrado, n\u00e3o \u00e9 mera semelhan\u00e7a.<\/p>\n<p class=\"v1gmail-MsoBodyText\">No artigo publicado na quinta-feira (22) imaginei um correligion\u00e1rio sugerindo ao deputado mineiro pendurar no pesco\u00e7o a cueca usada por Jair Bolsonaro na primeira noite da Papudinha. Ningu\u00e9m me ouviu. Pelo contr\u00e1rio. Como Nikolas faz de tudo para n\u00e3o trabalhar, os cinco ou seis mil\u00a0 seguidores que se juntaram a ele tamb\u00e9m adoram um \u00f3cio politizado e bajulador. Felizmente, a maioria dos brasileiros tem de trabalhar para sustent\u00e1-los. Como disse Frei Dami\u00e3o para Padre Juli\u00e3o, o pior cego \u00e9 aquele que n\u00e3o quer ver.<\/p>\n<p class=\"v1gmail-MsoBodyText\">Depois da publica\u00e7\u00e3o do texto, os coment\u00e1rios deram o tom mais verdadeiro acerca da marmota produzida por Nikolas. Um deles sugeria que, para ter sucesso garantido, a cada 10 km de caminhada os deputados que participam da manifesta\u00e7\u00e3o deveriam levantar uma placa com o quantitativo de projetos apresentados em benef\u00edcio do trabalhador. T\u00e3o dif\u00edcil como perguntar quantos dias eles j\u00e1 estiveram em plen\u00e1rio nesses quase quatro anos de mandato. Pior ainda \u00e9 a ideia de protestar nas portas dos postos de sa\u00fade e dos hospitais contra a falta de m\u00e9dicos e de medicamentos. Trabalhar pelo povo n\u00e3o \u00e9 a prioridade de nenhum deles.<\/p>\n<p class=\"v1gmail-MsoBodyText\">Pessoas s\u00e9rias, comprometidas com a na\u00e7\u00e3o e legalistas sabem que Nikolas e sua tropa mambembe est\u00e3o jogando para\u00a0a plateia que vive de utopias. Podem at\u00e9 atravessar Minas Gerais, Bras\u00edlia, Washington e a Sib\u00e9ria, mas jamais conseguir\u00e3o libertar o presidi\u00e1rio das m\u00e3os de Xand\u00e3o. Ali\u00e1s, como ilustra\u00e7\u00e3o, um xerif\u00e3o de toga que peitou Donald Trump e Elon Musk nunca mostrar\u00e1 os panos de baixo para o &#8220;Chupetinha&#8221;. Por tudo isso, n\u00e3o h\u00e1 com discordar de um leitor que define o ato do menino bajulador como autopromo\u00e7\u00e3o \u00e0 custa de um preso que, haja o que houver e para o bem de todos, continuar\u00e1 preso.<\/p>\n<p class=\"v1gmail-MsoBodyText\">Sem projetos aprovados, mas com tempo de sobra para o que n\u00e3o presta, Nikolas precisa descer do picadeiro e, da mesma forma que supostamente luta por uma pessoa, trabalhar pelos 213 milh\u00f5es de brasileiros. Transformar em palanques uma caminhonete e o acostamento de uma via federal \u00e9 mostrar ao mundo que o Brasil realmente \u00e9 uma piada t\u00e3o sem gra\u00e7a como a fam\u00edlia que o deputado usa como exemplo de moralidade. Como sugest\u00e3o final, chegando na Capital da Rep\u00fablica, ap\u00f3s o marmitex de praxe, o gado pode encerrar a caminhada escorregando para a fama no tobog\u00e3 do parque Nicol\u00e2ndia, assistindo Nikolas plantando as 13 bananeiras da sorte. Ou seria do azar definitivo?<\/p>\n<p class=\"v1gmail-MsoBodyText\">&#8230;&#8230;&#8230;<\/p>\n<p class=\"v1gmail-MsoBodyText\"><strong>Sonja Tavares \u00e9 Editora de Pol\u00edtica de Notibras<\/strong><\/p>\n","protected":false},"excerpt":{"rendered":"<p>Faz seis dias que estou acompanhado a caminhada pela liberdade de Nikolas Ferreira (PL-MG). O que tenho visto \u00e9 o gado solto, pegando chuva e sentindo frio na BR-040. Em f\u00e9rias e \u00e0 vontade para fazer o que bem entender, o menino maluquinho do Partido Liberal parece um turbo a bordo da caminhonete vermelha e [&hellip;]<\/p>\n","protected":false},"author":2,"featured_media":380437,"comment_status":"closed","ping_status":"closed","sticky":false,"template":"","format":"standard","meta":{"_acf_changed":false,"footnotes":""},"categories":[16],"tags":[],"class_list":["post-380436","post","type-post","status-publish","format-standard","has-post-thumbnail","hentry","category-brasil"],"acf":[],"yoast_head":"<!-- This site is optimized with the Yoast SEO plugin v27.2 - https:\/\/yoast.com\/product\/yoast-seo-wordpress\/ -->\n<title>Forrest Gump do Cerrado v\u00ea caminhada do gado em cima de caminhonete - Notibras<\/title>\n<meta name=\"robots\" content=\"index, follow, max-snippet:-1, max-image-preview:large, max-video-preview:-1\" \/>\n<link rel=\"canonical\" href=\"https:\/\/www.notibras.com\/site\/forrest-gump-do-cerrado-ve-caminhada-do-gado-em-cima-de-caminhonete\/\" \/>\n<meta property=\"og:locale\" content=\"pt_BR\" \/>\n<meta property=\"og:type\" content=\"article\" \/>\n<meta property=\"og:title\" content=\"Forrest Gump do Cerrado v\u00ea caminhada do gado em cima de caminhonete - Notibras\" \/>\n<meta property=\"og:description\" content=\"Faz seis dias que estou acompanhado a caminhada pela liberdade de Nikolas Ferreira (PL-MG). O que tenho visto \u00e9 o gado solto, pegando chuva e sentindo frio na BR-040. Em f\u00e9rias e \u00e0 vontade para fazer o que bem entender, o menino maluquinho do Partido Liberal parece um turbo a bordo da caminhonete vermelha e [&hellip;]\" \/>\n<meta property=\"og:url\" content=\"https:\/\/www.notibras.com\/site\/forrest-gump-do-cerrado-ve-caminhada-do-gado-em-cima-de-caminhonete\/\" \/>\n<meta property=\"og:site_name\" content=\"Notibras\" \/>\n<meta property=\"article:publisher\" content=\"https:\/\/www.facebook.com\/notibras\/\" \/>\n<meta property=\"article:published_time\" content=\"2026-01-25T07:28:02+00:00\" \/>\n<meta property=\"og:image\" content=\"https:\/\/www.notibras.com\/site\/wp-content\/uploads\/2026\/01\/IMG_2823.jpeg\" \/>\n\t<meta property=\"og:image:width\" content=\"1320\" \/>\n\t<meta property=\"og:image:height\" content=\"1061\" \/>\n\t<meta property=\"og:image:type\" content=\"image\/jpeg\" \/>\n<meta name=\"author\" content=\"Reda\u00e7\u00e3o\" \/>\n<meta name=\"twitter:card\" content=\"summary_large_image\" \/>\n<meta name=\"twitter:creator\" content=\"@Notibras\" \/>\n<meta name=\"twitter:site\" content=\"@Notibras\" \/>\n<meta name=\"twitter:label1\" content=\"Escrito por\" \/>\n\t<meta name=\"twitter:data1\" content=\"Reda\u00e7\u00e3o\" \/>\n\t<meta name=\"twitter:label2\" content=\"Est. tempo de leitura\" \/>\n\t<meta name=\"twitter:data2\" content=\"4 minutos\" \/>\n<script type=\"application\/ld+json\" class=\"yoast-schema-graph\">{\"@context\":\"https:\/\/schema.org\",\"@graph\":[{\"@type\":\"Article\",\"@id\":\"https:\/\/www.notibras.com\/site\/forrest-gump-do-cerrado-ve-caminhada-do-gado-em-cima-de-caminhonete\/#article\",\"isPartOf\":{\"@id\":\"https:\/\/www.notibras.com\/site\/forrest-gump-do-cerrado-ve-caminhada-do-gado-em-cima-de-caminhonete\/\"},\"author\":{\"name\":\"Reda\u00e7\u00e3o\",\"@id\":\"https:\/\/www.notibras.com\/site\/#\/schema\/person\/36ab0979449956132d3e5b517ea76ac8\"},\"headline\":\"Forrest Gump do Cerrado v\u00ea caminhada do gado em cima de caminhonete\",\"datePublished\":\"2026-01-25T07:28:02+00:00\",\"mainEntityOfPage\":{\"@id\":\"https:\/\/www.notibras.com\/site\/forrest-gump-do-cerrado-ve-caminhada-do-gado-em-cima-de-caminhonete\/\"},\"wordCount\":665,\"publisher\":{\"@id\":\"https:\/\/www.notibras.com\/site\/#organization\"},\"image\":{\"@id\":\"https:\/\/www.notibras.com\/site\/forrest-gump-do-cerrado-ve-caminhada-do-gado-em-cima-de-caminhonete\/#primaryimage\"},\"thumbnailUrl\":\"https:\/\/www.notibras.com\/site\/wp-content\/uploads\/2026\/01\/IMG_2823.jpeg\",\"articleSection\":[\"Brasil\"],\"inLanguage\":\"pt-BR\"},{\"@type\":\"WebPage\",\"@id\":\"https:\/\/www.notibras.com\/site\/forrest-gump-do-cerrado-ve-caminhada-do-gado-em-cima-de-caminhonete\/\",\"url\":\"https:\/\/www.notibras.com\/site\/forrest-gump-do-cerrado-ve-caminhada-do-gado-em-cima-de-caminhonete\/\",\"name\":\"Forrest Gump do Cerrado v\u00ea caminhada do gado em cima de caminhonete - Notibras\",\"isPartOf\":{\"@id\":\"https:\/\/www.notibras.com\/site\/#website\"},\"primaryImageOfPage\":{\"@id\":\"https:\/\/www.notibras.com\/site\/forrest-gump-do-cerrado-ve-caminhada-do-gado-em-cima-de-caminhonete\/#primaryimage\"},\"image\":{\"@id\":\"https:\/\/www.notibras.com\/site\/forrest-gump-do-cerrado-ve-caminhada-do-gado-em-cima-de-caminhonete\/#primaryimage\"},\"thumbnailUrl\":\"https:\/\/www.notibras.com\/site\/wp-content\/uploads\/2026\/01\/IMG_2823.jpeg\",\"datePublished\":\"2026-01-25T07:28:02+00:00\",\"breadcrumb\":{\"@id\":\"https:\/\/www.notibras.com\/site\/forrest-gump-do-cerrado-ve-caminhada-do-gado-em-cima-de-caminhonete\/#breadcrumb\"},\"inLanguage\":\"pt-BR\",\"potentialAction\":[{\"@type\":\"ReadAction\",\"target\":[\"https:\/\/www.notibras.com\/site\/forrest-gump-do-cerrado-ve-caminhada-do-gado-em-cima-de-caminhonete\/\"]}]},{\"@type\":\"ImageObject\",\"inLanguage\":\"pt-BR\",\"@id\":\"https:\/\/www.notibras.com\/site\/forrest-gump-do-cerrado-ve-caminhada-do-gado-em-cima-de-caminhonete\/#primaryimage\",\"url\":\"https:\/\/www.notibras.com\/site\/wp-content\/uploads\/2026\/01\/IMG_2823.jpeg\",\"contentUrl\":\"https:\/\/www.notibras.com\/site\/wp-content\/uploads\/2026\/01\/IMG_2823.jpeg\",\"width\":1320,\"height\":1061,\"caption\":\"Screenshot\"},{\"@type\":\"BreadcrumbList\",\"@id\":\"https:\/\/www.notibras.com\/site\/forrest-gump-do-cerrado-ve-caminhada-do-gado-em-cima-de-caminhonete\/#breadcrumb\",\"itemListElement\":[{\"@type\":\"ListItem\",\"position\":1,\"name\":\"In\u00edcio\",\"item\":\"https:\/\/www.notibras.com\/site\/\"},{\"@type\":\"ListItem\",\"position\":2,\"name\":\"Forrest Gump do Cerrado v\u00ea caminhada do gado em cima de caminhonete\"}]},{\"@type\":\"WebSite\",\"@id\":\"https:\/\/www.notibras.com\/site\/#website\",\"url\":\"https:\/\/www.notibras.com\/site\/\",\"name\":\"Notibras\",\"description\":\"Not\u00edcias de Bras\u00edlia, do Brasil e do Mundo\",\"publisher\":{\"@id\":\"https:\/\/www.notibras.com\/site\/#organization\"},\"potentialAction\":[{\"@type\":\"SearchAction\",\"target\":{\"@type\":\"EntryPoint\",\"urlTemplate\":\"https:\/\/www.notibras.com\/site\/?s={search_term_string}\"},\"query-input\":{\"@type\":\"PropertyValueSpecification\",\"valueRequired\":true,\"valueName\":\"search_term_string\"}}],\"inLanguage\":\"pt-BR\"},{\"@type\":\"Organization\",\"@id\":\"https:\/\/www.notibras.com\/site\/#organization\",\"name\":\"Grupo Notibras de Comunica\u00e7\u00e3o\",\"url\":\"https:\/\/www.notibras.com\/site\/\",\"logo\":{\"@type\":\"ImageObject\",\"inLanguage\":\"pt-BR\",\"@id\":\"https:\/\/www.notibras.com\/site\/#\/schema\/logo\/image\/\",\"url\":\"https:\/\/www.notibras.com\/site\/wp-content\/uploads\/2023\/01\/notibras23.png\",\"contentUrl\":\"https:\/\/www.notibras.com\/site\/wp-content\/uploads\/2023\/01\/notibras23.png\",\"width\":350,\"height\":87,\"caption\":\"Grupo Notibras de Comunica\u00e7\u00e3o\"},\"image\":{\"@id\":\"https:\/\/www.notibras.com\/site\/#\/schema\/logo\/image\/\"},\"sameAs\":[\"https:\/\/www.facebook.com\/notibras\/\",\"https:\/\/x.com\/Notibras\",\"https:\/\/www.instagram.com\/notibras\/\"]},{\"@type\":\"Person\",\"@id\":\"https:\/\/www.notibras.com\/site\/#\/schema\/person\/36ab0979449956132d3e5b517ea76ac8\",\"name\":\"Reda\u00e7\u00e3o\",\"image\":{\"@type\":\"ImageObject\",\"inLanguage\":\"pt-BR\",\"@id\":\"https:\/\/secure.gravatar.com\/avatar\/e0a867bdedb85fd243eadf09663511f96fc81e0720a4a42581f334ad4303aa6b?s=96&d=mm&r=g\",\"url\":\"https:\/\/secure.gravatar.com\/avatar\/e0a867bdedb85fd243eadf09663511f96fc81e0720a4a42581f334ad4303aa6b?s=96&d=mm&r=g\",\"contentUrl\":\"https:\/\/secure.gravatar.com\/avatar\/e0a867bdedb85fd243eadf09663511f96fc81e0720a4a42581f334ad4303aa6b?s=96&d=mm&r=g\",\"caption\":\"Reda\u00e7\u00e3o\"}}]}<\/script>\n<!-- \/ Yoast SEO plugin. -->","yoast_head_json":{"title":"Forrest Gump do Cerrado v\u00ea caminhada do gado em cima de caminhonete - Notibras","robots":{"index":"index","follow":"follow","max-snippet":"max-snippet:-1","max-image-preview":"max-image-preview:large","max-video-preview":"max-video-preview:-1"},"canonical":"https:\/\/www.notibras.com\/site\/forrest-gump-do-cerrado-ve-caminhada-do-gado-em-cima-de-caminhonete\/","og_locale":"pt_BR","og_type":"article","og_title":"Forrest Gump do Cerrado v\u00ea caminhada do gado em cima de caminhonete - Notibras","og_description":"Faz seis dias que estou acompanhado a caminhada pela liberdade de Nikolas Ferreira (PL-MG). O que tenho visto \u00e9 o gado solto, pegando chuva e sentindo frio na BR-040. Em f\u00e9rias e \u00e0 vontade para fazer o que bem entender, o menino maluquinho do Partido Liberal parece um turbo a bordo da caminhonete vermelha e [&hellip;]","og_url":"https:\/\/www.notibras.com\/site\/forrest-gump-do-cerrado-ve-caminhada-do-gado-em-cima-de-caminhonete\/","og_site_name":"Notibras","article_publisher":"https:\/\/www.facebook.com\/notibras\/","article_published_time":"2026-01-25T07:28:02+00:00","og_image":[{"width":1320,"height":1061,"url":"https:\/\/www.notibras.com\/site\/wp-content\/uploads\/2026\/01\/IMG_2823.jpeg","type":"image\/jpeg"}],"author":"Reda\u00e7\u00e3o","twitter_card":"summary_large_image","twitter_creator":"@Notibras","twitter_site":"@Notibras","twitter_misc":{"Escrito por":"Reda\u00e7\u00e3o","Est. tempo de leitura":"4 minutos"},"schema":{"@context":"https:\/\/schema.org","@graph":[{"@type":"Article","@id":"https:\/\/www.notibras.com\/site\/forrest-gump-do-cerrado-ve-caminhada-do-gado-em-cima-de-caminhonete\/#article","isPartOf":{"@id":"https:\/\/www.notibras.com\/site\/forrest-gump-do-cerrado-ve-caminhada-do-gado-em-cima-de-caminhonete\/"},"author":{"name":"Reda\u00e7\u00e3o","@id":"https:\/\/www.notibras.com\/site\/#\/schema\/person\/36ab0979449956132d3e5b517ea76ac8"},"headline":"Forrest Gump do Cerrado v\u00ea caminhada do gado em cima de caminhonete","datePublished":"2026-01-25T07:28:02+00:00","mainEntityOfPage":{"@id":"https:\/\/www.notibras.com\/site\/forrest-gump-do-cerrado-ve-caminhada-do-gado-em-cima-de-caminhonete\/"},"wordCount":665,"publisher":{"@id":"https:\/\/www.notibras.com\/site\/#organization"},"image":{"@id":"https:\/\/www.notibras.com\/site\/forrest-gump-do-cerrado-ve-caminhada-do-gado-em-cima-de-caminhonete\/#primaryimage"},"thumbnailUrl":"https:\/\/www.notibras.com\/site\/wp-content\/uploads\/2026\/01\/IMG_2823.jpeg","articleSection":["Brasil"],"inLanguage":"pt-BR"},{"@type":"WebPage","@id":"https:\/\/www.notibras.com\/site\/forrest-gump-do-cerrado-ve-caminhada-do-gado-em-cima-de-caminhonete\/","url":"https:\/\/www.notibras.com\/site\/forrest-gump-do-cerrado-ve-caminhada-do-gado-em-cima-de-caminhonete\/","name":"Forrest Gump do Cerrado v\u00ea caminhada do gado em cima de caminhonete - Notibras","isPartOf":{"@id":"https:\/\/www.notibras.com\/site\/#website"},"primaryImageOfPage":{"@id":"https:\/\/www.notibras.com\/site\/forrest-gump-do-cerrado-ve-caminhada-do-gado-em-cima-de-caminhonete\/#primaryimage"},"image":{"@id":"https:\/\/www.notibras.com\/site\/forrest-gump-do-cerrado-ve-caminhada-do-gado-em-cima-de-caminhonete\/#primaryimage"},"thumbnailUrl":"https:\/\/www.notibras.com\/site\/wp-content\/uploads\/2026\/01\/IMG_2823.jpeg","datePublished":"2026-01-25T07:28:02+00:00","breadcrumb":{"@id":"https:\/\/www.notibras.com\/site\/forrest-gump-do-cerrado-ve-caminhada-do-gado-em-cima-de-caminhonete\/#breadcrumb"},"inLanguage":"pt-BR","potentialAction":[{"@type":"ReadAction","target":["https:\/\/www.notibras.com\/site\/forrest-gump-do-cerrado-ve-caminhada-do-gado-em-cima-de-caminhonete\/"]}]},{"@type":"ImageObject","inLanguage":"pt-BR","@id":"https:\/\/www.notibras.com\/site\/forrest-gump-do-cerrado-ve-caminhada-do-gado-em-cima-de-caminhonete\/#primaryimage","url":"https:\/\/www.notibras.com\/site\/wp-content\/uploads\/2026\/01\/IMG_2823.jpeg","contentUrl":"https:\/\/www.notibras.com\/site\/wp-content\/uploads\/2026\/01\/IMG_2823.jpeg","width":1320,"height":1061,"caption":"Screenshot"},{"@type":"BreadcrumbList","@id":"https:\/\/www.notibras.com\/site\/forrest-gump-do-cerrado-ve-caminhada-do-gado-em-cima-de-caminhonete\/#breadcrumb","itemListElement":[{"@type":"ListItem","position":1,"name":"In\u00edcio","item":"https:\/\/www.notibras.com\/site\/"},{"@type":"ListItem","position":2,"name":"Forrest Gump do Cerrado v\u00ea caminhada do gado em cima de caminhonete"}]},{"@type":"WebSite","@id":"https:\/\/www.notibras.com\/site\/#website","url":"https:\/\/www.notibras.com\/site\/","name":"Notibras","description":"Not\u00edcias de Bras\u00edlia, do Brasil e do Mundo","publisher":{"@id":"https:\/\/www.notibras.com\/site\/#organization"},"potentialAction":[{"@type":"SearchAction","target":{"@type":"EntryPoint","urlTemplate":"https:\/\/www.notibras.com\/site\/?s={search_term_string}"},"query-input":{"@type":"PropertyValueSpecification","valueRequired":true,"valueName":"search_term_string"}}],"inLanguage":"pt-BR"},{"@type":"Organization","@id":"https:\/\/www.notibras.com\/site\/#organization","name":"Grupo Notibras de Comunica\u00e7\u00e3o","url":"https:\/\/www.notibras.com\/site\/","logo":{"@type":"ImageObject","inLanguage":"pt-BR","@id":"https:\/\/www.notibras.com\/site\/#\/schema\/logo\/image\/","url":"https:\/\/www.notibras.com\/site\/wp-content\/uploads\/2023\/01\/notibras23.png","contentUrl":"https:\/\/www.notibras.com\/site\/wp-content\/uploads\/2023\/01\/notibras23.png","width":350,"height":87,"caption":"Grupo Notibras de Comunica\u00e7\u00e3o"},"image":{"@id":"https:\/\/www.notibras.com\/site\/#\/schema\/logo\/image\/"},"sameAs":["https:\/\/www.facebook.com\/notibras\/","https:\/\/x.com\/Notibras","https:\/\/www.instagram.com\/notibras\/"]},{"@type":"Person","@id":"https:\/\/www.notibras.com\/site\/#\/schema\/person\/36ab0979449956132d3e5b517ea76ac8","name":"Reda\u00e7\u00e3o","image":{"@type":"ImageObject","inLanguage":"pt-BR","@id":"https:\/\/secure.gravatar.com\/avatar\/e0a867bdedb85fd243eadf09663511f96fc81e0720a4a42581f334ad4303aa6b?s=96&d=mm&r=g","url":"https:\/\/secure.gravatar.com\/avatar\/e0a867bdedb85fd243eadf09663511f96fc81e0720a4a42581f334ad4303aa6b?s=96&d=mm&r=g","contentUrl":"https:\/\/secure.gravatar.com\/avatar\/e0a867bdedb85fd243eadf09663511f96fc81e0720a4a42581f334ad4303aa6b?s=96&d=mm&r=g","caption":"Reda\u00e7\u00e3o"}}]}},"amp_enabled":true,"_links":{"self":[{"href":"https:\/\/www.notibras.com\/site\/wp-json\/wp\/v2\/posts\/380436","targetHints":{"allow":["GET"]}}],"collection":[{"href":"https:\/\/www.notibras.com\/site\/wp-json\/wp\/v2\/posts"}],"about":[{"href":"https:\/\/www.notibras.com\/site\/wp-json\/wp\/v2\/types\/post"}],"author":[{"embeddable":true,"href":"https:\/\/www.notibras.com\/site\/wp-json\/wp\/v2\/users\/2"}],"replies":[{"embeddable":true,"href":"https:\/\/www.notibras.com\/site\/wp-json\/wp\/v2\/comments?post=380436"}],"version-history":[{"count":1,"href":"https:\/\/www.notibras.com\/site\/wp-json\/wp\/v2\/posts\/380436\/revisions"}],"predecessor-version":[{"id":380438,"href":"https:\/\/www.notibras.com\/site\/wp-json\/wp\/v2\/posts\/380436\/revisions\/380438"}],"wp:featuredmedia":[{"embeddable":true,"href":"https:\/\/www.notibras.com\/site\/wp-json\/wp\/v2\/media\/380437"}],"wp:attachment":[{"href":"https:\/\/www.notibras.com\/site\/wp-json\/wp\/v2\/media?parent=380436"}],"wp:term":[{"taxonomy":"category","embeddable":true,"href":"https:\/\/www.notibras.com\/site\/wp-json\/wp\/v2\/categories?post=380436"},{"taxonomy":"post_tag","embeddable":true,"href":"https:\/\/www.notibras.com\/site\/wp-json\/wp\/v2\/tags?post=380436"}],"curies":[{"name":"wp","href":"https:\/\/api.w.org\/{rel}","templated":true}]}}