{"id":380439,"date":"2026-01-25T04:42:45","date_gmt":"2026-01-25T07:42:45","guid":{"rendered":"https:\/\/www.notibras.com\/site\/?p=380439"},"modified":"2026-01-25T04:42:45","modified_gmt":"2026-01-25T07:42:45","slug":"crime-organizado-vencer-no-brasil-e-utopia-outubro-mostrara-a-verdade","status":"publish","type":"post","link":"https:\/\/www.notibras.com\/site\/crime-organizado-vencer-no-brasil-e-utopia-outubro-mostrara-a-verdade\/","title":{"rendered":"Crime organizado vencer no Brasil \u00e9 utopia; outubro mostrar\u00e1 a verdade"},"content":{"rendered":"<p class=\"v1gmail-MsoBodyText\">D\u00e9cadas ap\u00f3s sentar pra\u00e7a no jornalismo e depois de anos dedicados ao ramerrame, ao compromisso com as fontes e, de alguma forma, respeitando as decis\u00f5es do patr\u00e3o, descobri que ser livre, isento e respeitar a si mesmo, consequentemente ao que assina, \u00e9 o melhor caminho para minha pr\u00f3pria credibilidade. E pouco importa que meus escritos firam suscetibilidades, ideologias, pol\u00edticos descompromissados com a verdade e com o povo e, principalmente, que desagrade \u00e0queles que adoram ler o que lhes conv\u00e9m, ainda que sejam mentiras.<\/p>\n<p class=\"v1gmail-MsoBodyText\">O tempo \u00e9 de sarav\u00e1 para quem \u00e9 de sarav\u00e1, am\u00e9m para quem \u00e9 de am\u00e9m e de luz para quem \u00e9 de luz. Sobrevivi ao jornalismo profissional, rom\u00e2ntico e et\u00e9reo de laudas, sem celular, laptop e com disputas ferrenhas por um orelh\u00e3o. Vivi a melhor \u00e9poca da pol\u00edtica brasileira e a fase \u00e1urea do futebol nacional. Era feliz e sabia. Ultrapassei o sombrio per\u00edodo de nuvens negras, temporais com raios f\u00falgidos e chuvas de balas. \u00c0s vezes ainda me destronca os neur\u00f4nios a triste lembran\u00e7a dos presidentes n\u00e3o reeleitos ou de mandatos curtos, do tipo voo de galinha.<\/p>\n<p class=\"v1gmail-MsoBodyText\">Felizmente foram poucos, mas, como fantasmas pol\u00edticos, eles n\u00e3o aceitam sair de cena. Do ponto de vista f\u00edsico e emocional, agrade\u00e7o aos c\u00e9us por estar tomando mais cervejas do que rem\u00e9dios. No meu\u00a0<i>lead<\/i>\u00a0espiritual di\u00e1rio, registro que ainda estou bem distante das m\u00e3os que ajudam na hora da dor. Apesar de o Brasil estar pela hora da morte, eu permane\u00e7o dois passos \u00e0 frente da intelig\u00eancia artificial dos que bebem na caneca sem fundo do mestre dos horrores, surfam nas queimadas e sonham um dia serem levados ao para\u00edso pelo mito da quiromancia com os p\u00e9s.<\/p>\n<p class=\"v1gmail-MsoBodyText\">Escondida e \u00e0 merc\u00ea de investidores exclusivamente ideol\u00f3gicos, a imprensa tem reagido pouco \u00e0 crise instalada de Norte a Sul do Brasil. No pior de seu grau superlativo, o pa\u00eds do futuro vive a desgraceira do presente. Temos os piores eleitores do mundo, uma l\u00e1stima de Congresso, uma Sele\u00e7\u00e3o Brasileira que n\u00e3o assusta mais a Venezuela e nem a Bol\u00edvia, um governo que perde tempo com Fl\u00e1vio Bolsonaro e Nikolas Ferreira e um povo que se dividiu entre apostar na anarquia, no caos e na ilegalidade e lutar para n\u00e3o morrer de sede e de calor com a maior seca de nossa hist\u00f3ria.<\/p>\n<p class=\"v1gmail-MsoBodyText\">Sem m\u00e1scaras, desculpas, escoras, amarras ou morda\u00e7as, fujo das l\u00f3gicas da esquerda e da direita. Fa\u00e7o isso baseado no ac\u00famulo de informa\u00e7\u00f5es sobre o uso cotidiano da l\u00f3gica pelos mentirosos e enganadores. Hoje, o que quero \u00e9 somente liberdade para fazer e escrever o que quiser e dec\u00eancia para fazer o que \u00e9 certo. Consciente de que vivo e morrerei sendo criticado, desejo pelo menos autonomia e independ\u00eancia para viver sem paralelismos ou ideais irrealiz\u00e1veis. \u00c9 o meu livre arb\u00edtrio cobrando posi\u00e7\u00f5es contra as crias e, principalmente, contra os criadores.<\/p>\n<p class=\"v1gmail-MsoBodyText\">A esquizofrenia pol\u00edtico-social do Brasil n\u00e3o faz parte do que eu havia sonhado para o dia em que deixasse de ser um inocente \u00fatil. Esse dia chegou faz algum tempo. No entanto, falta descobrir como recuperar o tempo perdido para tentar entender aonde querem chegar os extremistas e suas verdades inadequadas e ultrapassadas. Da mesma forma que n\u00e3o conseguir\u00e3o anistiar os v\u00e2ndalos de 8 de janeiro de 2023, esque\u00e7am Alexandre de Moraes. Al\u00e9m de utopia, derrub\u00e1-lo n\u00e3o \u00e9 tarefa destinada a parlamentares lun\u00e1ticos, antidemocratas e desordeiros. Estarei longe disso, mas o sonho jornal\u00edstico desse tipo de gente \u00e9 acordar em um domingo tenebroso com a seguinte manchete: O crime organizado venceu. O Brasil \u00e9 nosso. Minha manchete seria diferente. Jamais ser\u00e1. Provaremos isso em outubro.<\/p>\n<p class=\"v1gmail-MsoBodyText\">&#8230;&#8230;&#8230;<\/p>\n<p class=\"v1gmail-MsoBodyText\"><strong>Armando Cardoso \u00e9 presidente do Conselho Editorial de Notibras<\/strong><\/p>\n","protected":false},"excerpt":{"rendered":"<p>D\u00e9cadas ap\u00f3s sentar pra\u00e7a no jornalismo e depois de anos dedicados ao ramerrame, ao compromisso com as fontes e, de alguma forma, respeitando as decis\u00f5es do patr\u00e3o, descobri que ser livre, isento e respeitar a si mesmo, consequentemente ao que assina, \u00e9 o melhor caminho para minha pr\u00f3pria credibilidade. E pouco importa que meus escritos [&hellip;]<\/p>\n","protected":false},"author":2,"featured_media":380440,"comment_status":"closed","ping_status":"closed","sticky":false,"template":"","format":"standard","meta":{"_acf_changed":false,"footnotes":""},"categories":[16],"tags":[],"class_list":["post-380439","post","type-post","status-publish","format-standard","has-post-thumbnail","hentry","category-brasil"],"acf":[],"yoast_head":"<!-- This site is optimized with the Yoast SEO plugin v27.2 - https:\/\/yoast.com\/product\/yoast-seo-wordpress\/ -->\n<title>Crime organizado vencer no Brasil \u00e9 utopia; outubro mostrar\u00e1 a verdade - Notibras<\/title>\n<meta name=\"robots\" content=\"index, follow, max-snippet:-1, max-image-preview:large, max-video-preview:-1\" \/>\n<link rel=\"canonical\" href=\"https:\/\/www.notibras.com\/site\/crime-organizado-vencer-no-brasil-e-utopia-outubro-mostrara-a-verdade\/\" \/>\n<meta property=\"og:locale\" content=\"pt_BR\" \/>\n<meta property=\"og:type\" content=\"article\" \/>\n<meta property=\"og:title\" content=\"Crime organizado vencer no Brasil \u00e9 utopia; outubro mostrar\u00e1 a verdade - Notibras\" \/>\n<meta property=\"og:description\" content=\"D\u00e9cadas ap\u00f3s sentar pra\u00e7a no jornalismo e depois de anos dedicados ao ramerrame, ao compromisso com as fontes e, de alguma forma, respeitando as decis\u00f5es do patr\u00e3o, descobri que ser livre, isento e respeitar a si mesmo, consequentemente ao que assina, \u00e9 o melhor caminho para minha pr\u00f3pria credibilidade. E pouco importa que meus escritos [&hellip;]\" \/>\n<meta property=\"og:url\" content=\"https:\/\/www.notibras.com\/site\/crime-organizado-vencer-no-brasil-e-utopia-outubro-mostrara-a-verdade\/\" \/>\n<meta property=\"og:site_name\" content=\"Notibras\" \/>\n<meta property=\"article:publisher\" content=\"https:\/\/www.facebook.com\/notibras\/\" \/>\n<meta property=\"article:published_time\" content=\"2026-01-25T07:42:45+00:00\" \/>\n<meta property=\"og:image\" content=\"https:\/\/www.notibras.com\/site\/wp-content\/uploads\/2026\/01\/b814b786-4177-4d29-8f3f-211a3cb4508e-683x1024.png\" \/>\n\t<meta property=\"og:image:width\" content=\"683\" \/>\n\t<meta property=\"og:image:height\" content=\"1024\" \/>\n\t<meta property=\"og:image:type\" content=\"image\/png\" \/>\n<meta name=\"author\" content=\"Reda\u00e7\u00e3o\" \/>\n<meta name=\"twitter:card\" content=\"summary_large_image\" \/>\n<meta name=\"twitter:creator\" content=\"@Notibras\" \/>\n<meta name=\"twitter:site\" content=\"@Notibras\" \/>\n<meta name=\"twitter:label1\" content=\"Escrito por\" \/>\n\t<meta name=\"twitter:data1\" content=\"Reda\u00e7\u00e3o\" \/>\n\t<meta name=\"twitter:label2\" content=\"Est. tempo de leitura\" \/>\n\t<meta name=\"twitter:data2\" content=\"4 minutos\" \/>\n<script type=\"application\/ld+json\" class=\"yoast-schema-graph\">{\"@context\":\"https:\/\/schema.org\",\"@graph\":[{\"@type\":\"Article\",\"@id\":\"https:\/\/www.notibras.com\/site\/crime-organizado-vencer-no-brasil-e-utopia-outubro-mostrara-a-verdade\/#article\",\"isPartOf\":{\"@id\":\"https:\/\/www.notibras.com\/site\/crime-organizado-vencer-no-brasil-e-utopia-outubro-mostrara-a-verdade\/\"},\"author\":{\"name\":\"Reda\u00e7\u00e3o\",\"@id\":\"https:\/\/www.notibras.com\/site\/#\/schema\/person\/36ab0979449956132d3e5b517ea76ac8\"},\"headline\":\"Crime organizado vencer no Brasil \u00e9 utopia; outubro mostrar\u00e1 a verdade\",\"datePublished\":\"2026-01-25T07:42:45+00:00\",\"mainEntityOfPage\":{\"@id\":\"https:\/\/www.notibras.com\/site\/crime-organizado-vencer-no-brasil-e-utopia-outubro-mostrara-a-verdade\/\"},\"wordCount\":662,\"publisher\":{\"@id\":\"https:\/\/www.notibras.com\/site\/#organization\"},\"image\":{\"@id\":\"https:\/\/www.notibras.com\/site\/crime-organizado-vencer-no-brasil-e-utopia-outubro-mostrara-a-verdade\/#primaryimage\"},\"thumbnailUrl\":\"https:\/\/www.notibras.com\/site\/wp-content\/uploads\/2026\/01\/b814b786-4177-4d29-8f3f-211a3cb4508e.png\",\"articleSection\":[\"Brasil\"],\"inLanguage\":\"pt-BR\"},{\"@type\":\"WebPage\",\"@id\":\"https:\/\/www.notibras.com\/site\/crime-organizado-vencer-no-brasil-e-utopia-outubro-mostrara-a-verdade\/\",\"url\":\"https:\/\/www.notibras.com\/site\/crime-organizado-vencer-no-brasil-e-utopia-outubro-mostrara-a-verdade\/\",\"name\":\"Crime organizado vencer no Brasil \u00e9 utopia; outubro mostrar\u00e1 a verdade - Notibras\",\"isPartOf\":{\"@id\":\"https:\/\/www.notibras.com\/site\/#website\"},\"primaryImageOfPage\":{\"@id\":\"https:\/\/www.notibras.com\/site\/crime-organizado-vencer-no-brasil-e-utopia-outubro-mostrara-a-verdade\/#primaryimage\"},\"image\":{\"@id\":\"https:\/\/www.notibras.com\/site\/crime-organizado-vencer-no-brasil-e-utopia-outubro-mostrara-a-verdade\/#primaryimage\"},\"thumbnailUrl\":\"https:\/\/www.notibras.com\/site\/wp-content\/uploads\/2026\/01\/b814b786-4177-4d29-8f3f-211a3cb4508e.png\",\"datePublished\":\"2026-01-25T07:42:45+00:00\",\"breadcrumb\":{\"@id\":\"https:\/\/www.notibras.com\/site\/crime-organizado-vencer-no-brasil-e-utopia-outubro-mostrara-a-verdade\/#breadcrumb\"},\"inLanguage\":\"pt-BR\",\"potentialAction\":[{\"@type\":\"ReadAction\",\"target\":[\"https:\/\/www.notibras.com\/site\/crime-organizado-vencer-no-brasil-e-utopia-outubro-mostrara-a-verdade\/\"]}]},{\"@type\":\"ImageObject\",\"inLanguage\":\"pt-BR\",\"@id\":\"https:\/\/www.notibras.com\/site\/crime-organizado-vencer-no-brasil-e-utopia-outubro-mostrara-a-verdade\/#primaryimage\",\"url\":\"https:\/\/www.notibras.com\/site\/wp-content\/uploads\/2026\/01\/b814b786-4177-4d29-8f3f-211a3cb4508e.png\",\"contentUrl\":\"https:\/\/www.notibras.com\/site\/wp-content\/uploads\/2026\/01\/b814b786-4177-4d29-8f3f-211a3cb4508e.png\",\"width\":1024,\"height\":1536},{\"@type\":\"BreadcrumbList\",\"@id\":\"https:\/\/www.notibras.com\/site\/crime-organizado-vencer-no-brasil-e-utopia-outubro-mostrara-a-verdade\/#breadcrumb\",\"itemListElement\":[{\"@type\":\"ListItem\",\"position\":1,\"name\":\"In\u00edcio\",\"item\":\"https:\/\/www.notibras.com\/site\/\"},{\"@type\":\"ListItem\",\"position\":2,\"name\":\"Crime organizado vencer no Brasil \u00e9 utopia; outubro mostrar\u00e1 a verdade\"}]},{\"@type\":\"WebSite\",\"@id\":\"https:\/\/www.notibras.com\/site\/#website\",\"url\":\"https:\/\/www.notibras.com\/site\/\",\"name\":\"Notibras\",\"description\":\"Not\u00edcias de Bras\u00edlia, do Brasil e do Mundo\",\"publisher\":{\"@id\":\"https:\/\/www.notibras.com\/site\/#organization\"},\"potentialAction\":[{\"@type\":\"SearchAction\",\"target\":{\"@type\":\"EntryPoint\",\"urlTemplate\":\"https:\/\/www.notibras.com\/site\/?s={search_term_string}\"},\"query-input\":{\"@type\":\"PropertyValueSpecification\",\"valueRequired\":true,\"valueName\":\"search_term_string\"}}],\"inLanguage\":\"pt-BR\"},{\"@type\":\"Organization\",\"@id\":\"https:\/\/www.notibras.com\/site\/#organization\",\"name\":\"Grupo Notibras de Comunica\u00e7\u00e3o\",\"url\":\"https:\/\/www.notibras.com\/site\/\",\"logo\":{\"@type\":\"ImageObject\",\"inLanguage\":\"pt-BR\",\"@id\":\"https:\/\/www.notibras.com\/site\/#\/schema\/logo\/image\/\",\"url\":\"https:\/\/www.notibras.com\/site\/wp-content\/uploads\/2023\/01\/notibras23.png\",\"contentUrl\":\"https:\/\/www.notibras.com\/site\/wp-content\/uploads\/2023\/01\/notibras23.png\",\"width\":350,\"height\":87,\"caption\":\"Grupo Notibras de Comunica\u00e7\u00e3o\"},\"image\":{\"@id\":\"https:\/\/www.notibras.com\/site\/#\/schema\/logo\/image\/\"},\"sameAs\":[\"https:\/\/www.facebook.com\/notibras\/\",\"https:\/\/x.com\/Notibras\",\"https:\/\/www.instagram.com\/notibras\/\"]},{\"@type\":\"Person\",\"@id\":\"https:\/\/www.notibras.com\/site\/#\/schema\/person\/36ab0979449956132d3e5b517ea76ac8\",\"name\":\"Reda\u00e7\u00e3o\",\"image\":{\"@type\":\"ImageObject\",\"inLanguage\":\"pt-BR\",\"@id\":\"https:\/\/secure.gravatar.com\/avatar\/e0a867bdedb85fd243eadf09663511f96fc81e0720a4a42581f334ad4303aa6b?s=96&d=mm&r=g\",\"url\":\"https:\/\/secure.gravatar.com\/avatar\/e0a867bdedb85fd243eadf09663511f96fc81e0720a4a42581f334ad4303aa6b?s=96&d=mm&r=g\",\"contentUrl\":\"https:\/\/secure.gravatar.com\/avatar\/e0a867bdedb85fd243eadf09663511f96fc81e0720a4a42581f334ad4303aa6b?s=96&d=mm&r=g\",\"caption\":\"Reda\u00e7\u00e3o\"}}]}<\/script>\n<!-- \/ Yoast SEO plugin. -->","yoast_head_json":{"title":"Crime organizado vencer no Brasil \u00e9 utopia; outubro mostrar\u00e1 a verdade - Notibras","robots":{"index":"index","follow":"follow","max-snippet":"max-snippet:-1","max-image-preview":"max-image-preview:large","max-video-preview":"max-video-preview:-1"},"canonical":"https:\/\/www.notibras.com\/site\/crime-organizado-vencer-no-brasil-e-utopia-outubro-mostrara-a-verdade\/","og_locale":"pt_BR","og_type":"article","og_title":"Crime organizado vencer no Brasil \u00e9 utopia; outubro mostrar\u00e1 a verdade - Notibras","og_description":"D\u00e9cadas ap\u00f3s sentar pra\u00e7a no jornalismo e depois de anos dedicados ao ramerrame, ao compromisso com as fontes e, de alguma forma, respeitando as decis\u00f5es do patr\u00e3o, descobri que ser livre, isento e respeitar a si mesmo, consequentemente ao que assina, \u00e9 o melhor caminho para minha pr\u00f3pria credibilidade. E pouco importa que meus escritos [&hellip;]","og_url":"https:\/\/www.notibras.com\/site\/crime-organizado-vencer-no-brasil-e-utopia-outubro-mostrara-a-verdade\/","og_site_name":"Notibras","article_publisher":"https:\/\/www.facebook.com\/notibras\/","article_published_time":"2026-01-25T07:42:45+00:00","og_image":[{"width":683,"height":1024,"url":"https:\/\/www.notibras.com\/site\/wp-content\/uploads\/2026\/01\/b814b786-4177-4d29-8f3f-211a3cb4508e-683x1024.png","type":"image\/png"}],"author":"Reda\u00e7\u00e3o","twitter_card":"summary_large_image","twitter_creator":"@Notibras","twitter_site":"@Notibras","twitter_misc":{"Escrito por":"Reda\u00e7\u00e3o","Est. tempo de leitura":"4 minutos"},"schema":{"@context":"https:\/\/schema.org","@graph":[{"@type":"Article","@id":"https:\/\/www.notibras.com\/site\/crime-organizado-vencer-no-brasil-e-utopia-outubro-mostrara-a-verdade\/#article","isPartOf":{"@id":"https:\/\/www.notibras.com\/site\/crime-organizado-vencer-no-brasil-e-utopia-outubro-mostrara-a-verdade\/"},"author":{"name":"Reda\u00e7\u00e3o","@id":"https:\/\/www.notibras.com\/site\/#\/schema\/person\/36ab0979449956132d3e5b517ea76ac8"},"headline":"Crime organizado vencer no Brasil \u00e9 utopia; outubro mostrar\u00e1 a verdade","datePublished":"2026-01-25T07:42:45+00:00","mainEntityOfPage":{"@id":"https:\/\/www.notibras.com\/site\/crime-organizado-vencer-no-brasil-e-utopia-outubro-mostrara-a-verdade\/"},"wordCount":662,"publisher":{"@id":"https:\/\/www.notibras.com\/site\/#organization"},"image":{"@id":"https:\/\/www.notibras.com\/site\/crime-organizado-vencer-no-brasil-e-utopia-outubro-mostrara-a-verdade\/#primaryimage"},"thumbnailUrl":"https:\/\/www.notibras.com\/site\/wp-content\/uploads\/2026\/01\/b814b786-4177-4d29-8f3f-211a3cb4508e.png","articleSection":["Brasil"],"inLanguage":"pt-BR"},{"@type":"WebPage","@id":"https:\/\/www.notibras.com\/site\/crime-organizado-vencer-no-brasil-e-utopia-outubro-mostrara-a-verdade\/","url":"https:\/\/www.notibras.com\/site\/crime-organizado-vencer-no-brasil-e-utopia-outubro-mostrara-a-verdade\/","name":"Crime organizado vencer no Brasil \u00e9 utopia; outubro mostrar\u00e1 a verdade - Notibras","isPartOf":{"@id":"https:\/\/www.notibras.com\/site\/#website"},"primaryImageOfPage":{"@id":"https:\/\/www.notibras.com\/site\/crime-organizado-vencer-no-brasil-e-utopia-outubro-mostrara-a-verdade\/#primaryimage"},"image":{"@id":"https:\/\/www.notibras.com\/site\/crime-organizado-vencer-no-brasil-e-utopia-outubro-mostrara-a-verdade\/#primaryimage"},"thumbnailUrl":"https:\/\/www.notibras.com\/site\/wp-content\/uploads\/2026\/01\/b814b786-4177-4d29-8f3f-211a3cb4508e.png","datePublished":"2026-01-25T07:42:45+00:00","breadcrumb":{"@id":"https:\/\/www.notibras.com\/site\/crime-organizado-vencer-no-brasil-e-utopia-outubro-mostrara-a-verdade\/#breadcrumb"},"inLanguage":"pt-BR","potentialAction":[{"@type":"ReadAction","target":["https:\/\/www.notibras.com\/site\/crime-organizado-vencer-no-brasil-e-utopia-outubro-mostrara-a-verdade\/"]}]},{"@type":"ImageObject","inLanguage":"pt-BR","@id":"https:\/\/www.notibras.com\/site\/crime-organizado-vencer-no-brasil-e-utopia-outubro-mostrara-a-verdade\/#primaryimage","url":"https:\/\/www.notibras.com\/site\/wp-content\/uploads\/2026\/01\/b814b786-4177-4d29-8f3f-211a3cb4508e.png","contentUrl":"https:\/\/www.notibras.com\/site\/wp-content\/uploads\/2026\/01\/b814b786-4177-4d29-8f3f-211a3cb4508e.png","width":1024,"height":1536},{"@type":"BreadcrumbList","@id":"https:\/\/www.notibras.com\/site\/crime-organizado-vencer-no-brasil-e-utopia-outubro-mostrara-a-verdade\/#breadcrumb","itemListElement":[{"@type":"ListItem","position":1,"name":"In\u00edcio","item":"https:\/\/www.notibras.com\/site\/"},{"@type":"ListItem","position":2,"name":"Crime organizado vencer no Brasil \u00e9 utopia; outubro mostrar\u00e1 a verdade"}]},{"@type":"WebSite","@id":"https:\/\/www.notibras.com\/site\/#website","url":"https:\/\/www.notibras.com\/site\/","name":"Notibras","description":"Not\u00edcias de Bras\u00edlia, do Brasil e do Mundo","publisher":{"@id":"https:\/\/www.notibras.com\/site\/#organization"},"potentialAction":[{"@type":"SearchAction","target":{"@type":"EntryPoint","urlTemplate":"https:\/\/www.notibras.com\/site\/?s={search_term_string}"},"query-input":{"@type":"PropertyValueSpecification","valueRequired":true,"valueName":"search_term_string"}}],"inLanguage":"pt-BR"},{"@type":"Organization","@id":"https:\/\/www.notibras.com\/site\/#organization","name":"Grupo Notibras de Comunica\u00e7\u00e3o","url":"https:\/\/www.notibras.com\/site\/","logo":{"@type":"ImageObject","inLanguage":"pt-BR","@id":"https:\/\/www.notibras.com\/site\/#\/schema\/logo\/image\/","url":"https:\/\/www.notibras.com\/site\/wp-content\/uploads\/2023\/01\/notibras23.png","contentUrl":"https:\/\/www.notibras.com\/site\/wp-content\/uploads\/2023\/01\/notibras23.png","width":350,"height":87,"caption":"Grupo Notibras de Comunica\u00e7\u00e3o"},"image":{"@id":"https:\/\/www.notibras.com\/site\/#\/schema\/logo\/image\/"},"sameAs":["https:\/\/www.facebook.com\/notibras\/","https:\/\/x.com\/Notibras","https:\/\/www.instagram.com\/notibras\/"]},{"@type":"Person","@id":"https:\/\/www.notibras.com\/site\/#\/schema\/person\/36ab0979449956132d3e5b517ea76ac8","name":"Reda\u00e7\u00e3o","image":{"@type":"ImageObject","inLanguage":"pt-BR","@id":"https:\/\/secure.gravatar.com\/avatar\/e0a867bdedb85fd243eadf09663511f96fc81e0720a4a42581f334ad4303aa6b?s=96&d=mm&r=g","url":"https:\/\/secure.gravatar.com\/avatar\/e0a867bdedb85fd243eadf09663511f96fc81e0720a4a42581f334ad4303aa6b?s=96&d=mm&r=g","contentUrl":"https:\/\/secure.gravatar.com\/avatar\/e0a867bdedb85fd243eadf09663511f96fc81e0720a4a42581f334ad4303aa6b?s=96&d=mm&r=g","caption":"Reda\u00e7\u00e3o"}}]}},"amp_enabled":true,"_links":{"self":[{"href":"https:\/\/www.notibras.com\/site\/wp-json\/wp\/v2\/posts\/380439","targetHints":{"allow":["GET"]}}],"collection":[{"href":"https:\/\/www.notibras.com\/site\/wp-json\/wp\/v2\/posts"}],"about":[{"href":"https:\/\/www.notibras.com\/site\/wp-json\/wp\/v2\/types\/post"}],"author":[{"embeddable":true,"href":"https:\/\/www.notibras.com\/site\/wp-json\/wp\/v2\/users\/2"}],"replies":[{"embeddable":true,"href":"https:\/\/www.notibras.com\/site\/wp-json\/wp\/v2\/comments?post=380439"}],"version-history":[{"count":1,"href":"https:\/\/www.notibras.com\/site\/wp-json\/wp\/v2\/posts\/380439\/revisions"}],"predecessor-version":[{"id":380441,"href":"https:\/\/www.notibras.com\/site\/wp-json\/wp\/v2\/posts\/380439\/revisions\/380441"}],"wp:featuredmedia":[{"embeddable":true,"href":"https:\/\/www.notibras.com\/site\/wp-json\/wp\/v2\/media\/380440"}],"wp:attachment":[{"href":"https:\/\/www.notibras.com\/site\/wp-json\/wp\/v2\/media?parent=380439"}],"wp:term":[{"taxonomy":"category","embeddable":true,"href":"https:\/\/www.notibras.com\/site\/wp-json\/wp\/v2\/categories?post=380439"},{"taxonomy":"post_tag","embeddable":true,"href":"https:\/\/www.notibras.com\/site\/wp-json\/wp\/v2\/tags?post=380439"}],"curies":[{"name":"wp","href":"https:\/\/api.w.org\/{rel}","templated":true}]}}