{"id":380442,"date":"2026-01-25T04:52:07","date_gmt":"2026-01-25T07:52:07","guid":{"rendered":"https:\/\/www.notibras.com\/site\/?p=380442"},"modified":"2026-01-25T04:53:14","modified_gmt":"2026-01-25T07:53:14","slug":"donald-trump-o-menino-maluquinho-da-geopolitica","status":"publish","type":"post","link":"https:\/\/www.notibras.com\/site\/donald-trump-o-menino-maluquinho-da-geopolitica\/","title":{"rendered":"Donald Trump, o menino maluquinho da geopol\u00edtica"},"content":{"rendered":"<p>Donald Trump resolveu brincar de paz como quem monta uma inven\u00e7\u00e3o no meio da sala e avisa, antes mesmo de ligar na tomada, que vai dar certo. O Conselho da Paz nasce assim: ideia simples, an\u00fancio barulhento e a convic\u00e7\u00e3o absoluta de que, se ele estiver no centro, tudo funciona. Trump fala primeiro, concorda em seguida, refor\u00e7a o ponto e encerra a conversa. Quatro vozes, uma s\u00f3 cabe\u00e7a.<\/p>\n<p>A lista de convidados ajuda a definir o clima. Parte da Europa preferiu ficar de fora, com a eleg\u00e2ncia de quem entende o risco do convite. O Canad\u00e1, o vizinho de porta, passou por situa\u00e7\u00e3o mais constrangedora: n\u00e3o foi esquecido. Foi desconvidado. A paz come\u00e7a seletiva, quase caprichosa.<\/p>\n<p>As premissas tamb\u00e9m n\u00e3o escondem o improviso. Fala-se em pacifica\u00e7\u00e3o global enquanto se testa a elasticidade dos mapas, como se soberania fosse rascunho. A Groenl\u00e2ndia entra na conversa como quem entra numa vitrine. Trump sempre teve esse olhar imobili\u00e1rio para o mundo: onde h\u00e1 conflito, ele v\u00ea terreno subaproveitado.<\/p>\n<p>Gaza aparece como projeto. O genro, Jared Kushner, surge com planos de reconstru\u00e7\u00e3o dignos de quem passou a vida olhando ru\u00ednas e enxergando oportunidades. Em Manhattan, bairros. No Oriente M\u00e9dio, maquetes. A l\u00f3gica \u00e9 a mesma. S\u00f3 muda a escala do problema.<\/p>\n<p>E ent\u00e3o entra Vladimir Putin, sempre atento, sempre calculando. Topa integrar o Conselho da Paz, desde que a cota bilion\u00e1ria saia dos recursos russos congelados por san\u00e7\u00f5es. Uma jogada t\u00edpica de um Vorcaro internacional: n\u00e3o nega o neg\u00f3cio, s\u00f3 ajusta o fluxo de caixa. \u201cLibera o dinheiro e eu pago.\u201d N\u00e3o \u00e9 provoca\u00e7\u00e3o. \u00c9 teste de limite.<\/p>\n<p>Aqui est\u00e1 o ponto central. Trump e Putin n\u00e3o s\u00e3o ing\u00eanuos. Eles acreditam que podem enganar, ou pelo menos que podem ir avan\u00e7ando at\u00e9 onde os outros deixam. Um fala alto para ver quem se constrange. O outro fala pouco para ver quem cede. Ambos jogam para medir rea\u00e7\u00e3o. Se ningu\u00e9m reage, avan\u00e7am mais um passo.<\/p>\n<p>O Conselho da Paz vira, assim, um grande experimento. Menos sobre resolver conflitos e mais sobre observar at\u00e9 onde vai a paci\u00eancia alheia. Quem aceita. Quem recua. Quem finge n\u00e3o ver.<\/p>\n<p>Nada disso os desmoraliza. Pelo contr\u00e1rio. Humaniza. Mostra l\u00edderes testando bordas, esticando conceitos, explorando ambiguidades. Trump testa pelo excesso. Putin, pela sutileza cont\u00e1bil. Ambos sondam o mesmo terreno: o limite dos outros.<\/p>\n<p>No fim, o Conselho diz menos sobre paz e mais sobre poder. Trump segue como o Menino Maluquinho da geopol\u00edtica, n\u00e3o pelo encanto, mas pela certeza quase infantil de que d\u00e1 para empurrar o mundo um pouco mais e ver se algu\u00e9m reclama.<\/p>\n<p>Putin observa, calcula e pergunta onde assina. Desde que o teste passe.<\/p>\n","protected":false},"excerpt":{"rendered":"<p>Donald Trump resolveu brincar de paz como quem monta uma inven\u00e7\u00e3o no meio da sala e avisa, antes mesmo de ligar na tomada, que vai dar certo. O Conselho da Paz nasce assim: ideia simples, an\u00fancio barulhento e a convic\u00e7\u00e3o absoluta de que, se ele estiver no centro, tudo funciona. Trump fala primeiro, concorda em [&hellip;]<\/p>\n","protected":false},"author":2,"featured_media":380443,"comment_status":"closed","ping_status":"closed","sticky":false,"template":"","format":"standard","meta":{"_acf_changed":false,"footnotes":""},"categories":[236],"tags":[],"class_list":["post-380442","post","type-post","status-publish","format-standard","has-post-thumbnail","hentry","category-ponto-de-vista"],"acf":[],"yoast_head":"<!-- This site is optimized with the Yoast SEO plugin v27.2 - https:\/\/yoast.com\/product\/yoast-seo-wordpress\/ -->\n<title>Donald Trump, o menino maluquinho da geopol\u00edtica - Notibras<\/title>\n<meta name=\"robots\" content=\"index, follow, max-snippet:-1, max-image-preview:large, max-video-preview:-1\" \/>\n<link rel=\"canonical\" href=\"https:\/\/www.notibras.com\/site\/donald-trump-o-menino-maluquinho-da-geopolitica\/\" \/>\n<meta property=\"og:locale\" content=\"pt_BR\" \/>\n<meta property=\"og:type\" content=\"article\" \/>\n<meta property=\"og:title\" content=\"Donald Trump, o menino maluquinho da geopol\u00edtica - Notibras\" \/>\n<meta property=\"og:description\" content=\"Donald Trump resolveu brincar de paz como quem monta uma inven\u00e7\u00e3o no meio da sala e avisa, antes mesmo de ligar na tomada, que vai dar certo. O Conselho da Paz nasce assim: ideia simples, an\u00fancio barulhento e a convic\u00e7\u00e3o absoluta de que, se ele estiver no centro, tudo funciona. Trump fala primeiro, concorda em [&hellip;]\" \/>\n<meta property=\"og:url\" content=\"https:\/\/www.notibras.com\/site\/donald-trump-o-menino-maluquinho-da-geopolitica\/\" \/>\n<meta property=\"og:site_name\" content=\"Notibras\" \/>\n<meta property=\"article:publisher\" content=\"https:\/\/www.facebook.com\/notibras\/\" \/>\n<meta property=\"article:published_time\" content=\"2026-01-25T07:52:07+00:00\" \/>\n<meta property=\"article:modified_time\" content=\"2026-01-25T07:53:14+00:00\" \/>\n<meta property=\"og:image\" content=\"https:\/\/www.notibras.com\/site\/wp-content\/uploads\/2026\/01\/dd601c42-fb7b-4fd0-9944-f7a30a2f133f.jpg\" \/>\n\t<meta property=\"og:image:width\" content=\"1536\" \/>\n\t<meta property=\"og:image:height\" content=\"1024\" \/>\n\t<meta property=\"og:image:type\" content=\"image\/jpeg\" \/>\n<meta name=\"author\" content=\"Reda\u00e7\u00e3o\" \/>\n<meta name=\"twitter:card\" content=\"summary_large_image\" \/>\n<meta name=\"twitter:creator\" content=\"@Notibras\" \/>\n<meta name=\"twitter:site\" content=\"@Notibras\" \/>\n<meta name=\"twitter:label1\" content=\"Escrito por\" \/>\n\t<meta name=\"twitter:data1\" content=\"Reda\u00e7\u00e3o\" \/>\n\t<meta name=\"twitter:label2\" content=\"Est. tempo de leitura\" \/>\n\t<meta name=\"twitter:data2\" content=\"3 minutos\" \/>\n<script type=\"application\/ld+json\" class=\"yoast-schema-graph\">{\"@context\":\"https:\/\/schema.org\",\"@graph\":[{\"@type\":\"Article\",\"@id\":\"https:\/\/www.notibras.com\/site\/donald-trump-o-menino-maluquinho-da-geopolitica\/#article\",\"isPartOf\":{\"@id\":\"https:\/\/www.notibras.com\/site\/donald-trump-o-menino-maluquinho-da-geopolitica\/\"},\"author\":{\"name\":\"Reda\u00e7\u00e3o\",\"@id\":\"https:\/\/www.notibras.com\/site\/#\/schema\/person\/36ab0979449956132d3e5b517ea76ac8\"},\"headline\":\"Donald Trump, o menino maluquinho da geopol\u00edtica\",\"datePublished\":\"2026-01-25T07:52:07+00:00\",\"dateModified\":\"2026-01-25T07:53:14+00:00\",\"mainEntityOfPage\":{\"@id\":\"https:\/\/www.notibras.com\/site\/donald-trump-o-menino-maluquinho-da-geopolitica\/\"},\"wordCount\":484,\"publisher\":{\"@id\":\"https:\/\/www.notibras.com\/site\/#organization\"},\"image\":{\"@id\":\"https:\/\/www.notibras.com\/site\/donald-trump-o-menino-maluquinho-da-geopolitica\/#primaryimage\"},\"thumbnailUrl\":\"https:\/\/www.notibras.com\/site\/wp-content\/uploads\/2026\/01\/dd601c42-fb7b-4fd0-9944-f7a30a2f133f.jpg\",\"articleSection\":[\"Ponto de Vista\"],\"inLanguage\":\"pt-BR\"},{\"@type\":\"WebPage\",\"@id\":\"https:\/\/www.notibras.com\/site\/donald-trump-o-menino-maluquinho-da-geopolitica\/\",\"url\":\"https:\/\/www.notibras.com\/site\/donald-trump-o-menino-maluquinho-da-geopolitica\/\",\"name\":\"Donald Trump, o menino maluquinho da geopol\u00edtica - Notibras\",\"isPartOf\":{\"@id\":\"https:\/\/www.notibras.com\/site\/#website\"},\"primaryImageOfPage\":{\"@id\":\"https:\/\/www.notibras.com\/site\/donald-trump-o-menino-maluquinho-da-geopolitica\/#primaryimage\"},\"image\":{\"@id\":\"https:\/\/www.notibras.com\/site\/donald-trump-o-menino-maluquinho-da-geopolitica\/#primaryimage\"},\"thumbnailUrl\":\"https:\/\/www.notibras.com\/site\/wp-content\/uploads\/2026\/01\/dd601c42-fb7b-4fd0-9944-f7a30a2f133f.jpg\",\"datePublished\":\"2026-01-25T07:52:07+00:00\",\"dateModified\":\"2026-01-25T07:53:14+00:00\",\"breadcrumb\":{\"@id\":\"https:\/\/www.notibras.com\/site\/donald-trump-o-menino-maluquinho-da-geopolitica\/#breadcrumb\"},\"inLanguage\":\"pt-BR\",\"potentialAction\":[{\"@type\":\"ReadAction\",\"target\":[\"https:\/\/www.notibras.com\/site\/donald-trump-o-menino-maluquinho-da-geopolitica\/\"]}]},{\"@type\":\"ImageObject\",\"inLanguage\":\"pt-BR\",\"@id\":\"https:\/\/www.notibras.com\/site\/donald-trump-o-menino-maluquinho-da-geopolitica\/#primaryimage\",\"url\":\"https:\/\/www.notibras.com\/site\/wp-content\/uploads\/2026\/01\/dd601c42-fb7b-4fd0-9944-f7a30a2f133f.jpg\",\"contentUrl\":\"https:\/\/www.notibras.com\/site\/wp-content\/uploads\/2026\/01\/dd601c42-fb7b-4fd0-9944-f7a30a2f133f.jpg\",\"width\":1536,\"height\":1024},{\"@type\":\"BreadcrumbList\",\"@id\":\"https:\/\/www.notibras.com\/site\/donald-trump-o-menino-maluquinho-da-geopolitica\/#breadcrumb\",\"itemListElement\":[{\"@type\":\"ListItem\",\"position\":1,\"name\":\"In\u00edcio\",\"item\":\"https:\/\/www.notibras.com\/site\/\"},{\"@type\":\"ListItem\",\"position\":2,\"name\":\"Donald Trump, o menino maluquinho da geopol\u00edtica\"}]},{\"@type\":\"WebSite\",\"@id\":\"https:\/\/www.notibras.com\/site\/#website\",\"url\":\"https:\/\/www.notibras.com\/site\/\",\"name\":\"Notibras\",\"description\":\"Not\u00edcias de Bras\u00edlia, do Brasil e do Mundo\",\"publisher\":{\"@id\":\"https:\/\/www.notibras.com\/site\/#organization\"},\"potentialAction\":[{\"@type\":\"SearchAction\",\"target\":{\"@type\":\"EntryPoint\",\"urlTemplate\":\"https:\/\/www.notibras.com\/site\/?s={search_term_string}\"},\"query-input\":{\"@type\":\"PropertyValueSpecification\",\"valueRequired\":true,\"valueName\":\"search_term_string\"}}],\"inLanguage\":\"pt-BR\"},{\"@type\":\"Organization\",\"@id\":\"https:\/\/www.notibras.com\/site\/#organization\",\"name\":\"Grupo Notibras de Comunica\u00e7\u00e3o\",\"url\":\"https:\/\/www.notibras.com\/site\/\",\"logo\":{\"@type\":\"ImageObject\",\"inLanguage\":\"pt-BR\",\"@id\":\"https:\/\/www.notibras.com\/site\/#\/schema\/logo\/image\/\",\"url\":\"https:\/\/www.notibras.com\/site\/wp-content\/uploads\/2023\/01\/notibras23.png\",\"contentUrl\":\"https:\/\/www.notibras.com\/site\/wp-content\/uploads\/2023\/01\/notibras23.png\",\"width\":350,\"height\":87,\"caption\":\"Grupo Notibras de Comunica\u00e7\u00e3o\"},\"image\":{\"@id\":\"https:\/\/www.notibras.com\/site\/#\/schema\/logo\/image\/\"},\"sameAs\":[\"https:\/\/www.facebook.com\/notibras\/\",\"https:\/\/x.com\/Notibras\",\"https:\/\/www.instagram.com\/notibras\/\"]},{\"@type\":\"Person\",\"@id\":\"https:\/\/www.notibras.com\/site\/#\/schema\/person\/36ab0979449956132d3e5b517ea76ac8\",\"name\":\"Reda\u00e7\u00e3o\",\"image\":{\"@type\":\"ImageObject\",\"inLanguage\":\"pt-BR\",\"@id\":\"https:\/\/secure.gravatar.com\/avatar\/e0a867bdedb85fd243eadf09663511f96fc81e0720a4a42581f334ad4303aa6b?s=96&d=mm&r=g\",\"url\":\"https:\/\/secure.gravatar.com\/avatar\/e0a867bdedb85fd243eadf09663511f96fc81e0720a4a42581f334ad4303aa6b?s=96&d=mm&r=g\",\"contentUrl\":\"https:\/\/secure.gravatar.com\/avatar\/e0a867bdedb85fd243eadf09663511f96fc81e0720a4a42581f334ad4303aa6b?s=96&d=mm&r=g\",\"caption\":\"Reda\u00e7\u00e3o\"}}]}<\/script>\n<!-- \/ Yoast SEO plugin. -->","yoast_head_json":{"title":"Donald Trump, o menino maluquinho da geopol\u00edtica - Notibras","robots":{"index":"index","follow":"follow","max-snippet":"max-snippet:-1","max-image-preview":"max-image-preview:large","max-video-preview":"max-video-preview:-1"},"canonical":"https:\/\/www.notibras.com\/site\/donald-trump-o-menino-maluquinho-da-geopolitica\/","og_locale":"pt_BR","og_type":"article","og_title":"Donald Trump, o menino maluquinho da geopol\u00edtica - Notibras","og_description":"Donald Trump resolveu brincar de paz como quem monta uma inven\u00e7\u00e3o no meio da sala e avisa, antes mesmo de ligar na tomada, que vai dar certo. O Conselho da Paz nasce assim: ideia simples, an\u00fancio barulhento e a convic\u00e7\u00e3o absoluta de que, se ele estiver no centro, tudo funciona. Trump fala primeiro, concorda em [&hellip;]","og_url":"https:\/\/www.notibras.com\/site\/donald-trump-o-menino-maluquinho-da-geopolitica\/","og_site_name":"Notibras","article_publisher":"https:\/\/www.facebook.com\/notibras\/","article_published_time":"2026-01-25T07:52:07+00:00","article_modified_time":"2026-01-25T07:53:14+00:00","og_image":[{"width":1536,"height":1024,"url":"https:\/\/www.notibras.com\/site\/wp-content\/uploads\/2026\/01\/dd601c42-fb7b-4fd0-9944-f7a30a2f133f.jpg","type":"image\/jpeg"}],"author":"Reda\u00e7\u00e3o","twitter_card":"summary_large_image","twitter_creator":"@Notibras","twitter_site":"@Notibras","twitter_misc":{"Escrito por":"Reda\u00e7\u00e3o","Est. tempo de leitura":"3 minutos"},"schema":{"@context":"https:\/\/schema.org","@graph":[{"@type":"Article","@id":"https:\/\/www.notibras.com\/site\/donald-trump-o-menino-maluquinho-da-geopolitica\/#article","isPartOf":{"@id":"https:\/\/www.notibras.com\/site\/donald-trump-o-menino-maluquinho-da-geopolitica\/"},"author":{"name":"Reda\u00e7\u00e3o","@id":"https:\/\/www.notibras.com\/site\/#\/schema\/person\/36ab0979449956132d3e5b517ea76ac8"},"headline":"Donald Trump, o menino maluquinho da geopol\u00edtica","datePublished":"2026-01-25T07:52:07+00:00","dateModified":"2026-01-25T07:53:14+00:00","mainEntityOfPage":{"@id":"https:\/\/www.notibras.com\/site\/donald-trump-o-menino-maluquinho-da-geopolitica\/"},"wordCount":484,"publisher":{"@id":"https:\/\/www.notibras.com\/site\/#organization"},"image":{"@id":"https:\/\/www.notibras.com\/site\/donald-trump-o-menino-maluquinho-da-geopolitica\/#primaryimage"},"thumbnailUrl":"https:\/\/www.notibras.com\/site\/wp-content\/uploads\/2026\/01\/dd601c42-fb7b-4fd0-9944-f7a30a2f133f.jpg","articleSection":["Ponto de Vista"],"inLanguage":"pt-BR"},{"@type":"WebPage","@id":"https:\/\/www.notibras.com\/site\/donald-trump-o-menino-maluquinho-da-geopolitica\/","url":"https:\/\/www.notibras.com\/site\/donald-trump-o-menino-maluquinho-da-geopolitica\/","name":"Donald Trump, o menino maluquinho da geopol\u00edtica - Notibras","isPartOf":{"@id":"https:\/\/www.notibras.com\/site\/#website"},"primaryImageOfPage":{"@id":"https:\/\/www.notibras.com\/site\/donald-trump-o-menino-maluquinho-da-geopolitica\/#primaryimage"},"image":{"@id":"https:\/\/www.notibras.com\/site\/donald-trump-o-menino-maluquinho-da-geopolitica\/#primaryimage"},"thumbnailUrl":"https:\/\/www.notibras.com\/site\/wp-content\/uploads\/2026\/01\/dd601c42-fb7b-4fd0-9944-f7a30a2f133f.jpg","datePublished":"2026-01-25T07:52:07+00:00","dateModified":"2026-01-25T07:53:14+00:00","breadcrumb":{"@id":"https:\/\/www.notibras.com\/site\/donald-trump-o-menino-maluquinho-da-geopolitica\/#breadcrumb"},"inLanguage":"pt-BR","potentialAction":[{"@type":"ReadAction","target":["https:\/\/www.notibras.com\/site\/donald-trump-o-menino-maluquinho-da-geopolitica\/"]}]},{"@type":"ImageObject","inLanguage":"pt-BR","@id":"https:\/\/www.notibras.com\/site\/donald-trump-o-menino-maluquinho-da-geopolitica\/#primaryimage","url":"https:\/\/www.notibras.com\/site\/wp-content\/uploads\/2026\/01\/dd601c42-fb7b-4fd0-9944-f7a30a2f133f.jpg","contentUrl":"https:\/\/www.notibras.com\/site\/wp-content\/uploads\/2026\/01\/dd601c42-fb7b-4fd0-9944-f7a30a2f133f.jpg","width":1536,"height":1024},{"@type":"BreadcrumbList","@id":"https:\/\/www.notibras.com\/site\/donald-trump-o-menino-maluquinho-da-geopolitica\/#breadcrumb","itemListElement":[{"@type":"ListItem","position":1,"name":"In\u00edcio","item":"https:\/\/www.notibras.com\/site\/"},{"@type":"ListItem","position":2,"name":"Donald Trump, o menino maluquinho da geopol\u00edtica"}]},{"@type":"WebSite","@id":"https:\/\/www.notibras.com\/site\/#website","url":"https:\/\/www.notibras.com\/site\/","name":"Notibras","description":"Not\u00edcias de Bras\u00edlia, do Brasil e do Mundo","publisher":{"@id":"https:\/\/www.notibras.com\/site\/#organization"},"potentialAction":[{"@type":"SearchAction","target":{"@type":"EntryPoint","urlTemplate":"https:\/\/www.notibras.com\/site\/?s={search_term_string}"},"query-input":{"@type":"PropertyValueSpecification","valueRequired":true,"valueName":"search_term_string"}}],"inLanguage":"pt-BR"},{"@type":"Organization","@id":"https:\/\/www.notibras.com\/site\/#organization","name":"Grupo Notibras de Comunica\u00e7\u00e3o","url":"https:\/\/www.notibras.com\/site\/","logo":{"@type":"ImageObject","inLanguage":"pt-BR","@id":"https:\/\/www.notibras.com\/site\/#\/schema\/logo\/image\/","url":"https:\/\/www.notibras.com\/site\/wp-content\/uploads\/2023\/01\/notibras23.png","contentUrl":"https:\/\/www.notibras.com\/site\/wp-content\/uploads\/2023\/01\/notibras23.png","width":350,"height":87,"caption":"Grupo Notibras de Comunica\u00e7\u00e3o"},"image":{"@id":"https:\/\/www.notibras.com\/site\/#\/schema\/logo\/image\/"},"sameAs":["https:\/\/www.facebook.com\/notibras\/","https:\/\/x.com\/Notibras","https:\/\/www.instagram.com\/notibras\/"]},{"@type":"Person","@id":"https:\/\/www.notibras.com\/site\/#\/schema\/person\/36ab0979449956132d3e5b517ea76ac8","name":"Reda\u00e7\u00e3o","image":{"@type":"ImageObject","inLanguage":"pt-BR","@id":"https:\/\/secure.gravatar.com\/avatar\/e0a867bdedb85fd243eadf09663511f96fc81e0720a4a42581f334ad4303aa6b?s=96&d=mm&r=g","url":"https:\/\/secure.gravatar.com\/avatar\/e0a867bdedb85fd243eadf09663511f96fc81e0720a4a42581f334ad4303aa6b?s=96&d=mm&r=g","contentUrl":"https:\/\/secure.gravatar.com\/avatar\/e0a867bdedb85fd243eadf09663511f96fc81e0720a4a42581f334ad4303aa6b?s=96&d=mm&r=g","caption":"Reda\u00e7\u00e3o"}}]}},"amp_enabled":true,"_links":{"self":[{"href":"https:\/\/www.notibras.com\/site\/wp-json\/wp\/v2\/posts\/380442","targetHints":{"allow":["GET"]}}],"collection":[{"href":"https:\/\/www.notibras.com\/site\/wp-json\/wp\/v2\/posts"}],"about":[{"href":"https:\/\/www.notibras.com\/site\/wp-json\/wp\/v2\/types\/post"}],"author":[{"embeddable":true,"href":"https:\/\/www.notibras.com\/site\/wp-json\/wp\/v2\/users\/2"}],"replies":[{"embeddable":true,"href":"https:\/\/www.notibras.com\/site\/wp-json\/wp\/v2\/comments?post=380442"}],"version-history":[{"count":3,"href":"https:\/\/www.notibras.com\/site\/wp-json\/wp\/v2\/posts\/380442\/revisions"}],"predecessor-version":[{"id":380446,"href":"https:\/\/www.notibras.com\/site\/wp-json\/wp\/v2\/posts\/380442\/revisions\/380446"}],"wp:featuredmedia":[{"embeddable":true,"href":"https:\/\/www.notibras.com\/site\/wp-json\/wp\/v2\/media\/380443"}],"wp:attachment":[{"href":"https:\/\/www.notibras.com\/site\/wp-json\/wp\/v2\/media?parent=380442"}],"wp:term":[{"taxonomy":"category","embeddable":true,"href":"https:\/\/www.notibras.com\/site\/wp-json\/wp\/v2\/categories?post=380442"},{"taxonomy":"post_tag","embeddable":true,"href":"https:\/\/www.notibras.com\/site\/wp-json\/wp\/v2\/tags?post=380442"}],"curies":[{"name":"wp","href":"https:\/\/api.w.org\/{rel}","templated":true}]}}