{"id":380448,"date":"2026-01-25T00:00:24","date_gmt":"2026-01-25T03:00:24","guid":{"rendered":"https:\/\/www.notibras.com\/site\/?p=380448"},"modified":"2026-01-25T06:01:02","modified_gmt":"2026-01-25T09:01:02","slug":"lei-que-proibe-cotas-raciais-e-questionada-na-justica","status":"publish","type":"post","link":"https:\/\/www.notibras.com\/site\/lei-que-proibe-cotas-raciais-e-questionada-na-justica\/","title":{"rendered":"Lei que pro\u00edbe cotas raciais \u00e9 questionada na Justi\u00e7a"},"content":{"rendered":"<p>A nova lei que pro\u00edbe cotas raciais em universidades estaduais de Santa Catarina j\u00e1 est\u00e1 sendo questionada na Justi\u00e7a. Uma a\u00e7\u00e3o popular pedindo a suspens\u00e3o da norma foi ajuizada pela deputada federal Ana Paula Lima (PT-SC) e pelo presidente do Servi\u00e7o Brasileiro de Apoio \u00e0 Micro e Pequena Empresa (Sebrae), D\u00e9cio Lima.<\/p>\n<p>Na a\u00e7\u00e3o protocolada na Vara da Fazenda P\u00fablica de Florian\u00f3polis, na quinta-feira (22), eles argumentam que o estado n\u00e3o tem compet\u00eancia legal para proibir pol\u00edticas que j\u00e1 foram autorizadas por leis federais e consideradas constitucionais pelo Supremo Tribunal Federal (STF). Ana Paula e D\u00e9cio Lima pedem a suspens\u00e3o imediata da lei e, no m\u00e9rito, a declara\u00e7\u00e3o de nulidade, sob o argumento de que a medida \u00e9 inconstitucional.<\/p>\n<p>Eles ainda consideram a medida um retrocesso no combate \u00e0s desigualdades no acesso ao ensino superior.<\/p>\n<p>\u201cCotas n\u00e3o s\u00e3o privil\u00e9gios. S\u00e3o instrumentos de justi\u00e7a social, criados para enfrentar desigualdades hist\u00f3ricas e o racismo estrutural que ainda limitam o acesso de milhares de jovens \u00e0 universidade. Acabar com essas pol\u00edticas \u00e9 negar igualdade de oportunidades e comprometer o futuro\u201d, escreveu Ana Paula, em publica\u00e7\u00e3o nas redes sociais.<\/p>\n<p>Para D\u00e9cio Lima, a inconstitucionalidade da lei estadual est\u00e1 clara, j\u00e1 que h\u00e1 um normativo federal que estabelece as cotas e precisa ser cumprido em todo o territ\u00f3rio.<\/p>\n<p>\u201cO Brasil precisa interromper esse ciclo hist\u00f3rico de achar que n\u00f3s temos dois Brasis, um dos brancos e um dos negros\u201d, declarou em v\u00eddeo tamb\u00e9m exibido nas redes sociais.<\/p>\n<p>A a\u00e7\u00e3o popular tamb\u00e9m aponta que a lei pode gerar preju\u00edzo financeiro ao pr\u00f3prio estado, ao impor multas a institui\u00e7\u00f5es p\u00fablicas e dificultar o acesso das universidades catarinenses a recursos federais vinculados a programas de inclus\u00e3o e assist\u00eancia estudantil.<\/p>\n<p>Na sexta-feira (23), a ju\u00edza Luciana Pelisser Gottardi Trentini deu prazo de 72 horas para que o governo do estado se manifeste sobre o tema.<\/p>\n<p>Al\u00e9m de presidente do Sebrae, D\u00e9cio Lima \u00e9 um pol\u00edtico de Santa Catarina, foi deputado federal pelo estado e prefeito de Blumenau mais de uma vez. \u00c9 casado com a deputada federal Ana Paula Lima.<\/p>\n<p><strong>Entenda<\/strong><br \/>\nA Assembleia Legislativa do Estado de Santa Catarina (Alesc) aprovou o projeto de lei em dezembro de 2025, que foi sancionado pelo governador do estado, Jorginho Mello, na forma da Lei n\u00ba 19.722\/2026, e publicado no Di\u00e1rio Oficial do estado nesta sexta-feira.<\/p>\n<p>De acordo com a lei, universidades p\u00fablicas estaduais e outras institui\u00e7\u00f5es de ensino superior que recebem recursos do governo do estado ficam proibidas de adotarem pol\u00edticas de reserva de vagas ou qualquer forma de cota ou a\u00e7\u00e3o afirmativa, como vagas suplementares e medidas cong\u00eaneres. A proibi\u00e7\u00e3o vale para o ingresso de estudantes e de funcion\u00e1rios nos quadros, incluindo professores.<\/p>\n<p>A lei admite exce\u00e7\u00f5es, como a reserva de vaga por crit\u00e9rios exclusivamente econ\u00f4micos, para pessoas com defici\u00eancia e estudantes vindos da rede p\u00fablica estadual.<\/p>\n<p>As puni\u00e7\u00f5es previstas para quem descumprir a nova legisla\u00e7\u00e3o s\u00e3o multa de R$ 100 mil por edital e corte de repasses p\u00fablicos.<\/p>\n<p>Uma das institui\u00e7\u00f5es afetadas pelo texto \u00e9 a Universidade do Estado de Santa Catarina (Udesc), que tem cerca de 14 mil alunos distribu\u00eddos em mais de 60 cursos de gradua\u00e7\u00e3o e em mais de 50 mestrados e doutorados. A proibi\u00e7\u00e3o de cotas n\u00e3o vale para institui\u00e7\u00f5es federais, como a Universidade Federal de Santa Catarina (UFSC).<\/p>\n<p>O autor do projeto, o deputado Alex Brasil (PL), afirma que a ado\u00e7\u00e3o de cotas fundadas em outros crit\u00e9rios, que n\u00e3o o estritamente econ\u00f4mico ou de origem estudantil em escolas p\u00fablicas, \u201csuscita controv\u00e9rsias jur\u00eddicas e pode colidir com os princ\u00edpios da isonomia e da impessoalidade, ao criar distin\u00e7\u00f5es que n\u00e3o necessariamente refletem situa\u00e7\u00f5es de desvantagem\u201d.<\/p>\n<p><strong>Repercuss\u00e3o<\/strong><br \/>\nA Lei de Cotas vigora no \u00e2mbito federal desde 2012 (Lei n\u00ba 12.711\/2012) e prev\u00ea 50% das vagas em universidades e institutos federais para estudantes que cursaram integralmente o ensino m\u00e9dio em escolas p\u00fablicas, incluindo crit\u00e9rios de renda, ra\u00e7a (pretos, pardos, ind\u00edgenas e quilombolas) e pessoas com defici\u00eancia.<\/p>\n<p>Em alguns estados, como no Rio de Janeiro, h\u00e1 leis espec\u00edficas para universidades estaduais.<\/p>\n<p>Em julgamento no ano de 2012, o STF decidiu pela constitucionalidade da pol\u00edtica de cotas para negros e ind\u00edgenas nas universidades. Os ministros julgaram o caso da Universidade de Bras\u00edlia (UnB), que foi a primeira institui\u00e7\u00e3o federal a implementar pol\u00edticas de a\u00e7\u00e3o afirmativa para estudantes negros e ind\u00edgenas.<\/p>\n<p>\u201cA regra tem o objetivo de superar distor\u00e7\u00f5es sociais hist\u00f3ricas, com base no direito \u00e0 igualdade material e no princ\u00edpio da proporcionalidade\u201d, define o resultado do julgamento.<\/p>\n<p>A dirigente do Movimento Negro Unificado em Santa Catarina, Vanda Pinedo, lembrou que, antes da pol\u00edtica de cotas, o n\u00famero de estudantes negros na universidade era quase insignificante.<\/p>\n","protected":false},"excerpt":{"rendered":"<p>A nova lei que pro\u00edbe cotas raciais em universidades estaduais de Santa Catarina j\u00e1 est\u00e1 sendo questionada na Justi\u00e7a. Uma a\u00e7\u00e3o popular pedindo a suspens\u00e3o da norma foi ajuizada pela deputada federal Ana Paula Lima (PT-SC) e pelo presidente do Servi\u00e7o Brasileiro de Apoio \u00e0 Micro e Pequena Empresa (Sebrae), D\u00e9cio Lima. Na a\u00e7\u00e3o protocolada [&hellip;]<\/p>\n","protected":false},"author":2,"featured_media":380449,"comment_status":"closed","ping_status":"closed","sticky":false,"template":"","format":"standard","meta":{"_acf_changed":false,"footnotes":""},"categories":[16],"tags":[],"class_list":["post-380448","post","type-post","status-publish","format-standard","has-post-thumbnail","hentry","category-brasil"],"acf":[],"yoast_head":"<!-- This site is optimized with the Yoast SEO plugin v27.2 - https:\/\/yoast.com\/product\/yoast-seo-wordpress\/ -->\n<title>Lei que pro\u00edbe cotas raciais \u00e9 questionada na Justi\u00e7a - Notibras<\/title>\n<meta name=\"robots\" content=\"index, follow, max-snippet:-1, max-image-preview:large, max-video-preview:-1\" \/>\n<link rel=\"canonical\" href=\"https:\/\/www.notibras.com\/site\/lei-que-proibe-cotas-raciais-e-questionada-na-justica\/\" \/>\n<meta property=\"og:locale\" content=\"pt_BR\" \/>\n<meta property=\"og:type\" content=\"article\" \/>\n<meta property=\"og:title\" content=\"Lei que pro\u00edbe cotas raciais \u00e9 questionada na Justi\u00e7a - Notibras\" \/>\n<meta property=\"og:description\" content=\"A nova lei que pro\u00edbe cotas raciais em universidades estaduais de Santa Catarina j\u00e1 est\u00e1 sendo questionada na Justi\u00e7a. Uma a\u00e7\u00e3o popular pedindo a suspens\u00e3o da norma foi ajuizada pela deputada federal Ana Paula Lima (PT-SC) e pelo presidente do Servi\u00e7o Brasileiro de Apoio \u00e0 Micro e Pequena Empresa (Sebrae), D\u00e9cio Lima. Na a\u00e7\u00e3o protocolada [&hellip;]\" \/>\n<meta property=\"og:url\" content=\"https:\/\/www.notibras.com\/site\/lei-que-proibe-cotas-raciais-e-questionada-na-justica\/\" \/>\n<meta property=\"og:site_name\" content=\"Notibras\" \/>\n<meta property=\"article:publisher\" content=\"https:\/\/www.facebook.com\/notibras\/\" \/>\n<meta property=\"article:published_time\" content=\"2026-01-25T03:00:24+00:00\" \/>\n<meta property=\"article:modified_time\" content=\"2026-01-25T09:01:02+00:00\" \/>\n<meta property=\"og:image\" content=\"https:\/\/www.notibras.com\/site\/wp-content\/uploads\/2026\/01\/dsc_3563.webp\" \/>\n\t<meta property=\"og:image:width\" content=\"1170\" \/>\n\t<meta property=\"og:image:height\" content=\"700\" \/>\n\t<meta property=\"og:image:type\" content=\"image\/webp\" \/>\n<meta name=\"author\" content=\"Reda\u00e7\u00e3o\" \/>\n<meta name=\"twitter:card\" content=\"summary_large_image\" \/>\n<meta name=\"twitter:creator\" content=\"@Notibras\" \/>\n<meta name=\"twitter:site\" content=\"@Notibras\" \/>\n<meta name=\"twitter:label1\" content=\"Escrito por\" \/>\n\t<meta name=\"twitter:data1\" content=\"Reda\u00e7\u00e3o\" \/>\n\t<meta name=\"twitter:label2\" content=\"Est. tempo de leitura\" \/>\n\t<meta name=\"twitter:data2\" content=\"5 minutos\" \/>\n<script type=\"application\/ld+json\" class=\"yoast-schema-graph\">{\"@context\":\"https:\/\/schema.org\",\"@graph\":[{\"@type\":\"Article\",\"@id\":\"https:\/\/www.notibras.com\/site\/lei-que-proibe-cotas-raciais-e-questionada-na-justica\/#article\",\"isPartOf\":{\"@id\":\"https:\/\/www.notibras.com\/site\/lei-que-proibe-cotas-raciais-e-questionada-na-justica\/\"},\"author\":{\"name\":\"Reda\u00e7\u00e3o\",\"@id\":\"https:\/\/www.notibras.com\/site\/#\/schema\/person\/36ab0979449956132d3e5b517ea76ac8\"},\"headline\":\"Lei que pro\u00edbe cotas raciais \u00e9 questionada na Justi\u00e7a\",\"datePublished\":\"2026-01-25T03:00:24+00:00\",\"dateModified\":\"2026-01-25T09:01:02+00:00\",\"mainEntityOfPage\":{\"@id\":\"https:\/\/www.notibras.com\/site\/lei-que-proibe-cotas-raciais-e-questionada-na-justica\/\"},\"wordCount\":850,\"publisher\":{\"@id\":\"https:\/\/www.notibras.com\/site\/#organization\"},\"image\":{\"@id\":\"https:\/\/www.notibras.com\/site\/lei-que-proibe-cotas-raciais-e-questionada-na-justica\/#primaryimage\"},\"thumbnailUrl\":\"https:\/\/www.notibras.com\/site\/wp-content\/uploads\/2026\/01\/dsc_3563.webp\",\"articleSection\":[\"Brasil\"],\"inLanguage\":\"pt-BR\"},{\"@type\":\"WebPage\",\"@id\":\"https:\/\/www.notibras.com\/site\/lei-que-proibe-cotas-raciais-e-questionada-na-justica\/\",\"url\":\"https:\/\/www.notibras.com\/site\/lei-que-proibe-cotas-raciais-e-questionada-na-justica\/\",\"name\":\"Lei que pro\u00edbe cotas raciais \u00e9 questionada na Justi\u00e7a - Notibras\",\"isPartOf\":{\"@id\":\"https:\/\/www.notibras.com\/site\/#website\"},\"primaryImageOfPage\":{\"@id\":\"https:\/\/www.notibras.com\/site\/lei-que-proibe-cotas-raciais-e-questionada-na-justica\/#primaryimage\"},\"image\":{\"@id\":\"https:\/\/www.notibras.com\/site\/lei-que-proibe-cotas-raciais-e-questionada-na-justica\/#primaryimage\"},\"thumbnailUrl\":\"https:\/\/www.notibras.com\/site\/wp-content\/uploads\/2026\/01\/dsc_3563.webp\",\"datePublished\":\"2026-01-25T03:00:24+00:00\",\"dateModified\":\"2026-01-25T09:01:02+00:00\",\"breadcrumb\":{\"@id\":\"https:\/\/www.notibras.com\/site\/lei-que-proibe-cotas-raciais-e-questionada-na-justica\/#breadcrumb\"},\"inLanguage\":\"pt-BR\",\"potentialAction\":[{\"@type\":\"ReadAction\",\"target\":[\"https:\/\/www.notibras.com\/site\/lei-que-proibe-cotas-raciais-e-questionada-na-justica\/\"]}]},{\"@type\":\"ImageObject\",\"inLanguage\":\"pt-BR\",\"@id\":\"https:\/\/www.notibras.com\/site\/lei-que-proibe-cotas-raciais-e-questionada-na-justica\/#primaryimage\",\"url\":\"https:\/\/www.notibras.com\/site\/wp-content\/uploads\/2026\/01\/dsc_3563.webp\",\"contentUrl\":\"https:\/\/www.notibras.com\/site\/wp-content\/uploads\/2026\/01\/dsc_3563.webp\",\"width\":1170,\"height\":700},{\"@type\":\"BreadcrumbList\",\"@id\":\"https:\/\/www.notibras.com\/site\/lei-que-proibe-cotas-raciais-e-questionada-na-justica\/#breadcrumb\",\"itemListElement\":[{\"@type\":\"ListItem\",\"position\":1,\"name\":\"In\u00edcio\",\"item\":\"https:\/\/www.notibras.com\/site\/\"},{\"@type\":\"ListItem\",\"position\":2,\"name\":\"Lei que pro\u00edbe cotas raciais \u00e9 questionada na Justi\u00e7a\"}]},{\"@type\":\"WebSite\",\"@id\":\"https:\/\/www.notibras.com\/site\/#website\",\"url\":\"https:\/\/www.notibras.com\/site\/\",\"name\":\"Notibras\",\"description\":\"Not\u00edcias de Bras\u00edlia, do Brasil e do Mundo\",\"publisher\":{\"@id\":\"https:\/\/www.notibras.com\/site\/#organization\"},\"potentialAction\":[{\"@type\":\"SearchAction\",\"target\":{\"@type\":\"EntryPoint\",\"urlTemplate\":\"https:\/\/www.notibras.com\/site\/?s={search_term_string}\"},\"query-input\":{\"@type\":\"PropertyValueSpecification\",\"valueRequired\":true,\"valueName\":\"search_term_string\"}}],\"inLanguage\":\"pt-BR\"},{\"@type\":\"Organization\",\"@id\":\"https:\/\/www.notibras.com\/site\/#organization\",\"name\":\"Grupo Notibras de Comunica\u00e7\u00e3o\",\"url\":\"https:\/\/www.notibras.com\/site\/\",\"logo\":{\"@type\":\"ImageObject\",\"inLanguage\":\"pt-BR\",\"@id\":\"https:\/\/www.notibras.com\/site\/#\/schema\/logo\/image\/\",\"url\":\"https:\/\/www.notibras.com\/site\/wp-content\/uploads\/2023\/01\/notibras23.png\",\"contentUrl\":\"https:\/\/www.notibras.com\/site\/wp-content\/uploads\/2023\/01\/notibras23.png\",\"width\":350,\"height\":87,\"caption\":\"Grupo Notibras de Comunica\u00e7\u00e3o\"},\"image\":{\"@id\":\"https:\/\/www.notibras.com\/site\/#\/schema\/logo\/image\/\"},\"sameAs\":[\"https:\/\/www.facebook.com\/notibras\/\",\"https:\/\/x.com\/Notibras\",\"https:\/\/www.instagram.com\/notibras\/\"]},{\"@type\":\"Person\",\"@id\":\"https:\/\/www.notibras.com\/site\/#\/schema\/person\/36ab0979449956132d3e5b517ea76ac8\",\"name\":\"Reda\u00e7\u00e3o\",\"image\":{\"@type\":\"ImageObject\",\"inLanguage\":\"pt-BR\",\"@id\":\"https:\/\/secure.gravatar.com\/avatar\/e0a867bdedb85fd243eadf09663511f96fc81e0720a4a42581f334ad4303aa6b?s=96&d=mm&r=g\",\"url\":\"https:\/\/secure.gravatar.com\/avatar\/e0a867bdedb85fd243eadf09663511f96fc81e0720a4a42581f334ad4303aa6b?s=96&d=mm&r=g\",\"contentUrl\":\"https:\/\/secure.gravatar.com\/avatar\/e0a867bdedb85fd243eadf09663511f96fc81e0720a4a42581f334ad4303aa6b?s=96&d=mm&r=g\",\"caption\":\"Reda\u00e7\u00e3o\"}}]}<\/script>\n<!-- \/ Yoast SEO plugin. -->","yoast_head_json":{"title":"Lei que pro\u00edbe cotas raciais \u00e9 questionada na Justi\u00e7a - Notibras","robots":{"index":"index","follow":"follow","max-snippet":"max-snippet:-1","max-image-preview":"max-image-preview:large","max-video-preview":"max-video-preview:-1"},"canonical":"https:\/\/www.notibras.com\/site\/lei-que-proibe-cotas-raciais-e-questionada-na-justica\/","og_locale":"pt_BR","og_type":"article","og_title":"Lei que pro\u00edbe cotas raciais \u00e9 questionada na Justi\u00e7a - Notibras","og_description":"A nova lei que pro\u00edbe cotas raciais em universidades estaduais de Santa Catarina j\u00e1 est\u00e1 sendo questionada na Justi\u00e7a. Uma a\u00e7\u00e3o popular pedindo a suspens\u00e3o da norma foi ajuizada pela deputada federal Ana Paula Lima (PT-SC) e pelo presidente do Servi\u00e7o Brasileiro de Apoio \u00e0 Micro e Pequena Empresa (Sebrae), D\u00e9cio Lima. Na a\u00e7\u00e3o protocolada [&hellip;]","og_url":"https:\/\/www.notibras.com\/site\/lei-que-proibe-cotas-raciais-e-questionada-na-justica\/","og_site_name":"Notibras","article_publisher":"https:\/\/www.facebook.com\/notibras\/","article_published_time":"2026-01-25T03:00:24+00:00","article_modified_time":"2026-01-25T09:01:02+00:00","og_image":[{"width":1170,"height":700,"url":"https:\/\/www.notibras.com\/site\/wp-content\/uploads\/2026\/01\/dsc_3563.webp","type":"image\/webp"}],"author":"Reda\u00e7\u00e3o","twitter_card":"summary_large_image","twitter_creator":"@Notibras","twitter_site":"@Notibras","twitter_misc":{"Escrito por":"Reda\u00e7\u00e3o","Est. tempo de leitura":"5 minutos"},"schema":{"@context":"https:\/\/schema.org","@graph":[{"@type":"Article","@id":"https:\/\/www.notibras.com\/site\/lei-que-proibe-cotas-raciais-e-questionada-na-justica\/#article","isPartOf":{"@id":"https:\/\/www.notibras.com\/site\/lei-que-proibe-cotas-raciais-e-questionada-na-justica\/"},"author":{"name":"Reda\u00e7\u00e3o","@id":"https:\/\/www.notibras.com\/site\/#\/schema\/person\/36ab0979449956132d3e5b517ea76ac8"},"headline":"Lei que pro\u00edbe cotas raciais \u00e9 questionada na Justi\u00e7a","datePublished":"2026-01-25T03:00:24+00:00","dateModified":"2026-01-25T09:01:02+00:00","mainEntityOfPage":{"@id":"https:\/\/www.notibras.com\/site\/lei-que-proibe-cotas-raciais-e-questionada-na-justica\/"},"wordCount":850,"publisher":{"@id":"https:\/\/www.notibras.com\/site\/#organization"},"image":{"@id":"https:\/\/www.notibras.com\/site\/lei-que-proibe-cotas-raciais-e-questionada-na-justica\/#primaryimage"},"thumbnailUrl":"https:\/\/www.notibras.com\/site\/wp-content\/uploads\/2026\/01\/dsc_3563.webp","articleSection":["Brasil"],"inLanguage":"pt-BR"},{"@type":"WebPage","@id":"https:\/\/www.notibras.com\/site\/lei-que-proibe-cotas-raciais-e-questionada-na-justica\/","url":"https:\/\/www.notibras.com\/site\/lei-que-proibe-cotas-raciais-e-questionada-na-justica\/","name":"Lei que pro\u00edbe cotas raciais \u00e9 questionada na Justi\u00e7a - Notibras","isPartOf":{"@id":"https:\/\/www.notibras.com\/site\/#website"},"primaryImageOfPage":{"@id":"https:\/\/www.notibras.com\/site\/lei-que-proibe-cotas-raciais-e-questionada-na-justica\/#primaryimage"},"image":{"@id":"https:\/\/www.notibras.com\/site\/lei-que-proibe-cotas-raciais-e-questionada-na-justica\/#primaryimage"},"thumbnailUrl":"https:\/\/www.notibras.com\/site\/wp-content\/uploads\/2026\/01\/dsc_3563.webp","datePublished":"2026-01-25T03:00:24+00:00","dateModified":"2026-01-25T09:01:02+00:00","breadcrumb":{"@id":"https:\/\/www.notibras.com\/site\/lei-que-proibe-cotas-raciais-e-questionada-na-justica\/#breadcrumb"},"inLanguage":"pt-BR","potentialAction":[{"@type":"ReadAction","target":["https:\/\/www.notibras.com\/site\/lei-que-proibe-cotas-raciais-e-questionada-na-justica\/"]}]},{"@type":"ImageObject","inLanguage":"pt-BR","@id":"https:\/\/www.notibras.com\/site\/lei-que-proibe-cotas-raciais-e-questionada-na-justica\/#primaryimage","url":"https:\/\/www.notibras.com\/site\/wp-content\/uploads\/2026\/01\/dsc_3563.webp","contentUrl":"https:\/\/www.notibras.com\/site\/wp-content\/uploads\/2026\/01\/dsc_3563.webp","width":1170,"height":700},{"@type":"BreadcrumbList","@id":"https:\/\/www.notibras.com\/site\/lei-que-proibe-cotas-raciais-e-questionada-na-justica\/#breadcrumb","itemListElement":[{"@type":"ListItem","position":1,"name":"In\u00edcio","item":"https:\/\/www.notibras.com\/site\/"},{"@type":"ListItem","position":2,"name":"Lei que pro\u00edbe cotas raciais \u00e9 questionada na Justi\u00e7a"}]},{"@type":"WebSite","@id":"https:\/\/www.notibras.com\/site\/#website","url":"https:\/\/www.notibras.com\/site\/","name":"Notibras","description":"Not\u00edcias de Bras\u00edlia, do Brasil e do Mundo","publisher":{"@id":"https:\/\/www.notibras.com\/site\/#organization"},"potentialAction":[{"@type":"SearchAction","target":{"@type":"EntryPoint","urlTemplate":"https:\/\/www.notibras.com\/site\/?s={search_term_string}"},"query-input":{"@type":"PropertyValueSpecification","valueRequired":true,"valueName":"search_term_string"}}],"inLanguage":"pt-BR"},{"@type":"Organization","@id":"https:\/\/www.notibras.com\/site\/#organization","name":"Grupo Notibras de Comunica\u00e7\u00e3o","url":"https:\/\/www.notibras.com\/site\/","logo":{"@type":"ImageObject","inLanguage":"pt-BR","@id":"https:\/\/www.notibras.com\/site\/#\/schema\/logo\/image\/","url":"https:\/\/www.notibras.com\/site\/wp-content\/uploads\/2023\/01\/notibras23.png","contentUrl":"https:\/\/www.notibras.com\/site\/wp-content\/uploads\/2023\/01\/notibras23.png","width":350,"height":87,"caption":"Grupo Notibras de Comunica\u00e7\u00e3o"},"image":{"@id":"https:\/\/www.notibras.com\/site\/#\/schema\/logo\/image\/"},"sameAs":["https:\/\/www.facebook.com\/notibras\/","https:\/\/x.com\/Notibras","https:\/\/www.instagram.com\/notibras\/"]},{"@type":"Person","@id":"https:\/\/www.notibras.com\/site\/#\/schema\/person\/36ab0979449956132d3e5b517ea76ac8","name":"Reda\u00e7\u00e3o","image":{"@type":"ImageObject","inLanguage":"pt-BR","@id":"https:\/\/secure.gravatar.com\/avatar\/e0a867bdedb85fd243eadf09663511f96fc81e0720a4a42581f334ad4303aa6b?s=96&d=mm&r=g","url":"https:\/\/secure.gravatar.com\/avatar\/e0a867bdedb85fd243eadf09663511f96fc81e0720a4a42581f334ad4303aa6b?s=96&d=mm&r=g","contentUrl":"https:\/\/secure.gravatar.com\/avatar\/e0a867bdedb85fd243eadf09663511f96fc81e0720a4a42581f334ad4303aa6b?s=96&d=mm&r=g","caption":"Reda\u00e7\u00e3o"}}]}},"amp_enabled":true,"_links":{"self":[{"href":"https:\/\/www.notibras.com\/site\/wp-json\/wp\/v2\/posts\/380448","targetHints":{"allow":["GET"]}}],"collection":[{"href":"https:\/\/www.notibras.com\/site\/wp-json\/wp\/v2\/posts"}],"about":[{"href":"https:\/\/www.notibras.com\/site\/wp-json\/wp\/v2\/types\/post"}],"author":[{"embeddable":true,"href":"https:\/\/www.notibras.com\/site\/wp-json\/wp\/v2\/users\/2"}],"replies":[{"embeddable":true,"href":"https:\/\/www.notibras.com\/site\/wp-json\/wp\/v2\/comments?post=380448"}],"version-history":[{"count":1,"href":"https:\/\/www.notibras.com\/site\/wp-json\/wp\/v2\/posts\/380448\/revisions"}],"predecessor-version":[{"id":380450,"href":"https:\/\/www.notibras.com\/site\/wp-json\/wp\/v2\/posts\/380448\/revisions\/380450"}],"wp:featuredmedia":[{"embeddable":true,"href":"https:\/\/www.notibras.com\/site\/wp-json\/wp\/v2\/media\/380449"}],"wp:attachment":[{"href":"https:\/\/www.notibras.com\/site\/wp-json\/wp\/v2\/media?parent=380448"}],"wp:term":[{"taxonomy":"category","embeddable":true,"href":"https:\/\/www.notibras.com\/site\/wp-json\/wp\/v2\/categories?post=380448"},{"taxonomy":"post_tag","embeddable":true,"href":"https:\/\/www.notibras.com\/site\/wp-json\/wp\/v2\/tags?post=380448"}],"curies":[{"name":"wp","href":"https:\/\/api.w.org\/{rel}","templated":true}]}}