{"id":380454,"date":"2026-01-25T00:00:24","date_gmt":"2026-01-25T03:00:24","guid":{"rendered":"https:\/\/www.notibras.com\/site\/?p=380454"},"modified":"2026-01-25T06:33:49","modified_gmt":"2026-01-25T09:33:49","slug":"shopping-higienopolis-pode-pagar-multa-de-10-mi-por-racismo","status":"publish","type":"post","link":"https:\/\/www.notibras.com\/site\/shopping-higienopolis-pode-pagar-multa-de-10-mi-por-racismo\/","title":{"rendered":"Shopping Higien\u00f3polis pode pagar multa de 10 mi por racismo"},"content":{"rendered":"<p>A Promotoria de Justi\u00e7a da Inf\u00e2ncia e Juventude de S\u00e3o Paulo entrou com uma a\u00e7\u00e3o contra o Shopping P\u00e1tio Higien\u00f3polis, da capital paulista, por um epis\u00f3dio de racismo praticado por seguran\u00e7as do estabelecimento contra tr\u00eas adolescentes negros alunos do Col\u00e9gio Equipe.<\/p>\n<p>O caso de racismo ocorreu em abril do ano passado, quando dois alunos negros da institui\u00e7\u00e3o do ensino foram almo\u00e7ar com amigos no shopping, que fica em um bairro nobre da cidade. Enquanto estavam na pra\u00e7a de alimenta\u00e7\u00e3o, uma funcion\u00e1ria terceirizada, encarregada de fazer a seguran\u00e7a do centro comercial, abordou uma estudante branca que almo\u00e7ava com eles questionando se eles estavam pedindo dinheiro a ela. A adolescente respondeu que eram seus amigos e perguntou \u00e0 seguran\u00e7a se o questionamento estava relacionado \u00e0 cor da pele dos adolescentes.<\/p>\n<p>O Minist\u00e9rio P\u00fablico abriu um inqu\u00e9rito civil para investigar a conduta do shopping. Ap\u00f3s reuni\u00f5es entre o promotor do caso e representantes do estabelecimento, um Termo de Ajustamento de Conduta (TAC) foi redigido, mas n\u00e3o houve assinatura do shopping no prazo estabelecido.<\/p>\n<p>Desta forma, o Minist\u00e9rio P\u00fablico entrou com uma a\u00e7\u00e3o civil p\u00fablica solicitando que o shopping amplie o n\u00facleo social, que deve ser composto por assistente social e psic\u00f3logo e funcionar durante o hor\u00e1rio de abertura do estabelecimento.<\/p>\n","protected":false},"excerpt":{"rendered":"<p>A Promotoria de Justi\u00e7a da Inf\u00e2ncia e Juventude de S\u00e3o Paulo entrou com uma a\u00e7\u00e3o contra o Shopping P\u00e1tio Higien\u00f3polis, da capital paulista, por um epis\u00f3dio de racismo praticado por seguran\u00e7as do estabelecimento contra tr\u00eas adolescentes negros alunos do Col\u00e9gio Equipe. O caso de racismo ocorreu em abril do ano passado, quando dois alunos negros [&hellip;]<\/p>\n","protected":false},"author":2,"featured_media":380455,"comment_status":"closed","ping_status":"closed","sticky":false,"template":"","format":"standard","meta":{"_acf_changed":false,"footnotes":""},"categories":[16],"tags":[],"class_list":["post-380454","post","type-post","status-publish","format-standard","has-post-thumbnail","hentry","category-brasil"],"acf":[],"yoast_head":"<!-- This site is optimized with the Yoast SEO plugin v27.2 - https:\/\/yoast.com\/product\/yoast-seo-wordpress\/ -->\n<title>Shopping Higien\u00f3polis pode pagar multa de 10 mi por racismo - Notibras<\/title>\n<meta name=\"robots\" content=\"index, follow, max-snippet:-1, max-image-preview:large, max-video-preview:-1\" \/>\n<link rel=\"canonical\" href=\"https:\/\/www.notibras.com\/site\/shopping-higienopolis-pode-pagar-multa-de-10-mi-por-racismo\/\" \/>\n<meta property=\"og:locale\" content=\"pt_BR\" \/>\n<meta property=\"og:type\" content=\"article\" \/>\n<meta property=\"og:title\" content=\"Shopping Higien\u00f3polis pode pagar multa de 10 mi por racismo - Notibras\" \/>\n<meta property=\"og:description\" content=\"A Promotoria de Justi\u00e7a da Inf\u00e2ncia e Juventude de S\u00e3o Paulo entrou com uma a\u00e7\u00e3o contra o Shopping P\u00e1tio Higien\u00f3polis, da capital paulista, por um epis\u00f3dio de racismo praticado por seguran\u00e7as do estabelecimento contra tr\u00eas adolescentes negros alunos do Col\u00e9gio Equipe. O caso de racismo ocorreu em abril do ano passado, quando dois alunos negros [&hellip;]\" \/>\n<meta property=\"og:url\" content=\"https:\/\/www.notibras.com\/site\/shopping-higienopolis-pode-pagar-multa-de-10-mi-por-racismo\/\" \/>\n<meta property=\"og:site_name\" content=\"Notibras\" \/>\n<meta property=\"article:publisher\" content=\"https:\/\/www.facebook.com\/notibras\/\" \/>\n<meta property=\"article:published_time\" content=\"2026-01-25T03:00:24+00:00\" \/>\n<meta property=\"article:modified_time\" content=\"2026-01-25T09:33:49+00:00\" \/>\n<meta property=\"og:image\" content=\"https:\/\/www.notibras.com\/site\/wp-content\/uploads\/2026\/01\/higienopolis2-1.webp\" \/>\n\t<meta property=\"og:image:width\" content=\"1170\" \/>\n\t<meta property=\"og:image:height\" content=\"700\" \/>\n\t<meta property=\"og:image:type\" content=\"image\/webp\" \/>\n<meta name=\"author\" content=\"Reda\u00e7\u00e3o\" \/>\n<meta name=\"twitter:card\" content=\"summary_large_image\" \/>\n<meta name=\"twitter:creator\" content=\"@Notibras\" \/>\n<meta name=\"twitter:site\" content=\"@Notibras\" \/>\n<meta name=\"twitter:label1\" content=\"Escrito por\" \/>\n\t<meta name=\"twitter:data1\" content=\"Reda\u00e7\u00e3o\" \/>\n\t<meta name=\"twitter:label2\" content=\"Est. tempo de leitura\" \/>\n\t<meta name=\"twitter:data2\" content=\"2 minutos\" \/>\n<script type=\"application\/ld+json\" class=\"yoast-schema-graph\">{\"@context\":\"https:\/\/schema.org\",\"@graph\":[{\"@type\":\"Article\",\"@id\":\"https:\/\/www.notibras.com\/site\/shopping-higienopolis-pode-pagar-multa-de-10-mi-por-racismo\/#article\",\"isPartOf\":{\"@id\":\"https:\/\/www.notibras.com\/site\/shopping-higienopolis-pode-pagar-multa-de-10-mi-por-racismo\/\"},\"author\":{\"name\":\"Reda\u00e7\u00e3o\",\"@id\":\"https:\/\/www.notibras.com\/site\/#\/schema\/person\/36ab0979449956132d3e5b517ea76ac8\"},\"headline\":\"Shopping Higien\u00f3polis pode pagar multa de 10 mi por racismo\",\"datePublished\":\"2026-01-25T03:00:24+00:00\",\"dateModified\":\"2026-01-25T09:33:49+00:00\",\"mainEntityOfPage\":{\"@id\":\"https:\/\/www.notibras.com\/site\/shopping-higienopolis-pode-pagar-multa-de-10-mi-por-racismo\/\"},\"wordCount\":246,\"publisher\":{\"@id\":\"https:\/\/www.notibras.com\/site\/#organization\"},\"image\":{\"@id\":\"https:\/\/www.notibras.com\/site\/shopping-higienopolis-pode-pagar-multa-de-10-mi-por-racismo\/#primaryimage\"},\"thumbnailUrl\":\"https:\/\/www.notibras.com\/site\/wp-content\/uploads\/2026\/01\/higienopolis2-1.webp\",\"articleSection\":[\"Brasil\"],\"inLanguage\":\"pt-BR\"},{\"@type\":\"WebPage\",\"@id\":\"https:\/\/www.notibras.com\/site\/shopping-higienopolis-pode-pagar-multa-de-10-mi-por-racismo\/\",\"url\":\"https:\/\/www.notibras.com\/site\/shopping-higienopolis-pode-pagar-multa-de-10-mi-por-racismo\/\",\"name\":\"Shopping Higien\u00f3polis pode pagar multa de 10 mi por racismo - Notibras\",\"isPartOf\":{\"@id\":\"https:\/\/www.notibras.com\/site\/#website\"},\"primaryImageOfPage\":{\"@id\":\"https:\/\/www.notibras.com\/site\/shopping-higienopolis-pode-pagar-multa-de-10-mi-por-racismo\/#primaryimage\"},\"image\":{\"@id\":\"https:\/\/www.notibras.com\/site\/shopping-higienopolis-pode-pagar-multa-de-10-mi-por-racismo\/#primaryimage\"},\"thumbnailUrl\":\"https:\/\/www.notibras.com\/site\/wp-content\/uploads\/2026\/01\/higienopolis2-1.webp\",\"datePublished\":\"2026-01-25T03:00:24+00:00\",\"dateModified\":\"2026-01-25T09:33:49+00:00\",\"breadcrumb\":{\"@id\":\"https:\/\/www.notibras.com\/site\/shopping-higienopolis-pode-pagar-multa-de-10-mi-por-racismo\/#breadcrumb\"},\"inLanguage\":\"pt-BR\",\"potentialAction\":[{\"@type\":\"ReadAction\",\"target\":[\"https:\/\/www.notibras.com\/site\/shopping-higienopolis-pode-pagar-multa-de-10-mi-por-racismo\/\"]}]},{\"@type\":\"ImageObject\",\"inLanguage\":\"pt-BR\",\"@id\":\"https:\/\/www.notibras.com\/site\/shopping-higienopolis-pode-pagar-multa-de-10-mi-por-racismo\/#primaryimage\",\"url\":\"https:\/\/www.notibras.com\/site\/wp-content\/uploads\/2026\/01\/higienopolis2-1.webp\",\"contentUrl\":\"https:\/\/www.notibras.com\/site\/wp-content\/uploads\/2026\/01\/higienopolis2-1.webp\",\"width\":1170,\"height\":700},{\"@type\":\"BreadcrumbList\",\"@id\":\"https:\/\/www.notibras.com\/site\/shopping-higienopolis-pode-pagar-multa-de-10-mi-por-racismo\/#breadcrumb\",\"itemListElement\":[{\"@type\":\"ListItem\",\"position\":1,\"name\":\"In\u00edcio\",\"item\":\"https:\/\/www.notibras.com\/site\/\"},{\"@type\":\"ListItem\",\"position\":2,\"name\":\"Shopping Higien\u00f3polis pode pagar multa de 10 mi por racismo\"}]},{\"@type\":\"WebSite\",\"@id\":\"https:\/\/www.notibras.com\/site\/#website\",\"url\":\"https:\/\/www.notibras.com\/site\/\",\"name\":\"Notibras\",\"description\":\"Not\u00edcias de Bras\u00edlia, do Brasil e do Mundo\",\"publisher\":{\"@id\":\"https:\/\/www.notibras.com\/site\/#organization\"},\"potentialAction\":[{\"@type\":\"SearchAction\",\"target\":{\"@type\":\"EntryPoint\",\"urlTemplate\":\"https:\/\/www.notibras.com\/site\/?s={search_term_string}\"},\"query-input\":{\"@type\":\"PropertyValueSpecification\",\"valueRequired\":true,\"valueName\":\"search_term_string\"}}],\"inLanguage\":\"pt-BR\"},{\"@type\":\"Organization\",\"@id\":\"https:\/\/www.notibras.com\/site\/#organization\",\"name\":\"Grupo Notibras de Comunica\u00e7\u00e3o\",\"url\":\"https:\/\/www.notibras.com\/site\/\",\"logo\":{\"@type\":\"ImageObject\",\"inLanguage\":\"pt-BR\",\"@id\":\"https:\/\/www.notibras.com\/site\/#\/schema\/logo\/image\/\",\"url\":\"https:\/\/www.notibras.com\/site\/wp-content\/uploads\/2023\/01\/notibras23.png\",\"contentUrl\":\"https:\/\/www.notibras.com\/site\/wp-content\/uploads\/2023\/01\/notibras23.png\",\"width\":350,\"height\":87,\"caption\":\"Grupo Notibras de Comunica\u00e7\u00e3o\"},\"image\":{\"@id\":\"https:\/\/www.notibras.com\/site\/#\/schema\/logo\/image\/\"},\"sameAs\":[\"https:\/\/www.facebook.com\/notibras\/\",\"https:\/\/x.com\/Notibras\",\"https:\/\/www.instagram.com\/notibras\/\"]},{\"@type\":\"Person\",\"@id\":\"https:\/\/www.notibras.com\/site\/#\/schema\/person\/36ab0979449956132d3e5b517ea76ac8\",\"name\":\"Reda\u00e7\u00e3o\",\"image\":{\"@type\":\"ImageObject\",\"inLanguage\":\"pt-BR\",\"@id\":\"https:\/\/secure.gravatar.com\/avatar\/e0a867bdedb85fd243eadf09663511f96fc81e0720a4a42581f334ad4303aa6b?s=96&d=mm&r=g\",\"url\":\"https:\/\/secure.gravatar.com\/avatar\/e0a867bdedb85fd243eadf09663511f96fc81e0720a4a42581f334ad4303aa6b?s=96&d=mm&r=g\",\"contentUrl\":\"https:\/\/secure.gravatar.com\/avatar\/e0a867bdedb85fd243eadf09663511f96fc81e0720a4a42581f334ad4303aa6b?s=96&d=mm&r=g\",\"caption\":\"Reda\u00e7\u00e3o\"}}]}<\/script>\n<!-- \/ Yoast SEO plugin. -->","yoast_head_json":{"title":"Shopping Higien\u00f3polis pode pagar multa de 10 mi por racismo - Notibras","robots":{"index":"index","follow":"follow","max-snippet":"max-snippet:-1","max-image-preview":"max-image-preview:large","max-video-preview":"max-video-preview:-1"},"canonical":"https:\/\/www.notibras.com\/site\/shopping-higienopolis-pode-pagar-multa-de-10-mi-por-racismo\/","og_locale":"pt_BR","og_type":"article","og_title":"Shopping Higien\u00f3polis pode pagar multa de 10 mi por racismo - Notibras","og_description":"A Promotoria de Justi\u00e7a da Inf\u00e2ncia e Juventude de S\u00e3o Paulo entrou com uma a\u00e7\u00e3o contra o Shopping P\u00e1tio Higien\u00f3polis, da capital paulista, por um epis\u00f3dio de racismo praticado por seguran\u00e7as do estabelecimento contra tr\u00eas adolescentes negros alunos do Col\u00e9gio Equipe. O caso de racismo ocorreu em abril do ano passado, quando dois alunos negros [&hellip;]","og_url":"https:\/\/www.notibras.com\/site\/shopping-higienopolis-pode-pagar-multa-de-10-mi-por-racismo\/","og_site_name":"Notibras","article_publisher":"https:\/\/www.facebook.com\/notibras\/","article_published_time":"2026-01-25T03:00:24+00:00","article_modified_time":"2026-01-25T09:33:49+00:00","og_image":[{"width":1170,"height":700,"url":"https:\/\/www.notibras.com\/site\/wp-content\/uploads\/2026\/01\/higienopolis2-1.webp","type":"image\/webp"}],"author":"Reda\u00e7\u00e3o","twitter_card":"summary_large_image","twitter_creator":"@Notibras","twitter_site":"@Notibras","twitter_misc":{"Escrito por":"Reda\u00e7\u00e3o","Est. tempo de leitura":"2 minutos"},"schema":{"@context":"https:\/\/schema.org","@graph":[{"@type":"Article","@id":"https:\/\/www.notibras.com\/site\/shopping-higienopolis-pode-pagar-multa-de-10-mi-por-racismo\/#article","isPartOf":{"@id":"https:\/\/www.notibras.com\/site\/shopping-higienopolis-pode-pagar-multa-de-10-mi-por-racismo\/"},"author":{"name":"Reda\u00e7\u00e3o","@id":"https:\/\/www.notibras.com\/site\/#\/schema\/person\/36ab0979449956132d3e5b517ea76ac8"},"headline":"Shopping Higien\u00f3polis pode pagar multa de 10 mi por racismo","datePublished":"2026-01-25T03:00:24+00:00","dateModified":"2026-01-25T09:33:49+00:00","mainEntityOfPage":{"@id":"https:\/\/www.notibras.com\/site\/shopping-higienopolis-pode-pagar-multa-de-10-mi-por-racismo\/"},"wordCount":246,"publisher":{"@id":"https:\/\/www.notibras.com\/site\/#organization"},"image":{"@id":"https:\/\/www.notibras.com\/site\/shopping-higienopolis-pode-pagar-multa-de-10-mi-por-racismo\/#primaryimage"},"thumbnailUrl":"https:\/\/www.notibras.com\/site\/wp-content\/uploads\/2026\/01\/higienopolis2-1.webp","articleSection":["Brasil"],"inLanguage":"pt-BR"},{"@type":"WebPage","@id":"https:\/\/www.notibras.com\/site\/shopping-higienopolis-pode-pagar-multa-de-10-mi-por-racismo\/","url":"https:\/\/www.notibras.com\/site\/shopping-higienopolis-pode-pagar-multa-de-10-mi-por-racismo\/","name":"Shopping Higien\u00f3polis pode pagar multa de 10 mi por racismo - Notibras","isPartOf":{"@id":"https:\/\/www.notibras.com\/site\/#website"},"primaryImageOfPage":{"@id":"https:\/\/www.notibras.com\/site\/shopping-higienopolis-pode-pagar-multa-de-10-mi-por-racismo\/#primaryimage"},"image":{"@id":"https:\/\/www.notibras.com\/site\/shopping-higienopolis-pode-pagar-multa-de-10-mi-por-racismo\/#primaryimage"},"thumbnailUrl":"https:\/\/www.notibras.com\/site\/wp-content\/uploads\/2026\/01\/higienopolis2-1.webp","datePublished":"2026-01-25T03:00:24+00:00","dateModified":"2026-01-25T09:33:49+00:00","breadcrumb":{"@id":"https:\/\/www.notibras.com\/site\/shopping-higienopolis-pode-pagar-multa-de-10-mi-por-racismo\/#breadcrumb"},"inLanguage":"pt-BR","potentialAction":[{"@type":"ReadAction","target":["https:\/\/www.notibras.com\/site\/shopping-higienopolis-pode-pagar-multa-de-10-mi-por-racismo\/"]}]},{"@type":"ImageObject","inLanguage":"pt-BR","@id":"https:\/\/www.notibras.com\/site\/shopping-higienopolis-pode-pagar-multa-de-10-mi-por-racismo\/#primaryimage","url":"https:\/\/www.notibras.com\/site\/wp-content\/uploads\/2026\/01\/higienopolis2-1.webp","contentUrl":"https:\/\/www.notibras.com\/site\/wp-content\/uploads\/2026\/01\/higienopolis2-1.webp","width":1170,"height":700},{"@type":"BreadcrumbList","@id":"https:\/\/www.notibras.com\/site\/shopping-higienopolis-pode-pagar-multa-de-10-mi-por-racismo\/#breadcrumb","itemListElement":[{"@type":"ListItem","position":1,"name":"In\u00edcio","item":"https:\/\/www.notibras.com\/site\/"},{"@type":"ListItem","position":2,"name":"Shopping Higien\u00f3polis pode pagar multa de 10 mi por racismo"}]},{"@type":"WebSite","@id":"https:\/\/www.notibras.com\/site\/#website","url":"https:\/\/www.notibras.com\/site\/","name":"Notibras","description":"Not\u00edcias de Bras\u00edlia, do Brasil e do Mundo","publisher":{"@id":"https:\/\/www.notibras.com\/site\/#organization"},"potentialAction":[{"@type":"SearchAction","target":{"@type":"EntryPoint","urlTemplate":"https:\/\/www.notibras.com\/site\/?s={search_term_string}"},"query-input":{"@type":"PropertyValueSpecification","valueRequired":true,"valueName":"search_term_string"}}],"inLanguage":"pt-BR"},{"@type":"Organization","@id":"https:\/\/www.notibras.com\/site\/#organization","name":"Grupo Notibras de Comunica\u00e7\u00e3o","url":"https:\/\/www.notibras.com\/site\/","logo":{"@type":"ImageObject","inLanguage":"pt-BR","@id":"https:\/\/www.notibras.com\/site\/#\/schema\/logo\/image\/","url":"https:\/\/www.notibras.com\/site\/wp-content\/uploads\/2023\/01\/notibras23.png","contentUrl":"https:\/\/www.notibras.com\/site\/wp-content\/uploads\/2023\/01\/notibras23.png","width":350,"height":87,"caption":"Grupo Notibras de Comunica\u00e7\u00e3o"},"image":{"@id":"https:\/\/www.notibras.com\/site\/#\/schema\/logo\/image\/"},"sameAs":["https:\/\/www.facebook.com\/notibras\/","https:\/\/x.com\/Notibras","https:\/\/www.instagram.com\/notibras\/"]},{"@type":"Person","@id":"https:\/\/www.notibras.com\/site\/#\/schema\/person\/36ab0979449956132d3e5b517ea76ac8","name":"Reda\u00e7\u00e3o","image":{"@type":"ImageObject","inLanguage":"pt-BR","@id":"https:\/\/secure.gravatar.com\/avatar\/e0a867bdedb85fd243eadf09663511f96fc81e0720a4a42581f334ad4303aa6b?s=96&d=mm&r=g","url":"https:\/\/secure.gravatar.com\/avatar\/e0a867bdedb85fd243eadf09663511f96fc81e0720a4a42581f334ad4303aa6b?s=96&d=mm&r=g","contentUrl":"https:\/\/secure.gravatar.com\/avatar\/e0a867bdedb85fd243eadf09663511f96fc81e0720a4a42581f334ad4303aa6b?s=96&d=mm&r=g","caption":"Reda\u00e7\u00e3o"}}]}},"amp_enabled":true,"_links":{"self":[{"href":"https:\/\/www.notibras.com\/site\/wp-json\/wp\/v2\/posts\/380454","targetHints":{"allow":["GET"]}}],"collection":[{"href":"https:\/\/www.notibras.com\/site\/wp-json\/wp\/v2\/posts"}],"about":[{"href":"https:\/\/www.notibras.com\/site\/wp-json\/wp\/v2\/types\/post"}],"author":[{"embeddable":true,"href":"https:\/\/www.notibras.com\/site\/wp-json\/wp\/v2\/users\/2"}],"replies":[{"embeddable":true,"href":"https:\/\/www.notibras.com\/site\/wp-json\/wp\/v2\/comments?post=380454"}],"version-history":[{"count":1,"href":"https:\/\/www.notibras.com\/site\/wp-json\/wp\/v2\/posts\/380454\/revisions"}],"predecessor-version":[{"id":380456,"href":"https:\/\/www.notibras.com\/site\/wp-json\/wp\/v2\/posts\/380454\/revisions\/380456"}],"wp:featuredmedia":[{"embeddable":true,"href":"https:\/\/www.notibras.com\/site\/wp-json\/wp\/v2\/media\/380455"}],"wp:attachment":[{"href":"https:\/\/www.notibras.com\/site\/wp-json\/wp\/v2\/media?parent=380454"}],"wp:term":[{"taxonomy":"category","embeddable":true,"href":"https:\/\/www.notibras.com\/site\/wp-json\/wp\/v2\/categories?post=380454"},{"taxonomy":"post_tag","embeddable":true,"href":"https:\/\/www.notibras.com\/site\/wp-json\/wp\/v2\/tags?post=380454"}],"curies":[{"name":"wp","href":"https:\/\/api.w.org\/{rel}","templated":true}]}}