{"id":380463,"date":"2026-01-25T00:00:23","date_gmt":"2026-01-25T03:00:23","guid":{"rendered":"https:\/\/www.notibras.com\/site\/?p=380463"},"modified":"2026-01-25T08:14:32","modified_gmt":"2026-01-25T11:14:32","slug":"carnaval-de-rua-em-sao-paulo-tera-mais-de-600-blocos","status":"publish","type":"post","link":"https:\/\/www.notibras.com\/site\/carnaval-de-rua-em-sao-paulo-tera-mais-de-600-blocos\/","title":{"rendered":"Carnaval de rua em S\u00e3o Paulo ter\u00e1 mais de 600 blocos"},"content":{"rendered":"<p>A prefeitura da capital paulista disponibilizou a programa\u00e7\u00e3o dos blocos do carnaval de rua de 2026. A plataforma <a href=\"http:\/\/www.carnavalsp.com\">www.carnavalsp.com<\/a> permite que o foli\u00e3o busque os blocos por bairro, por data e hor\u00e1rio, ou por per\u00edodo da festa: pr\u00e9-carnaval, carnaval e p\u00f3s-carnaval. Tamb\u00e9m \u00e9 poss\u00edvel encontrar os blocos mais pr\u00f3ximos, quando a busca \u00e9 feita por celular.<\/p>\n<p>A programa\u00e7\u00e3o tem mais de 600 blocos de rua e ser\u00e1 atualizada durante o per\u00edodo carnavalesco. \u201cComo \u00e9 pr\u00f3prio da din\u00e2mica do Carnaval de Rua, podem ocorrer ajustes, altera\u00e7\u00f5es de itiner\u00e1rio ou cancelamentos, que s\u00e3o incorporados \u00e0 plataforma \u00e0 medida que as informa\u00e7\u00f5es s\u00e3o validadas, garantindo transpar\u00eancia e dados sempre atualizados ao p\u00fablico\u201d, disse a prefeitura em nota.<\/p>\n<p>A administra\u00e7\u00e3o municipal tamb\u00e9m implantar\u00e1 totens pela cidade que permitir\u00e3o a consulta direta \u00e0s informa\u00e7\u00f5es dos blocos por meio de QR Code.<\/p>\n","protected":false},"excerpt":{"rendered":"<p>A prefeitura da capital paulista disponibilizou a programa\u00e7\u00e3o dos blocos do carnaval de rua de 2026. A plataforma www.carnavalsp.com permite que o foli\u00e3o busque os blocos por bairro, por data e hor\u00e1rio, ou por per\u00edodo da festa: pr\u00e9-carnaval, carnaval e p\u00f3s-carnaval. Tamb\u00e9m \u00e9 poss\u00edvel encontrar os blocos mais pr\u00f3ximos, quando a busca \u00e9 feita por [&hellip;]<\/p>\n","protected":false},"author":2,"featured_media":380464,"comment_status":"closed","ping_status":"closed","sticky":false,"template":"","format":"standard","meta":{"_acf_changed":false,"footnotes":""},"categories":[155],"tags":[],"class_list":["post-380463","post","type-post","status-publish","format-standard","has-post-thumbnail","hentry","category-leitura-vip"],"acf":[],"yoast_head":"<!-- This site is optimized with the Yoast SEO plugin v27.2 - https:\/\/yoast.com\/product\/yoast-seo-wordpress\/ -->\n<title>Carnaval de rua em S\u00e3o Paulo ter\u00e1 mais de 600 blocos - Notibras<\/title>\n<meta name=\"robots\" content=\"index, follow, max-snippet:-1, max-image-preview:large, max-video-preview:-1\" \/>\n<link rel=\"canonical\" href=\"https:\/\/www.notibras.com\/site\/carnaval-de-rua-em-sao-paulo-tera-mais-de-600-blocos\/\" \/>\n<meta property=\"og:locale\" content=\"pt_BR\" \/>\n<meta property=\"og:type\" content=\"article\" \/>\n<meta property=\"og:title\" content=\"Carnaval de rua em S\u00e3o Paulo ter\u00e1 mais de 600 blocos - Notibras\" \/>\n<meta property=\"og:description\" content=\"A prefeitura da capital paulista disponibilizou a programa\u00e7\u00e3o dos blocos do carnaval de rua de 2026. A plataforma www.carnavalsp.com permite que o foli\u00e3o busque os blocos por bairro, por data e hor\u00e1rio, ou por per\u00edodo da festa: pr\u00e9-carnaval, carnaval e p\u00f3s-carnaval. Tamb\u00e9m \u00e9 poss\u00edvel encontrar os blocos mais pr\u00f3ximos, quando a busca \u00e9 feita por [&hellip;]\" \/>\n<meta property=\"og:url\" content=\"https:\/\/www.notibras.com\/site\/carnaval-de-rua-em-sao-paulo-tera-mais-de-600-blocos\/\" \/>\n<meta property=\"og:site_name\" content=\"Notibras\" \/>\n<meta property=\"article:publisher\" content=\"https:\/\/www.facebook.com\/notibras\/\" \/>\n<meta property=\"article:published_time\" content=\"2026-01-25T03:00:23+00:00\" \/>\n<meta property=\"article:modified_time\" content=\"2026-01-25T11:14:32+00:00\" \/>\n<meta property=\"og:image\" content=\"https:\/\/www.notibras.com\/site\/wp-content\/uploads\/2026\/01\/0g0a8304.webp\" \/>\n\t<meta property=\"og:image:width\" content=\"1170\" \/>\n\t<meta property=\"og:image:height\" content=\"700\" \/>\n\t<meta property=\"og:image:type\" content=\"image\/webp\" \/>\n<meta name=\"author\" content=\"Reda\u00e7\u00e3o\" \/>\n<meta name=\"twitter:card\" content=\"summary_large_image\" \/>\n<meta name=\"twitter:creator\" content=\"@Notibras\" \/>\n<meta name=\"twitter:site\" content=\"@Notibras\" \/>\n<meta name=\"twitter:label1\" content=\"Escrito por\" \/>\n\t<meta name=\"twitter:data1\" content=\"Reda\u00e7\u00e3o\" \/>\n\t<meta name=\"twitter:label2\" content=\"Est. tempo de leitura\" \/>\n\t<meta name=\"twitter:data2\" content=\"1 minuto\" \/>\n<script type=\"application\/ld+json\" class=\"yoast-schema-graph\">{\"@context\":\"https:\/\/schema.org\",\"@graph\":[{\"@type\":\"Article\",\"@id\":\"https:\/\/www.notibras.com\/site\/carnaval-de-rua-em-sao-paulo-tera-mais-de-600-blocos\/#article\",\"isPartOf\":{\"@id\":\"https:\/\/www.notibras.com\/site\/carnaval-de-rua-em-sao-paulo-tera-mais-de-600-blocos\/\"},\"author\":{\"name\":\"Reda\u00e7\u00e3o\",\"@id\":\"https:\/\/www.notibras.com\/site\/#\/schema\/person\/36ab0979449956132d3e5b517ea76ac8\"},\"headline\":\"Carnaval de rua em S\u00e3o Paulo ter\u00e1 mais de 600 blocos\",\"datePublished\":\"2026-01-25T03:00:23+00:00\",\"dateModified\":\"2026-01-25T11:14:32+00:00\",\"mainEntityOfPage\":{\"@id\":\"https:\/\/www.notibras.com\/site\/carnaval-de-rua-em-sao-paulo-tera-mais-de-600-blocos\/\"},\"wordCount\":166,\"publisher\":{\"@id\":\"https:\/\/www.notibras.com\/site\/#organization\"},\"image\":{\"@id\":\"https:\/\/www.notibras.com\/site\/carnaval-de-rua-em-sao-paulo-tera-mais-de-600-blocos\/#primaryimage\"},\"thumbnailUrl\":\"https:\/\/www.notibras.com\/site\/wp-content\/uploads\/2026\/01\/0g0a8304.webp\",\"articleSection\":[\"Leitura Vip\"],\"inLanguage\":\"pt-BR\"},{\"@type\":\"WebPage\",\"@id\":\"https:\/\/www.notibras.com\/site\/carnaval-de-rua-em-sao-paulo-tera-mais-de-600-blocos\/\",\"url\":\"https:\/\/www.notibras.com\/site\/carnaval-de-rua-em-sao-paulo-tera-mais-de-600-blocos\/\",\"name\":\"Carnaval de rua em S\u00e3o Paulo ter\u00e1 mais de 600 blocos - Notibras\",\"isPartOf\":{\"@id\":\"https:\/\/www.notibras.com\/site\/#website\"},\"primaryImageOfPage\":{\"@id\":\"https:\/\/www.notibras.com\/site\/carnaval-de-rua-em-sao-paulo-tera-mais-de-600-blocos\/#primaryimage\"},\"image\":{\"@id\":\"https:\/\/www.notibras.com\/site\/carnaval-de-rua-em-sao-paulo-tera-mais-de-600-blocos\/#primaryimage\"},\"thumbnailUrl\":\"https:\/\/www.notibras.com\/site\/wp-content\/uploads\/2026\/01\/0g0a8304.webp\",\"datePublished\":\"2026-01-25T03:00:23+00:00\",\"dateModified\":\"2026-01-25T11:14:32+00:00\",\"breadcrumb\":{\"@id\":\"https:\/\/www.notibras.com\/site\/carnaval-de-rua-em-sao-paulo-tera-mais-de-600-blocos\/#breadcrumb\"},\"inLanguage\":\"pt-BR\",\"potentialAction\":[{\"@type\":\"ReadAction\",\"target\":[\"https:\/\/www.notibras.com\/site\/carnaval-de-rua-em-sao-paulo-tera-mais-de-600-blocos\/\"]}]},{\"@type\":\"ImageObject\",\"inLanguage\":\"pt-BR\",\"@id\":\"https:\/\/www.notibras.com\/site\/carnaval-de-rua-em-sao-paulo-tera-mais-de-600-blocos\/#primaryimage\",\"url\":\"https:\/\/www.notibras.com\/site\/wp-content\/uploads\/2026\/01\/0g0a8304.webp\",\"contentUrl\":\"https:\/\/www.notibras.com\/site\/wp-content\/uploads\/2026\/01\/0g0a8304.webp\",\"width\":1170,\"height\":700},{\"@type\":\"BreadcrumbList\",\"@id\":\"https:\/\/www.notibras.com\/site\/carnaval-de-rua-em-sao-paulo-tera-mais-de-600-blocos\/#breadcrumb\",\"itemListElement\":[{\"@type\":\"ListItem\",\"position\":1,\"name\":\"In\u00edcio\",\"item\":\"https:\/\/www.notibras.com\/site\/\"},{\"@type\":\"ListItem\",\"position\":2,\"name\":\"Carnaval de rua em S\u00e3o Paulo ter\u00e1 mais de 600 blocos\"}]},{\"@type\":\"WebSite\",\"@id\":\"https:\/\/www.notibras.com\/site\/#website\",\"url\":\"https:\/\/www.notibras.com\/site\/\",\"name\":\"Notibras\",\"description\":\"Not\u00edcias de Bras\u00edlia, do Brasil e do Mundo\",\"publisher\":{\"@id\":\"https:\/\/www.notibras.com\/site\/#organization\"},\"potentialAction\":[{\"@type\":\"SearchAction\",\"target\":{\"@type\":\"EntryPoint\",\"urlTemplate\":\"https:\/\/www.notibras.com\/site\/?s={search_term_string}\"},\"query-input\":{\"@type\":\"PropertyValueSpecification\",\"valueRequired\":true,\"valueName\":\"search_term_string\"}}],\"inLanguage\":\"pt-BR\"},{\"@type\":\"Organization\",\"@id\":\"https:\/\/www.notibras.com\/site\/#organization\",\"name\":\"Grupo Notibras de Comunica\u00e7\u00e3o\",\"url\":\"https:\/\/www.notibras.com\/site\/\",\"logo\":{\"@type\":\"ImageObject\",\"inLanguage\":\"pt-BR\",\"@id\":\"https:\/\/www.notibras.com\/site\/#\/schema\/logo\/image\/\",\"url\":\"https:\/\/www.notibras.com\/site\/wp-content\/uploads\/2023\/01\/notibras23.png\",\"contentUrl\":\"https:\/\/www.notibras.com\/site\/wp-content\/uploads\/2023\/01\/notibras23.png\",\"width\":350,\"height\":87,\"caption\":\"Grupo Notibras de Comunica\u00e7\u00e3o\"},\"image\":{\"@id\":\"https:\/\/www.notibras.com\/site\/#\/schema\/logo\/image\/\"},\"sameAs\":[\"https:\/\/www.facebook.com\/notibras\/\",\"https:\/\/x.com\/Notibras\",\"https:\/\/www.instagram.com\/notibras\/\"]},{\"@type\":\"Person\",\"@id\":\"https:\/\/www.notibras.com\/site\/#\/schema\/person\/36ab0979449956132d3e5b517ea76ac8\",\"name\":\"Reda\u00e7\u00e3o\",\"image\":{\"@type\":\"ImageObject\",\"inLanguage\":\"pt-BR\",\"@id\":\"https:\/\/secure.gravatar.com\/avatar\/e0a867bdedb85fd243eadf09663511f96fc81e0720a4a42581f334ad4303aa6b?s=96&d=mm&r=g\",\"url\":\"https:\/\/secure.gravatar.com\/avatar\/e0a867bdedb85fd243eadf09663511f96fc81e0720a4a42581f334ad4303aa6b?s=96&d=mm&r=g\",\"contentUrl\":\"https:\/\/secure.gravatar.com\/avatar\/e0a867bdedb85fd243eadf09663511f96fc81e0720a4a42581f334ad4303aa6b?s=96&d=mm&r=g\",\"caption\":\"Reda\u00e7\u00e3o\"}}]}<\/script>\n<!-- \/ Yoast SEO plugin. -->","yoast_head_json":{"title":"Carnaval de rua em S\u00e3o Paulo ter\u00e1 mais de 600 blocos - Notibras","robots":{"index":"index","follow":"follow","max-snippet":"max-snippet:-1","max-image-preview":"max-image-preview:large","max-video-preview":"max-video-preview:-1"},"canonical":"https:\/\/www.notibras.com\/site\/carnaval-de-rua-em-sao-paulo-tera-mais-de-600-blocos\/","og_locale":"pt_BR","og_type":"article","og_title":"Carnaval de rua em S\u00e3o Paulo ter\u00e1 mais de 600 blocos - Notibras","og_description":"A prefeitura da capital paulista disponibilizou a programa\u00e7\u00e3o dos blocos do carnaval de rua de 2026. A plataforma www.carnavalsp.com permite que o foli\u00e3o busque os blocos por bairro, por data e hor\u00e1rio, ou por per\u00edodo da festa: pr\u00e9-carnaval, carnaval e p\u00f3s-carnaval. Tamb\u00e9m \u00e9 poss\u00edvel encontrar os blocos mais pr\u00f3ximos, quando a busca \u00e9 feita por [&hellip;]","og_url":"https:\/\/www.notibras.com\/site\/carnaval-de-rua-em-sao-paulo-tera-mais-de-600-blocos\/","og_site_name":"Notibras","article_publisher":"https:\/\/www.facebook.com\/notibras\/","article_published_time":"2026-01-25T03:00:23+00:00","article_modified_time":"2026-01-25T11:14:32+00:00","og_image":[{"width":1170,"height":700,"url":"https:\/\/www.notibras.com\/site\/wp-content\/uploads\/2026\/01\/0g0a8304.webp","type":"image\/webp"}],"author":"Reda\u00e7\u00e3o","twitter_card":"summary_large_image","twitter_creator":"@Notibras","twitter_site":"@Notibras","twitter_misc":{"Escrito por":"Reda\u00e7\u00e3o","Est. tempo de leitura":"1 minuto"},"schema":{"@context":"https:\/\/schema.org","@graph":[{"@type":"Article","@id":"https:\/\/www.notibras.com\/site\/carnaval-de-rua-em-sao-paulo-tera-mais-de-600-blocos\/#article","isPartOf":{"@id":"https:\/\/www.notibras.com\/site\/carnaval-de-rua-em-sao-paulo-tera-mais-de-600-blocos\/"},"author":{"name":"Reda\u00e7\u00e3o","@id":"https:\/\/www.notibras.com\/site\/#\/schema\/person\/36ab0979449956132d3e5b517ea76ac8"},"headline":"Carnaval de rua em S\u00e3o Paulo ter\u00e1 mais de 600 blocos","datePublished":"2026-01-25T03:00:23+00:00","dateModified":"2026-01-25T11:14:32+00:00","mainEntityOfPage":{"@id":"https:\/\/www.notibras.com\/site\/carnaval-de-rua-em-sao-paulo-tera-mais-de-600-blocos\/"},"wordCount":166,"publisher":{"@id":"https:\/\/www.notibras.com\/site\/#organization"},"image":{"@id":"https:\/\/www.notibras.com\/site\/carnaval-de-rua-em-sao-paulo-tera-mais-de-600-blocos\/#primaryimage"},"thumbnailUrl":"https:\/\/www.notibras.com\/site\/wp-content\/uploads\/2026\/01\/0g0a8304.webp","articleSection":["Leitura Vip"],"inLanguage":"pt-BR"},{"@type":"WebPage","@id":"https:\/\/www.notibras.com\/site\/carnaval-de-rua-em-sao-paulo-tera-mais-de-600-blocos\/","url":"https:\/\/www.notibras.com\/site\/carnaval-de-rua-em-sao-paulo-tera-mais-de-600-blocos\/","name":"Carnaval de rua em S\u00e3o Paulo ter\u00e1 mais de 600 blocos - Notibras","isPartOf":{"@id":"https:\/\/www.notibras.com\/site\/#website"},"primaryImageOfPage":{"@id":"https:\/\/www.notibras.com\/site\/carnaval-de-rua-em-sao-paulo-tera-mais-de-600-blocos\/#primaryimage"},"image":{"@id":"https:\/\/www.notibras.com\/site\/carnaval-de-rua-em-sao-paulo-tera-mais-de-600-blocos\/#primaryimage"},"thumbnailUrl":"https:\/\/www.notibras.com\/site\/wp-content\/uploads\/2026\/01\/0g0a8304.webp","datePublished":"2026-01-25T03:00:23+00:00","dateModified":"2026-01-25T11:14:32+00:00","breadcrumb":{"@id":"https:\/\/www.notibras.com\/site\/carnaval-de-rua-em-sao-paulo-tera-mais-de-600-blocos\/#breadcrumb"},"inLanguage":"pt-BR","potentialAction":[{"@type":"ReadAction","target":["https:\/\/www.notibras.com\/site\/carnaval-de-rua-em-sao-paulo-tera-mais-de-600-blocos\/"]}]},{"@type":"ImageObject","inLanguage":"pt-BR","@id":"https:\/\/www.notibras.com\/site\/carnaval-de-rua-em-sao-paulo-tera-mais-de-600-blocos\/#primaryimage","url":"https:\/\/www.notibras.com\/site\/wp-content\/uploads\/2026\/01\/0g0a8304.webp","contentUrl":"https:\/\/www.notibras.com\/site\/wp-content\/uploads\/2026\/01\/0g0a8304.webp","width":1170,"height":700},{"@type":"BreadcrumbList","@id":"https:\/\/www.notibras.com\/site\/carnaval-de-rua-em-sao-paulo-tera-mais-de-600-blocos\/#breadcrumb","itemListElement":[{"@type":"ListItem","position":1,"name":"In\u00edcio","item":"https:\/\/www.notibras.com\/site\/"},{"@type":"ListItem","position":2,"name":"Carnaval de rua em S\u00e3o Paulo ter\u00e1 mais de 600 blocos"}]},{"@type":"WebSite","@id":"https:\/\/www.notibras.com\/site\/#website","url":"https:\/\/www.notibras.com\/site\/","name":"Notibras","description":"Not\u00edcias de Bras\u00edlia, do Brasil e do Mundo","publisher":{"@id":"https:\/\/www.notibras.com\/site\/#organization"},"potentialAction":[{"@type":"SearchAction","target":{"@type":"EntryPoint","urlTemplate":"https:\/\/www.notibras.com\/site\/?s={search_term_string}"},"query-input":{"@type":"PropertyValueSpecification","valueRequired":true,"valueName":"search_term_string"}}],"inLanguage":"pt-BR"},{"@type":"Organization","@id":"https:\/\/www.notibras.com\/site\/#organization","name":"Grupo Notibras de Comunica\u00e7\u00e3o","url":"https:\/\/www.notibras.com\/site\/","logo":{"@type":"ImageObject","inLanguage":"pt-BR","@id":"https:\/\/www.notibras.com\/site\/#\/schema\/logo\/image\/","url":"https:\/\/www.notibras.com\/site\/wp-content\/uploads\/2023\/01\/notibras23.png","contentUrl":"https:\/\/www.notibras.com\/site\/wp-content\/uploads\/2023\/01\/notibras23.png","width":350,"height":87,"caption":"Grupo Notibras de Comunica\u00e7\u00e3o"},"image":{"@id":"https:\/\/www.notibras.com\/site\/#\/schema\/logo\/image\/"},"sameAs":["https:\/\/www.facebook.com\/notibras\/","https:\/\/x.com\/Notibras","https:\/\/www.instagram.com\/notibras\/"]},{"@type":"Person","@id":"https:\/\/www.notibras.com\/site\/#\/schema\/person\/36ab0979449956132d3e5b517ea76ac8","name":"Reda\u00e7\u00e3o","image":{"@type":"ImageObject","inLanguage":"pt-BR","@id":"https:\/\/secure.gravatar.com\/avatar\/e0a867bdedb85fd243eadf09663511f96fc81e0720a4a42581f334ad4303aa6b?s=96&d=mm&r=g","url":"https:\/\/secure.gravatar.com\/avatar\/e0a867bdedb85fd243eadf09663511f96fc81e0720a4a42581f334ad4303aa6b?s=96&d=mm&r=g","contentUrl":"https:\/\/secure.gravatar.com\/avatar\/e0a867bdedb85fd243eadf09663511f96fc81e0720a4a42581f334ad4303aa6b?s=96&d=mm&r=g","caption":"Reda\u00e7\u00e3o"}}]}},"amp_enabled":true,"_links":{"self":[{"href":"https:\/\/www.notibras.com\/site\/wp-json\/wp\/v2\/posts\/380463","targetHints":{"allow":["GET"]}}],"collection":[{"href":"https:\/\/www.notibras.com\/site\/wp-json\/wp\/v2\/posts"}],"about":[{"href":"https:\/\/www.notibras.com\/site\/wp-json\/wp\/v2\/types\/post"}],"author":[{"embeddable":true,"href":"https:\/\/www.notibras.com\/site\/wp-json\/wp\/v2\/users\/2"}],"replies":[{"embeddable":true,"href":"https:\/\/www.notibras.com\/site\/wp-json\/wp\/v2\/comments?post=380463"}],"version-history":[{"count":1,"href":"https:\/\/www.notibras.com\/site\/wp-json\/wp\/v2\/posts\/380463\/revisions"}],"predecessor-version":[{"id":380465,"href":"https:\/\/www.notibras.com\/site\/wp-json\/wp\/v2\/posts\/380463\/revisions\/380465"}],"wp:featuredmedia":[{"embeddable":true,"href":"https:\/\/www.notibras.com\/site\/wp-json\/wp\/v2\/media\/380464"}],"wp:attachment":[{"href":"https:\/\/www.notibras.com\/site\/wp-json\/wp\/v2\/media?parent=380463"}],"wp:term":[{"taxonomy":"category","embeddable":true,"href":"https:\/\/www.notibras.com\/site\/wp-json\/wp\/v2\/categories?post=380463"},{"taxonomy":"post_tag","embeddable":true,"href":"https:\/\/www.notibras.com\/site\/wp-json\/wp\/v2\/tags?post=380463"}],"curies":[{"name":"wp","href":"https:\/\/api.w.org\/{rel}","templated":true}]}}