{"id":380466,"date":"2026-01-25T08:19:19","date_gmt":"2026-01-25T11:19:19","guid":{"rendered":"https:\/\/www.notibras.com\/site\/?p=380466"},"modified":"2026-01-25T08:19:19","modified_gmt":"2026-01-25T11:19:19","slug":"com-um-passo-de-cada-vez-nordeste-constroi-uma-sociedade-melhor","status":"publish","type":"post","link":"https:\/\/www.notibras.com\/site\/com-um-passo-de-cada-vez-nordeste-constroi-uma-sociedade-melhor\/","title":{"rendered":"Com um passo de cada vez, Nordeste constr\u00f3i uma sociedade melhor"},"content":{"rendered":"<p>No Nordeste, a cidadania n\u00e3o nasce pronta \u2014 ela se constr\u00f3i no caminho, passo mi\u00fado, \u00e0s vezes descal\u00e7o, quase sempre coletivo. \u00c9 no gesto simples, quase invis\u00edvel, que o sentido de pertencimento ganha forma. Um mutir\u00e3o para limpar a pra\u00e7a, uma reuni\u00e3o na associa\u00e7\u00e3o de moradores, a cobran\u00e7a firme (e justa) por servi\u00e7os p\u00fablicos melhores. Tudo isso \u00e9 cidadania ativa em movimento.<\/p>\n<p>Aqui, participar nunca foi luxo. Sempre foi necessidade. O nordestino aprendeu cedo que esperar sentado n\u00e3o resolve, e que reclamar sem agir cansa. Por isso, a cidadania brota do ch\u00e3o: da escola que vira espa\u00e7o de debate, da igreja que acolhe al\u00e9m da f\u00e9, do sindicato que organiza, da juventude que ocupa redes sociais para reivindicar direitos e espalhar consci\u00eancia.<\/p>\n<p>A cidadania ativa no Nordeste tamb\u00e9m tem sotaque de resist\u00eancia. Resistir \u00e0 desigualdade, ao esquecimento hist\u00f3rico, \u00e0 ideia equivocada de que desenvolvimento s\u00f3 chega de fora. Quando comunidades se organizam para proteger o meio ambiente, quando mulheres lideram projetos sociais, quando jovens perif\u00e9ricos transformam cultura em voz pol\u00edtica, o Nordeste mostra que democracia n\u00e3o \u00e9 teoria \u2014 \u00e9 pr\u00e1tica di\u00e1ria.<\/p>\n<p>N\u00e3o se trata apenas de votar, embora o voto seja sagrado. Trata-se de acompanhar, fiscalizar, propor. De entender que direitos caminham junto com deveres. Que cobrar transpar\u00eancia exige informa\u00e7\u00e3o. E que mudar a realidade come\u00e7a dentro de casa, mas n\u00e3o termina no pr\u00f3prio quintal.<\/p>\n<p>Cada passo pode parecer pequeno, mas no conjunto ele redesenha o mapa social da regi\u00e3o. Uma sociedade melhor n\u00e3o nasce de um grande ato heroico, e sim da soma de muitas atitudes persistentes. No Nordeste, onde a esperan\u00e7a nunca foi abundante, mas sempre foi teimosa, a cidadania ativa \u00e9 essa for\u00e7a silenciosa que empurra o futuro para frente.<\/p>\n<p>E assim, passo a passo, o Nordeste segue provando que construir uma sociedade mais justa n\u00e3o \u00e9 promessa distante \u2014 \u00e9 caminhada di\u00e1ria, feita por gente comum que decidiu n\u00e3o cruzar os bra\u00e7os.<\/p>\n","protected":false},"excerpt":{"rendered":"<p>No Nordeste, a cidadania n\u00e3o nasce pronta \u2014 ela se constr\u00f3i no caminho, passo mi\u00fado, \u00e0s vezes descal\u00e7o, quase sempre coletivo. \u00c9 no gesto simples, quase invis\u00edvel, que o sentido de pertencimento ganha forma. Um mutir\u00e3o para limpar a pra\u00e7a, uma reuni\u00e3o na associa\u00e7\u00e3o de moradores, a cobran\u00e7a firme (e justa) por servi\u00e7os p\u00fablicos melhores. [&hellip;]<\/p>\n","protected":false},"author":2,"featured_media":380467,"comment_status":"closed","ping_status":"closed","sticky":false,"template":"","format":"standard","meta":{"_acf_changed":false,"footnotes":""},"categories":[165],"tags":[],"class_list":["post-380466","post","type-post","status-publish","format-standard","has-post-thumbnail","hentry","category-nordeste"],"acf":[],"yoast_head":"<!-- This site is optimized with the Yoast SEO plugin v27.2 - https:\/\/yoast.com\/product\/yoast-seo-wordpress\/ -->\n<title>Com um passo de cada vez, Nordeste constr\u00f3i uma sociedade melhor - Notibras<\/title>\n<meta name=\"robots\" content=\"index, follow, max-snippet:-1, max-image-preview:large, max-video-preview:-1\" \/>\n<link rel=\"canonical\" href=\"https:\/\/www.notibras.com\/site\/com-um-passo-de-cada-vez-nordeste-constroi-uma-sociedade-melhor\/\" \/>\n<meta property=\"og:locale\" content=\"pt_BR\" \/>\n<meta property=\"og:type\" content=\"article\" \/>\n<meta property=\"og:title\" content=\"Com um passo de cada vez, Nordeste constr\u00f3i uma sociedade melhor - Notibras\" \/>\n<meta property=\"og:description\" content=\"No Nordeste, a cidadania n\u00e3o nasce pronta \u2014 ela se constr\u00f3i no caminho, passo mi\u00fado, \u00e0s vezes descal\u00e7o, quase sempre coletivo. \u00c9 no gesto simples, quase invis\u00edvel, que o sentido de pertencimento ganha forma. Um mutir\u00e3o para limpar a pra\u00e7a, uma reuni\u00e3o na associa\u00e7\u00e3o de moradores, a cobran\u00e7a firme (e justa) por servi\u00e7os p\u00fablicos melhores. [&hellip;]\" \/>\n<meta property=\"og:url\" content=\"https:\/\/www.notibras.com\/site\/com-um-passo-de-cada-vez-nordeste-constroi-uma-sociedade-melhor\/\" \/>\n<meta property=\"og:site_name\" content=\"Notibras\" \/>\n<meta property=\"article:publisher\" content=\"https:\/\/www.facebook.com\/notibras\/\" \/>\n<meta property=\"article:published_time\" content=\"2026-01-25T11:19:19+00:00\" \/>\n<meta property=\"og:image\" content=\"https:\/\/www.notibras.com\/site\/wp-content\/uploads\/2026\/01\/82c16a53-bd90-4e48-9ae2-3618c85553ff.jpg\" \/>\n\t<meta property=\"og:image:width\" content=\"1024\" \/>\n\t<meta property=\"og:image:height\" content=\"576\" \/>\n\t<meta property=\"og:image:type\" content=\"image\/jpeg\" \/>\n<meta name=\"author\" content=\"Reda\u00e7\u00e3o\" \/>\n<meta name=\"twitter:card\" content=\"summary_large_image\" \/>\n<meta name=\"twitter:creator\" content=\"@Notibras\" \/>\n<meta name=\"twitter:site\" content=\"@Notibras\" \/>\n<meta name=\"twitter:label1\" content=\"Escrito por\" \/>\n\t<meta name=\"twitter:data1\" content=\"Reda\u00e7\u00e3o\" \/>\n\t<meta name=\"twitter:label2\" content=\"Est. tempo de leitura\" \/>\n\t<meta name=\"twitter:data2\" content=\"2 minutos\" \/>\n<script type=\"application\/ld+json\" class=\"yoast-schema-graph\">{\"@context\":\"https:\/\/schema.org\",\"@graph\":[{\"@type\":\"Article\",\"@id\":\"https:\/\/www.notibras.com\/site\/com-um-passo-de-cada-vez-nordeste-constroi-uma-sociedade-melhor\/#article\",\"isPartOf\":{\"@id\":\"https:\/\/www.notibras.com\/site\/com-um-passo-de-cada-vez-nordeste-constroi-uma-sociedade-melhor\/\"},\"author\":{\"name\":\"Reda\u00e7\u00e3o\",\"@id\":\"https:\/\/www.notibras.com\/site\/#\/schema\/person\/36ab0979449956132d3e5b517ea76ac8\"},\"headline\":\"Com um passo de cada vez, Nordeste constr\u00f3i uma sociedade melhor\",\"datePublished\":\"2026-01-25T11:19:19+00:00\",\"mainEntityOfPage\":{\"@id\":\"https:\/\/www.notibras.com\/site\/com-um-passo-de-cada-vez-nordeste-constroi-uma-sociedade-melhor\/\"},\"wordCount\":356,\"publisher\":{\"@id\":\"https:\/\/www.notibras.com\/site\/#organization\"},\"image\":{\"@id\":\"https:\/\/www.notibras.com\/site\/com-um-passo-de-cada-vez-nordeste-constroi-uma-sociedade-melhor\/#primaryimage\"},\"thumbnailUrl\":\"https:\/\/www.notibras.com\/site\/wp-content\/uploads\/2026\/01\/82c16a53-bd90-4e48-9ae2-3618c85553ff.jpg\",\"articleSection\":[\"Nordeste\"],\"inLanguage\":\"pt-BR\"},{\"@type\":\"WebPage\",\"@id\":\"https:\/\/www.notibras.com\/site\/com-um-passo-de-cada-vez-nordeste-constroi-uma-sociedade-melhor\/\",\"url\":\"https:\/\/www.notibras.com\/site\/com-um-passo-de-cada-vez-nordeste-constroi-uma-sociedade-melhor\/\",\"name\":\"Com um passo de cada vez, Nordeste constr\u00f3i uma sociedade melhor - Notibras\",\"isPartOf\":{\"@id\":\"https:\/\/www.notibras.com\/site\/#website\"},\"primaryImageOfPage\":{\"@id\":\"https:\/\/www.notibras.com\/site\/com-um-passo-de-cada-vez-nordeste-constroi-uma-sociedade-melhor\/#primaryimage\"},\"image\":{\"@id\":\"https:\/\/www.notibras.com\/site\/com-um-passo-de-cada-vez-nordeste-constroi-uma-sociedade-melhor\/#primaryimage\"},\"thumbnailUrl\":\"https:\/\/www.notibras.com\/site\/wp-content\/uploads\/2026\/01\/82c16a53-bd90-4e48-9ae2-3618c85553ff.jpg\",\"datePublished\":\"2026-01-25T11:19:19+00:00\",\"breadcrumb\":{\"@id\":\"https:\/\/www.notibras.com\/site\/com-um-passo-de-cada-vez-nordeste-constroi-uma-sociedade-melhor\/#breadcrumb\"},\"inLanguage\":\"pt-BR\",\"potentialAction\":[{\"@type\":\"ReadAction\",\"target\":[\"https:\/\/www.notibras.com\/site\/com-um-passo-de-cada-vez-nordeste-constroi-uma-sociedade-melhor\/\"]}]},{\"@type\":\"ImageObject\",\"inLanguage\":\"pt-BR\",\"@id\":\"https:\/\/www.notibras.com\/site\/com-um-passo-de-cada-vez-nordeste-constroi-uma-sociedade-melhor\/#primaryimage\",\"url\":\"https:\/\/www.notibras.com\/site\/wp-content\/uploads\/2026\/01\/82c16a53-bd90-4e48-9ae2-3618c85553ff.jpg\",\"contentUrl\":\"https:\/\/www.notibras.com\/site\/wp-content\/uploads\/2026\/01\/82c16a53-bd90-4e48-9ae2-3618c85553ff.jpg\",\"width\":1024,\"height\":576},{\"@type\":\"BreadcrumbList\",\"@id\":\"https:\/\/www.notibras.com\/site\/com-um-passo-de-cada-vez-nordeste-constroi-uma-sociedade-melhor\/#breadcrumb\",\"itemListElement\":[{\"@type\":\"ListItem\",\"position\":1,\"name\":\"In\u00edcio\",\"item\":\"https:\/\/www.notibras.com\/site\/\"},{\"@type\":\"ListItem\",\"position\":2,\"name\":\"Com um passo de cada vez, Nordeste constr\u00f3i uma sociedade melhor\"}]},{\"@type\":\"WebSite\",\"@id\":\"https:\/\/www.notibras.com\/site\/#website\",\"url\":\"https:\/\/www.notibras.com\/site\/\",\"name\":\"Notibras\",\"description\":\"Not\u00edcias de Bras\u00edlia, do Brasil e do Mundo\",\"publisher\":{\"@id\":\"https:\/\/www.notibras.com\/site\/#organization\"},\"potentialAction\":[{\"@type\":\"SearchAction\",\"target\":{\"@type\":\"EntryPoint\",\"urlTemplate\":\"https:\/\/www.notibras.com\/site\/?s={search_term_string}\"},\"query-input\":{\"@type\":\"PropertyValueSpecification\",\"valueRequired\":true,\"valueName\":\"search_term_string\"}}],\"inLanguage\":\"pt-BR\"},{\"@type\":\"Organization\",\"@id\":\"https:\/\/www.notibras.com\/site\/#organization\",\"name\":\"Grupo Notibras de Comunica\u00e7\u00e3o\",\"url\":\"https:\/\/www.notibras.com\/site\/\",\"logo\":{\"@type\":\"ImageObject\",\"inLanguage\":\"pt-BR\",\"@id\":\"https:\/\/www.notibras.com\/site\/#\/schema\/logo\/image\/\",\"url\":\"https:\/\/www.notibras.com\/site\/wp-content\/uploads\/2023\/01\/notibras23.png\",\"contentUrl\":\"https:\/\/www.notibras.com\/site\/wp-content\/uploads\/2023\/01\/notibras23.png\",\"width\":350,\"height\":87,\"caption\":\"Grupo Notibras de Comunica\u00e7\u00e3o\"},\"image\":{\"@id\":\"https:\/\/www.notibras.com\/site\/#\/schema\/logo\/image\/\"},\"sameAs\":[\"https:\/\/www.facebook.com\/notibras\/\",\"https:\/\/x.com\/Notibras\",\"https:\/\/www.instagram.com\/notibras\/\"]},{\"@type\":\"Person\",\"@id\":\"https:\/\/www.notibras.com\/site\/#\/schema\/person\/36ab0979449956132d3e5b517ea76ac8\",\"name\":\"Reda\u00e7\u00e3o\",\"image\":{\"@type\":\"ImageObject\",\"inLanguage\":\"pt-BR\",\"@id\":\"https:\/\/secure.gravatar.com\/avatar\/e0a867bdedb85fd243eadf09663511f96fc81e0720a4a42581f334ad4303aa6b?s=96&d=mm&r=g\",\"url\":\"https:\/\/secure.gravatar.com\/avatar\/e0a867bdedb85fd243eadf09663511f96fc81e0720a4a42581f334ad4303aa6b?s=96&d=mm&r=g\",\"contentUrl\":\"https:\/\/secure.gravatar.com\/avatar\/e0a867bdedb85fd243eadf09663511f96fc81e0720a4a42581f334ad4303aa6b?s=96&d=mm&r=g\",\"caption\":\"Reda\u00e7\u00e3o\"}}]}<\/script>\n<!-- \/ Yoast SEO plugin. -->","yoast_head_json":{"title":"Com um passo de cada vez, Nordeste constr\u00f3i uma sociedade melhor - Notibras","robots":{"index":"index","follow":"follow","max-snippet":"max-snippet:-1","max-image-preview":"max-image-preview:large","max-video-preview":"max-video-preview:-1"},"canonical":"https:\/\/www.notibras.com\/site\/com-um-passo-de-cada-vez-nordeste-constroi-uma-sociedade-melhor\/","og_locale":"pt_BR","og_type":"article","og_title":"Com um passo de cada vez, Nordeste constr\u00f3i uma sociedade melhor - Notibras","og_description":"No Nordeste, a cidadania n\u00e3o nasce pronta \u2014 ela se constr\u00f3i no caminho, passo mi\u00fado, \u00e0s vezes descal\u00e7o, quase sempre coletivo. \u00c9 no gesto simples, quase invis\u00edvel, que o sentido de pertencimento ganha forma. Um mutir\u00e3o para limpar a pra\u00e7a, uma reuni\u00e3o na associa\u00e7\u00e3o de moradores, a cobran\u00e7a firme (e justa) por servi\u00e7os p\u00fablicos melhores. [&hellip;]","og_url":"https:\/\/www.notibras.com\/site\/com-um-passo-de-cada-vez-nordeste-constroi-uma-sociedade-melhor\/","og_site_name":"Notibras","article_publisher":"https:\/\/www.facebook.com\/notibras\/","article_published_time":"2026-01-25T11:19:19+00:00","og_image":[{"width":1024,"height":576,"url":"https:\/\/www.notibras.com\/site\/wp-content\/uploads\/2026\/01\/82c16a53-bd90-4e48-9ae2-3618c85553ff.jpg","type":"image\/jpeg"}],"author":"Reda\u00e7\u00e3o","twitter_card":"summary_large_image","twitter_creator":"@Notibras","twitter_site":"@Notibras","twitter_misc":{"Escrito por":"Reda\u00e7\u00e3o","Est. tempo de leitura":"2 minutos"},"schema":{"@context":"https:\/\/schema.org","@graph":[{"@type":"Article","@id":"https:\/\/www.notibras.com\/site\/com-um-passo-de-cada-vez-nordeste-constroi-uma-sociedade-melhor\/#article","isPartOf":{"@id":"https:\/\/www.notibras.com\/site\/com-um-passo-de-cada-vez-nordeste-constroi-uma-sociedade-melhor\/"},"author":{"name":"Reda\u00e7\u00e3o","@id":"https:\/\/www.notibras.com\/site\/#\/schema\/person\/36ab0979449956132d3e5b517ea76ac8"},"headline":"Com um passo de cada vez, Nordeste constr\u00f3i uma sociedade melhor","datePublished":"2026-01-25T11:19:19+00:00","mainEntityOfPage":{"@id":"https:\/\/www.notibras.com\/site\/com-um-passo-de-cada-vez-nordeste-constroi-uma-sociedade-melhor\/"},"wordCount":356,"publisher":{"@id":"https:\/\/www.notibras.com\/site\/#organization"},"image":{"@id":"https:\/\/www.notibras.com\/site\/com-um-passo-de-cada-vez-nordeste-constroi-uma-sociedade-melhor\/#primaryimage"},"thumbnailUrl":"https:\/\/www.notibras.com\/site\/wp-content\/uploads\/2026\/01\/82c16a53-bd90-4e48-9ae2-3618c85553ff.jpg","articleSection":["Nordeste"],"inLanguage":"pt-BR"},{"@type":"WebPage","@id":"https:\/\/www.notibras.com\/site\/com-um-passo-de-cada-vez-nordeste-constroi-uma-sociedade-melhor\/","url":"https:\/\/www.notibras.com\/site\/com-um-passo-de-cada-vez-nordeste-constroi-uma-sociedade-melhor\/","name":"Com um passo de cada vez, Nordeste constr\u00f3i uma sociedade melhor - Notibras","isPartOf":{"@id":"https:\/\/www.notibras.com\/site\/#website"},"primaryImageOfPage":{"@id":"https:\/\/www.notibras.com\/site\/com-um-passo-de-cada-vez-nordeste-constroi-uma-sociedade-melhor\/#primaryimage"},"image":{"@id":"https:\/\/www.notibras.com\/site\/com-um-passo-de-cada-vez-nordeste-constroi-uma-sociedade-melhor\/#primaryimage"},"thumbnailUrl":"https:\/\/www.notibras.com\/site\/wp-content\/uploads\/2026\/01\/82c16a53-bd90-4e48-9ae2-3618c85553ff.jpg","datePublished":"2026-01-25T11:19:19+00:00","breadcrumb":{"@id":"https:\/\/www.notibras.com\/site\/com-um-passo-de-cada-vez-nordeste-constroi-uma-sociedade-melhor\/#breadcrumb"},"inLanguage":"pt-BR","potentialAction":[{"@type":"ReadAction","target":["https:\/\/www.notibras.com\/site\/com-um-passo-de-cada-vez-nordeste-constroi-uma-sociedade-melhor\/"]}]},{"@type":"ImageObject","inLanguage":"pt-BR","@id":"https:\/\/www.notibras.com\/site\/com-um-passo-de-cada-vez-nordeste-constroi-uma-sociedade-melhor\/#primaryimage","url":"https:\/\/www.notibras.com\/site\/wp-content\/uploads\/2026\/01\/82c16a53-bd90-4e48-9ae2-3618c85553ff.jpg","contentUrl":"https:\/\/www.notibras.com\/site\/wp-content\/uploads\/2026\/01\/82c16a53-bd90-4e48-9ae2-3618c85553ff.jpg","width":1024,"height":576},{"@type":"BreadcrumbList","@id":"https:\/\/www.notibras.com\/site\/com-um-passo-de-cada-vez-nordeste-constroi-uma-sociedade-melhor\/#breadcrumb","itemListElement":[{"@type":"ListItem","position":1,"name":"In\u00edcio","item":"https:\/\/www.notibras.com\/site\/"},{"@type":"ListItem","position":2,"name":"Com um passo de cada vez, Nordeste constr\u00f3i uma sociedade melhor"}]},{"@type":"WebSite","@id":"https:\/\/www.notibras.com\/site\/#website","url":"https:\/\/www.notibras.com\/site\/","name":"Notibras","description":"Not\u00edcias de Bras\u00edlia, do Brasil e do Mundo","publisher":{"@id":"https:\/\/www.notibras.com\/site\/#organization"},"potentialAction":[{"@type":"SearchAction","target":{"@type":"EntryPoint","urlTemplate":"https:\/\/www.notibras.com\/site\/?s={search_term_string}"},"query-input":{"@type":"PropertyValueSpecification","valueRequired":true,"valueName":"search_term_string"}}],"inLanguage":"pt-BR"},{"@type":"Organization","@id":"https:\/\/www.notibras.com\/site\/#organization","name":"Grupo Notibras de Comunica\u00e7\u00e3o","url":"https:\/\/www.notibras.com\/site\/","logo":{"@type":"ImageObject","inLanguage":"pt-BR","@id":"https:\/\/www.notibras.com\/site\/#\/schema\/logo\/image\/","url":"https:\/\/www.notibras.com\/site\/wp-content\/uploads\/2023\/01\/notibras23.png","contentUrl":"https:\/\/www.notibras.com\/site\/wp-content\/uploads\/2023\/01\/notibras23.png","width":350,"height":87,"caption":"Grupo Notibras de Comunica\u00e7\u00e3o"},"image":{"@id":"https:\/\/www.notibras.com\/site\/#\/schema\/logo\/image\/"},"sameAs":["https:\/\/www.facebook.com\/notibras\/","https:\/\/x.com\/Notibras","https:\/\/www.instagram.com\/notibras\/"]},{"@type":"Person","@id":"https:\/\/www.notibras.com\/site\/#\/schema\/person\/36ab0979449956132d3e5b517ea76ac8","name":"Reda\u00e7\u00e3o","image":{"@type":"ImageObject","inLanguage":"pt-BR","@id":"https:\/\/secure.gravatar.com\/avatar\/e0a867bdedb85fd243eadf09663511f96fc81e0720a4a42581f334ad4303aa6b?s=96&d=mm&r=g","url":"https:\/\/secure.gravatar.com\/avatar\/e0a867bdedb85fd243eadf09663511f96fc81e0720a4a42581f334ad4303aa6b?s=96&d=mm&r=g","contentUrl":"https:\/\/secure.gravatar.com\/avatar\/e0a867bdedb85fd243eadf09663511f96fc81e0720a4a42581f334ad4303aa6b?s=96&d=mm&r=g","caption":"Reda\u00e7\u00e3o"}}]}},"amp_enabled":true,"_links":{"self":[{"href":"https:\/\/www.notibras.com\/site\/wp-json\/wp\/v2\/posts\/380466","targetHints":{"allow":["GET"]}}],"collection":[{"href":"https:\/\/www.notibras.com\/site\/wp-json\/wp\/v2\/posts"}],"about":[{"href":"https:\/\/www.notibras.com\/site\/wp-json\/wp\/v2\/types\/post"}],"author":[{"embeddable":true,"href":"https:\/\/www.notibras.com\/site\/wp-json\/wp\/v2\/users\/2"}],"replies":[{"embeddable":true,"href":"https:\/\/www.notibras.com\/site\/wp-json\/wp\/v2\/comments?post=380466"}],"version-history":[{"count":1,"href":"https:\/\/www.notibras.com\/site\/wp-json\/wp\/v2\/posts\/380466\/revisions"}],"predecessor-version":[{"id":380468,"href":"https:\/\/www.notibras.com\/site\/wp-json\/wp\/v2\/posts\/380466\/revisions\/380468"}],"wp:featuredmedia":[{"embeddable":true,"href":"https:\/\/www.notibras.com\/site\/wp-json\/wp\/v2\/media\/380467"}],"wp:attachment":[{"href":"https:\/\/www.notibras.com\/site\/wp-json\/wp\/v2\/media?parent=380466"}],"wp:term":[{"taxonomy":"category","embeddable":true,"href":"https:\/\/www.notibras.com\/site\/wp-json\/wp\/v2\/categories?post=380466"},{"taxonomy":"post_tag","embeddable":true,"href":"https:\/\/www.notibras.com\/site\/wp-json\/wp\/v2\/tags?post=380466"}],"curies":[{"name":"wp","href":"https:\/\/api.w.org\/{rel}","templated":true}]}}