{"id":380475,"date":"2026-01-25T00:00:01","date_gmt":"2026-01-25T03:00:01","guid":{"rendered":"https:\/\/www.notibras.com\/site\/?p=380475"},"modified":"2026-01-25T08:34:31","modified_gmt":"2026-01-25T11:34:31","slug":"policia-do-maranhao-reve-planos-apos-depoimento-de-menino","status":"publish","type":"post","link":"https:\/\/www.notibras.com\/site\/policia-do-maranhao-reve-planos-apos-depoimento-de-menino\/","title":{"rendered":"Pol\u00edcia do Maranh\u00e3o rev\u00ea planos ap\u00f3s depoimento de menino"},"content":{"rendered":"<p>O desaparecimento dos irm\u00e3os \u00c1gatha Isabelly, de 6 anos, e Allan Michael, de 4, completou 21 dias neste s\u00e1bado (24) e levou a uma mudan\u00e7a na estrat\u00e9gia das buscas em Bacabal (MA). Isso ocorre ap\u00f3s o depoimento do primo de 8 anos que estava com as crian\u00e7as e com a aus\u00eancia de vest\u00edgios nas \u00e1reas vasculhadas.<\/p>\n<p>Depois de varreduras minuciosas em diversas \u00e1reas, sem pistas significativas, as autoridades informaram que as buscas ser\u00e3o reduzidas, enquanto a investiga\u00e7\u00e3o policial ser\u00e1 intensificada. Segundo a Secretaria de Estado de Seguran\u00e7a P\u00fablica do Maranh\u00e3o (SSP-MA), as equipes permanecem em prontid\u00e3o para retomar as buscas em locais espec\u00edficos caso novos ind\u00edcios surjam.<\/p>\n<p>\u201cO trabalho continua. A Pol\u00edcia Militar e a Pol\u00edcia Civil, por meio do inqu\u00e9rito, v\u00e3o dar mais vaz\u00e3o \u00e0s suas atividades. Enquanto isso, buscas localizadas ser\u00e3o feitas ou refeitas de acordo com a necessidade\u201d, afirmou Maur\u00edcio Martins, secret\u00e1rio de Seguran\u00e7a P\u00fablica do Maranh\u00e3o.<\/p>\n<p>Mesmo com a mudan\u00e7a na estrat\u00e9gia, as buscas no rio Mearim seguem em andamento, e equipes especializadas continuam em prontid\u00e3o para atuar em \u00e1reas de mata e lago.<\/p>\n<p>\u201cInfelizmente, n\u00f3s n\u00e3o encontramos as crian\u00e7as. Vamos redirecionar os trabalhos, dando foco \u00e0s investiga\u00e7\u00f5es da Pol\u00edcia Civil e mantendo grupos especializados em atividades rurais para o rastreamento, incluindo o Ex\u00e9rcito Brasileiro\u201d, acrescentou o secret\u00e1rio.<\/p>\n","protected":false},"excerpt":{"rendered":"<p>O desaparecimento dos irm\u00e3os \u00c1gatha Isabelly, de 6 anos, e Allan Michael, de 4, completou 21 dias neste s\u00e1bado (24) e levou a uma mudan\u00e7a na estrat\u00e9gia das buscas em Bacabal (MA). Isso ocorre ap\u00f3s o depoimento do primo de 8 anos que estava com as crian\u00e7as e com a aus\u00eancia de vest\u00edgios nas \u00e1reas [&hellip;]<\/p>\n","protected":false},"author":2,"featured_media":380476,"comment_status":"closed","ping_status":"closed","sticky":false,"template":"","format":"standard","meta":{"_acf_changed":false,"footnotes":""},"categories":[165],"tags":[],"class_list":["post-380475","post","type-post","status-publish","format-standard","has-post-thumbnail","hentry","category-nordeste"],"acf":[],"yoast_head":"<!-- This site is optimized with the Yoast SEO plugin v27.2 - https:\/\/yoast.com\/product\/yoast-seo-wordpress\/ -->\n<title>Pol\u00edcia do Maranh\u00e3o rev\u00ea planos ap\u00f3s depoimento de menino - Notibras<\/title>\n<meta name=\"robots\" content=\"index, follow, max-snippet:-1, max-image-preview:large, max-video-preview:-1\" \/>\n<link rel=\"canonical\" href=\"https:\/\/www.notibras.com\/site\/policia-do-maranhao-reve-planos-apos-depoimento-de-menino\/\" \/>\n<meta property=\"og:locale\" content=\"pt_BR\" \/>\n<meta property=\"og:type\" content=\"article\" \/>\n<meta property=\"og:title\" content=\"Pol\u00edcia do Maranh\u00e3o rev\u00ea planos ap\u00f3s depoimento de menino - Notibras\" \/>\n<meta property=\"og:description\" content=\"O desaparecimento dos irm\u00e3os \u00c1gatha Isabelly, de 6 anos, e Allan Michael, de 4, completou 21 dias neste s\u00e1bado (24) e levou a uma mudan\u00e7a na estrat\u00e9gia das buscas em Bacabal (MA). Isso ocorre ap\u00f3s o depoimento do primo de 8 anos que estava com as crian\u00e7as e com a aus\u00eancia de vest\u00edgios nas \u00e1reas [&hellip;]\" \/>\n<meta property=\"og:url\" content=\"https:\/\/www.notibras.com\/site\/policia-do-maranhao-reve-planos-apos-depoimento-de-menino\/\" \/>\n<meta property=\"og:site_name\" content=\"Notibras\" \/>\n<meta property=\"article:publisher\" content=\"https:\/\/www.facebook.com\/notibras\/\" \/>\n<meta property=\"article:published_time\" content=\"2026-01-25T03:00:01+00:00\" \/>\n<meta property=\"article:modified_time\" content=\"2026-01-25T11:34:31+00:00\" \/>\n<meta property=\"og:image\" content=\"https:\/\/www.notibras.com\/site\/wp-content\/uploads\/2026\/01\/ab16e073-268b-4d61-a68f-e7c1702840ff.jpg\" \/>\n\t<meta property=\"og:image:width\" content=\"920\" \/>\n\t<meta property=\"og:image:height\" content=\"1280\" \/>\n\t<meta property=\"og:image:type\" content=\"image\/jpeg\" \/>\n<meta name=\"author\" content=\"Reda\u00e7\u00e3o\" \/>\n<meta name=\"twitter:card\" content=\"summary_large_image\" \/>\n<meta name=\"twitter:creator\" content=\"@Notibras\" \/>\n<meta name=\"twitter:site\" content=\"@Notibras\" \/>\n<meta name=\"twitter:label1\" content=\"Escrito por\" \/>\n\t<meta name=\"twitter:data1\" content=\"Reda\u00e7\u00e3o\" \/>\n\t<meta name=\"twitter:label2\" content=\"Est. tempo de leitura\" \/>\n\t<meta name=\"twitter:data2\" content=\"2 minutos\" \/>\n<script type=\"application\/ld+json\" class=\"yoast-schema-graph\">{\"@context\":\"https:\/\/schema.org\",\"@graph\":[{\"@type\":\"Article\",\"@id\":\"https:\/\/www.notibras.com\/site\/policia-do-maranhao-reve-planos-apos-depoimento-de-menino\/#article\",\"isPartOf\":{\"@id\":\"https:\/\/www.notibras.com\/site\/policia-do-maranhao-reve-planos-apos-depoimento-de-menino\/\"},\"author\":{\"name\":\"Reda\u00e7\u00e3o\",\"@id\":\"https:\/\/www.notibras.com\/site\/#\/schema\/person\/36ab0979449956132d3e5b517ea76ac8\"},\"headline\":\"Pol\u00edcia do Maranh\u00e3o rev\u00ea planos ap\u00f3s depoimento de menino\",\"datePublished\":\"2026-01-25T03:00:01+00:00\",\"dateModified\":\"2026-01-25T11:34:31+00:00\",\"mainEntityOfPage\":{\"@id\":\"https:\/\/www.notibras.com\/site\/policia-do-maranhao-reve-planos-apos-depoimento-de-menino\/\"},\"wordCount\":256,\"publisher\":{\"@id\":\"https:\/\/www.notibras.com\/site\/#organization\"},\"image\":{\"@id\":\"https:\/\/www.notibras.com\/site\/policia-do-maranhao-reve-planos-apos-depoimento-de-menino\/#primaryimage\"},\"thumbnailUrl\":\"https:\/\/www.notibras.com\/site\/wp-content\/uploads\/2026\/01\/ab16e073-268b-4d61-a68f-e7c1702840ff.jpg\",\"articleSection\":[\"Nordeste\"],\"inLanguage\":\"pt-BR\"},{\"@type\":\"WebPage\",\"@id\":\"https:\/\/www.notibras.com\/site\/policia-do-maranhao-reve-planos-apos-depoimento-de-menino\/\",\"url\":\"https:\/\/www.notibras.com\/site\/policia-do-maranhao-reve-planos-apos-depoimento-de-menino\/\",\"name\":\"Pol\u00edcia do Maranh\u00e3o rev\u00ea planos ap\u00f3s depoimento de menino - Notibras\",\"isPartOf\":{\"@id\":\"https:\/\/www.notibras.com\/site\/#website\"},\"primaryImageOfPage\":{\"@id\":\"https:\/\/www.notibras.com\/site\/policia-do-maranhao-reve-planos-apos-depoimento-de-menino\/#primaryimage\"},\"image\":{\"@id\":\"https:\/\/www.notibras.com\/site\/policia-do-maranhao-reve-planos-apos-depoimento-de-menino\/#primaryimage\"},\"thumbnailUrl\":\"https:\/\/www.notibras.com\/site\/wp-content\/uploads\/2026\/01\/ab16e073-268b-4d61-a68f-e7c1702840ff.jpg\",\"datePublished\":\"2026-01-25T03:00:01+00:00\",\"dateModified\":\"2026-01-25T11:34:31+00:00\",\"breadcrumb\":{\"@id\":\"https:\/\/www.notibras.com\/site\/policia-do-maranhao-reve-planos-apos-depoimento-de-menino\/#breadcrumb\"},\"inLanguage\":\"pt-BR\",\"potentialAction\":[{\"@type\":\"ReadAction\",\"target\":[\"https:\/\/www.notibras.com\/site\/policia-do-maranhao-reve-planos-apos-depoimento-de-menino\/\"]}]},{\"@type\":\"ImageObject\",\"inLanguage\":\"pt-BR\",\"@id\":\"https:\/\/www.notibras.com\/site\/policia-do-maranhao-reve-planos-apos-depoimento-de-menino\/#primaryimage\",\"url\":\"https:\/\/www.notibras.com\/site\/wp-content\/uploads\/2026\/01\/ab16e073-268b-4d61-a68f-e7c1702840ff.jpg\",\"contentUrl\":\"https:\/\/www.notibras.com\/site\/wp-content\/uploads\/2026\/01\/ab16e073-268b-4d61-a68f-e7c1702840ff.jpg\",\"width\":920,\"height\":1280},{\"@type\":\"BreadcrumbList\",\"@id\":\"https:\/\/www.notibras.com\/site\/policia-do-maranhao-reve-planos-apos-depoimento-de-menino\/#breadcrumb\",\"itemListElement\":[{\"@type\":\"ListItem\",\"position\":1,\"name\":\"In\u00edcio\",\"item\":\"https:\/\/www.notibras.com\/site\/\"},{\"@type\":\"ListItem\",\"position\":2,\"name\":\"Pol\u00edcia do Maranh\u00e3o rev\u00ea planos ap\u00f3s depoimento de menino\"}]},{\"@type\":\"WebSite\",\"@id\":\"https:\/\/www.notibras.com\/site\/#website\",\"url\":\"https:\/\/www.notibras.com\/site\/\",\"name\":\"Notibras\",\"description\":\"Not\u00edcias de Bras\u00edlia, do Brasil e do Mundo\",\"publisher\":{\"@id\":\"https:\/\/www.notibras.com\/site\/#organization\"},\"potentialAction\":[{\"@type\":\"SearchAction\",\"target\":{\"@type\":\"EntryPoint\",\"urlTemplate\":\"https:\/\/www.notibras.com\/site\/?s={search_term_string}\"},\"query-input\":{\"@type\":\"PropertyValueSpecification\",\"valueRequired\":true,\"valueName\":\"search_term_string\"}}],\"inLanguage\":\"pt-BR\"},{\"@type\":\"Organization\",\"@id\":\"https:\/\/www.notibras.com\/site\/#organization\",\"name\":\"Grupo Notibras de Comunica\u00e7\u00e3o\",\"url\":\"https:\/\/www.notibras.com\/site\/\",\"logo\":{\"@type\":\"ImageObject\",\"inLanguage\":\"pt-BR\",\"@id\":\"https:\/\/www.notibras.com\/site\/#\/schema\/logo\/image\/\",\"url\":\"https:\/\/www.notibras.com\/site\/wp-content\/uploads\/2023\/01\/notibras23.png\",\"contentUrl\":\"https:\/\/www.notibras.com\/site\/wp-content\/uploads\/2023\/01\/notibras23.png\",\"width\":350,\"height\":87,\"caption\":\"Grupo Notibras de Comunica\u00e7\u00e3o\"},\"image\":{\"@id\":\"https:\/\/www.notibras.com\/site\/#\/schema\/logo\/image\/\"},\"sameAs\":[\"https:\/\/www.facebook.com\/notibras\/\",\"https:\/\/x.com\/Notibras\",\"https:\/\/www.instagram.com\/notibras\/\"]},{\"@type\":\"Person\",\"@id\":\"https:\/\/www.notibras.com\/site\/#\/schema\/person\/36ab0979449956132d3e5b517ea76ac8\",\"name\":\"Reda\u00e7\u00e3o\",\"image\":{\"@type\":\"ImageObject\",\"inLanguage\":\"pt-BR\",\"@id\":\"https:\/\/secure.gravatar.com\/avatar\/e0a867bdedb85fd243eadf09663511f96fc81e0720a4a42581f334ad4303aa6b?s=96&d=mm&r=g\",\"url\":\"https:\/\/secure.gravatar.com\/avatar\/e0a867bdedb85fd243eadf09663511f96fc81e0720a4a42581f334ad4303aa6b?s=96&d=mm&r=g\",\"contentUrl\":\"https:\/\/secure.gravatar.com\/avatar\/e0a867bdedb85fd243eadf09663511f96fc81e0720a4a42581f334ad4303aa6b?s=96&d=mm&r=g\",\"caption\":\"Reda\u00e7\u00e3o\"}}]}<\/script>\n<!-- \/ Yoast SEO plugin. -->","yoast_head_json":{"title":"Pol\u00edcia do Maranh\u00e3o rev\u00ea planos ap\u00f3s depoimento de menino - Notibras","robots":{"index":"index","follow":"follow","max-snippet":"max-snippet:-1","max-image-preview":"max-image-preview:large","max-video-preview":"max-video-preview:-1"},"canonical":"https:\/\/www.notibras.com\/site\/policia-do-maranhao-reve-planos-apos-depoimento-de-menino\/","og_locale":"pt_BR","og_type":"article","og_title":"Pol\u00edcia do Maranh\u00e3o rev\u00ea planos ap\u00f3s depoimento de menino - Notibras","og_description":"O desaparecimento dos irm\u00e3os \u00c1gatha Isabelly, de 6 anos, e Allan Michael, de 4, completou 21 dias neste s\u00e1bado (24) e levou a uma mudan\u00e7a na estrat\u00e9gia das buscas em Bacabal (MA). Isso ocorre ap\u00f3s o depoimento do primo de 8 anos que estava com as crian\u00e7as e com a aus\u00eancia de vest\u00edgios nas \u00e1reas [&hellip;]","og_url":"https:\/\/www.notibras.com\/site\/policia-do-maranhao-reve-planos-apos-depoimento-de-menino\/","og_site_name":"Notibras","article_publisher":"https:\/\/www.facebook.com\/notibras\/","article_published_time":"2026-01-25T03:00:01+00:00","article_modified_time":"2026-01-25T11:34:31+00:00","og_image":[{"width":920,"height":1280,"url":"https:\/\/www.notibras.com\/site\/wp-content\/uploads\/2026\/01\/ab16e073-268b-4d61-a68f-e7c1702840ff.jpg","type":"image\/jpeg"}],"author":"Reda\u00e7\u00e3o","twitter_card":"summary_large_image","twitter_creator":"@Notibras","twitter_site":"@Notibras","twitter_misc":{"Escrito por":"Reda\u00e7\u00e3o","Est. tempo de leitura":"2 minutos"},"schema":{"@context":"https:\/\/schema.org","@graph":[{"@type":"Article","@id":"https:\/\/www.notibras.com\/site\/policia-do-maranhao-reve-planos-apos-depoimento-de-menino\/#article","isPartOf":{"@id":"https:\/\/www.notibras.com\/site\/policia-do-maranhao-reve-planos-apos-depoimento-de-menino\/"},"author":{"name":"Reda\u00e7\u00e3o","@id":"https:\/\/www.notibras.com\/site\/#\/schema\/person\/36ab0979449956132d3e5b517ea76ac8"},"headline":"Pol\u00edcia do Maranh\u00e3o rev\u00ea planos ap\u00f3s depoimento de menino","datePublished":"2026-01-25T03:00:01+00:00","dateModified":"2026-01-25T11:34:31+00:00","mainEntityOfPage":{"@id":"https:\/\/www.notibras.com\/site\/policia-do-maranhao-reve-planos-apos-depoimento-de-menino\/"},"wordCount":256,"publisher":{"@id":"https:\/\/www.notibras.com\/site\/#organization"},"image":{"@id":"https:\/\/www.notibras.com\/site\/policia-do-maranhao-reve-planos-apos-depoimento-de-menino\/#primaryimage"},"thumbnailUrl":"https:\/\/www.notibras.com\/site\/wp-content\/uploads\/2026\/01\/ab16e073-268b-4d61-a68f-e7c1702840ff.jpg","articleSection":["Nordeste"],"inLanguage":"pt-BR"},{"@type":"WebPage","@id":"https:\/\/www.notibras.com\/site\/policia-do-maranhao-reve-planos-apos-depoimento-de-menino\/","url":"https:\/\/www.notibras.com\/site\/policia-do-maranhao-reve-planos-apos-depoimento-de-menino\/","name":"Pol\u00edcia do Maranh\u00e3o rev\u00ea planos ap\u00f3s depoimento de menino - Notibras","isPartOf":{"@id":"https:\/\/www.notibras.com\/site\/#website"},"primaryImageOfPage":{"@id":"https:\/\/www.notibras.com\/site\/policia-do-maranhao-reve-planos-apos-depoimento-de-menino\/#primaryimage"},"image":{"@id":"https:\/\/www.notibras.com\/site\/policia-do-maranhao-reve-planos-apos-depoimento-de-menino\/#primaryimage"},"thumbnailUrl":"https:\/\/www.notibras.com\/site\/wp-content\/uploads\/2026\/01\/ab16e073-268b-4d61-a68f-e7c1702840ff.jpg","datePublished":"2026-01-25T03:00:01+00:00","dateModified":"2026-01-25T11:34:31+00:00","breadcrumb":{"@id":"https:\/\/www.notibras.com\/site\/policia-do-maranhao-reve-planos-apos-depoimento-de-menino\/#breadcrumb"},"inLanguage":"pt-BR","potentialAction":[{"@type":"ReadAction","target":["https:\/\/www.notibras.com\/site\/policia-do-maranhao-reve-planos-apos-depoimento-de-menino\/"]}]},{"@type":"ImageObject","inLanguage":"pt-BR","@id":"https:\/\/www.notibras.com\/site\/policia-do-maranhao-reve-planos-apos-depoimento-de-menino\/#primaryimage","url":"https:\/\/www.notibras.com\/site\/wp-content\/uploads\/2026\/01\/ab16e073-268b-4d61-a68f-e7c1702840ff.jpg","contentUrl":"https:\/\/www.notibras.com\/site\/wp-content\/uploads\/2026\/01\/ab16e073-268b-4d61-a68f-e7c1702840ff.jpg","width":920,"height":1280},{"@type":"BreadcrumbList","@id":"https:\/\/www.notibras.com\/site\/policia-do-maranhao-reve-planos-apos-depoimento-de-menino\/#breadcrumb","itemListElement":[{"@type":"ListItem","position":1,"name":"In\u00edcio","item":"https:\/\/www.notibras.com\/site\/"},{"@type":"ListItem","position":2,"name":"Pol\u00edcia do Maranh\u00e3o rev\u00ea planos ap\u00f3s depoimento de menino"}]},{"@type":"WebSite","@id":"https:\/\/www.notibras.com\/site\/#website","url":"https:\/\/www.notibras.com\/site\/","name":"Notibras","description":"Not\u00edcias de Bras\u00edlia, do Brasil e do Mundo","publisher":{"@id":"https:\/\/www.notibras.com\/site\/#organization"},"potentialAction":[{"@type":"SearchAction","target":{"@type":"EntryPoint","urlTemplate":"https:\/\/www.notibras.com\/site\/?s={search_term_string}"},"query-input":{"@type":"PropertyValueSpecification","valueRequired":true,"valueName":"search_term_string"}}],"inLanguage":"pt-BR"},{"@type":"Organization","@id":"https:\/\/www.notibras.com\/site\/#organization","name":"Grupo Notibras de Comunica\u00e7\u00e3o","url":"https:\/\/www.notibras.com\/site\/","logo":{"@type":"ImageObject","inLanguage":"pt-BR","@id":"https:\/\/www.notibras.com\/site\/#\/schema\/logo\/image\/","url":"https:\/\/www.notibras.com\/site\/wp-content\/uploads\/2023\/01\/notibras23.png","contentUrl":"https:\/\/www.notibras.com\/site\/wp-content\/uploads\/2023\/01\/notibras23.png","width":350,"height":87,"caption":"Grupo Notibras de Comunica\u00e7\u00e3o"},"image":{"@id":"https:\/\/www.notibras.com\/site\/#\/schema\/logo\/image\/"},"sameAs":["https:\/\/www.facebook.com\/notibras\/","https:\/\/x.com\/Notibras","https:\/\/www.instagram.com\/notibras\/"]},{"@type":"Person","@id":"https:\/\/www.notibras.com\/site\/#\/schema\/person\/36ab0979449956132d3e5b517ea76ac8","name":"Reda\u00e7\u00e3o","image":{"@type":"ImageObject","inLanguage":"pt-BR","@id":"https:\/\/secure.gravatar.com\/avatar\/e0a867bdedb85fd243eadf09663511f96fc81e0720a4a42581f334ad4303aa6b?s=96&d=mm&r=g","url":"https:\/\/secure.gravatar.com\/avatar\/e0a867bdedb85fd243eadf09663511f96fc81e0720a4a42581f334ad4303aa6b?s=96&d=mm&r=g","contentUrl":"https:\/\/secure.gravatar.com\/avatar\/e0a867bdedb85fd243eadf09663511f96fc81e0720a4a42581f334ad4303aa6b?s=96&d=mm&r=g","caption":"Reda\u00e7\u00e3o"}}]}},"amp_enabled":true,"_links":{"self":[{"href":"https:\/\/www.notibras.com\/site\/wp-json\/wp\/v2\/posts\/380475","targetHints":{"allow":["GET"]}}],"collection":[{"href":"https:\/\/www.notibras.com\/site\/wp-json\/wp\/v2\/posts"}],"about":[{"href":"https:\/\/www.notibras.com\/site\/wp-json\/wp\/v2\/types\/post"}],"author":[{"embeddable":true,"href":"https:\/\/www.notibras.com\/site\/wp-json\/wp\/v2\/users\/2"}],"replies":[{"embeddable":true,"href":"https:\/\/www.notibras.com\/site\/wp-json\/wp\/v2\/comments?post=380475"}],"version-history":[{"count":2,"href":"https:\/\/www.notibras.com\/site\/wp-json\/wp\/v2\/posts\/380475\/revisions"}],"predecessor-version":[{"id":380478,"href":"https:\/\/www.notibras.com\/site\/wp-json\/wp\/v2\/posts\/380475\/revisions\/380478"}],"wp:featuredmedia":[{"embeddable":true,"href":"https:\/\/www.notibras.com\/site\/wp-json\/wp\/v2\/media\/380476"}],"wp:attachment":[{"href":"https:\/\/www.notibras.com\/site\/wp-json\/wp\/v2\/media?parent=380475"}],"wp:term":[{"taxonomy":"category","embeddable":true,"href":"https:\/\/www.notibras.com\/site\/wp-json\/wp\/v2\/categories?post=380475"},{"taxonomy":"post_tag","embeddable":true,"href":"https:\/\/www.notibras.com\/site\/wp-json\/wp\/v2\/tags?post=380475"}],"curies":[{"name":"wp","href":"https:\/\/api.w.org\/{rel}","templated":true}]}}