{"id":380479,"date":"2026-01-25T00:00:14","date_gmt":"2026-01-25T03:00:14","guid":{"rendered":"https:\/\/www.notibras.com\/site\/?p=380479"},"modified":"2026-01-25T08:38:29","modified_gmt":"2026-01-25T11:38:29","slug":"incendio-destroi-galpao-de-fabrica-de-colchoes-em-maracanau","status":"publish","type":"post","link":"https:\/\/www.notibras.com\/site\/incendio-destroi-galpao-de-fabrica-de-colchoes-em-maracanau\/","title":{"rendered":"Inc\u00eandio destr\u00f3i galp\u00e3o de f\u00e1brica de colch\u00f5es em Maracana\u00fa"},"content":{"rendered":"<p>Um inc\u00eandio de grandes propor\u00e7\u00f5es destruiu completamente um galp\u00e3o de uma f\u00e1brica de colch\u00f5es localizado na Avenida Doutor Mendel Steinbruch no Bairro Paju\u00e7ara, no munic\u00edpio de Maracana\u00fa, na madrugada deste s\u00e1bado (24). V\u00eddeos mostram as chamas altas e intensas que tomaram o local.<\/p>\n<p>De acordo com o Corpo de Bombeiros, n\u00e3o houve registro de v\u00edtimas, mas a estrutura foi totalmente arruinada. O local \u00e9 conhecido como o antigo galp\u00e3o da Avon e fica nas proximidades do supermercado Atacad\u00e3o.<\/p>\n<p>Ao chegarem ao local, os bombeiros constataram que o fogo j\u00e1 havia tomado grande parte da estrutura, composta predominantemente por madeira e com presen\u00e7a de mat\u00e9ria-prima armazenada, o que contribuiu para a r\u00e1pida evolu\u00e7\u00e3o das chamas. N\u00e3o h\u00e1 informa\u00e7\u00f5es sobre o que causou o inc\u00eandio.<\/p>\n<p>&#8220;A atua\u00e7\u00e3o imediata e coordenada das equipes permitiu o controle do inc\u00eandio e evitou a propaga\u00e7\u00e3o para os demais galp\u00f5es localizados no mesmo complexo, preservando as edifica\u00e7\u00f5es do entorno. O galp\u00e3o foi totalmente destru\u00eddo pelas chamas&#8221;, detalha em nota o Corpo de Bombeiros.<\/p>\n","protected":false},"excerpt":{"rendered":"<p>Um inc\u00eandio de grandes propor\u00e7\u00f5es destruiu completamente um galp\u00e3o de uma f\u00e1brica de colch\u00f5es localizado na Avenida Doutor Mendel Steinbruch no Bairro Paju\u00e7ara, no munic\u00edpio de Maracana\u00fa, na madrugada deste s\u00e1bado (24). V\u00eddeos mostram as chamas altas e intensas que tomaram o local. De acordo com o Corpo de Bombeiros, n\u00e3o houve registro de v\u00edtimas, [&hellip;]<\/p>\n","protected":false},"author":2,"featured_media":380480,"comment_status":"closed","ping_status":"closed","sticky":false,"template":"","format":"standard","meta":{"_acf_changed":false,"footnotes":""},"categories":[165],"tags":[],"class_list":["post-380479","post","type-post","status-publish","format-standard","has-post-thumbnail","hentry","category-nordeste"],"acf":[],"yoast_head":"<!-- This site is optimized with the Yoast SEO plugin v27.2 - https:\/\/yoast.com\/product\/yoast-seo-wordpress\/ -->\n<title>Inc\u00eandio destr\u00f3i galp\u00e3o de f\u00e1brica de colch\u00f5es em Maracana\u00fa - Notibras<\/title>\n<meta name=\"robots\" content=\"index, follow, max-snippet:-1, max-image-preview:large, max-video-preview:-1\" \/>\n<link rel=\"canonical\" href=\"https:\/\/www.notibras.com\/site\/incendio-destroi-galpao-de-fabrica-de-colchoes-em-maracanau\/\" \/>\n<meta property=\"og:locale\" content=\"pt_BR\" \/>\n<meta property=\"og:type\" content=\"article\" \/>\n<meta property=\"og:title\" content=\"Inc\u00eandio destr\u00f3i galp\u00e3o de f\u00e1brica de colch\u00f5es em Maracana\u00fa - Notibras\" \/>\n<meta property=\"og:description\" content=\"Um inc\u00eandio de grandes propor\u00e7\u00f5es destruiu completamente um galp\u00e3o de uma f\u00e1brica de colch\u00f5es localizado na Avenida Doutor Mendel Steinbruch no Bairro Paju\u00e7ara, no munic\u00edpio de Maracana\u00fa, na madrugada deste s\u00e1bado (24). V\u00eddeos mostram as chamas altas e intensas que tomaram o local. De acordo com o Corpo de Bombeiros, n\u00e3o houve registro de v\u00edtimas, [&hellip;]\" \/>\n<meta property=\"og:url\" content=\"https:\/\/www.notibras.com\/site\/incendio-destroi-galpao-de-fabrica-de-colchoes-em-maracanau\/\" \/>\n<meta property=\"og:site_name\" content=\"Notibras\" \/>\n<meta property=\"article:publisher\" content=\"https:\/\/www.facebook.com\/notibras\/\" \/>\n<meta property=\"article:published_time\" content=\"2026-01-25T03:00:14+00:00\" \/>\n<meta property=\"article:modified_time\" content=\"2026-01-25T11:38:29+00:00\" \/>\n<meta property=\"og:image\" content=\"https:\/\/www.notibras.com\/site\/wp-content\/uploads\/2026\/01\/f92d7875-826d-4420-9974-02aad2b50ab5.jpg\" \/>\n\t<meta property=\"og:image:width\" content=\"984\" \/>\n\t<meta property=\"og:image:height\" content=\"554\" \/>\n\t<meta property=\"og:image:type\" content=\"image\/jpeg\" \/>\n<meta name=\"author\" content=\"Reda\u00e7\u00e3o\" \/>\n<meta name=\"twitter:card\" content=\"summary_large_image\" \/>\n<meta name=\"twitter:creator\" content=\"@Notibras\" \/>\n<meta name=\"twitter:site\" content=\"@Notibras\" \/>\n<meta name=\"twitter:label1\" content=\"Escrito por\" \/>\n\t<meta name=\"twitter:data1\" content=\"Reda\u00e7\u00e3o\" \/>\n\t<meta name=\"twitter:label2\" content=\"Est. tempo de leitura\" \/>\n\t<meta name=\"twitter:data2\" content=\"2 minutos\" \/>\n<script type=\"application\/ld+json\" class=\"yoast-schema-graph\">{\"@context\":\"https:\/\/schema.org\",\"@graph\":[{\"@type\":\"Article\",\"@id\":\"https:\/\/www.notibras.com\/site\/incendio-destroi-galpao-de-fabrica-de-colchoes-em-maracanau\/#article\",\"isPartOf\":{\"@id\":\"https:\/\/www.notibras.com\/site\/incendio-destroi-galpao-de-fabrica-de-colchoes-em-maracanau\/\"},\"author\":{\"name\":\"Reda\u00e7\u00e3o\",\"@id\":\"https:\/\/www.notibras.com\/site\/#\/schema\/person\/36ab0979449956132d3e5b517ea76ac8\"},\"headline\":\"Inc\u00eandio destr\u00f3i galp\u00e3o de f\u00e1brica de colch\u00f5es em Maracana\u00fa\",\"datePublished\":\"2026-01-25T03:00:14+00:00\",\"dateModified\":\"2026-01-25T11:38:29+00:00\",\"mainEntityOfPage\":{\"@id\":\"https:\/\/www.notibras.com\/site\/incendio-destroi-galpao-de-fabrica-de-colchoes-em-maracanau\/\"},\"wordCount\":205,\"publisher\":{\"@id\":\"https:\/\/www.notibras.com\/site\/#organization\"},\"image\":{\"@id\":\"https:\/\/www.notibras.com\/site\/incendio-destroi-galpao-de-fabrica-de-colchoes-em-maracanau\/#primaryimage\"},\"thumbnailUrl\":\"https:\/\/www.notibras.com\/site\/wp-content\/uploads\/2026\/01\/f92d7875-826d-4420-9974-02aad2b50ab5.jpg\",\"articleSection\":[\"Nordeste\"],\"inLanguage\":\"pt-BR\"},{\"@type\":\"WebPage\",\"@id\":\"https:\/\/www.notibras.com\/site\/incendio-destroi-galpao-de-fabrica-de-colchoes-em-maracanau\/\",\"url\":\"https:\/\/www.notibras.com\/site\/incendio-destroi-galpao-de-fabrica-de-colchoes-em-maracanau\/\",\"name\":\"Inc\u00eandio destr\u00f3i galp\u00e3o de f\u00e1brica de colch\u00f5es em Maracana\u00fa - Notibras\",\"isPartOf\":{\"@id\":\"https:\/\/www.notibras.com\/site\/#website\"},\"primaryImageOfPage\":{\"@id\":\"https:\/\/www.notibras.com\/site\/incendio-destroi-galpao-de-fabrica-de-colchoes-em-maracanau\/#primaryimage\"},\"image\":{\"@id\":\"https:\/\/www.notibras.com\/site\/incendio-destroi-galpao-de-fabrica-de-colchoes-em-maracanau\/#primaryimage\"},\"thumbnailUrl\":\"https:\/\/www.notibras.com\/site\/wp-content\/uploads\/2026\/01\/f92d7875-826d-4420-9974-02aad2b50ab5.jpg\",\"datePublished\":\"2026-01-25T03:00:14+00:00\",\"dateModified\":\"2026-01-25T11:38:29+00:00\",\"breadcrumb\":{\"@id\":\"https:\/\/www.notibras.com\/site\/incendio-destroi-galpao-de-fabrica-de-colchoes-em-maracanau\/#breadcrumb\"},\"inLanguage\":\"pt-BR\",\"potentialAction\":[{\"@type\":\"ReadAction\",\"target\":[\"https:\/\/www.notibras.com\/site\/incendio-destroi-galpao-de-fabrica-de-colchoes-em-maracanau\/\"]}]},{\"@type\":\"ImageObject\",\"inLanguage\":\"pt-BR\",\"@id\":\"https:\/\/www.notibras.com\/site\/incendio-destroi-galpao-de-fabrica-de-colchoes-em-maracanau\/#primaryimage\",\"url\":\"https:\/\/www.notibras.com\/site\/wp-content\/uploads\/2026\/01\/f92d7875-826d-4420-9974-02aad2b50ab5.jpg\",\"contentUrl\":\"https:\/\/www.notibras.com\/site\/wp-content\/uploads\/2026\/01\/f92d7875-826d-4420-9974-02aad2b50ab5.jpg\",\"width\":984,\"height\":554},{\"@type\":\"BreadcrumbList\",\"@id\":\"https:\/\/www.notibras.com\/site\/incendio-destroi-galpao-de-fabrica-de-colchoes-em-maracanau\/#breadcrumb\",\"itemListElement\":[{\"@type\":\"ListItem\",\"position\":1,\"name\":\"In\u00edcio\",\"item\":\"https:\/\/www.notibras.com\/site\/\"},{\"@type\":\"ListItem\",\"position\":2,\"name\":\"Inc\u00eandio destr\u00f3i galp\u00e3o de f\u00e1brica de colch\u00f5es em Maracana\u00fa\"}]},{\"@type\":\"WebSite\",\"@id\":\"https:\/\/www.notibras.com\/site\/#website\",\"url\":\"https:\/\/www.notibras.com\/site\/\",\"name\":\"Notibras\",\"description\":\"Not\u00edcias de Bras\u00edlia, do Brasil e do Mundo\",\"publisher\":{\"@id\":\"https:\/\/www.notibras.com\/site\/#organization\"},\"potentialAction\":[{\"@type\":\"SearchAction\",\"target\":{\"@type\":\"EntryPoint\",\"urlTemplate\":\"https:\/\/www.notibras.com\/site\/?s={search_term_string}\"},\"query-input\":{\"@type\":\"PropertyValueSpecification\",\"valueRequired\":true,\"valueName\":\"search_term_string\"}}],\"inLanguage\":\"pt-BR\"},{\"@type\":\"Organization\",\"@id\":\"https:\/\/www.notibras.com\/site\/#organization\",\"name\":\"Grupo Notibras de Comunica\u00e7\u00e3o\",\"url\":\"https:\/\/www.notibras.com\/site\/\",\"logo\":{\"@type\":\"ImageObject\",\"inLanguage\":\"pt-BR\",\"@id\":\"https:\/\/www.notibras.com\/site\/#\/schema\/logo\/image\/\",\"url\":\"https:\/\/www.notibras.com\/site\/wp-content\/uploads\/2023\/01\/notibras23.png\",\"contentUrl\":\"https:\/\/www.notibras.com\/site\/wp-content\/uploads\/2023\/01\/notibras23.png\",\"width\":350,\"height\":87,\"caption\":\"Grupo Notibras de Comunica\u00e7\u00e3o\"},\"image\":{\"@id\":\"https:\/\/www.notibras.com\/site\/#\/schema\/logo\/image\/\"},\"sameAs\":[\"https:\/\/www.facebook.com\/notibras\/\",\"https:\/\/x.com\/Notibras\",\"https:\/\/www.instagram.com\/notibras\/\"]},{\"@type\":\"Person\",\"@id\":\"https:\/\/www.notibras.com\/site\/#\/schema\/person\/36ab0979449956132d3e5b517ea76ac8\",\"name\":\"Reda\u00e7\u00e3o\",\"image\":{\"@type\":\"ImageObject\",\"inLanguage\":\"pt-BR\",\"@id\":\"https:\/\/secure.gravatar.com\/avatar\/e0a867bdedb85fd243eadf09663511f96fc81e0720a4a42581f334ad4303aa6b?s=96&d=mm&r=g\",\"url\":\"https:\/\/secure.gravatar.com\/avatar\/e0a867bdedb85fd243eadf09663511f96fc81e0720a4a42581f334ad4303aa6b?s=96&d=mm&r=g\",\"contentUrl\":\"https:\/\/secure.gravatar.com\/avatar\/e0a867bdedb85fd243eadf09663511f96fc81e0720a4a42581f334ad4303aa6b?s=96&d=mm&r=g\",\"caption\":\"Reda\u00e7\u00e3o\"}}]}<\/script>\n<!-- \/ Yoast SEO plugin. -->","yoast_head_json":{"title":"Inc\u00eandio destr\u00f3i galp\u00e3o de f\u00e1brica de colch\u00f5es em Maracana\u00fa - Notibras","robots":{"index":"index","follow":"follow","max-snippet":"max-snippet:-1","max-image-preview":"max-image-preview:large","max-video-preview":"max-video-preview:-1"},"canonical":"https:\/\/www.notibras.com\/site\/incendio-destroi-galpao-de-fabrica-de-colchoes-em-maracanau\/","og_locale":"pt_BR","og_type":"article","og_title":"Inc\u00eandio destr\u00f3i galp\u00e3o de f\u00e1brica de colch\u00f5es em Maracana\u00fa - Notibras","og_description":"Um inc\u00eandio de grandes propor\u00e7\u00f5es destruiu completamente um galp\u00e3o de uma f\u00e1brica de colch\u00f5es localizado na Avenida Doutor Mendel Steinbruch no Bairro Paju\u00e7ara, no munic\u00edpio de Maracana\u00fa, na madrugada deste s\u00e1bado (24). V\u00eddeos mostram as chamas altas e intensas que tomaram o local. De acordo com o Corpo de Bombeiros, n\u00e3o houve registro de v\u00edtimas, [&hellip;]","og_url":"https:\/\/www.notibras.com\/site\/incendio-destroi-galpao-de-fabrica-de-colchoes-em-maracanau\/","og_site_name":"Notibras","article_publisher":"https:\/\/www.facebook.com\/notibras\/","article_published_time":"2026-01-25T03:00:14+00:00","article_modified_time":"2026-01-25T11:38:29+00:00","og_image":[{"width":984,"height":554,"url":"https:\/\/www.notibras.com\/site\/wp-content\/uploads\/2026\/01\/f92d7875-826d-4420-9974-02aad2b50ab5.jpg","type":"image\/jpeg"}],"author":"Reda\u00e7\u00e3o","twitter_card":"summary_large_image","twitter_creator":"@Notibras","twitter_site":"@Notibras","twitter_misc":{"Escrito por":"Reda\u00e7\u00e3o","Est. tempo de leitura":"2 minutos"},"schema":{"@context":"https:\/\/schema.org","@graph":[{"@type":"Article","@id":"https:\/\/www.notibras.com\/site\/incendio-destroi-galpao-de-fabrica-de-colchoes-em-maracanau\/#article","isPartOf":{"@id":"https:\/\/www.notibras.com\/site\/incendio-destroi-galpao-de-fabrica-de-colchoes-em-maracanau\/"},"author":{"name":"Reda\u00e7\u00e3o","@id":"https:\/\/www.notibras.com\/site\/#\/schema\/person\/36ab0979449956132d3e5b517ea76ac8"},"headline":"Inc\u00eandio destr\u00f3i galp\u00e3o de f\u00e1brica de colch\u00f5es em Maracana\u00fa","datePublished":"2026-01-25T03:00:14+00:00","dateModified":"2026-01-25T11:38:29+00:00","mainEntityOfPage":{"@id":"https:\/\/www.notibras.com\/site\/incendio-destroi-galpao-de-fabrica-de-colchoes-em-maracanau\/"},"wordCount":205,"publisher":{"@id":"https:\/\/www.notibras.com\/site\/#organization"},"image":{"@id":"https:\/\/www.notibras.com\/site\/incendio-destroi-galpao-de-fabrica-de-colchoes-em-maracanau\/#primaryimage"},"thumbnailUrl":"https:\/\/www.notibras.com\/site\/wp-content\/uploads\/2026\/01\/f92d7875-826d-4420-9974-02aad2b50ab5.jpg","articleSection":["Nordeste"],"inLanguage":"pt-BR"},{"@type":"WebPage","@id":"https:\/\/www.notibras.com\/site\/incendio-destroi-galpao-de-fabrica-de-colchoes-em-maracanau\/","url":"https:\/\/www.notibras.com\/site\/incendio-destroi-galpao-de-fabrica-de-colchoes-em-maracanau\/","name":"Inc\u00eandio destr\u00f3i galp\u00e3o de f\u00e1brica de colch\u00f5es em Maracana\u00fa - Notibras","isPartOf":{"@id":"https:\/\/www.notibras.com\/site\/#website"},"primaryImageOfPage":{"@id":"https:\/\/www.notibras.com\/site\/incendio-destroi-galpao-de-fabrica-de-colchoes-em-maracanau\/#primaryimage"},"image":{"@id":"https:\/\/www.notibras.com\/site\/incendio-destroi-galpao-de-fabrica-de-colchoes-em-maracanau\/#primaryimage"},"thumbnailUrl":"https:\/\/www.notibras.com\/site\/wp-content\/uploads\/2026\/01\/f92d7875-826d-4420-9974-02aad2b50ab5.jpg","datePublished":"2026-01-25T03:00:14+00:00","dateModified":"2026-01-25T11:38:29+00:00","breadcrumb":{"@id":"https:\/\/www.notibras.com\/site\/incendio-destroi-galpao-de-fabrica-de-colchoes-em-maracanau\/#breadcrumb"},"inLanguage":"pt-BR","potentialAction":[{"@type":"ReadAction","target":["https:\/\/www.notibras.com\/site\/incendio-destroi-galpao-de-fabrica-de-colchoes-em-maracanau\/"]}]},{"@type":"ImageObject","inLanguage":"pt-BR","@id":"https:\/\/www.notibras.com\/site\/incendio-destroi-galpao-de-fabrica-de-colchoes-em-maracanau\/#primaryimage","url":"https:\/\/www.notibras.com\/site\/wp-content\/uploads\/2026\/01\/f92d7875-826d-4420-9974-02aad2b50ab5.jpg","contentUrl":"https:\/\/www.notibras.com\/site\/wp-content\/uploads\/2026\/01\/f92d7875-826d-4420-9974-02aad2b50ab5.jpg","width":984,"height":554},{"@type":"BreadcrumbList","@id":"https:\/\/www.notibras.com\/site\/incendio-destroi-galpao-de-fabrica-de-colchoes-em-maracanau\/#breadcrumb","itemListElement":[{"@type":"ListItem","position":1,"name":"In\u00edcio","item":"https:\/\/www.notibras.com\/site\/"},{"@type":"ListItem","position":2,"name":"Inc\u00eandio destr\u00f3i galp\u00e3o de f\u00e1brica de colch\u00f5es em Maracana\u00fa"}]},{"@type":"WebSite","@id":"https:\/\/www.notibras.com\/site\/#website","url":"https:\/\/www.notibras.com\/site\/","name":"Notibras","description":"Not\u00edcias de Bras\u00edlia, do Brasil e do Mundo","publisher":{"@id":"https:\/\/www.notibras.com\/site\/#organization"},"potentialAction":[{"@type":"SearchAction","target":{"@type":"EntryPoint","urlTemplate":"https:\/\/www.notibras.com\/site\/?s={search_term_string}"},"query-input":{"@type":"PropertyValueSpecification","valueRequired":true,"valueName":"search_term_string"}}],"inLanguage":"pt-BR"},{"@type":"Organization","@id":"https:\/\/www.notibras.com\/site\/#organization","name":"Grupo Notibras de Comunica\u00e7\u00e3o","url":"https:\/\/www.notibras.com\/site\/","logo":{"@type":"ImageObject","inLanguage":"pt-BR","@id":"https:\/\/www.notibras.com\/site\/#\/schema\/logo\/image\/","url":"https:\/\/www.notibras.com\/site\/wp-content\/uploads\/2023\/01\/notibras23.png","contentUrl":"https:\/\/www.notibras.com\/site\/wp-content\/uploads\/2023\/01\/notibras23.png","width":350,"height":87,"caption":"Grupo Notibras de Comunica\u00e7\u00e3o"},"image":{"@id":"https:\/\/www.notibras.com\/site\/#\/schema\/logo\/image\/"},"sameAs":["https:\/\/www.facebook.com\/notibras\/","https:\/\/x.com\/Notibras","https:\/\/www.instagram.com\/notibras\/"]},{"@type":"Person","@id":"https:\/\/www.notibras.com\/site\/#\/schema\/person\/36ab0979449956132d3e5b517ea76ac8","name":"Reda\u00e7\u00e3o","image":{"@type":"ImageObject","inLanguage":"pt-BR","@id":"https:\/\/secure.gravatar.com\/avatar\/e0a867bdedb85fd243eadf09663511f96fc81e0720a4a42581f334ad4303aa6b?s=96&d=mm&r=g","url":"https:\/\/secure.gravatar.com\/avatar\/e0a867bdedb85fd243eadf09663511f96fc81e0720a4a42581f334ad4303aa6b?s=96&d=mm&r=g","contentUrl":"https:\/\/secure.gravatar.com\/avatar\/e0a867bdedb85fd243eadf09663511f96fc81e0720a4a42581f334ad4303aa6b?s=96&d=mm&r=g","caption":"Reda\u00e7\u00e3o"}}]}},"amp_enabled":true,"_links":{"self":[{"href":"https:\/\/www.notibras.com\/site\/wp-json\/wp\/v2\/posts\/380479","targetHints":{"allow":["GET"]}}],"collection":[{"href":"https:\/\/www.notibras.com\/site\/wp-json\/wp\/v2\/posts"}],"about":[{"href":"https:\/\/www.notibras.com\/site\/wp-json\/wp\/v2\/types\/post"}],"author":[{"embeddable":true,"href":"https:\/\/www.notibras.com\/site\/wp-json\/wp\/v2\/users\/2"}],"replies":[{"embeddable":true,"href":"https:\/\/www.notibras.com\/site\/wp-json\/wp\/v2\/comments?post=380479"}],"version-history":[{"count":1,"href":"https:\/\/www.notibras.com\/site\/wp-json\/wp\/v2\/posts\/380479\/revisions"}],"predecessor-version":[{"id":380481,"href":"https:\/\/www.notibras.com\/site\/wp-json\/wp\/v2\/posts\/380479\/revisions\/380481"}],"wp:featuredmedia":[{"embeddable":true,"href":"https:\/\/www.notibras.com\/site\/wp-json\/wp\/v2\/media\/380480"}],"wp:attachment":[{"href":"https:\/\/www.notibras.com\/site\/wp-json\/wp\/v2\/media?parent=380479"}],"wp:term":[{"taxonomy":"category","embeddable":true,"href":"https:\/\/www.notibras.com\/site\/wp-json\/wp\/v2\/categories?post=380479"},{"taxonomy":"post_tag","embeddable":true,"href":"https:\/\/www.notibras.com\/site\/wp-json\/wp\/v2\/tags?post=380479"}],"curies":[{"name":"wp","href":"https:\/\/api.w.org\/{rel}","templated":true}]}}