{"id":380491,"date":"2026-01-26T01:15:39","date_gmt":"2026-01-26T04:15:39","guid":{"rendered":"https:\/\/www.notibras.com\/site\/?p=380491"},"modified":"2026-01-25T13:07:08","modified_gmt":"2026-01-25T16:07:08","slug":"alien-o-22o-passageiro","status":"publish","type":"post","link":"https:\/\/www.notibras.com\/site\/alien-o-22o-passageiro\/","title":{"rendered":"ALIEN, O 22\u00ba PASSAGEIRO"},"content":{"rendered":"<p>Primeiro dia de aula em uma escola de Educa\u00e7\u00e3o de Jovens e Adultos localizada em uma metr\u00f3pole brasileira:<\/p>\n<p>\u2014Antes de mais nada, quero dar os parab\u00e9ns a todos nessa sala! Voc\u00eas s\u00e3o a consagra\u00e7\u00e3o do famoso e merit\u00f3rio ditado de que nunca \u00e9 tarde para algu\u00e9m aprender, basta vontade e esfor\u00e7o, al\u00e9m de apoio e oportunidade, coisas essas que s\u00e3o uma obriga\u00e7\u00e3o do Estado e das autoridades que o representam.<\/p>\n<p>\u2014Obrigado, professor! responderam em un\u00edssono quase todos os alunos.<\/p>\n<p>\u2014 Hoje quero conhecer voc\u00eas, saber sobre as motiva\u00e7\u00f5es e os objetivos que trazem voc\u00eas aqui. Ent\u00e3o, vou chamar cada um por ordem alfab\u00e9tica e pedir que se apresentem e compartilhem isso com todos. Am\u00e1lia, come\u00e7amos por voc\u00ea.<\/p>\n<p>Am\u00e1lia apresentou-se e, emocionada, revelou que era auxiliar de limpeza e estava retomando os estudos pelo prazer de aprender e, quem sabe, conseguir uma atividade com um sal\u00e1rio melhor.<\/p>\n<p>Assim foi, at\u00e9 o professor chamar o 22\u00ba aluno da lista.<\/p>\n<p>\u2014 Matheus, sua vez, por favor!<\/p>\n<p>Um tanto contrariado, Matheus levantou-se e falou:<\/p>\n<p>\u2014 Professor, sou auxiliar de pedreiro, tenho 40 anos e estou aqui por que eu tenho um sonho.<\/p>\n<p>-Que \u00f3timo, sonhar \u00e9 preciso! Voc\u00ea pode compartilhar o seu sonho com a classe?<\/p>\n<p>\u2014 Eu quero ser aut\u00f4nomo, empreendedor! Quero ter o meu pr\u00f3prio neg\u00f3cio, CLT \u00e9 para os fracos!<\/p>\n<p>\u2014 Muito bem! E voc\u00ea se sente apoiado pelos atuais programas governamentais para realizar o seu sonho?<\/p>\n<p>\u2014 Na verdade, eu n\u00e3o concordo nada com essas coisas de esquerda, quero vencer por mim mesmo. Por exemplo, moro em uma casa do programa Minha Casa, Minha Vida, mas um dia quero comprar uma que n\u00e3o tenha esse carimbo.<\/p>\n<p>\u2014 E quanto a sua sa\u00fade? J\u00e1 teve assist\u00eancia de algum programa?<\/p>\n<p>\u2014 J\u00e1 usei a UPA para curar uma dor de barriga, peguei rem\u00e9dio na Farm\u00e1cia Popular e arrumei os dentes pelo Brasil Sorridente, mas acho meio constrangedor.<\/p>\n<p>\u2014 Sei, e a sua fam\u00edlia? Tem mais algu\u00e9m que j\u00e1 foi apoiado?<\/p>\n<p>\u2014 Pois ent\u00e3o, a minha mulher recebeu o Bolsa Fam\u00edlia por dois anos, mas agora j\u00e1 arrumou emprego.<\/p>\n<p>\u2014 Entendo, e voc\u00eas t\u00eam filhos? Eles j\u00e1 foram beneficiados por algum programa?<\/p>\n<p>\u2014 Tenho um filho e uma filha! O moleque est\u00e1 inscrito no P\u00e9 de Meia e, como tem 100% de frequ\u00eancia, traz um dinheirinho para casa todo m\u00eas.<\/p>\n<p>\u2014 E a sua filha?<\/p>\n<p>\u2014 Entrou na faculdade de Direito gra\u00e7as \u00e0 cota racial e ao Prouni, mas acho um absurdo essa coisa de cotas raciais, n\u00e3o \u00e9 justo, afinal, o dia tem 24 horas para todos!<\/p>\n<p>\u2014 Ent\u00e3o voc\u00ea n\u00e3o acha leg\u00edtimo que pobres, discriminados e necessitados tenham apoio do Estado para perseguirem seus sonhos e conquistarem uma vida melhor?<\/p>\n<p>\u2014 Assim n\u00e3o d\u00e1 para ser independente, quero pagar tudo do meu bolso, como fazem os ricos e os grandes empres\u00e1rios, eles \u00e9 que tocam esse pa\u00eds pra frente! Por isso nunca votei e nem vou votar no nine!<\/p>\n<p>\u2014 Entendi! Bem, Matheus, vamos discutir tudo isso nas aulas de Hist\u00f3ria. No fim do ano, voc\u00ea \u00e9 livre para continuar pensando assim ou mudar as suas convic\u00e7\u00f5es.<\/p>\n<p>Nesse momento, uma aluna que j\u00e1 havia se apresentado pediu novamente a palavra:<\/p>\n<p>\u2014 Professor, isso vai ser um trabalho de H\u00e9rcules! Em regra, pobre de direita nasce com complexo de Stephen e a tend\u00eancia \u00e9 que leve essa doen\u00e7a cognitiva para o t\u00famulo, confunde direitos com esmola, Estado com inimigo, al\u00e9m de amar o pr\u00f3prio algoz. Mudar essa mentalidade \u00e9 um processo para muitas gera\u00e7\u00f5es!<\/p>\n<p>Boquiabertos, professor e alunos fizeram um sil\u00eancio obsequioso, at\u00e9 que o professor perguntou:<\/p>\n<p>\u2014 Impressionante! Como \u00e9 mesmo o seu nome, mo\u00e7a?<\/p>\n<p>\u2014 Meu nome \u00e9 Ana Paula!<\/p>\n<p><strong>&#8230;&#8230;&#8230;&#8230;&#8230;&#8230;&#8230;&#8230;&#8230;&#8230;&#8230;..<\/strong><\/p>\n<p><strong>* Stephen \u00e9 o personagem vivido pelo ator Samuel L. Jackson no filme Django Livre, do diretor Quentin Tarantino.\u00a0<\/strong><\/p>\n","protected":false},"excerpt":{"rendered":"<p>Primeiro dia de aula em uma escola de Educa\u00e7\u00e3o de Jovens e Adultos localizada em uma metr\u00f3pole brasileira: \u2014Antes de mais nada, quero dar os parab\u00e9ns a todos nessa sala! Voc\u00eas s\u00e3o a consagra\u00e7\u00e3o do famoso e merit\u00f3rio ditado de que nunca \u00e9 tarde para algu\u00e9m aprender, basta vontade e esfor\u00e7o, al\u00e9m de apoio e [&hellip;]<\/p>\n","protected":false},"author":21,"featured_media":380492,"comment_status":"closed","ping_status":"closed","sticky":false,"template":"","format":"standard","meta":{"_acf_changed":false,"footnotes":""},"categories":[234],"tags":[],"class_list":["post-380491","post","type-post","status-publish","format-standard","has-post-thumbnail","hentry","category-cafe-literario"],"acf":[],"yoast_head":"<!-- This site is optimized with the Yoast SEO plugin v27.2 - https:\/\/yoast.com\/product\/yoast-seo-wordpress\/ -->\n<title>ALIEN, O 22\u00ba PASSAGEIRO - Notibras<\/title>\n<meta name=\"robots\" content=\"index, follow, max-snippet:-1, max-image-preview:large, max-video-preview:-1\" \/>\n<link rel=\"canonical\" href=\"https:\/\/www.notibras.com\/site\/alien-o-22o-passageiro\/\" \/>\n<meta property=\"og:locale\" content=\"pt_BR\" \/>\n<meta property=\"og:type\" content=\"article\" \/>\n<meta property=\"og:title\" content=\"ALIEN, O 22\u00ba PASSAGEIRO - Notibras\" \/>\n<meta property=\"og:description\" content=\"Primeiro dia de aula em uma escola de Educa\u00e7\u00e3o de Jovens e Adultos localizada em uma metr\u00f3pole brasileira: \u2014Antes de mais nada, quero dar os parab\u00e9ns a todos nessa sala! Voc\u00eas s\u00e3o a consagra\u00e7\u00e3o do famoso e merit\u00f3rio ditado de que nunca \u00e9 tarde para algu\u00e9m aprender, basta vontade e esfor\u00e7o, al\u00e9m de apoio e [&hellip;]\" \/>\n<meta property=\"og:url\" content=\"https:\/\/www.notibras.com\/site\/alien-o-22o-passageiro\/\" \/>\n<meta property=\"og:site_name\" content=\"Notibras\" \/>\n<meta property=\"article:publisher\" content=\"https:\/\/www.facebook.com\/notibras\/\" \/>\n<meta property=\"article:published_time\" content=\"2026-01-26T04:15:39+00:00\" \/>\n<meta property=\"og:image\" content=\"https:\/\/www.notibras.com\/site\/wp-content\/uploads\/2026\/01\/IMG_0611.jpg\" \/>\n\t<meta property=\"og:image:width\" content=\"1023\" \/>\n\t<meta property=\"og:image:height\" content=\"911\" \/>\n\t<meta property=\"og:image:type\" content=\"image\/jpeg\" \/>\n<meta name=\"author\" content=\"Eduardo Mart\u00ednez\" \/>\n<meta name=\"twitter:card\" content=\"summary_large_image\" \/>\n<meta name=\"twitter:creator\" content=\"@Notibras\" \/>\n<meta name=\"twitter:site\" content=\"@Notibras\" \/>\n<meta name=\"twitter:label1\" content=\"Escrito por\" \/>\n\t<meta name=\"twitter:data1\" content=\"Eduardo Mart\u00ednez\" \/>\n\t<meta name=\"twitter:label2\" content=\"Est. tempo de leitura\" \/>\n\t<meta name=\"twitter:data2\" content=\"4 minutos\" \/>\n<script type=\"application\/ld+json\" class=\"yoast-schema-graph\">{\"@context\":\"https:\/\/schema.org\",\"@graph\":[{\"@type\":\"Article\",\"@id\":\"https:\/\/www.notibras.com\/site\/alien-o-22o-passageiro\/#article\",\"isPartOf\":{\"@id\":\"https:\/\/www.notibras.com\/site\/alien-o-22o-passageiro\/\"},\"author\":{\"name\":\"Eduardo Mart\u00ednez\",\"@id\":\"https:\/\/www.notibras.com\/site\/#\/schema\/person\/5b7fabf2aedc3ada2105f03b22b4d3dd\"},\"headline\":\"ALIEN, O 22\u00ba PASSAGEIRO\",\"datePublished\":\"2026-01-26T04:15:39+00:00\",\"mainEntityOfPage\":{\"@id\":\"https:\/\/www.notibras.com\/site\/alien-o-22o-passageiro\/\"},\"wordCount\":653,\"publisher\":{\"@id\":\"https:\/\/www.notibras.com\/site\/#organization\"},\"image\":{\"@id\":\"https:\/\/www.notibras.com\/site\/alien-o-22o-passageiro\/#primaryimage\"},\"thumbnailUrl\":\"https:\/\/www.notibras.com\/site\/wp-content\/uploads\/2026\/01\/IMG_0611.jpg\",\"articleSection\":[\"Caf\u00e9 Liter\u00e1rio\"],\"inLanguage\":\"pt-BR\"},{\"@type\":\"WebPage\",\"@id\":\"https:\/\/www.notibras.com\/site\/alien-o-22o-passageiro\/\",\"url\":\"https:\/\/www.notibras.com\/site\/alien-o-22o-passageiro\/\",\"name\":\"ALIEN, O 22\u00ba PASSAGEIRO - Notibras\",\"isPartOf\":{\"@id\":\"https:\/\/www.notibras.com\/site\/#website\"},\"primaryImageOfPage\":{\"@id\":\"https:\/\/www.notibras.com\/site\/alien-o-22o-passageiro\/#primaryimage\"},\"image\":{\"@id\":\"https:\/\/www.notibras.com\/site\/alien-o-22o-passageiro\/#primaryimage\"},\"thumbnailUrl\":\"https:\/\/www.notibras.com\/site\/wp-content\/uploads\/2026\/01\/IMG_0611.jpg\",\"datePublished\":\"2026-01-26T04:15:39+00:00\",\"breadcrumb\":{\"@id\":\"https:\/\/www.notibras.com\/site\/alien-o-22o-passageiro\/#breadcrumb\"},\"inLanguage\":\"pt-BR\",\"potentialAction\":[{\"@type\":\"ReadAction\",\"target\":[\"https:\/\/www.notibras.com\/site\/alien-o-22o-passageiro\/\"]}]},{\"@type\":\"ImageObject\",\"inLanguage\":\"pt-BR\",\"@id\":\"https:\/\/www.notibras.com\/site\/alien-o-22o-passageiro\/#primaryimage\",\"url\":\"https:\/\/www.notibras.com\/site\/wp-content\/uploads\/2026\/01\/IMG_0611.jpg\",\"contentUrl\":\"https:\/\/www.notibras.com\/site\/wp-content\/uploads\/2026\/01\/IMG_0611.jpg\",\"width\":1023,\"height\":911},{\"@type\":\"BreadcrumbList\",\"@id\":\"https:\/\/www.notibras.com\/site\/alien-o-22o-passageiro\/#breadcrumb\",\"itemListElement\":[{\"@type\":\"ListItem\",\"position\":1,\"name\":\"In\u00edcio\",\"item\":\"https:\/\/www.notibras.com\/site\/\"},{\"@type\":\"ListItem\",\"position\":2,\"name\":\"ALIEN, O 22\u00ba PASSAGEIRO\"}]},{\"@type\":\"WebSite\",\"@id\":\"https:\/\/www.notibras.com\/site\/#website\",\"url\":\"https:\/\/www.notibras.com\/site\/\",\"name\":\"Notibras\",\"description\":\"Not\u00edcias de Bras\u00edlia, do Brasil e do Mundo\",\"publisher\":{\"@id\":\"https:\/\/www.notibras.com\/site\/#organization\"},\"potentialAction\":[{\"@type\":\"SearchAction\",\"target\":{\"@type\":\"EntryPoint\",\"urlTemplate\":\"https:\/\/www.notibras.com\/site\/?s={search_term_string}\"},\"query-input\":{\"@type\":\"PropertyValueSpecification\",\"valueRequired\":true,\"valueName\":\"search_term_string\"}}],\"inLanguage\":\"pt-BR\"},{\"@type\":\"Organization\",\"@id\":\"https:\/\/www.notibras.com\/site\/#organization\",\"name\":\"Grupo Notibras de Comunica\u00e7\u00e3o\",\"url\":\"https:\/\/www.notibras.com\/site\/\",\"logo\":{\"@type\":\"ImageObject\",\"inLanguage\":\"pt-BR\",\"@id\":\"https:\/\/www.notibras.com\/site\/#\/schema\/logo\/image\/\",\"url\":\"https:\/\/www.notibras.com\/site\/wp-content\/uploads\/2023\/01\/notibras23.png\",\"contentUrl\":\"https:\/\/www.notibras.com\/site\/wp-content\/uploads\/2023\/01\/notibras23.png\",\"width\":350,\"height\":87,\"caption\":\"Grupo Notibras de Comunica\u00e7\u00e3o\"},\"image\":{\"@id\":\"https:\/\/www.notibras.com\/site\/#\/schema\/logo\/image\/\"},\"sameAs\":[\"https:\/\/www.facebook.com\/notibras\/\",\"https:\/\/x.com\/Notibras\",\"https:\/\/www.instagram.com\/notibras\/\"]},{\"@type\":\"Person\",\"@id\":\"https:\/\/www.notibras.com\/site\/#\/schema\/person\/5b7fabf2aedc3ada2105f03b22b4d3dd\",\"name\":\"Eduardo Mart\u00ednez\",\"image\":{\"@type\":\"ImageObject\",\"inLanguage\":\"pt-BR\",\"@id\":\"https:\/\/secure.gravatar.com\/avatar\/7902f906289926289cbcda644b5197c796b893c6ffd7b9a536a42d290f7704a0?s=96&d=mm&r=g\",\"url\":\"https:\/\/secure.gravatar.com\/avatar\/7902f906289926289cbcda644b5197c796b893c6ffd7b9a536a42d290f7704a0?s=96&d=mm&r=g\",\"contentUrl\":\"https:\/\/secure.gravatar.com\/avatar\/7902f906289926289cbcda644b5197c796b893c6ffd7b9a536a42d290f7704a0?s=96&d=mm&r=g\",\"caption\":\"Eduardo Mart\u00ednez\"}}]}<\/script>\n<!-- \/ Yoast SEO plugin. -->","yoast_head_json":{"title":"ALIEN, O 22\u00ba PASSAGEIRO - Notibras","robots":{"index":"index","follow":"follow","max-snippet":"max-snippet:-1","max-image-preview":"max-image-preview:large","max-video-preview":"max-video-preview:-1"},"canonical":"https:\/\/www.notibras.com\/site\/alien-o-22o-passageiro\/","og_locale":"pt_BR","og_type":"article","og_title":"ALIEN, O 22\u00ba PASSAGEIRO - Notibras","og_description":"Primeiro dia de aula em uma escola de Educa\u00e7\u00e3o de Jovens e Adultos localizada em uma metr\u00f3pole brasileira: \u2014Antes de mais nada, quero dar os parab\u00e9ns a todos nessa sala! Voc\u00eas s\u00e3o a consagra\u00e7\u00e3o do famoso e merit\u00f3rio ditado de que nunca \u00e9 tarde para algu\u00e9m aprender, basta vontade e esfor\u00e7o, al\u00e9m de apoio e [&hellip;]","og_url":"https:\/\/www.notibras.com\/site\/alien-o-22o-passageiro\/","og_site_name":"Notibras","article_publisher":"https:\/\/www.facebook.com\/notibras\/","article_published_time":"2026-01-26T04:15:39+00:00","og_image":[{"width":1023,"height":911,"url":"https:\/\/www.notibras.com\/site\/wp-content\/uploads\/2026\/01\/IMG_0611.jpg","type":"image\/jpeg"}],"author":"Eduardo Mart\u00ednez","twitter_card":"summary_large_image","twitter_creator":"@Notibras","twitter_site":"@Notibras","twitter_misc":{"Escrito por":"Eduardo Mart\u00ednez","Est. tempo de leitura":"4 minutos"},"schema":{"@context":"https:\/\/schema.org","@graph":[{"@type":"Article","@id":"https:\/\/www.notibras.com\/site\/alien-o-22o-passageiro\/#article","isPartOf":{"@id":"https:\/\/www.notibras.com\/site\/alien-o-22o-passageiro\/"},"author":{"name":"Eduardo Mart\u00ednez","@id":"https:\/\/www.notibras.com\/site\/#\/schema\/person\/5b7fabf2aedc3ada2105f03b22b4d3dd"},"headline":"ALIEN, O 22\u00ba PASSAGEIRO","datePublished":"2026-01-26T04:15:39+00:00","mainEntityOfPage":{"@id":"https:\/\/www.notibras.com\/site\/alien-o-22o-passageiro\/"},"wordCount":653,"publisher":{"@id":"https:\/\/www.notibras.com\/site\/#organization"},"image":{"@id":"https:\/\/www.notibras.com\/site\/alien-o-22o-passageiro\/#primaryimage"},"thumbnailUrl":"https:\/\/www.notibras.com\/site\/wp-content\/uploads\/2026\/01\/IMG_0611.jpg","articleSection":["Caf\u00e9 Liter\u00e1rio"],"inLanguage":"pt-BR"},{"@type":"WebPage","@id":"https:\/\/www.notibras.com\/site\/alien-o-22o-passageiro\/","url":"https:\/\/www.notibras.com\/site\/alien-o-22o-passageiro\/","name":"ALIEN, O 22\u00ba PASSAGEIRO - Notibras","isPartOf":{"@id":"https:\/\/www.notibras.com\/site\/#website"},"primaryImageOfPage":{"@id":"https:\/\/www.notibras.com\/site\/alien-o-22o-passageiro\/#primaryimage"},"image":{"@id":"https:\/\/www.notibras.com\/site\/alien-o-22o-passageiro\/#primaryimage"},"thumbnailUrl":"https:\/\/www.notibras.com\/site\/wp-content\/uploads\/2026\/01\/IMG_0611.jpg","datePublished":"2026-01-26T04:15:39+00:00","breadcrumb":{"@id":"https:\/\/www.notibras.com\/site\/alien-o-22o-passageiro\/#breadcrumb"},"inLanguage":"pt-BR","potentialAction":[{"@type":"ReadAction","target":["https:\/\/www.notibras.com\/site\/alien-o-22o-passageiro\/"]}]},{"@type":"ImageObject","inLanguage":"pt-BR","@id":"https:\/\/www.notibras.com\/site\/alien-o-22o-passageiro\/#primaryimage","url":"https:\/\/www.notibras.com\/site\/wp-content\/uploads\/2026\/01\/IMG_0611.jpg","contentUrl":"https:\/\/www.notibras.com\/site\/wp-content\/uploads\/2026\/01\/IMG_0611.jpg","width":1023,"height":911},{"@type":"BreadcrumbList","@id":"https:\/\/www.notibras.com\/site\/alien-o-22o-passageiro\/#breadcrumb","itemListElement":[{"@type":"ListItem","position":1,"name":"In\u00edcio","item":"https:\/\/www.notibras.com\/site\/"},{"@type":"ListItem","position":2,"name":"ALIEN, O 22\u00ba PASSAGEIRO"}]},{"@type":"WebSite","@id":"https:\/\/www.notibras.com\/site\/#website","url":"https:\/\/www.notibras.com\/site\/","name":"Notibras","description":"Not\u00edcias de Bras\u00edlia, do Brasil e do Mundo","publisher":{"@id":"https:\/\/www.notibras.com\/site\/#organization"},"potentialAction":[{"@type":"SearchAction","target":{"@type":"EntryPoint","urlTemplate":"https:\/\/www.notibras.com\/site\/?s={search_term_string}"},"query-input":{"@type":"PropertyValueSpecification","valueRequired":true,"valueName":"search_term_string"}}],"inLanguage":"pt-BR"},{"@type":"Organization","@id":"https:\/\/www.notibras.com\/site\/#organization","name":"Grupo Notibras de Comunica\u00e7\u00e3o","url":"https:\/\/www.notibras.com\/site\/","logo":{"@type":"ImageObject","inLanguage":"pt-BR","@id":"https:\/\/www.notibras.com\/site\/#\/schema\/logo\/image\/","url":"https:\/\/www.notibras.com\/site\/wp-content\/uploads\/2023\/01\/notibras23.png","contentUrl":"https:\/\/www.notibras.com\/site\/wp-content\/uploads\/2023\/01\/notibras23.png","width":350,"height":87,"caption":"Grupo Notibras de Comunica\u00e7\u00e3o"},"image":{"@id":"https:\/\/www.notibras.com\/site\/#\/schema\/logo\/image\/"},"sameAs":["https:\/\/www.facebook.com\/notibras\/","https:\/\/x.com\/Notibras","https:\/\/www.instagram.com\/notibras\/"]},{"@type":"Person","@id":"https:\/\/www.notibras.com\/site\/#\/schema\/person\/5b7fabf2aedc3ada2105f03b22b4d3dd","name":"Eduardo Mart\u00ednez","image":{"@type":"ImageObject","inLanguage":"pt-BR","@id":"https:\/\/secure.gravatar.com\/avatar\/7902f906289926289cbcda644b5197c796b893c6ffd7b9a536a42d290f7704a0?s=96&d=mm&r=g","url":"https:\/\/secure.gravatar.com\/avatar\/7902f906289926289cbcda644b5197c796b893c6ffd7b9a536a42d290f7704a0?s=96&d=mm&r=g","contentUrl":"https:\/\/secure.gravatar.com\/avatar\/7902f906289926289cbcda644b5197c796b893c6ffd7b9a536a42d290f7704a0?s=96&d=mm&r=g","caption":"Eduardo Mart\u00ednez"}}]}},"amp_enabled":true,"_links":{"self":[{"href":"https:\/\/www.notibras.com\/site\/wp-json\/wp\/v2\/posts\/380491","targetHints":{"allow":["GET"]}}],"collection":[{"href":"https:\/\/www.notibras.com\/site\/wp-json\/wp\/v2\/posts"}],"about":[{"href":"https:\/\/www.notibras.com\/site\/wp-json\/wp\/v2\/types\/post"}],"author":[{"embeddable":true,"href":"https:\/\/www.notibras.com\/site\/wp-json\/wp\/v2\/users\/21"}],"replies":[{"embeddable":true,"href":"https:\/\/www.notibras.com\/site\/wp-json\/wp\/v2\/comments?post=380491"}],"version-history":[{"count":2,"href":"https:\/\/www.notibras.com\/site\/wp-json\/wp\/v2\/posts\/380491\/revisions"}],"predecessor-version":[{"id":380494,"href":"https:\/\/www.notibras.com\/site\/wp-json\/wp\/v2\/posts\/380491\/revisions\/380494"}],"wp:featuredmedia":[{"embeddable":true,"href":"https:\/\/www.notibras.com\/site\/wp-json\/wp\/v2\/media\/380492"}],"wp:attachment":[{"href":"https:\/\/www.notibras.com\/site\/wp-json\/wp\/v2\/media?parent=380491"}],"wp:term":[{"taxonomy":"category","embeddable":true,"href":"https:\/\/www.notibras.com\/site\/wp-json\/wp\/v2\/categories?post=380491"},{"taxonomy":"post_tag","embeddable":true,"href":"https:\/\/www.notibras.com\/site\/wp-json\/wp\/v2\/tags?post=380491"}],"curies":[{"name":"wp","href":"https:\/\/api.w.org\/{rel}","templated":true}]}}