{"id":380495,"date":"2026-01-26T00:00:31","date_gmt":"2026-01-26T03:00:31","guid":{"rendered":"https:\/\/www.notibras.com\/site\/?p=380495"},"modified":"2026-01-25T13:18:47","modified_gmt":"2026-01-25T16:18:47","slug":"gabriel-a-bebida-e-o-cachorro-ruivo","status":"publish","type":"post","link":"https:\/\/www.notibras.com\/site\/gabriel-a-bebida-e-o-cachorro-ruivo\/","title":{"rendered":"Gabriel, a bebida e o cachorro ruivo"},"content":{"rendered":"<p>Gabriel, 30 anos, apar\u00eancia agrad\u00e1vel aos olhos femininos, solteiro por quase convic\u00e7\u00e3o, falava convincente quando s\u00f3brio&#8230; Sim, quando s\u00f3brio, haja vista a bebida alc\u00f3olica ser um h\u00e1bito desde seus 15, 16 anos, \u00e9poca repleta de inseguran\u00e7as, n\u00e3o recusou um copo de cerveja de amigos. Quis parecer adulto e, sem se dar conta, tornou aquilo como necessidade para se enturmar. Enturmou-se at\u00e9 demais, como pode ser visto hoje em dia.<\/p>\n<p>O gajo morava em um quarto e sala no Noroeste, nobre localiza\u00e7\u00e3o do Distrito Federal. Pelo sal\u00e1rio, daria para comprar algo maior, mas preferia o conforto de apenas alguns passos entre o quarto, a sala, a cozinha e o banheiro. Tamb\u00e9m poderia ter um belo autom\u00f3vel, caso a responsabilidade o abandonasse por completo. Melhor chamar um t\u00e1xi ou motorista de aplicativo, ainda mais que os h\u00e1bitos et\u00edlicos continuam firmes ao seu lado.<\/p>\n<p>Bebia todos os dias, \u00e9 verdade, mas somente ap\u00f3s sair da autarquia, onde era concursado h\u00e1 quase cinco anos. E fazia-o somente at\u00e9 pouco antes da meia-noite, j\u00e1 que precisaria se recompor para o dia seguinte. Se fosse sexta-feira ou s\u00e1bado, a bebedeira poderia se prolongar um pouco mais.<\/p>\n<p>Pois bem, o que se deu foi justamente numa sexta-feira, que se estendeu no s\u00e1bado. Gabriel, que sa\u00edra com colegas do trabalho, parece que bebeu al\u00e9m da conta. E, na hora de retornar, respons\u00e1vel que era, acionou um Uber pelo aplicativo do celular.<\/p>\n<p>Quase meia hora ap\u00f3s, l\u00e1 estava o Gabriel debaixo do seu pr\u00e9dio. No entanto, n\u00e3o se sabe por que carga d\u00b4\u00e1gua, o homem resolveu dar um passeio pela quadra. Caminhou, caminhou, caminhou at\u00e9 que, do nada, avistou um enorme animal de pelos avermelhados. Que belo cachorro ruivo, pensou o sujeito. Quis porque quis lev\u00e1-lo para seu apartamento, mas eis que o danado, arisco que nem ele s\u00f3, desapareceu na escurid\u00e3o.<\/p>\n<p>Gabriel at\u00e9 pensou em correr atr\u00e1s do cachorro, mas, precavido que era, teve a certeza de que, n\u00e3o tardaria, iria se estabacar no ch\u00e3o. Melhor retornar para o lar, doce lar, antes que algo de pior lhe acontecesse. E foi o que fez.<\/p>\n<p>Passou pelo porteiro da noite e o cumprimentou. Mal abriu a porta, tombou no sof\u00e1 e adormeceu, como se precisasse descansar por uma eternidade, que durou at\u00e9 por volta das 14h, quando despertou e sentiu aquela fome. Olhou na geladeira e nada lhe agradou. Resolveu sair para almo\u00e7ar em algum lugar.<\/p>\n<p>Assim que passou pelo porteiro do dia, Gabriel puxou conversa.<\/p>\n<p>\u2014 Seu Edvaldo, o senhor sabe de quem \u00e9 um cachorro enorme, que parece estar abandonado?<\/p>\n<p>\u2014 Cachorro?<\/p>\n<p>\u2014 Sim, um de pelagem vermelha.<\/p>\n<p>\u2014 Hum&#8230;<\/p>\n<p>\u2014 Ele \u00e9 t\u00e3o lindo, que pensei em adot\u00e1-lo.<\/p>\n<p>\u2014 Seu Gabriel, acho que sei de qual cachorro o senhor t\u00e1 falando.<\/p>\n<p>\u2014 O senhor viu tamb\u00e9m?<\/p>\n<p>\u2014 Vi, sim. Mas acho que n\u00e3o vai dar pro senhor adotar esse cachorro, n\u00e3o.<\/p>\n<p>\u2014 U\u00e9, por qu\u00ea? Ele tem dono?<\/p>\n<p>\u2014 N\u00e3o, seu Gabriel. \u00c9 que \u00e9 um lobo-guar\u00e1 que est\u00e1 andando por aqui. Deu at\u00e9 na televis\u00e3o.<\/p>\n<p>\u2014 Caramba, seu Edvaldo, o que o sono n\u00e3o faz com a gente, n\u00e9?<\/p>\n<p>\u2014 Pois \u00e9, seu Gabriel, o sono \u00e9 terr\u00edvel.<\/p>\n<p>Gabriel se despediu e caminhou at\u00e9 o restaurante para saciar a barriga, que clamava por algo substancial. Quanto ao porteiro, assim que o morador virou as costas, balan\u00e7ou a cabe\u00e7a e pensou: &#8220;Sono? Que sono o qu\u00ea! Por acaso porre mudou de nome?&#8221;<\/p>\n<p><strong>\u2026\u2026\u2026\u2026\u2026\u2026\u2026\u2026<\/strong><\/p>\n<p><strong>Eduardo Mart\u00ednez \u00e9 autor do livro \u201957 Contos e Cr\u00f4nicas por um Autor Muito Velho\u2019 (Vencedor do Pr\u00eamio Liter\u00e1rio Clarice Lispector \u2013 2025 na categoria livro de contos).<\/strong><\/p>\n<p><strong>Compre aqui<\/strong><\/p>\n<p><a href=\"https:\/\/www.joanineditora.com.br\/57-contos-e-cronicas-por-um-autor-muito-velho\"><strong>https:\/\/www.joanineditora.com.br\/57-contos-e-cronicas-por-um-autor-muito-velho<\/strong><\/a><\/p>\n","protected":false},"excerpt":{"rendered":"<p>Gabriel, 30 anos, apar\u00eancia agrad\u00e1vel aos olhos femininos, solteiro por quase convic\u00e7\u00e3o, falava convincente quando s\u00f3brio&#8230; Sim, quando s\u00f3brio, haja vista a bebida alc\u00f3olica ser um h\u00e1bito desde seus 15, 16 anos, \u00e9poca repleta de inseguran\u00e7as, n\u00e3o recusou um copo de cerveja de amigos. Quis parecer adulto e, sem se dar conta, tornou aquilo como [&hellip;]<\/p>\n","protected":false},"author":21,"featured_media":380496,"comment_status":"closed","ping_status":"closed","sticky":false,"template":"","format":"standard","meta":{"_acf_changed":false,"footnotes":""},"categories":[234],"tags":[],"class_list":["post-380495","post","type-post","status-publish","format-standard","has-post-thumbnail","hentry","category-cafe-literario"],"acf":[],"yoast_head":"<!-- This site is optimized with the Yoast SEO plugin v27.2 - https:\/\/yoast.com\/product\/yoast-seo-wordpress\/ -->\n<title>Gabriel, a bebida e o cachorro ruivo - Notibras<\/title>\n<meta name=\"robots\" content=\"index, follow, max-snippet:-1, max-image-preview:large, max-video-preview:-1\" \/>\n<link rel=\"canonical\" href=\"https:\/\/www.notibras.com\/site\/gabriel-a-bebida-e-o-cachorro-ruivo\/\" \/>\n<meta property=\"og:locale\" content=\"pt_BR\" \/>\n<meta property=\"og:type\" content=\"article\" \/>\n<meta property=\"og:title\" content=\"Gabriel, a bebida e o cachorro ruivo - Notibras\" \/>\n<meta property=\"og:description\" content=\"Gabriel, 30 anos, apar\u00eancia agrad\u00e1vel aos olhos femininos, solteiro por quase convic\u00e7\u00e3o, falava convincente quando s\u00f3brio&#8230; Sim, quando s\u00f3brio, haja vista a bebida alc\u00f3olica ser um h\u00e1bito desde seus 15, 16 anos, \u00e9poca repleta de inseguran\u00e7as, n\u00e3o recusou um copo de cerveja de amigos. Quis parecer adulto e, sem se dar conta, tornou aquilo como [&hellip;]\" \/>\n<meta property=\"og:url\" content=\"https:\/\/www.notibras.com\/site\/gabriel-a-bebida-e-o-cachorro-ruivo\/\" \/>\n<meta property=\"og:site_name\" content=\"Notibras\" \/>\n<meta property=\"article:publisher\" content=\"https:\/\/www.facebook.com\/notibras\/\" \/>\n<meta property=\"article:published_time\" content=\"2026-01-26T03:00:31+00:00\" \/>\n<meta property=\"og:image\" content=\"https:\/\/www.notibras.com\/site\/wp-content\/uploads\/2026\/01\/IMG_0612.jpg\" \/>\n\t<meta property=\"og:image:width\" content=\"1023\" \/>\n\t<meta property=\"og:image:height\" content=\"935\" \/>\n\t<meta property=\"og:image:type\" content=\"image\/jpeg\" \/>\n<meta name=\"author\" content=\"Eduardo Mart\u00ednez\" \/>\n<meta name=\"twitter:card\" content=\"summary_large_image\" \/>\n<meta name=\"twitter:creator\" content=\"@Notibras\" \/>\n<meta name=\"twitter:site\" content=\"@Notibras\" \/>\n<meta name=\"twitter:label1\" content=\"Escrito por\" \/>\n\t<meta name=\"twitter:data1\" content=\"Eduardo Mart\u00ednez\" \/>\n\t<meta name=\"twitter:label2\" content=\"Est. tempo de leitura\" \/>\n\t<meta name=\"twitter:data2\" content=\"4 minutos\" \/>\n<script type=\"application\/ld+json\" class=\"yoast-schema-graph\">{\"@context\":\"https:\/\/schema.org\",\"@graph\":[{\"@type\":\"Article\",\"@id\":\"https:\/\/www.notibras.com\/site\/gabriel-a-bebida-e-o-cachorro-ruivo\/#article\",\"isPartOf\":{\"@id\":\"https:\/\/www.notibras.com\/site\/gabriel-a-bebida-e-o-cachorro-ruivo\/\"},\"author\":{\"name\":\"Eduardo Mart\u00ednez\",\"@id\":\"https:\/\/www.notibras.com\/site\/#\/schema\/person\/5b7fabf2aedc3ada2105f03b22b4d3dd\"},\"headline\":\"Gabriel, a bebida e o cachorro ruivo\",\"datePublished\":\"2026-01-26T03:00:31+00:00\",\"mainEntityOfPage\":{\"@id\":\"https:\/\/www.notibras.com\/site\/gabriel-a-bebida-e-o-cachorro-ruivo\/\"},\"wordCount\":630,\"publisher\":{\"@id\":\"https:\/\/www.notibras.com\/site\/#organization\"},\"image\":{\"@id\":\"https:\/\/www.notibras.com\/site\/gabriel-a-bebida-e-o-cachorro-ruivo\/#primaryimage\"},\"thumbnailUrl\":\"https:\/\/www.notibras.com\/site\/wp-content\/uploads\/2026\/01\/IMG_0612.jpg\",\"articleSection\":[\"Caf\u00e9 Liter\u00e1rio\"],\"inLanguage\":\"pt-BR\"},{\"@type\":\"WebPage\",\"@id\":\"https:\/\/www.notibras.com\/site\/gabriel-a-bebida-e-o-cachorro-ruivo\/\",\"url\":\"https:\/\/www.notibras.com\/site\/gabriel-a-bebida-e-o-cachorro-ruivo\/\",\"name\":\"Gabriel, a bebida e o cachorro ruivo - Notibras\",\"isPartOf\":{\"@id\":\"https:\/\/www.notibras.com\/site\/#website\"},\"primaryImageOfPage\":{\"@id\":\"https:\/\/www.notibras.com\/site\/gabriel-a-bebida-e-o-cachorro-ruivo\/#primaryimage\"},\"image\":{\"@id\":\"https:\/\/www.notibras.com\/site\/gabriel-a-bebida-e-o-cachorro-ruivo\/#primaryimage\"},\"thumbnailUrl\":\"https:\/\/www.notibras.com\/site\/wp-content\/uploads\/2026\/01\/IMG_0612.jpg\",\"datePublished\":\"2026-01-26T03:00:31+00:00\",\"breadcrumb\":{\"@id\":\"https:\/\/www.notibras.com\/site\/gabriel-a-bebida-e-o-cachorro-ruivo\/#breadcrumb\"},\"inLanguage\":\"pt-BR\",\"potentialAction\":[{\"@type\":\"ReadAction\",\"target\":[\"https:\/\/www.notibras.com\/site\/gabriel-a-bebida-e-o-cachorro-ruivo\/\"]}]},{\"@type\":\"ImageObject\",\"inLanguage\":\"pt-BR\",\"@id\":\"https:\/\/www.notibras.com\/site\/gabriel-a-bebida-e-o-cachorro-ruivo\/#primaryimage\",\"url\":\"https:\/\/www.notibras.com\/site\/wp-content\/uploads\/2026\/01\/IMG_0612.jpg\",\"contentUrl\":\"https:\/\/www.notibras.com\/site\/wp-content\/uploads\/2026\/01\/IMG_0612.jpg\",\"width\":1023,\"height\":935},{\"@type\":\"BreadcrumbList\",\"@id\":\"https:\/\/www.notibras.com\/site\/gabriel-a-bebida-e-o-cachorro-ruivo\/#breadcrumb\",\"itemListElement\":[{\"@type\":\"ListItem\",\"position\":1,\"name\":\"In\u00edcio\",\"item\":\"https:\/\/www.notibras.com\/site\/\"},{\"@type\":\"ListItem\",\"position\":2,\"name\":\"Gabriel, a bebida e o cachorro ruivo\"}]},{\"@type\":\"WebSite\",\"@id\":\"https:\/\/www.notibras.com\/site\/#website\",\"url\":\"https:\/\/www.notibras.com\/site\/\",\"name\":\"Notibras\",\"description\":\"Not\u00edcias de Bras\u00edlia, do Brasil e do Mundo\",\"publisher\":{\"@id\":\"https:\/\/www.notibras.com\/site\/#organization\"},\"potentialAction\":[{\"@type\":\"SearchAction\",\"target\":{\"@type\":\"EntryPoint\",\"urlTemplate\":\"https:\/\/www.notibras.com\/site\/?s={search_term_string}\"},\"query-input\":{\"@type\":\"PropertyValueSpecification\",\"valueRequired\":true,\"valueName\":\"search_term_string\"}}],\"inLanguage\":\"pt-BR\"},{\"@type\":\"Organization\",\"@id\":\"https:\/\/www.notibras.com\/site\/#organization\",\"name\":\"Grupo Notibras de Comunica\u00e7\u00e3o\",\"url\":\"https:\/\/www.notibras.com\/site\/\",\"logo\":{\"@type\":\"ImageObject\",\"inLanguage\":\"pt-BR\",\"@id\":\"https:\/\/www.notibras.com\/site\/#\/schema\/logo\/image\/\",\"url\":\"https:\/\/www.notibras.com\/site\/wp-content\/uploads\/2023\/01\/notibras23.png\",\"contentUrl\":\"https:\/\/www.notibras.com\/site\/wp-content\/uploads\/2023\/01\/notibras23.png\",\"width\":350,\"height\":87,\"caption\":\"Grupo Notibras de Comunica\u00e7\u00e3o\"},\"image\":{\"@id\":\"https:\/\/www.notibras.com\/site\/#\/schema\/logo\/image\/\"},\"sameAs\":[\"https:\/\/www.facebook.com\/notibras\/\",\"https:\/\/x.com\/Notibras\",\"https:\/\/www.instagram.com\/notibras\/\"]},{\"@type\":\"Person\",\"@id\":\"https:\/\/www.notibras.com\/site\/#\/schema\/person\/5b7fabf2aedc3ada2105f03b22b4d3dd\",\"name\":\"Eduardo Mart\u00ednez\",\"image\":{\"@type\":\"ImageObject\",\"inLanguage\":\"pt-BR\",\"@id\":\"https:\/\/secure.gravatar.com\/avatar\/7902f906289926289cbcda644b5197c796b893c6ffd7b9a536a42d290f7704a0?s=96&d=mm&r=g\",\"url\":\"https:\/\/secure.gravatar.com\/avatar\/7902f906289926289cbcda644b5197c796b893c6ffd7b9a536a42d290f7704a0?s=96&d=mm&r=g\",\"contentUrl\":\"https:\/\/secure.gravatar.com\/avatar\/7902f906289926289cbcda644b5197c796b893c6ffd7b9a536a42d290f7704a0?s=96&d=mm&r=g\",\"caption\":\"Eduardo Mart\u00ednez\"}}]}<\/script>\n<!-- \/ Yoast SEO plugin. -->","yoast_head_json":{"title":"Gabriel, a bebida e o cachorro ruivo - Notibras","robots":{"index":"index","follow":"follow","max-snippet":"max-snippet:-1","max-image-preview":"max-image-preview:large","max-video-preview":"max-video-preview:-1"},"canonical":"https:\/\/www.notibras.com\/site\/gabriel-a-bebida-e-o-cachorro-ruivo\/","og_locale":"pt_BR","og_type":"article","og_title":"Gabriel, a bebida e o cachorro ruivo - Notibras","og_description":"Gabriel, 30 anos, apar\u00eancia agrad\u00e1vel aos olhos femininos, solteiro por quase convic\u00e7\u00e3o, falava convincente quando s\u00f3brio&#8230; Sim, quando s\u00f3brio, haja vista a bebida alc\u00f3olica ser um h\u00e1bito desde seus 15, 16 anos, \u00e9poca repleta de inseguran\u00e7as, n\u00e3o recusou um copo de cerveja de amigos. Quis parecer adulto e, sem se dar conta, tornou aquilo como [&hellip;]","og_url":"https:\/\/www.notibras.com\/site\/gabriel-a-bebida-e-o-cachorro-ruivo\/","og_site_name":"Notibras","article_publisher":"https:\/\/www.facebook.com\/notibras\/","article_published_time":"2026-01-26T03:00:31+00:00","og_image":[{"width":1023,"height":935,"url":"https:\/\/www.notibras.com\/site\/wp-content\/uploads\/2026\/01\/IMG_0612.jpg","type":"image\/jpeg"}],"author":"Eduardo Mart\u00ednez","twitter_card":"summary_large_image","twitter_creator":"@Notibras","twitter_site":"@Notibras","twitter_misc":{"Escrito por":"Eduardo Mart\u00ednez","Est. tempo de leitura":"4 minutos"},"schema":{"@context":"https:\/\/schema.org","@graph":[{"@type":"Article","@id":"https:\/\/www.notibras.com\/site\/gabriel-a-bebida-e-o-cachorro-ruivo\/#article","isPartOf":{"@id":"https:\/\/www.notibras.com\/site\/gabriel-a-bebida-e-o-cachorro-ruivo\/"},"author":{"name":"Eduardo Mart\u00ednez","@id":"https:\/\/www.notibras.com\/site\/#\/schema\/person\/5b7fabf2aedc3ada2105f03b22b4d3dd"},"headline":"Gabriel, a bebida e o cachorro ruivo","datePublished":"2026-01-26T03:00:31+00:00","mainEntityOfPage":{"@id":"https:\/\/www.notibras.com\/site\/gabriel-a-bebida-e-o-cachorro-ruivo\/"},"wordCount":630,"publisher":{"@id":"https:\/\/www.notibras.com\/site\/#organization"},"image":{"@id":"https:\/\/www.notibras.com\/site\/gabriel-a-bebida-e-o-cachorro-ruivo\/#primaryimage"},"thumbnailUrl":"https:\/\/www.notibras.com\/site\/wp-content\/uploads\/2026\/01\/IMG_0612.jpg","articleSection":["Caf\u00e9 Liter\u00e1rio"],"inLanguage":"pt-BR"},{"@type":"WebPage","@id":"https:\/\/www.notibras.com\/site\/gabriel-a-bebida-e-o-cachorro-ruivo\/","url":"https:\/\/www.notibras.com\/site\/gabriel-a-bebida-e-o-cachorro-ruivo\/","name":"Gabriel, a bebida e o cachorro ruivo - Notibras","isPartOf":{"@id":"https:\/\/www.notibras.com\/site\/#website"},"primaryImageOfPage":{"@id":"https:\/\/www.notibras.com\/site\/gabriel-a-bebida-e-o-cachorro-ruivo\/#primaryimage"},"image":{"@id":"https:\/\/www.notibras.com\/site\/gabriel-a-bebida-e-o-cachorro-ruivo\/#primaryimage"},"thumbnailUrl":"https:\/\/www.notibras.com\/site\/wp-content\/uploads\/2026\/01\/IMG_0612.jpg","datePublished":"2026-01-26T03:00:31+00:00","breadcrumb":{"@id":"https:\/\/www.notibras.com\/site\/gabriel-a-bebida-e-o-cachorro-ruivo\/#breadcrumb"},"inLanguage":"pt-BR","potentialAction":[{"@type":"ReadAction","target":["https:\/\/www.notibras.com\/site\/gabriel-a-bebida-e-o-cachorro-ruivo\/"]}]},{"@type":"ImageObject","inLanguage":"pt-BR","@id":"https:\/\/www.notibras.com\/site\/gabriel-a-bebida-e-o-cachorro-ruivo\/#primaryimage","url":"https:\/\/www.notibras.com\/site\/wp-content\/uploads\/2026\/01\/IMG_0612.jpg","contentUrl":"https:\/\/www.notibras.com\/site\/wp-content\/uploads\/2026\/01\/IMG_0612.jpg","width":1023,"height":935},{"@type":"BreadcrumbList","@id":"https:\/\/www.notibras.com\/site\/gabriel-a-bebida-e-o-cachorro-ruivo\/#breadcrumb","itemListElement":[{"@type":"ListItem","position":1,"name":"In\u00edcio","item":"https:\/\/www.notibras.com\/site\/"},{"@type":"ListItem","position":2,"name":"Gabriel, a bebida e o cachorro ruivo"}]},{"@type":"WebSite","@id":"https:\/\/www.notibras.com\/site\/#website","url":"https:\/\/www.notibras.com\/site\/","name":"Notibras","description":"Not\u00edcias de Bras\u00edlia, do Brasil e do Mundo","publisher":{"@id":"https:\/\/www.notibras.com\/site\/#organization"},"potentialAction":[{"@type":"SearchAction","target":{"@type":"EntryPoint","urlTemplate":"https:\/\/www.notibras.com\/site\/?s={search_term_string}"},"query-input":{"@type":"PropertyValueSpecification","valueRequired":true,"valueName":"search_term_string"}}],"inLanguage":"pt-BR"},{"@type":"Organization","@id":"https:\/\/www.notibras.com\/site\/#organization","name":"Grupo Notibras de Comunica\u00e7\u00e3o","url":"https:\/\/www.notibras.com\/site\/","logo":{"@type":"ImageObject","inLanguage":"pt-BR","@id":"https:\/\/www.notibras.com\/site\/#\/schema\/logo\/image\/","url":"https:\/\/www.notibras.com\/site\/wp-content\/uploads\/2023\/01\/notibras23.png","contentUrl":"https:\/\/www.notibras.com\/site\/wp-content\/uploads\/2023\/01\/notibras23.png","width":350,"height":87,"caption":"Grupo Notibras de Comunica\u00e7\u00e3o"},"image":{"@id":"https:\/\/www.notibras.com\/site\/#\/schema\/logo\/image\/"},"sameAs":["https:\/\/www.facebook.com\/notibras\/","https:\/\/x.com\/Notibras","https:\/\/www.instagram.com\/notibras\/"]},{"@type":"Person","@id":"https:\/\/www.notibras.com\/site\/#\/schema\/person\/5b7fabf2aedc3ada2105f03b22b4d3dd","name":"Eduardo Mart\u00ednez","image":{"@type":"ImageObject","inLanguage":"pt-BR","@id":"https:\/\/secure.gravatar.com\/avatar\/7902f906289926289cbcda644b5197c796b893c6ffd7b9a536a42d290f7704a0?s=96&d=mm&r=g","url":"https:\/\/secure.gravatar.com\/avatar\/7902f906289926289cbcda644b5197c796b893c6ffd7b9a536a42d290f7704a0?s=96&d=mm&r=g","contentUrl":"https:\/\/secure.gravatar.com\/avatar\/7902f906289926289cbcda644b5197c796b893c6ffd7b9a536a42d290f7704a0?s=96&d=mm&r=g","caption":"Eduardo Mart\u00ednez"}}]}},"amp_enabled":true,"_links":{"self":[{"href":"https:\/\/www.notibras.com\/site\/wp-json\/wp\/v2\/posts\/380495","targetHints":{"allow":["GET"]}}],"collection":[{"href":"https:\/\/www.notibras.com\/site\/wp-json\/wp\/v2\/posts"}],"about":[{"href":"https:\/\/www.notibras.com\/site\/wp-json\/wp\/v2\/types\/post"}],"author":[{"embeddable":true,"href":"https:\/\/www.notibras.com\/site\/wp-json\/wp\/v2\/users\/21"}],"replies":[{"embeddable":true,"href":"https:\/\/www.notibras.com\/site\/wp-json\/wp\/v2\/comments?post=380495"}],"version-history":[{"count":2,"href":"https:\/\/www.notibras.com\/site\/wp-json\/wp\/v2\/posts\/380495\/revisions"}],"predecessor-version":[{"id":380498,"href":"https:\/\/www.notibras.com\/site\/wp-json\/wp\/v2\/posts\/380495\/revisions\/380498"}],"wp:featuredmedia":[{"embeddable":true,"href":"https:\/\/www.notibras.com\/site\/wp-json\/wp\/v2\/media\/380496"}],"wp:attachment":[{"href":"https:\/\/www.notibras.com\/site\/wp-json\/wp\/v2\/media?parent=380495"}],"wp:term":[{"taxonomy":"category","embeddable":true,"href":"https:\/\/www.notibras.com\/site\/wp-json\/wp\/v2\/categories?post=380495"},{"taxonomy":"post_tag","embeddable":true,"href":"https:\/\/www.notibras.com\/site\/wp-json\/wp\/v2\/tags?post=380495"}],"curies":[{"name":"wp","href":"https:\/\/api.w.org\/{rel}","templated":true}]}}