{"id":380499,"date":"2026-01-25T14:04:15","date_gmt":"2026-01-25T17:04:15","guid":{"rendered":"https:\/\/www.notibras.com\/site\/?p=380499"},"modified":"2026-01-25T14:04:15","modified_gmt":"2026-01-25T17:04:15","slug":"feliz-aniversario-eduardo-martinez","status":"publish","type":"post","link":"https:\/\/www.notibras.com\/site\/feliz-aniversario-eduardo-martinez\/","title":{"rendered":"FELIZ ANIVERS\u00c1RIO, EDUARDO MART\u00cdNEZ!"},"content":{"rendered":"<p>N\u00famero 1, voc\u00ea est\u00e1 ganhando hoje mais um fio de cabelo prateado como quem nunca saiu da estrada. Voc\u00ea \u00e9 daquelas raras pessoas que vive atenta aos m\u00ednimos detalhes, \u00e0s ironias do tempo, \u00e0s delicadezas que quase ningu\u00e9m v\u00ea. Sua escrita, seja cr\u00f4nica, conto ou romance, entra em nossas vidas sem pedir licen\u00e7a, senta \u00e0 mesa e conversa com seus leitores como um velho amigo que sabe mais do mundo do que aparenta.<\/p>\n<p>Voc\u00ea consolida obras que atravessam o cotidiano com humor, melancolia e lucidez rara. Seus personagens carregam o pa\u00eds nos ombros, mas nunca perdem o espanto; suas frases parecem simples, at\u00e9 que a gente percebe que ficaram ecoando por dias.<\/p>\n<p>Voc\u00ea, creia-me, n\u00e3o celebra um ponto de chegada, mas um lugar de observa\u00e7\u00e3o privilegiado. \u00c9 do tipo de quem j\u00e1 viu muito, mas ainda escreve como quem descobre tudo pela primeira vez. Que venham mais p\u00e1ginas, mais sil\u00eancios bem escritos, mais verdades ditas de lado. Exatamente como s\u00f3 os grandes cronistas sabem fazer. Parab\u00e9ns!<\/p>\n<p>\u2026\u2026\u2026\u2026\u2026\u2026\u2026.<\/p>\n<p><strong>Jos\u00e9 Seabra \u00e9 CEO fundador de Notibras<\/strong><\/p>\n","protected":false},"excerpt":{"rendered":"<p>N\u00famero 1, voc\u00ea est\u00e1 ganhando hoje mais um fio de cabelo prateado como quem nunca saiu da estrada. Voc\u00ea \u00e9 daquelas raras pessoas que vive atenta aos m\u00ednimos detalhes, \u00e0s ironias do tempo, \u00e0s delicadezas que quase ningu\u00e9m v\u00ea. Sua escrita, seja cr\u00f4nica, conto ou romance, entra em nossas vidas sem pedir licen\u00e7a, senta \u00e0 [&hellip;]<\/p>\n","protected":false},"author":21,"featured_media":380500,"comment_status":"closed","ping_status":"closed","sticky":false,"template":"","format":"standard","meta":{"_acf_changed":false,"footnotes":""},"categories":[161],"tags":[],"class_list":["post-380499","post","type-post","status-publish","format-standard","has-post-thumbnail","hentry","category-quadradinho-em-foco"],"acf":[],"yoast_head":"<!-- This site is optimized with the Yoast SEO plugin v27.2 - https:\/\/yoast.com\/product\/yoast-seo-wordpress\/ -->\n<title>FELIZ ANIVERS\u00c1RIO, EDUARDO MART\u00cdNEZ! - Notibras<\/title>\n<meta name=\"robots\" content=\"index, follow, max-snippet:-1, max-image-preview:large, max-video-preview:-1\" \/>\n<link rel=\"canonical\" href=\"https:\/\/www.notibras.com\/site\/feliz-aniversario-eduardo-martinez\/\" \/>\n<meta property=\"og:locale\" content=\"pt_BR\" \/>\n<meta property=\"og:type\" content=\"article\" \/>\n<meta property=\"og:title\" content=\"FELIZ ANIVERS\u00c1RIO, EDUARDO MART\u00cdNEZ! - Notibras\" \/>\n<meta property=\"og:description\" content=\"N\u00famero 1, voc\u00ea est\u00e1 ganhando hoje mais um fio de cabelo prateado como quem nunca saiu da estrada. Voc\u00ea \u00e9 daquelas raras pessoas que vive atenta aos m\u00ednimos detalhes, \u00e0s ironias do tempo, \u00e0s delicadezas que quase ningu\u00e9m v\u00ea. Sua escrita, seja cr\u00f4nica, conto ou romance, entra em nossas vidas sem pedir licen\u00e7a, senta \u00e0 [&hellip;]\" \/>\n<meta property=\"og:url\" content=\"https:\/\/www.notibras.com\/site\/feliz-aniversario-eduardo-martinez\/\" \/>\n<meta property=\"og:site_name\" content=\"Notibras\" \/>\n<meta property=\"article:publisher\" content=\"https:\/\/www.facebook.com\/notibras\/\" \/>\n<meta property=\"article:published_time\" content=\"2026-01-25T17:04:15+00:00\" \/>\n<meta property=\"og:image\" content=\"https:\/\/www.notibras.com\/site\/wp-content\/uploads\/2026\/01\/5ad167e5-8f53-46a1-8df9-ff5cee804203.jpg\" \/>\n\t<meta property=\"og:image:width\" content=\"960\" \/>\n\t<meta property=\"og:image:height\" content=\"1280\" \/>\n\t<meta property=\"og:image:type\" content=\"image\/jpeg\" \/>\n<meta name=\"author\" content=\"Eduardo Mart\u00ednez\" \/>\n<meta name=\"twitter:card\" content=\"summary_large_image\" \/>\n<meta name=\"twitter:creator\" content=\"@Notibras\" \/>\n<meta name=\"twitter:site\" content=\"@Notibras\" \/>\n<meta name=\"twitter:label1\" content=\"Escrito por\" \/>\n\t<meta name=\"twitter:data1\" content=\"Eduardo Mart\u00ednez\" \/>\n\t<meta name=\"twitter:label2\" content=\"Est. tempo de leitura\" \/>\n\t<meta name=\"twitter:data2\" content=\"2 minutos\" \/>\n<script type=\"application\/ld+json\" class=\"yoast-schema-graph\">{\"@context\":\"https:\/\/schema.org\",\"@graph\":[{\"@type\":\"Article\",\"@id\":\"https:\/\/www.notibras.com\/site\/feliz-aniversario-eduardo-martinez\/#article\",\"isPartOf\":{\"@id\":\"https:\/\/www.notibras.com\/site\/feliz-aniversario-eduardo-martinez\/\"},\"author\":{\"name\":\"Eduardo Mart\u00ednez\",\"@id\":\"https:\/\/www.notibras.com\/site\/#\/schema\/person\/5b7fabf2aedc3ada2105f03b22b4d3dd\"},\"headline\":\"FELIZ ANIVERS\u00c1RIO, EDUARDO MART\u00cdNEZ!\",\"datePublished\":\"2026-01-25T17:04:15+00:00\",\"mainEntityOfPage\":{\"@id\":\"https:\/\/www.notibras.com\/site\/feliz-aniversario-eduardo-martinez\/\"},\"wordCount\":185,\"publisher\":{\"@id\":\"https:\/\/www.notibras.com\/site\/#organization\"},\"image\":{\"@id\":\"https:\/\/www.notibras.com\/site\/feliz-aniversario-eduardo-martinez\/#primaryimage\"},\"thumbnailUrl\":\"https:\/\/www.notibras.com\/site\/wp-content\/uploads\/2026\/01\/5ad167e5-8f53-46a1-8df9-ff5cee804203.jpg\",\"articleSection\":[\"Quadradinho em Foco\"],\"inLanguage\":\"pt-BR\"},{\"@type\":\"WebPage\",\"@id\":\"https:\/\/www.notibras.com\/site\/feliz-aniversario-eduardo-martinez\/\",\"url\":\"https:\/\/www.notibras.com\/site\/feliz-aniversario-eduardo-martinez\/\",\"name\":\"FELIZ ANIVERS\u00c1RIO, EDUARDO MART\u00cdNEZ! - Notibras\",\"isPartOf\":{\"@id\":\"https:\/\/www.notibras.com\/site\/#website\"},\"primaryImageOfPage\":{\"@id\":\"https:\/\/www.notibras.com\/site\/feliz-aniversario-eduardo-martinez\/#primaryimage\"},\"image\":{\"@id\":\"https:\/\/www.notibras.com\/site\/feliz-aniversario-eduardo-martinez\/#primaryimage\"},\"thumbnailUrl\":\"https:\/\/www.notibras.com\/site\/wp-content\/uploads\/2026\/01\/5ad167e5-8f53-46a1-8df9-ff5cee804203.jpg\",\"datePublished\":\"2026-01-25T17:04:15+00:00\",\"breadcrumb\":{\"@id\":\"https:\/\/www.notibras.com\/site\/feliz-aniversario-eduardo-martinez\/#breadcrumb\"},\"inLanguage\":\"pt-BR\",\"potentialAction\":[{\"@type\":\"ReadAction\",\"target\":[\"https:\/\/www.notibras.com\/site\/feliz-aniversario-eduardo-martinez\/\"]}]},{\"@type\":\"ImageObject\",\"inLanguage\":\"pt-BR\",\"@id\":\"https:\/\/www.notibras.com\/site\/feliz-aniversario-eduardo-martinez\/#primaryimage\",\"url\":\"https:\/\/www.notibras.com\/site\/wp-content\/uploads\/2026\/01\/5ad167e5-8f53-46a1-8df9-ff5cee804203.jpg\",\"contentUrl\":\"https:\/\/www.notibras.com\/site\/wp-content\/uploads\/2026\/01\/5ad167e5-8f53-46a1-8df9-ff5cee804203.jpg\",\"width\":960,\"height\":1280},{\"@type\":\"BreadcrumbList\",\"@id\":\"https:\/\/www.notibras.com\/site\/feliz-aniversario-eduardo-martinez\/#breadcrumb\",\"itemListElement\":[{\"@type\":\"ListItem\",\"position\":1,\"name\":\"In\u00edcio\",\"item\":\"https:\/\/www.notibras.com\/site\/\"},{\"@type\":\"ListItem\",\"position\":2,\"name\":\"FELIZ ANIVERS\u00c1RIO, EDUARDO MART\u00cdNEZ!\"}]},{\"@type\":\"WebSite\",\"@id\":\"https:\/\/www.notibras.com\/site\/#website\",\"url\":\"https:\/\/www.notibras.com\/site\/\",\"name\":\"Notibras\",\"description\":\"Not\u00edcias de Bras\u00edlia, do Brasil e do Mundo\",\"publisher\":{\"@id\":\"https:\/\/www.notibras.com\/site\/#organization\"},\"potentialAction\":[{\"@type\":\"SearchAction\",\"target\":{\"@type\":\"EntryPoint\",\"urlTemplate\":\"https:\/\/www.notibras.com\/site\/?s={search_term_string}\"},\"query-input\":{\"@type\":\"PropertyValueSpecification\",\"valueRequired\":true,\"valueName\":\"search_term_string\"}}],\"inLanguage\":\"pt-BR\"},{\"@type\":\"Organization\",\"@id\":\"https:\/\/www.notibras.com\/site\/#organization\",\"name\":\"Grupo Notibras de Comunica\u00e7\u00e3o\",\"url\":\"https:\/\/www.notibras.com\/site\/\",\"logo\":{\"@type\":\"ImageObject\",\"inLanguage\":\"pt-BR\",\"@id\":\"https:\/\/www.notibras.com\/site\/#\/schema\/logo\/image\/\",\"url\":\"https:\/\/www.notibras.com\/site\/wp-content\/uploads\/2023\/01\/notibras23.png\",\"contentUrl\":\"https:\/\/www.notibras.com\/site\/wp-content\/uploads\/2023\/01\/notibras23.png\",\"width\":350,\"height\":87,\"caption\":\"Grupo Notibras de Comunica\u00e7\u00e3o\"},\"image\":{\"@id\":\"https:\/\/www.notibras.com\/site\/#\/schema\/logo\/image\/\"},\"sameAs\":[\"https:\/\/www.facebook.com\/notibras\/\",\"https:\/\/x.com\/Notibras\",\"https:\/\/www.instagram.com\/notibras\/\"]},{\"@type\":\"Person\",\"@id\":\"https:\/\/www.notibras.com\/site\/#\/schema\/person\/5b7fabf2aedc3ada2105f03b22b4d3dd\",\"name\":\"Eduardo Mart\u00ednez\",\"image\":{\"@type\":\"ImageObject\",\"inLanguage\":\"pt-BR\",\"@id\":\"https:\/\/secure.gravatar.com\/avatar\/7902f906289926289cbcda644b5197c796b893c6ffd7b9a536a42d290f7704a0?s=96&d=mm&r=g\",\"url\":\"https:\/\/secure.gravatar.com\/avatar\/7902f906289926289cbcda644b5197c796b893c6ffd7b9a536a42d290f7704a0?s=96&d=mm&r=g\",\"contentUrl\":\"https:\/\/secure.gravatar.com\/avatar\/7902f906289926289cbcda644b5197c796b893c6ffd7b9a536a42d290f7704a0?s=96&d=mm&r=g\",\"caption\":\"Eduardo Mart\u00ednez\"}}]}<\/script>\n<!-- \/ Yoast SEO plugin. -->","yoast_head_json":{"title":"FELIZ ANIVERS\u00c1RIO, EDUARDO MART\u00cdNEZ! - Notibras","robots":{"index":"index","follow":"follow","max-snippet":"max-snippet:-1","max-image-preview":"max-image-preview:large","max-video-preview":"max-video-preview:-1"},"canonical":"https:\/\/www.notibras.com\/site\/feliz-aniversario-eduardo-martinez\/","og_locale":"pt_BR","og_type":"article","og_title":"FELIZ ANIVERS\u00c1RIO, EDUARDO MART\u00cdNEZ! - Notibras","og_description":"N\u00famero 1, voc\u00ea est\u00e1 ganhando hoje mais um fio de cabelo prateado como quem nunca saiu da estrada. Voc\u00ea \u00e9 daquelas raras pessoas que vive atenta aos m\u00ednimos detalhes, \u00e0s ironias do tempo, \u00e0s delicadezas que quase ningu\u00e9m v\u00ea. Sua escrita, seja cr\u00f4nica, conto ou romance, entra em nossas vidas sem pedir licen\u00e7a, senta \u00e0 [&hellip;]","og_url":"https:\/\/www.notibras.com\/site\/feliz-aniversario-eduardo-martinez\/","og_site_name":"Notibras","article_publisher":"https:\/\/www.facebook.com\/notibras\/","article_published_time":"2026-01-25T17:04:15+00:00","og_image":[{"width":960,"height":1280,"url":"https:\/\/www.notibras.com\/site\/wp-content\/uploads\/2026\/01\/5ad167e5-8f53-46a1-8df9-ff5cee804203.jpg","type":"image\/jpeg"}],"author":"Eduardo Mart\u00ednez","twitter_card":"summary_large_image","twitter_creator":"@Notibras","twitter_site":"@Notibras","twitter_misc":{"Escrito por":"Eduardo Mart\u00ednez","Est. tempo de leitura":"2 minutos"},"schema":{"@context":"https:\/\/schema.org","@graph":[{"@type":"Article","@id":"https:\/\/www.notibras.com\/site\/feliz-aniversario-eduardo-martinez\/#article","isPartOf":{"@id":"https:\/\/www.notibras.com\/site\/feliz-aniversario-eduardo-martinez\/"},"author":{"name":"Eduardo Mart\u00ednez","@id":"https:\/\/www.notibras.com\/site\/#\/schema\/person\/5b7fabf2aedc3ada2105f03b22b4d3dd"},"headline":"FELIZ ANIVERS\u00c1RIO, EDUARDO MART\u00cdNEZ!","datePublished":"2026-01-25T17:04:15+00:00","mainEntityOfPage":{"@id":"https:\/\/www.notibras.com\/site\/feliz-aniversario-eduardo-martinez\/"},"wordCount":185,"publisher":{"@id":"https:\/\/www.notibras.com\/site\/#organization"},"image":{"@id":"https:\/\/www.notibras.com\/site\/feliz-aniversario-eduardo-martinez\/#primaryimage"},"thumbnailUrl":"https:\/\/www.notibras.com\/site\/wp-content\/uploads\/2026\/01\/5ad167e5-8f53-46a1-8df9-ff5cee804203.jpg","articleSection":["Quadradinho em Foco"],"inLanguage":"pt-BR"},{"@type":"WebPage","@id":"https:\/\/www.notibras.com\/site\/feliz-aniversario-eduardo-martinez\/","url":"https:\/\/www.notibras.com\/site\/feliz-aniversario-eduardo-martinez\/","name":"FELIZ ANIVERS\u00c1RIO, EDUARDO MART\u00cdNEZ! - Notibras","isPartOf":{"@id":"https:\/\/www.notibras.com\/site\/#website"},"primaryImageOfPage":{"@id":"https:\/\/www.notibras.com\/site\/feliz-aniversario-eduardo-martinez\/#primaryimage"},"image":{"@id":"https:\/\/www.notibras.com\/site\/feliz-aniversario-eduardo-martinez\/#primaryimage"},"thumbnailUrl":"https:\/\/www.notibras.com\/site\/wp-content\/uploads\/2026\/01\/5ad167e5-8f53-46a1-8df9-ff5cee804203.jpg","datePublished":"2026-01-25T17:04:15+00:00","breadcrumb":{"@id":"https:\/\/www.notibras.com\/site\/feliz-aniversario-eduardo-martinez\/#breadcrumb"},"inLanguage":"pt-BR","potentialAction":[{"@type":"ReadAction","target":["https:\/\/www.notibras.com\/site\/feliz-aniversario-eduardo-martinez\/"]}]},{"@type":"ImageObject","inLanguage":"pt-BR","@id":"https:\/\/www.notibras.com\/site\/feliz-aniversario-eduardo-martinez\/#primaryimage","url":"https:\/\/www.notibras.com\/site\/wp-content\/uploads\/2026\/01\/5ad167e5-8f53-46a1-8df9-ff5cee804203.jpg","contentUrl":"https:\/\/www.notibras.com\/site\/wp-content\/uploads\/2026\/01\/5ad167e5-8f53-46a1-8df9-ff5cee804203.jpg","width":960,"height":1280},{"@type":"BreadcrumbList","@id":"https:\/\/www.notibras.com\/site\/feliz-aniversario-eduardo-martinez\/#breadcrumb","itemListElement":[{"@type":"ListItem","position":1,"name":"In\u00edcio","item":"https:\/\/www.notibras.com\/site\/"},{"@type":"ListItem","position":2,"name":"FELIZ ANIVERS\u00c1RIO, EDUARDO MART\u00cdNEZ!"}]},{"@type":"WebSite","@id":"https:\/\/www.notibras.com\/site\/#website","url":"https:\/\/www.notibras.com\/site\/","name":"Notibras","description":"Not\u00edcias de Bras\u00edlia, do Brasil e do Mundo","publisher":{"@id":"https:\/\/www.notibras.com\/site\/#organization"},"potentialAction":[{"@type":"SearchAction","target":{"@type":"EntryPoint","urlTemplate":"https:\/\/www.notibras.com\/site\/?s={search_term_string}"},"query-input":{"@type":"PropertyValueSpecification","valueRequired":true,"valueName":"search_term_string"}}],"inLanguage":"pt-BR"},{"@type":"Organization","@id":"https:\/\/www.notibras.com\/site\/#organization","name":"Grupo Notibras de Comunica\u00e7\u00e3o","url":"https:\/\/www.notibras.com\/site\/","logo":{"@type":"ImageObject","inLanguage":"pt-BR","@id":"https:\/\/www.notibras.com\/site\/#\/schema\/logo\/image\/","url":"https:\/\/www.notibras.com\/site\/wp-content\/uploads\/2023\/01\/notibras23.png","contentUrl":"https:\/\/www.notibras.com\/site\/wp-content\/uploads\/2023\/01\/notibras23.png","width":350,"height":87,"caption":"Grupo Notibras de Comunica\u00e7\u00e3o"},"image":{"@id":"https:\/\/www.notibras.com\/site\/#\/schema\/logo\/image\/"},"sameAs":["https:\/\/www.facebook.com\/notibras\/","https:\/\/x.com\/Notibras","https:\/\/www.instagram.com\/notibras\/"]},{"@type":"Person","@id":"https:\/\/www.notibras.com\/site\/#\/schema\/person\/5b7fabf2aedc3ada2105f03b22b4d3dd","name":"Eduardo Mart\u00ednez","image":{"@type":"ImageObject","inLanguage":"pt-BR","@id":"https:\/\/secure.gravatar.com\/avatar\/7902f906289926289cbcda644b5197c796b893c6ffd7b9a536a42d290f7704a0?s=96&d=mm&r=g","url":"https:\/\/secure.gravatar.com\/avatar\/7902f906289926289cbcda644b5197c796b893c6ffd7b9a536a42d290f7704a0?s=96&d=mm&r=g","contentUrl":"https:\/\/secure.gravatar.com\/avatar\/7902f906289926289cbcda644b5197c796b893c6ffd7b9a536a42d290f7704a0?s=96&d=mm&r=g","caption":"Eduardo Mart\u00ednez"}}]}},"amp_enabled":true,"_links":{"self":[{"href":"https:\/\/www.notibras.com\/site\/wp-json\/wp\/v2\/posts\/380499","targetHints":{"allow":["GET"]}}],"collection":[{"href":"https:\/\/www.notibras.com\/site\/wp-json\/wp\/v2\/posts"}],"about":[{"href":"https:\/\/www.notibras.com\/site\/wp-json\/wp\/v2\/types\/post"}],"author":[{"embeddable":true,"href":"https:\/\/www.notibras.com\/site\/wp-json\/wp\/v2\/users\/21"}],"replies":[{"embeddable":true,"href":"https:\/\/www.notibras.com\/site\/wp-json\/wp\/v2\/comments?post=380499"}],"version-history":[{"count":2,"href":"https:\/\/www.notibras.com\/site\/wp-json\/wp\/v2\/posts\/380499\/revisions"}],"predecessor-version":[{"id":380502,"href":"https:\/\/www.notibras.com\/site\/wp-json\/wp\/v2\/posts\/380499\/revisions\/380502"}],"wp:featuredmedia":[{"embeddable":true,"href":"https:\/\/www.notibras.com\/site\/wp-json\/wp\/v2\/media\/380500"}],"wp:attachment":[{"href":"https:\/\/www.notibras.com\/site\/wp-json\/wp\/v2\/media?parent=380499"}],"wp:term":[{"taxonomy":"category","embeddable":true,"href":"https:\/\/www.notibras.com\/site\/wp-json\/wp\/v2\/categories?post=380499"},{"taxonomy":"post_tag","embeddable":true,"href":"https:\/\/www.notibras.com\/site\/wp-json\/wp\/v2\/tags?post=380499"}],"curies":[{"name":"wp","href":"https:\/\/api.w.org\/{rel}","templated":true}]}}