{"id":380505,"date":"2026-01-25T14:50:26","date_gmt":"2026-01-25T17:50:26","guid":{"rendered":"https:\/\/www.notibras.com\/site\/?p=380505"},"modified":"2026-01-25T14:58:52","modified_gmt":"2026-01-25T17:58:52","slug":"implosao-do-torre-palace-simbolo-de-luxo-vira-po-apos-decadas-de-abandono","status":"publish","type":"post","link":"https:\/\/www.notibras.com\/site\/implosao-do-torre-palace-simbolo-de-luxo-vira-po-apos-decadas-de-abandono\/","title":{"rendered":"IMPLOS\u00c3O DO TORRE PALACE: S\u00cdMBOLO DE LUXO VIRA P\u00d3 AP\u00d3S D\u00c9CADAS DE ABANDONO"},"content":{"rendered":"<p>Em uma opera\u00e7\u00e3o precisa e segura, o Hotel Torre Palace, um dos primeiros estabelecimentos de luxo de Bras\u00edlia, foi implodido na manh\u00e3 deste domingo (25). O pr\u00e9dio, fechado desde 2013, havia se tornado um ponto de drogas e ocupa\u00e7\u00e3o irregular, abrigando usu\u00e1rios de subst\u00e2ncias il\u00edcitas e pessoas em situa\u00e7\u00e3o de rua.<\/p>\n<p>A implos\u00e3o, que durou apenas cinco segundos, utilizou 165 kg de explosivos e foi acompanhada de perto por centenas de curiosos. A \u00e1rea foi isolada para pedestres e ve\u00edculos, e a Defesa Civil emitiu alertas sonoros e avisos por SMS para garantir a seguran\u00e7a da popula\u00e7\u00e3o.<\/p>\n<p>O lote onde o hotel estava localizado ser\u00e1 utilizado para a constru\u00e7\u00e3o de um novo empreendimento de luxo, com 250 apartamentos. O nome e a data de inaugura\u00e7\u00e3o ainda n\u00e3o foram divulgados.<\/p>\n<p>A engenheira respons\u00e1vel pela implos\u00e3o, Lorrana Oliveira, explicou que os explosivos foram instalados nos pilares do pr\u00e9dio e que a sequ\u00eancia de detona\u00e7\u00e3o foi programada para garantir a seguran\u00e7a da opera\u00e7\u00e3o.<\/p>\n<p>A implos\u00e3o do Torre Palace marca o fim de uma era para o hotel, que foi um s\u00edmbolo de luxo e glamour em Bras\u00edlia nos anos 60 e 70. Agora, o local ser\u00e1 revitalizado e transformado em um novo espa\u00e7o de luxo para a capital federal.<\/p>\n<p><strong>Assista aos v\u00eddeos encaminhados por leitores de Notibras:<\/strong><\/p>\n<div style=\"width: 740px;\" class=\"wp-video\"><video class=\"wp-video-shortcode\" id=\"video-380505-1\" width=\"740\" height=\"419\" preload=\"metadata\" controls=\"controls\"><source type=\"video\/mp4\" src=\"https:\/\/www.notibras.com\/site\/wp-content\/uploads\/2026\/01\/WhatsApp-Video-2026-01-25-at-14.01.01-1.mp4?_=1\" \/><a href=\"https:\/\/www.notibras.com\/site\/wp-content\/uploads\/2026\/01\/WhatsApp-Video-2026-01-25-at-14.01.01-1.mp4\">https:\/\/www.notibras.com\/site\/wp-content\/uploads\/2026\/01\/WhatsApp-Video-2026-01-25-at-14.01.01-1.mp4<\/a><\/video><\/div>\n<div style=\"width: 740px;\" class=\"wp-video\"><video class=\"wp-video-shortcode\" id=\"video-380505-2\" width=\"740\" height=\"419\" preload=\"metadata\" controls=\"controls\"><source type=\"video\/mp4\" src=\"https:\/\/www.notibras.com\/site\/wp-content\/uploads\/2026\/01\/WhatsApp-Video-2026-01-25-at-14.01.02.mp4?_=2\" \/><a href=\"https:\/\/www.notibras.com\/site\/wp-content\/uploads\/2026\/01\/WhatsApp-Video-2026-01-25-at-14.01.02.mp4\">https:\/\/www.notibras.com\/site\/wp-content\/uploads\/2026\/01\/WhatsApp-Video-2026-01-25-at-14.01.02.mp4<\/a><\/video><\/div>\n<p>&nbsp;<\/p>\n","protected":false},"excerpt":{"rendered":"<p>Em uma opera\u00e7\u00e3o precisa e segura, o Hotel Torre Palace, um dos primeiros estabelecimentos de luxo de Bras\u00edlia, foi implodido na manh\u00e3 deste domingo (25). O pr\u00e9dio, fechado desde 2013, havia se tornado um ponto de drogas e ocupa\u00e7\u00e3o irregular, abrigando usu\u00e1rios de subst\u00e2ncias il\u00edcitas e pessoas em situa\u00e7\u00e3o de rua. A implos\u00e3o, que durou [&hellip;]<\/p>\n","protected":false},"author":21,"featured_media":380513,"comment_status":"closed","ping_status":"closed","sticky":false,"template":"","format":"standard","meta":{"_acf_changed":false,"footnotes":""},"categories":[161],"tags":[],"class_list":["post-380505","post","type-post","status-publish","format-standard","has-post-thumbnail","hentry","category-quadradinho-em-foco"],"acf":[],"yoast_head":"<!-- This site is optimized with the Yoast SEO plugin v27.2 - https:\/\/yoast.com\/product\/yoast-seo-wordpress\/ -->\n<title>IMPLOS\u00c3O DO TORRE PALACE: S\u00cdMBOLO DE LUXO VIRA P\u00d3 AP\u00d3S D\u00c9CADAS DE ABANDONO - Notibras<\/title>\n<meta name=\"robots\" content=\"index, follow, max-snippet:-1, max-image-preview:large, max-video-preview:-1\" \/>\n<link rel=\"canonical\" href=\"https:\/\/www.notibras.com\/site\/implosao-do-torre-palace-simbolo-de-luxo-vira-po-apos-decadas-de-abandono\/\" \/>\n<meta property=\"og:locale\" content=\"pt_BR\" \/>\n<meta property=\"og:type\" content=\"article\" \/>\n<meta property=\"og:title\" content=\"IMPLOS\u00c3O DO TORRE PALACE: S\u00cdMBOLO DE LUXO VIRA P\u00d3 AP\u00d3S D\u00c9CADAS DE ABANDONO - Notibras\" \/>\n<meta property=\"og:description\" content=\"Em uma opera\u00e7\u00e3o precisa e segura, o Hotel Torre Palace, um dos primeiros estabelecimentos de luxo de Bras\u00edlia, foi implodido na manh\u00e3 deste domingo (25). O pr\u00e9dio, fechado desde 2013, havia se tornado um ponto de drogas e ocupa\u00e7\u00e3o irregular, abrigando usu\u00e1rios de subst\u00e2ncias il\u00edcitas e pessoas em situa\u00e7\u00e3o de rua. A implos\u00e3o, que durou [&hellip;]\" \/>\n<meta property=\"og:url\" content=\"https:\/\/www.notibras.com\/site\/implosao-do-torre-palace-simbolo-de-luxo-vira-po-apos-decadas-de-abandono\/\" \/>\n<meta property=\"og:site_name\" content=\"Notibras\" \/>\n<meta property=\"article:publisher\" content=\"https:\/\/www.facebook.com\/notibras\/\" \/>\n<meta property=\"article:published_time\" content=\"2026-01-25T17:50:26+00:00\" \/>\n<meta property=\"article:modified_time\" content=\"2026-01-25T17:58:52+00:00\" \/>\n<meta property=\"og:image\" content=\"https:\/\/www.notibras.com\/site\/wp-content\/uploads\/2026\/01\/WhatsApp-Image-2026-01-25-at-14.49.55.jpeg\" \/>\n\t<meta property=\"og:image:width\" content=\"984\" \/>\n\t<meta property=\"og:image:height\" content=\"554\" \/>\n\t<meta property=\"og:image:type\" content=\"image\/jpeg\" \/>\n<meta name=\"author\" content=\"Eduardo Mart\u00ednez\" \/>\n<meta name=\"twitter:card\" content=\"summary_large_image\" \/>\n<meta name=\"twitter:creator\" content=\"@Notibras\" \/>\n<meta name=\"twitter:site\" content=\"@Notibras\" \/>\n<meta name=\"twitter:label1\" content=\"Escrito por\" \/>\n\t<meta name=\"twitter:data1\" content=\"Eduardo Mart\u00ednez\" \/>\n\t<meta name=\"twitter:label2\" content=\"Est. tempo de leitura\" \/>\n\t<meta name=\"twitter:data2\" content=\"2 minutos\" \/>\n<script type=\"application\/ld+json\" class=\"yoast-schema-graph\">{\"@context\":\"https:\/\/schema.org\",\"@graph\":[{\"@type\":\"Article\",\"@id\":\"https:\/\/www.notibras.com\/site\/implosao-do-torre-palace-simbolo-de-luxo-vira-po-apos-decadas-de-abandono\/#article\",\"isPartOf\":{\"@id\":\"https:\/\/www.notibras.com\/site\/implosao-do-torre-palace-simbolo-de-luxo-vira-po-apos-decadas-de-abandono\/\"},\"author\":{\"name\":\"Eduardo Mart\u00ednez\",\"@id\":\"https:\/\/www.notibras.com\/site\/#\/schema\/person\/5b7fabf2aedc3ada2105f03b22b4d3dd\"},\"headline\":\"IMPLOS\u00c3O DO TORRE PALACE: S\u00cdMBOLO DE LUXO VIRA P\u00d3 AP\u00d3S D\u00c9CADAS DE ABANDONO\",\"datePublished\":\"2026-01-25T17:50:26+00:00\",\"dateModified\":\"2026-01-25T17:58:52+00:00\",\"mainEntityOfPage\":{\"@id\":\"https:\/\/www.notibras.com\/site\/implosao-do-torre-palace-simbolo-de-luxo-vira-po-apos-decadas-de-abandono\/\"},\"wordCount\":288,\"publisher\":{\"@id\":\"https:\/\/www.notibras.com\/site\/#organization\"},\"image\":{\"@id\":\"https:\/\/www.notibras.com\/site\/implosao-do-torre-palace-simbolo-de-luxo-vira-po-apos-decadas-de-abandono\/#primaryimage\"},\"thumbnailUrl\":\"https:\/\/www.notibras.com\/site\/wp-content\/uploads\/2026\/01\/WhatsApp-Image-2026-01-25-at-14.49.55.jpeg\",\"articleSection\":[\"Quadradinho em Foco\"],\"inLanguage\":\"pt-BR\"},{\"@type\":\"WebPage\",\"@id\":\"https:\/\/www.notibras.com\/site\/implosao-do-torre-palace-simbolo-de-luxo-vira-po-apos-decadas-de-abandono\/\",\"url\":\"https:\/\/www.notibras.com\/site\/implosao-do-torre-palace-simbolo-de-luxo-vira-po-apos-decadas-de-abandono\/\",\"name\":\"IMPLOS\u00c3O DO TORRE PALACE: S\u00cdMBOLO DE LUXO VIRA P\u00d3 AP\u00d3S D\u00c9CADAS DE ABANDONO - Notibras\",\"isPartOf\":{\"@id\":\"https:\/\/www.notibras.com\/site\/#website\"},\"primaryImageOfPage\":{\"@id\":\"https:\/\/www.notibras.com\/site\/implosao-do-torre-palace-simbolo-de-luxo-vira-po-apos-decadas-de-abandono\/#primaryimage\"},\"image\":{\"@id\":\"https:\/\/www.notibras.com\/site\/implosao-do-torre-palace-simbolo-de-luxo-vira-po-apos-decadas-de-abandono\/#primaryimage\"},\"thumbnailUrl\":\"https:\/\/www.notibras.com\/site\/wp-content\/uploads\/2026\/01\/WhatsApp-Image-2026-01-25-at-14.49.55.jpeg\",\"datePublished\":\"2026-01-25T17:50:26+00:00\",\"dateModified\":\"2026-01-25T17:58:52+00:00\",\"breadcrumb\":{\"@id\":\"https:\/\/www.notibras.com\/site\/implosao-do-torre-palace-simbolo-de-luxo-vira-po-apos-decadas-de-abandono\/#breadcrumb\"},\"inLanguage\":\"pt-BR\",\"potentialAction\":[{\"@type\":\"ReadAction\",\"target\":[\"https:\/\/www.notibras.com\/site\/implosao-do-torre-palace-simbolo-de-luxo-vira-po-apos-decadas-de-abandono\/\"]}]},{\"@type\":\"ImageObject\",\"inLanguage\":\"pt-BR\",\"@id\":\"https:\/\/www.notibras.com\/site\/implosao-do-torre-palace-simbolo-de-luxo-vira-po-apos-decadas-de-abandono\/#primaryimage\",\"url\":\"https:\/\/www.notibras.com\/site\/wp-content\/uploads\/2026\/01\/WhatsApp-Image-2026-01-25-at-14.49.55.jpeg\",\"contentUrl\":\"https:\/\/www.notibras.com\/site\/wp-content\/uploads\/2026\/01\/WhatsApp-Image-2026-01-25-at-14.49.55.jpeg\",\"width\":984,\"height\":554},{\"@type\":\"BreadcrumbList\",\"@id\":\"https:\/\/www.notibras.com\/site\/implosao-do-torre-palace-simbolo-de-luxo-vira-po-apos-decadas-de-abandono\/#breadcrumb\",\"itemListElement\":[{\"@type\":\"ListItem\",\"position\":1,\"name\":\"In\u00edcio\",\"item\":\"https:\/\/www.notibras.com\/site\/\"},{\"@type\":\"ListItem\",\"position\":2,\"name\":\"IMPLOS\u00c3O DO TORRE PALACE: S\u00cdMBOLO DE LUXO VIRA P\u00d3 AP\u00d3S D\u00c9CADAS DE ABANDONO\"}]},{\"@type\":\"WebSite\",\"@id\":\"https:\/\/www.notibras.com\/site\/#website\",\"url\":\"https:\/\/www.notibras.com\/site\/\",\"name\":\"Notibras\",\"description\":\"Not\u00edcias de Bras\u00edlia, do Brasil e do Mundo\",\"publisher\":{\"@id\":\"https:\/\/www.notibras.com\/site\/#organization\"},\"potentialAction\":[{\"@type\":\"SearchAction\",\"target\":{\"@type\":\"EntryPoint\",\"urlTemplate\":\"https:\/\/www.notibras.com\/site\/?s={search_term_string}\"},\"query-input\":{\"@type\":\"PropertyValueSpecification\",\"valueRequired\":true,\"valueName\":\"search_term_string\"}}],\"inLanguage\":\"pt-BR\"},{\"@type\":\"Organization\",\"@id\":\"https:\/\/www.notibras.com\/site\/#organization\",\"name\":\"Grupo Notibras de Comunica\u00e7\u00e3o\",\"url\":\"https:\/\/www.notibras.com\/site\/\",\"logo\":{\"@type\":\"ImageObject\",\"inLanguage\":\"pt-BR\",\"@id\":\"https:\/\/www.notibras.com\/site\/#\/schema\/logo\/image\/\",\"url\":\"https:\/\/www.notibras.com\/site\/wp-content\/uploads\/2023\/01\/notibras23.png\",\"contentUrl\":\"https:\/\/www.notibras.com\/site\/wp-content\/uploads\/2023\/01\/notibras23.png\",\"width\":350,\"height\":87,\"caption\":\"Grupo Notibras de Comunica\u00e7\u00e3o\"},\"image\":{\"@id\":\"https:\/\/www.notibras.com\/site\/#\/schema\/logo\/image\/\"},\"sameAs\":[\"https:\/\/www.facebook.com\/notibras\/\",\"https:\/\/x.com\/Notibras\",\"https:\/\/www.instagram.com\/notibras\/\"]},{\"@type\":\"Person\",\"@id\":\"https:\/\/www.notibras.com\/site\/#\/schema\/person\/5b7fabf2aedc3ada2105f03b22b4d3dd\",\"name\":\"Eduardo Mart\u00ednez\",\"image\":{\"@type\":\"ImageObject\",\"inLanguage\":\"pt-BR\",\"@id\":\"https:\/\/secure.gravatar.com\/avatar\/7902f906289926289cbcda644b5197c796b893c6ffd7b9a536a42d290f7704a0?s=96&d=mm&r=g\",\"url\":\"https:\/\/secure.gravatar.com\/avatar\/7902f906289926289cbcda644b5197c796b893c6ffd7b9a536a42d290f7704a0?s=96&d=mm&r=g\",\"contentUrl\":\"https:\/\/secure.gravatar.com\/avatar\/7902f906289926289cbcda644b5197c796b893c6ffd7b9a536a42d290f7704a0?s=96&d=mm&r=g\",\"caption\":\"Eduardo Mart\u00ednez\"}}]}<\/script>\n<!-- \/ Yoast SEO plugin. -->","yoast_head_json":{"title":"IMPLOS\u00c3O DO TORRE PALACE: S\u00cdMBOLO DE LUXO VIRA P\u00d3 AP\u00d3S D\u00c9CADAS DE ABANDONO - Notibras","robots":{"index":"index","follow":"follow","max-snippet":"max-snippet:-1","max-image-preview":"max-image-preview:large","max-video-preview":"max-video-preview:-1"},"canonical":"https:\/\/www.notibras.com\/site\/implosao-do-torre-palace-simbolo-de-luxo-vira-po-apos-decadas-de-abandono\/","og_locale":"pt_BR","og_type":"article","og_title":"IMPLOS\u00c3O DO TORRE PALACE: S\u00cdMBOLO DE LUXO VIRA P\u00d3 AP\u00d3S D\u00c9CADAS DE ABANDONO - Notibras","og_description":"Em uma opera\u00e7\u00e3o precisa e segura, o Hotel Torre Palace, um dos primeiros estabelecimentos de luxo de Bras\u00edlia, foi implodido na manh\u00e3 deste domingo (25). O pr\u00e9dio, fechado desde 2013, havia se tornado um ponto de drogas e ocupa\u00e7\u00e3o irregular, abrigando usu\u00e1rios de subst\u00e2ncias il\u00edcitas e pessoas em situa\u00e7\u00e3o de rua. A implos\u00e3o, que durou [&hellip;]","og_url":"https:\/\/www.notibras.com\/site\/implosao-do-torre-palace-simbolo-de-luxo-vira-po-apos-decadas-de-abandono\/","og_site_name":"Notibras","article_publisher":"https:\/\/www.facebook.com\/notibras\/","article_published_time":"2026-01-25T17:50:26+00:00","article_modified_time":"2026-01-25T17:58:52+00:00","og_image":[{"width":984,"height":554,"url":"https:\/\/www.notibras.com\/site\/wp-content\/uploads\/2026\/01\/WhatsApp-Image-2026-01-25-at-14.49.55.jpeg","type":"image\/jpeg"}],"author":"Eduardo Mart\u00ednez","twitter_card":"summary_large_image","twitter_creator":"@Notibras","twitter_site":"@Notibras","twitter_misc":{"Escrito por":"Eduardo Mart\u00ednez","Est. tempo de leitura":"2 minutos"},"schema":{"@context":"https:\/\/schema.org","@graph":[{"@type":"Article","@id":"https:\/\/www.notibras.com\/site\/implosao-do-torre-palace-simbolo-de-luxo-vira-po-apos-decadas-de-abandono\/#article","isPartOf":{"@id":"https:\/\/www.notibras.com\/site\/implosao-do-torre-palace-simbolo-de-luxo-vira-po-apos-decadas-de-abandono\/"},"author":{"name":"Eduardo Mart\u00ednez","@id":"https:\/\/www.notibras.com\/site\/#\/schema\/person\/5b7fabf2aedc3ada2105f03b22b4d3dd"},"headline":"IMPLOS\u00c3O DO TORRE PALACE: S\u00cdMBOLO DE LUXO VIRA P\u00d3 AP\u00d3S D\u00c9CADAS DE ABANDONO","datePublished":"2026-01-25T17:50:26+00:00","dateModified":"2026-01-25T17:58:52+00:00","mainEntityOfPage":{"@id":"https:\/\/www.notibras.com\/site\/implosao-do-torre-palace-simbolo-de-luxo-vira-po-apos-decadas-de-abandono\/"},"wordCount":288,"publisher":{"@id":"https:\/\/www.notibras.com\/site\/#organization"},"image":{"@id":"https:\/\/www.notibras.com\/site\/implosao-do-torre-palace-simbolo-de-luxo-vira-po-apos-decadas-de-abandono\/#primaryimage"},"thumbnailUrl":"https:\/\/www.notibras.com\/site\/wp-content\/uploads\/2026\/01\/WhatsApp-Image-2026-01-25-at-14.49.55.jpeg","articleSection":["Quadradinho em Foco"],"inLanguage":"pt-BR"},{"@type":"WebPage","@id":"https:\/\/www.notibras.com\/site\/implosao-do-torre-palace-simbolo-de-luxo-vira-po-apos-decadas-de-abandono\/","url":"https:\/\/www.notibras.com\/site\/implosao-do-torre-palace-simbolo-de-luxo-vira-po-apos-decadas-de-abandono\/","name":"IMPLOS\u00c3O DO TORRE PALACE: S\u00cdMBOLO DE LUXO VIRA P\u00d3 AP\u00d3S D\u00c9CADAS DE ABANDONO - Notibras","isPartOf":{"@id":"https:\/\/www.notibras.com\/site\/#website"},"primaryImageOfPage":{"@id":"https:\/\/www.notibras.com\/site\/implosao-do-torre-palace-simbolo-de-luxo-vira-po-apos-decadas-de-abandono\/#primaryimage"},"image":{"@id":"https:\/\/www.notibras.com\/site\/implosao-do-torre-palace-simbolo-de-luxo-vira-po-apos-decadas-de-abandono\/#primaryimage"},"thumbnailUrl":"https:\/\/www.notibras.com\/site\/wp-content\/uploads\/2026\/01\/WhatsApp-Image-2026-01-25-at-14.49.55.jpeg","datePublished":"2026-01-25T17:50:26+00:00","dateModified":"2026-01-25T17:58:52+00:00","breadcrumb":{"@id":"https:\/\/www.notibras.com\/site\/implosao-do-torre-palace-simbolo-de-luxo-vira-po-apos-decadas-de-abandono\/#breadcrumb"},"inLanguage":"pt-BR","potentialAction":[{"@type":"ReadAction","target":["https:\/\/www.notibras.com\/site\/implosao-do-torre-palace-simbolo-de-luxo-vira-po-apos-decadas-de-abandono\/"]}]},{"@type":"ImageObject","inLanguage":"pt-BR","@id":"https:\/\/www.notibras.com\/site\/implosao-do-torre-palace-simbolo-de-luxo-vira-po-apos-decadas-de-abandono\/#primaryimage","url":"https:\/\/www.notibras.com\/site\/wp-content\/uploads\/2026\/01\/WhatsApp-Image-2026-01-25-at-14.49.55.jpeg","contentUrl":"https:\/\/www.notibras.com\/site\/wp-content\/uploads\/2026\/01\/WhatsApp-Image-2026-01-25-at-14.49.55.jpeg","width":984,"height":554},{"@type":"BreadcrumbList","@id":"https:\/\/www.notibras.com\/site\/implosao-do-torre-palace-simbolo-de-luxo-vira-po-apos-decadas-de-abandono\/#breadcrumb","itemListElement":[{"@type":"ListItem","position":1,"name":"In\u00edcio","item":"https:\/\/www.notibras.com\/site\/"},{"@type":"ListItem","position":2,"name":"IMPLOS\u00c3O DO TORRE PALACE: S\u00cdMBOLO DE LUXO VIRA P\u00d3 AP\u00d3S D\u00c9CADAS DE ABANDONO"}]},{"@type":"WebSite","@id":"https:\/\/www.notibras.com\/site\/#website","url":"https:\/\/www.notibras.com\/site\/","name":"Notibras","description":"Not\u00edcias de Bras\u00edlia, do Brasil e do Mundo","publisher":{"@id":"https:\/\/www.notibras.com\/site\/#organization"},"potentialAction":[{"@type":"SearchAction","target":{"@type":"EntryPoint","urlTemplate":"https:\/\/www.notibras.com\/site\/?s={search_term_string}"},"query-input":{"@type":"PropertyValueSpecification","valueRequired":true,"valueName":"search_term_string"}}],"inLanguage":"pt-BR"},{"@type":"Organization","@id":"https:\/\/www.notibras.com\/site\/#organization","name":"Grupo Notibras de Comunica\u00e7\u00e3o","url":"https:\/\/www.notibras.com\/site\/","logo":{"@type":"ImageObject","inLanguage":"pt-BR","@id":"https:\/\/www.notibras.com\/site\/#\/schema\/logo\/image\/","url":"https:\/\/www.notibras.com\/site\/wp-content\/uploads\/2023\/01\/notibras23.png","contentUrl":"https:\/\/www.notibras.com\/site\/wp-content\/uploads\/2023\/01\/notibras23.png","width":350,"height":87,"caption":"Grupo Notibras de Comunica\u00e7\u00e3o"},"image":{"@id":"https:\/\/www.notibras.com\/site\/#\/schema\/logo\/image\/"},"sameAs":["https:\/\/www.facebook.com\/notibras\/","https:\/\/x.com\/Notibras","https:\/\/www.instagram.com\/notibras\/"]},{"@type":"Person","@id":"https:\/\/www.notibras.com\/site\/#\/schema\/person\/5b7fabf2aedc3ada2105f03b22b4d3dd","name":"Eduardo Mart\u00ednez","image":{"@type":"ImageObject","inLanguage":"pt-BR","@id":"https:\/\/secure.gravatar.com\/avatar\/7902f906289926289cbcda644b5197c796b893c6ffd7b9a536a42d290f7704a0?s=96&d=mm&r=g","url":"https:\/\/secure.gravatar.com\/avatar\/7902f906289926289cbcda644b5197c796b893c6ffd7b9a536a42d290f7704a0?s=96&d=mm&r=g","contentUrl":"https:\/\/secure.gravatar.com\/avatar\/7902f906289926289cbcda644b5197c796b893c6ffd7b9a536a42d290f7704a0?s=96&d=mm&r=g","caption":"Eduardo Mart\u00ednez"}}]}},"amp_enabled":true,"_links":{"self":[{"href":"https:\/\/www.notibras.com\/site\/wp-json\/wp\/v2\/posts\/380505","targetHints":{"allow":["GET"]}}],"collection":[{"href":"https:\/\/www.notibras.com\/site\/wp-json\/wp\/v2\/posts"}],"about":[{"href":"https:\/\/www.notibras.com\/site\/wp-json\/wp\/v2\/types\/post"}],"author":[{"embeddable":true,"href":"https:\/\/www.notibras.com\/site\/wp-json\/wp\/v2\/users\/21"}],"replies":[{"embeddable":true,"href":"https:\/\/www.notibras.com\/site\/wp-json\/wp\/v2\/comments?post=380505"}],"version-history":[{"count":8,"href":"https:\/\/www.notibras.com\/site\/wp-json\/wp\/v2\/posts\/380505\/revisions"}],"predecessor-version":[{"id":380517,"href":"https:\/\/www.notibras.com\/site\/wp-json\/wp\/v2\/posts\/380505\/revisions\/380517"}],"wp:featuredmedia":[{"embeddable":true,"href":"https:\/\/www.notibras.com\/site\/wp-json\/wp\/v2\/media\/380513"}],"wp:attachment":[{"href":"https:\/\/www.notibras.com\/site\/wp-json\/wp\/v2\/media?parent=380505"}],"wp:term":[{"taxonomy":"category","embeddable":true,"href":"https:\/\/www.notibras.com\/site\/wp-json\/wp\/v2\/categories?post=380505"},{"taxonomy":"post_tag","embeddable":true,"href":"https:\/\/www.notibras.com\/site\/wp-json\/wp\/v2\/tags?post=380505"}],"curies":[{"name":"wp","href":"https:\/\/api.w.org\/{rel}","templated":true}]}}