{"id":380518,"date":"2026-01-26T00:15:39","date_gmt":"2026-01-26T03:15:39","guid":{"rendered":"https:\/\/www.notibras.com\/site\/?p=380518"},"modified":"2026-01-26T02:35:51","modified_gmt":"2026-01-26T05:35:51","slug":"raio-atinge-manifestantes-pro-bolsonaro-e-deixa-dezenas-de-feridos","status":"publish","type":"post","link":"https:\/\/www.notibras.com\/site\/raio-atinge-manifestantes-pro-bolsonaro-e-deixa-dezenas-de-feridos\/","title":{"rendered":"Raio atinge manifestantes pr\u00f3-Bolsonaro e deixa dezenas de feridos"},"content":{"rendered":"<p>Um raio atingiu uma concentra\u00e7\u00e3o de apoiadores do ex-presidente Jair Bolsonaro em Bras\u00edlia na tarde deste domingo (25), deixando dezenas de pessoas feridas. O incidente ocorreu pr\u00f3ximo ao Memorial JK, no Eixo Monumental, quando o grupo aguardava a chegada de uma passeata de manifestantes.<\/p>\n<p>Pelo menos 89 pessoas foram atendidas, e 47 foram levadas a hospitais, das quais 11 estavam em estado grave. Os feridos apresentaram queimaduras e dores, al\u00e9m de casos de susto e nervosismo.<\/p>\n<p>&#8220;Eu estava na manifesta\u00e7\u00e3o e fui jogada ao ch\u00e3o com a descarga do raio. Sofri queimaduras nos bra\u00e7os e na barriga e estou com uma dor forte no ouvido&#8221;, relatou a monitora escolar Patr\u00edcia Rosa, uma das feridas.<\/p>\n<p>Bombeiros militares e equipes do Samu estavam presentes no local e montaram uma tenda de emerg\u00eancia para os primeiros atendimentos. A \u00e1rea foi rapidamente isolada, e os feridos foram encaminhados a hospitais p\u00fablicos de Bras\u00edlia.<\/p>\n<p>O ato foi convocado pelo deputado federal Nikolas Ferreira (PL-MG) e fazia parte de uma caminhada de sete dias de pol\u00edticos de direita e apoiadores.<\/p>\n<p><strong>Estat\u00edsticas<\/strong><\/p>\n<p>Considerando tanto os seres humanos quanto os animais, a esp\u00e9cie mais atingida e vitimada por raios no Brasil e no mundo \u00e9 o gado bovino.<\/p>\n<p><strong>Por que os bois s\u00e3o as maiores v\u00edtimas?<\/strong><\/p>\n<p>Estatisticamente, as mortes de gado por raios superam as de humanos em larga escala. No Brasil, estima-se que o n\u00famero anual de mortes de bovinos seja aproximadamente 3,5 vezes superior ao de seres humanos. Os principais motivos incluem:<\/p>\n<p>Anatomia (Tens\u00e3o de Passo): Por serem quadr\u00fapedes de grande porte, os bois t\u00eam uma dist\u00e2ncia maior entre as patas dianteiras e traseiras. Quando um raio atinge o solo pr\u00f3ximo, a descarga el\u00e9trica percorre o ch\u00e3o e entra por uma pata, atravessa o corpo (passando pelo cora\u00e7\u00e3o) e sai pela outra. Quanto maior a dist\u00e2ncia entre as patas, maior a voltagem que atravessa o animal.<\/p>\n<p>Comportamento de Grupo: Durante tempestades, o gado tende a se agrupar sob \u00e1rvores ou cercas met\u00e1licas em busca de abrigo, o que pode causar mortes em massa em um \u00fanico evento. Em 2018, um \u00fanico raio matou 103 bois em Rond\u00f4nia.<\/p>\n<p>Exposi\u00e7\u00e3o Permanente: Diferente dos humanos, os animais de pasto n\u00e3o t\u00eam a op\u00e7\u00e3o de buscar abrigo seguro em constru\u00e7\u00f5es fechadas e permanecem expostos em \u00e1reas abertas durante todo o per\u00edodo de chuvas.<\/p>\n<p><strong>Outras esp\u00e9cies em destaque<\/strong><\/p>\n<p>Girafas: Individualmente, a girafa \u00e9 considerada o animal com a maior probabilidade de ser atingido por um raio devido \u00e0 sua altura extrema, funcionando como um para-raios natural na savana. Estudos indicam que elas t\u00eam 30 vezes mais chances de serem atingidas do que um ser humano.<\/p>\n<p>Animais Silvestres: Outras esp\u00e9cies de grande porte, como elefantes e renas, tamb\u00e9m registram altas taxas de mortalidade. Em 2016, um \u00fanico evento na Noruega matou um rebanho inteiro de 323 renas.<\/p>\n<p>No Brasil, os estados com maior incid\u00eancia de mortes de animais e humanos coincidem com as \u00e1reas de maior atividade el\u00e9trica: Amazonas, Par\u00e1, Mato Grosso e Minas Gerais.<\/p>\n","protected":false},"excerpt":{"rendered":"<p>Um raio atingiu uma concentra\u00e7\u00e3o de apoiadores do ex-presidente Jair Bolsonaro em Bras\u00edlia na tarde deste domingo (25), deixando dezenas de pessoas feridas. O incidente ocorreu pr\u00f3ximo ao Memorial JK, no Eixo Monumental, quando o grupo aguardava a chegada de uma passeata de manifestantes. Pelo menos 89 pessoas foram atendidas, e 47 foram levadas a [&hellip;]<\/p>\n","protected":false},"author":21,"featured_media":380520,"comment_status":"closed","ping_status":"closed","sticky":false,"template":"","format":"standard","meta":{"_acf_changed":false,"footnotes":""},"categories":[161],"tags":[],"class_list":["post-380518","post","type-post","status-publish","format-standard","has-post-thumbnail","hentry","category-quadradinho-em-foco"],"acf":[],"yoast_head":"<!-- This site is optimized with the Yoast SEO plugin v27.2 - https:\/\/yoast.com\/product\/yoast-seo-wordpress\/ -->\n<title>Raio atinge manifestantes pr\u00f3-Bolsonaro e deixa dezenas de feridos - Notibras<\/title>\n<meta name=\"robots\" content=\"index, follow, max-snippet:-1, max-image-preview:large, max-video-preview:-1\" \/>\n<link rel=\"canonical\" href=\"https:\/\/www.notibras.com\/site\/raio-atinge-manifestantes-pro-bolsonaro-e-deixa-dezenas-de-feridos\/\" \/>\n<meta property=\"og:locale\" content=\"pt_BR\" \/>\n<meta property=\"og:type\" content=\"article\" \/>\n<meta property=\"og:title\" content=\"Raio atinge manifestantes pr\u00f3-Bolsonaro e deixa dezenas de feridos - Notibras\" \/>\n<meta property=\"og:description\" content=\"Um raio atingiu uma concentra\u00e7\u00e3o de apoiadores do ex-presidente Jair Bolsonaro em Bras\u00edlia na tarde deste domingo (25), deixando dezenas de pessoas feridas. O incidente ocorreu pr\u00f3ximo ao Memorial JK, no Eixo Monumental, quando o grupo aguardava a chegada de uma passeata de manifestantes. Pelo menos 89 pessoas foram atendidas, e 47 foram levadas a [&hellip;]\" \/>\n<meta property=\"og:url\" content=\"https:\/\/www.notibras.com\/site\/raio-atinge-manifestantes-pro-bolsonaro-e-deixa-dezenas-de-feridos\/\" \/>\n<meta property=\"og:site_name\" content=\"Notibras\" \/>\n<meta property=\"article:publisher\" content=\"https:\/\/www.facebook.com\/notibras\/\" \/>\n<meta property=\"article:published_time\" content=\"2026-01-26T03:15:39+00:00\" \/>\n<meta property=\"article:modified_time\" content=\"2026-01-26T05:35:51+00:00\" \/>\n<meta property=\"og:image\" content=\"https:\/\/www.notibras.com\/site\/wp-content\/uploads\/2026\/01\/IMG_0613.jpg\" \/>\n\t<meta property=\"og:image:width\" content=\"896\" \/>\n\t<meta property=\"og:image:height\" content=\"696\" \/>\n\t<meta property=\"og:image:type\" content=\"image\/jpeg\" \/>\n<meta name=\"author\" content=\"Eduardo Mart\u00ednez\" \/>\n<meta name=\"twitter:card\" content=\"summary_large_image\" \/>\n<meta name=\"twitter:creator\" content=\"@Notibras\" \/>\n<meta name=\"twitter:site\" content=\"@Notibras\" \/>\n<meta name=\"twitter:label1\" content=\"Escrito por\" \/>\n\t<meta name=\"twitter:data1\" content=\"Eduardo Mart\u00ednez\" \/>\n\t<meta name=\"twitter:label2\" content=\"Est. tempo de leitura\" \/>\n\t<meta name=\"twitter:data2\" content=\"3 minutos\" \/>\n<script type=\"application\/ld+json\" class=\"yoast-schema-graph\">{\"@context\":\"https:\/\/schema.org\",\"@graph\":[{\"@type\":\"Article\",\"@id\":\"https:\/\/www.notibras.com\/site\/raio-atinge-manifestantes-pro-bolsonaro-e-deixa-dezenas-de-feridos\/#article\",\"isPartOf\":{\"@id\":\"https:\/\/www.notibras.com\/site\/raio-atinge-manifestantes-pro-bolsonaro-e-deixa-dezenas-de-feridos\/\"},\"author\":{\"name\":\"Eduardo Mart\u00ednez\",\"@id\":\"https:\/\/www.notibras.com\/site\/#\/schema\/person\/5b7fabf2aedc3ada2105f03b22b4d3dd\"},\"headline\":\"Raio atinge manifestantes pr\u00f3-Bolsonaro e deixa dezenas de feridos\",\"datePublished\":\"2026-01-26T03:15:39+00:00\",\"dateModified\":\"2026-01-26T05:35:51+00:00\",\"mainEntityOfPage\":{\"@id\":\"https:\/\/www.notibras.com\/site\/raio-atinge-manifestantes-pro-bolsonaro-e-deixa-dezenas-de-feridos\/\"},\"wordCount\":530,\"publisher\":{\"@id\":\"https:\/\/www.notibras.com\/site\/#organization\"},\"image\":{\"@id\":\"https:\/\/www.notibras.com\/site\/raio-atinge-manifestantes-pro-bolsonaro-e-deixa-dezenas-de-feridos\/#primaryimage\"},\"thumbnailUrl\":\"https:\/\/www.notibras.com\/site\/wp-content\/uploads\/2026\/01\/IMG_0613.jpg\",\"articleSection\":[\"Quadradinho em Foco\"],\"inLanguage\":\"pt-BR\"},{\"@type\":\"WebPage\",\"@id\":\"https:\/\/www.notibras.com\/site\/raio-atinge-manifestantes-pro-bolsonaro-e-deixa-dezenas-de-feridos\/\",\"url\":\"https:\/\/www.notibras.com\/site\/raio-atinge-manifestantes-pro-bolsonaro-e-deixa-dezenas-de-feridos\/\",\"name\":\"Raio atinge manifestantes pr\u00f3-Bolsonaro e deixa dezenas de feridos - Notibras\",\"isPartOf\":{\"@id\":\"https:\/\/www.notibras.com\/site\/#website\"},\"primaryImageOfPage\":{\"@id\":\"https:\/\/www.notibras.com\/site\/raio-atinge-manifestantes-pro-bolsonaro-e-deixa-dezenas-de-feridos\/#primaryimage\"},\"image\":{\"@id\":\"https:\/\/www.notibras.com\/site\/raio-atinge-manifestantes-pro-bolsonaro-e-deixa-dezenas-de-feridos\/#primaryimage\"},\"thumbnailUrl\":\"https:\/\/www.notibras.com\/site\/wp-content\/uploads\/2026\/01\/IMG_0613.jpg\",\"datePublished\":\"2026-01-26T03:15:39+00:00\",\"dateModified\":\"2026-01-26T05:35:51+00:00\",\"breadcrumb\":{\"@id\":\"https:\/\/www.notibras.com\/site\/raio-atinge-manifestantes-pro-bolsonaro-e-deixa-dezenas-de-feridos\/#breadcrumb\"},\"inLanguage\":\"pt-BR\",\"potentialAction\":[{\"@type\":\"ReadAction\",\"target\":[\"https:\/\/www.notibras.com\/site\/raio-atinge-manifestantes-pro-bolsonaro-e-deixa-dezenas-de-feridos\/\"]}]},{\"@type\":\"ImageObject\",\"inLanguage\":\"pt-BR\",\"@id\":\"https:\/\/www.notibras.com\/site\/raio-atinge-manifestantes-pro-bolsonaro-e-deixa-dezenas-de-feridos\/#primaryimage\",\"url\":\"https:\/\/www.notibras.com\/site\/wp-content\/uploads\/2026\/01\/IMG_0613.jpg\",\"contentUrl\":\"https:\/\/www.notibras.com\/site\/wp-content\/uploads\/2026\/01\/IMG_0613.jpg\",\"width\":896,\"height\":696},{\"@type\":\"BreadcrumbList\",\"@id\":\"https:\/\/www.notibras.com\/site\/raio-atinge-manifestantes-pro-bolsonaro-e-deixa-dezenas-de-feridos\/#breadcrumb\",\"itemListElement\":[{\"@type\":\"ListItem\",\"position\":1,\"name\":\"In\u00edcio\",\"item\":\"https:\/\/www.notibras.com\/site\/\"},{\"@type\":\"ListItem\",\"position\":2,\"name\":\"Raio atinge manifestantes pr\u00f3-Bolsonaro e deixa dezenas de feridos\"}]},{\"@type\":\"WebSite\",\"@id\":\"https:\/\/www.notibras.com\/site\/#website\",\"url\":\"https:\/\/www.notibras.com\/site\/\",\"name\":\"Notibras\",\"description\":\"Not\u00edcias de Bras\u00edlia, do Brasil e do Mundo\",\"publisher\":{\"@id\":\"https:\/\/www.notibras.com\/site\/#organization\"},\"potentialAction\":[{\"@type\":\"SearchAction\",\"target\":{\"@type\":\"EntryPoint\",\"urlTemplate\":\"https:\/\/www.notibras.com\/site\/?s={search_term_string}\"},\"query-input\":{\"@type\":\"PropertyValueSpecification\",\"valueRequired\":true,\"valueName\":\"search_term_string\"}}],\"inLanguage\":\"pt-BR\"},{\"@type\":\"Organization\",\"@id\":\"https:\/\/www.notibras.com\/site\/#organization\",\"name\":\"Grupo Notibras de Comunica\u00e7\u00e3o\",\"url\":\"https:\/\/www.notibras.com\/site\/\",\"logo\":{\"@type\":\"ImageObject\",\"inLanguage\":\"pt-BR\",\"@id\":\"https:\/\/www.notibras.com\/site\/#\/schema\/logo\/image\/\",\"url\":\"https:\/\/www.notibras.com\/site\/wp-content\/uploads\/2023\/01\/notibras23.png\",\"contentUrl\":\"https:\/\/www.notibras.com\/site\/wp-content\/uploads\/2023\/01\/notibras23.png\",\"width\":350,\"height\":87,\"caption\":\"Grupo Notibras de Comunica\u00e7\u00e3o\"},\"image\":{\"@id\":\"https:\/\/www.notibras.com\/site\/#\/schema\/logo\/image\/\"},\"sameAs\":[\"https:\/\/www.facebook.com\/notibras\/\",\"https:\/\/x.com\/Notibras\",\"https:\/\/www.instagram.com\/notibras\/\"]},{\"@type\":\"Person\",\"@id\":\"https:\/\/www.notibras.com\/site\/#\/schema\/person\/5b7fabf2aedc3ada2105f03b22b4d3dd\",\"name\":\"Eduardo Mart\u00ednez\",\"image\":{\"@type\":\"ImageObject\",\"inLanguage\":\"pt-BR\",\"@id\":\"https:\/\/secure.gravatar.com\/avatar\/7902f906289926289cbcda644b5197c796b893c6ffd7b9a536a42d290f7704a0?s=96&d=mm&r=g\",\"url\":\"https:\/\/secure.gravatar.com\/avatar\/7902f906289926289cbcda644b5197c796b893c6ffd7b9a536a42d290f7704a0?s=96&d=mm&r=g\",\"contentUrl\":\"https:\/\/secure.gravatar.com\/avatar\/7902f906289926289cbcda644b5197c796b893c6ffd7b9a536a42d290f7704a0?s=96&d=mm&r=g\",\"caption\":\"Eduardo Mart\u00ednez\"}}]}<\/script>\n<!-- \/ Yoast SEO plugin. -->","yoast_head_json":{"title":"Raio atinge manifestantes pr\u00f3-Bolsonaro e deixa dezenas de feridos - Notibras","robots":{"index":"index","follow":"follow","max-snippet":"max-snippet:-1","max-image-preview":"max-image-preview:large","max-video-preview":"max-video-preview:-1"},"canonical":"https:\/\/www.notibras.com\/site\/raio-atinge-manifestantes-pro-bolsonaro-e-deixa-dezenas-de-feridos\/","og_locale":"pt_BR","og_type":"article","og_title":"Raio atinge manifestantes pr\u00f3-Bolsonaro e deixa dezenas de feridos - Notibras","og_description":"Um raio atingiu uma concentra\u00e7\u00e3o de apoiadores do ex-presidente Jair Bolsonaro em Bras\u00edlia na tarde deste domingo (25), deixando dezenas de pessoas feridas. O incidente ocorreu pr\u00f3ximo ao Memorial JK, no Eixo Monumental, quando o grupo aguardava a chegada de uma passeata de manifestantes. Pelo menos 89 pessoas foram atendidas, e 47 foram levadas a [&hellip;]","og_url":"https:\/\/www.notibras.com\/site\/raio-atinge-manifestantes-pro-bolsonaro-e-deixa-dezenas-de-feridos\/","og_site_name":"Notibras","article_publisher":"https:\/\/www.facebook.com\/notibras\/","article_published_time":"2026-01-26T03:15:39+00:00","article_modified_time":"2026-01-26T05:35:51+00:00","og_image":[{"width":896,"height":696,"url":"https:\/\/www.notibras.com\/site\/wp-content\/uploads\/2026\/01\/IMG_0613.jpg","type":"image\/jpeg"}],"author":"Eduardo Mart\u00ednez","twitter_card":"summary_large_image","twitter_creator":"@Notibras","twitter_site":"@Notibras","twitter_misc":{"Escrito por":"Eduardo Mart\u00ednez","Est. tempo de leitura":"3 minutos"},"schema":{"@context":"https:\/\/schema.org","@graph":[{"@type":"Article","@id":"https:\/\/www.notibras.com\/site\/raio-atinge-manifestantes-pro-bolsonaro-e-deixa-dezenas-de-feridos\/#article","isPartOf":{"@id":"https:\/\/www.notibras.com\/site\/raio-atinge-manifestantes-pro-bolsonaro-e-deixa-dezenas-de-feridos\/"},"author":{"name":"Eduardo Mart\u00ednez","@id":"https:\/\/www.notibras.com\/site\/#\/schema\/person\/5b7fabf2aedc3ada2105f03b22b4d3dd"},"headline":"Raio atinge manifestantes pr\u00f3-Bolsonaro e deixa dezenas de feridos","datePublished":"2026-01-26T03:15:39+00:00","dateModified":"2026-01-26T05:35:51+00:00","mainEntityOfPage":{"@id":"https:\/\/www.notibras.com\/site\/raio-atinge-manifestantes-pro-bolsonaro-e-deixa-dezenas-de-feridos\/"},"wordCount":530,"publisher":{"@id":"https:\/\/www.notibras.com\/site\/#organization"},"image":{"@id":"https:\/\/www.notibras.com\/site\/raio-atinge-manifestantes-pro-bolsonaro-e-deixa-dezenas-de-feridos\/#primaryimage"},"thumbnailUrl":"https:\/\/www.notibras.com\/site\/wp-content\/uploads\/2026\/01\/IMG_0613.jpg","articleSection":["Quadradinho em Foco"],"inLanguage":"pt-BR"},{"@type":"WebPage","@id":"https:\/\/www.notibras.com\/site\/raio-atinge-manifestantes-pro-bolsonaro-e-deixa-dezenas-de-feridos\/","url":"https:\/\/www.notibras.com\/site\/raio-atinge-manifestantes-pro-bolsonaro-e-deixa-dezenas-de-feridos\/","name":"Raio atinge manifestantes pr\u00f3-Bolsonaro e deixa dezenas de feridos - Notibras","isPartOf":{"@id":"https:\/\/www.notibras.com\/site\/#website"},"primaryImageOfPage":{"@id":"https:\/\/www.notibras.com\/site\/raio-atinge-manifestantes-pro-bolsonaro-e-deixa-dezenas-de-feridos\/#primaryimage"},"image":{"@id":"https:\/\/www.notibras.com\/site\/raio-atinge-manifestantes-pro-bolsonaro-e-deixa-dezenas-de-feridos\/#primaryimage"},"thumbnailUrl":"https:\/\/www.notibras.com\/site\/wp-content\/uploads\/2026\/01\/IMG_0613.jpg","datePublished":"2026-01-26T03:15:39+00:00","dateModified":"2026-01-26T05:35:51+00:00","breadcrumb":{"@id":"https:\/\/www.notibras.com\/site\/raio-atinge-manifestantes-pro-bolsonaro-e-deixa-dezenas-de-feridos\/#breadcrumb"},"inLanguage":"pt-BR","potentialAction":[{"@type":"ReadAction","target":["https:\/\/www.notibras.com\/site\/raio-atinge-manifestantes-pro-bolsonaro-e-deixa-dezenas-de-feridos\/"]}]},{"@type":"ImageObject","inLanguage":"pt-BR","@id":"https:\/\/www.notibras.com\/site\/raio-atinge-manifestantes-pro-bolsonaro-e-deixa-dezenas-de-feridos\/#primaryimage","url":"https:\/\/www.notibras.com\/site\/wp-content\/uploads\/2026\/01\/IMG_0613.jpg","contentUrl":"https:\/\/www.notibras.com\/site\/wp-content\/uploads\/2026\/01\/IMG_0613.jpg","width":896,"height":696},{"@type":"BreadcrumbList","@id":"https:\/\/www.notibras.com\/site\/raio-atinge-manifestantes-pro-bolsonaro-e-deixa-dezenas-de-feridos\/#breadcrumb","itemListElement":[{"@type":"ListItem","position":1,"name":"In\u00edcio","item":"https:\/\/www.notibras.com\/site\/"},{"@type":"ListItem","position":2,"name":"Raio atinge manifestantes pr\u00f3-Bolsonaro e deixa dezenas de feridos"}]},{"@type":"WebSite","@id":"https:\/\/www.notibras.com\/site\/#website","url":"https:\/\/www.notibras.com\/site\/","name":"Notibras","description":"Not\u00edcias de Bras\u00edlia, do Brasil e do Mundo","publisher":{"@id":"https:\/\/www.notibras.com\/site\/#organization"},"potentialAction":[{"@type":"SearchAction","target":{"@type":"EntryPoint","urlTemplate":"https:\/\/www.notibras.com\/site\/?s={search_term_string}"},"query-input":{"@type":"PropertyValueSpecification","valueRequired":true,"valueName":"search_term_string"}}],"inLanguage":"pt-BR"},{"@type":"Organization","@id":"https:\/\/www.notibras.com\/site\/#organization","name":"Grupo Notibras de Comunica\u00e7\u00e3o","url":"https:\/\/www.notibras.com\/site\/","logo":{"@type":"ImageObject","inLanguage":"pt-BR","@id":"https:\/\/www.notibras.com\/site\/#\/schema\/logo\/image\/","url":"https:\/\/www.notibras.com\/site\/wp-content\/uploads\/2023\/01\/notibras23.png","contentUrl":"https:\/\/www.notibras.com\/site\/wp-content\/uploads\/2023\/01\/notibras23.png","width":350,"height":87,"caption":"Grupo Notibras de Comunica\u00e7\u00e3o"},"image":{"@id":"https:\/\/www.notibras.com\/site\/#\/schema\/logo\/image\/"},"sameAs":["https:\/\/www.facebook.com\/notibras\/","https:\/\/x.com\/Notibras","https:\/\/www.instagram.com\/notibras\/"]},{"@type":"Person","@id":"https:\/\/www.notibras.com\/site\/#\/schema\/person\/5b7fabf2aedc3ada2105f03b22b4d3dd","name":"Eduardo Mart\u00ednez","image":{"@type":"ImageObject","inLanguage":"pt-BR","@id":"https:\/\/secure.gravatar.com\/avatar\/7902f906289926289cbcda644b5197c796b893c6ffd7b9a536a42d290f7704a0?s=96&d=mm&r=g","url":"https:\/\/secure.gravatar.com\/avatar\/7902f906289926289cbcda644b5197c796b893c6ffd7b9a536a42d290f7704a0?s=96&d=mm&r=g","contentUrl":"https:\/\/secure.gravatar.com\/avatar\/7902f906289926289cbcda644b5197c796b893c6ffd7b9a536a42d290f7704a0?s=96&d=mm&r=g","caption":"Eduardo Mart\u00ednez"}}]}},"amp_enabled":true,"_links":{"self":[{"href":"https:\/\/www.notibras.com\/site\/wp-json\/wp\/v2\/posts\/380518","targetHints":{"allow":["GET"]}}],"collection":[{"href":"https:\/\/www.notibras.com\/site\/wp-json\/wp\/v2\/posts"}],"about":[{"href":"https:\/\/www.notibras.com\/site\/wp-json\/wp\/v2\/types\/post"}],"author":[{"embeddable":true,"href":"https:\/\/www.notibras.com\/site\/wp-json\/wp\/v2\/users\/21"}],"replies":[{"embeddable":true,"href":"https:\/\/www.notibras.com\/site\/wp-json\/wp\/v2\/comments?post=380518"}],"version-history":[{"count":6,"href":"https:\/\/www.notibras.com\/site\/wp-json\/wp\/v2\/posts\/380518\/revisions"}],"predecessor-version":[{"id":380579,"href":"https:\/\/www.notibras.com\/site\/wp-json\/wp\/v2\/posts\/380518\/revisions\/380579"}],"wp:featuredmedia":[{"embeddable":true,"href":"https:\/\/www.notibras.com\/site\/wp-json\/wp\/v2\/media\/380520"}],"wp:attachment":[{"href":"https:\/\/www.notibras.com\/site\/wp-json\/wp\/v2\/media?parent=380518"}],"wp:term":[{"taxonomy":"category","embeddable":true,"href":"https:\/\/www.notibras.com\/site\/wp-json\/wp\/v2\/categories?post=380518"},{"taxonomy":"post_tag","embeddable":true,"href":"https:\/\/www.notibras.com\/site\/wp-json\/wp\/v2\/tags?post=380518"}],"curies":[{"name":"wp","href":"https:\/\/api.w.org\/{rel}","templated":true}]}}