{"id":380522,"date":"2026-01-26T00:30:22","date_gmt":"2026-01-26T03:30:22","guid":{"rendered":"https:\/\/www.notibras.com\/site\/?p=380522"},"modified":"2026-01-25T22:42:13","modified_gmt":"2026-01-26T01:42:13","slug":"reforma-da-feira-permanente-entra-na-fase-de-acabamento","status":"publish","type":"post","link":"https:\/\/www.notibras.com\/site\/reforma-da-feira-permanente-entra-na-fase-de-acabamento\/","title":{"rendered":"Reforma da Feira Permanente entra na fase de acabamento"},"content":{"rendered":"<p>Na fase de acabamento, a obra da Feira Permanente de S\u00e3o Sebasti\u00e3o contempla a reforma de 28 quiosques e integra o plano do Governo do Distrito Federal (GDF) de moderniza\u00e7\u00e3o das feiras da capital. Considerada uma demanda antiga da popula\u00e7\u00e3o e dos feirantes, a renova\u00e7\u00e3o \u00e9 executada pela Companhia Urbanizadora Nova Capital (Novacap), com investimento em torno de R$ 1,1 milh\u00e3o e faz parte de um pacote de R$ 10 milh\u00f5es destinado \u00e0 recupera\u00e7\u00e3o de outras dez feiras do Distrito Federal.<\/p>\n<p>A sele\u00e7\u00e3o do primeiro lote de interven\u00e7\u00f5es levou em considera\u00e7\u00e3o crit\u00e9rios de urg\u00eancia e necessidade estrutural. O plano prev\u00ea, ao todo, melhorias em 38 feiras. Enquanto os trabalhos seguem em andamento, os comerciantes continuam atendendo o p\u00fablico em estruturas provis\u00f3rias instaladas na \u00e1rea externa.<\/p>\n<p>Com mais de 30 anos de atua\u00e7\u00e3o no espa\u00e7o e observando da \u00e1rea externa o avan\u00e7o da obra, a feirante Irene Ad\u00e9lia Alves, 57 anos, exaltou os trabalhos significativos no local. \u201cEstava decadente, nunca tinha visto uma reforma grande como essa. Havia vazamentos, estava bem ruim. A gente espera que agora melhore tudo, que os clientes voltem e que tenha mais seguran\u00e7a. Estamos ansiosos para receber nossos clientes na nova feira\u201d, relatou.<\/p>\n<p><strong>Reestrutura\u00e7\u00e3o<\/strong><\/p>\n<p>A Feira Permanente de S\u00e3o Sebasti\u00e3o ocupa uma \u00e1rea de cerca de 11 mil metros quadrados. Entre os servi\u00e7os executados no espa\u00e7o em renova\u00e7\u00e3o, est\u00e3o a constru\u00e7\u00e3o da nova cobertura met\u00e1lica, em fase de acabamento, com 1.700 metros quadrados; a execu\u00e7\u00e3o de piso de alta resist\u00eancia em granitina e piso intertravado na \u00e1rea externa, com boa parte j\u00e1 instalados; a implanta\u00e7\u00e3o das redes el\u00e9trica, hidrossanit\u00e1ria e de drenagem; a reforma das fachadas dos quiosques de alimenta\u00e7\u00e3o e pintura geral. Toda a cobertura antiga precisou ser demolida e a parte hidr\u00e1ulica foi conclu\u00edda.<\/p>\n<p>O administrador regional de S\u00e3o Sebasti\u00e3o, Roberto Medeiros, destacou que a reestrutura\u00e7\u00e3o leva melhores condi\u00e7\u00f5es de trabalho aos feirantes e mais conforto para a popula\u00e7\u00e3o que frequenta o espa\u00e7o. \u201cAqui h\u00e1 grande movimento, s\u00f3 no fim de semana passam cerca de tr\u00eas mil pessoas. As condi\u00e7\u00f5es n\u00e3o estavam ideais, principalmente da cobertura, que molhava muito quando chovia. Est\u00e1 sendo feito um trabalho de qualidade, com cobertura integral, individualiza\u00e7\u00e3o da parte el\u00e9trica e hidr\u00e1ulica. S\u00e3o 28 fam\u00edlias que tiram daqui o sustento\u201d, afirmou.<\/p>\n<p>O gestor ressaltou, ainda, que a popula\u00e7\u00e3o tem demonstrado satisfa\u00e7\u00e3o com o andamento da obra: \u201cEst\u00e3o satisfeitos e ansiosos pela inaugura\u00e7\u00e3o. Essa feira existe desde a \u00e9poca da Agrovila S\u00e3o Sebasti\u00e3o e \u00e9 tradicional do DF. A reforma \u00e9 muito importante para manter essa tradi\u00e7\u00e3o e trazer mais qualidade para os trabalhadores e para a comunidade.\u201d<\/p>\n<p>Para o comerciante Francisco Jos\u00e9 Soares, 68, os reparos t\u00eam sido r\u00e1pidos e a nova estrutura vai garantir mais conforto. \u201cA obra est\u00e1 indo ligeira, bem adiantada. Isso deixa todo mundo contente. Aqui era muito abafado, muito quente. Agora est\u00e3o fazendo uma coisa bem feita e o importante \u00e9 que a gente vai poder trabalhar com mais espa\u00e7o. Isso melhora 100% para n\u00f3s. O pessoal chega, admira e fica satisfeito\u201d, afirmou.<\/p>\n<p>Entre os frequentadores ass\u00edduos est\u00e1 o lavrador Justino da Fonseca Melo, 72 anos, que vai \u00e0 feira todo domingo. Morador de S\u00e3o Sebasti\u00e3o h\u00e1 mais de tr\u00eas d\u00e9cadas, ele tamb\u00e9m avalia o servi\u00e7o executado como essencial: \u201cVai trazer mais conforto, mais espa\u00e7o e mais prazer para trabalhar e frequentar. Hoje vem gente de tudo quanto \u00e9 regi\u00e3o trabalhar aqui, \u00e9 muito movimentado, principalmente no fim de semana. Ent\u00e3o, a gente espera que volte a ter ainda mais movimento.\u201d<\/p>\n<p>Melhora nas condi\u00e7\u00f5es de trabalho e aumento no fluxo de clientes est\u00e3o entre as principais expectativas. Vera L\u00facia do Nascimento, 40, vende produtos naturais no espa\u00e7o e acredita que a reforma vai impactar positivamente: \u201cEst\u00e1 sendo feito um procedimento muito legal. Vai ficar muito bonito, com certeza, al\u00e9m de trazer mais conforto e mais clientela.\u201d<\/p>\n","protected":false},"excerpt":{"rendered":"<p>Na fase de acabamento, a obra da Feira Permanente de S\u00e3o Sebasti\u00e3o contempla a reforma de 28 quiosques e integra o plano do Governo do Distrito Federal (GDF) de moderniza\u00e7\u00e3o das feiras da capital. Considerada uma demanda antiga da popula\u00e7\u00e3o e dos feirantes, a renova\u00e7\u00e3o \u00e9 executada pela Companhia Urbanizadora Nova Capital (Novacap), com investimento [&hellip;]<\/p>\n","protected":false},"author":21,"featured_media":380523,"comment_status":"closed","ping_status":"closed","sticky":false,"template":"","format":"standard","meta":{"_acf_changed":false,"footnotes":""},"categories":[161],"tags":[],"class_list":["post-380522","post","type-post","status-publish","format-standard","has-post-thumbnail","hentry","category-quadradinho-em-foco"],"acf":[],"yoast_head":"<!-- This site is optimized with the Yoast SEO plugin v27.2 - https:\/\/yoast.com\/product\/yoast-seo-wordpress\/ -->\n<title>Reforma da Feira Permanente entra na fase de acabamento - Notibras<\/title>\n<meta name=\"robots\" content=\"index, follow, max-snippet:-1, max-image-preview:large, max-video-preview:-1\" \/>\n<link rel=\"canonical\" href=\"https:\/\/www.notibras.com\/site\/reforma-da-feira-permanente-entra-na-fase-de-acabamento\/\" \/>\n<meta property=\"og:locale\" content=\"pt_BR\" \/>\n<meta property=\"og:type\" content=\"article\" \/>\n<meta property=\"og:title\" content=\"Reforma da Feira Permanente entra na fase de acabamento - Notibras\" \/>\n<meta property=\"og:description\" content=\"Na fase de acabamento, a obra da Feira Permanente de S\u00e3o Sebasti\u00e3o contempla a reforma de 28 quiosques e integra o plano do Governo do Distrito Federal (GDF) de moderniza\u00e7\u00e3o das feiras da capital. Considerada uma demanda antiga da popula\u00e7\u00e3o e dos feirantes, a renova\u00e7\u00e3o \u00e9 executada pela Companhia Urbanizadora Nova Capital (Novacap), com investimento [&hellip;]\" \/>\n<meta property=\"og:url\" content=\"https:\/\/www.notibras.com\/site\/reforma-da-feira-permanente-entra-na-fase-de-acabamento\/\" \/>\n<meta property=\"og:site_name\" content=\"Notibras\" \/>\n<meta property=\"article:publisher\" content=\"https:\/\/www.facebook.com\/notibras\/\" \/>\n<meta property=\"article:published_time\" content=\"2026-01-26T03:30:22+00:00\" \/>\n<meta property=\"og:image\" content=\"https:\/\/www.notibras.com\/site\/wp-content\/uploads\/2026\/01\/Irene-Adelia-Alves.jpg\" \/>\n\t<meta property=\"og:image:width\" content=\"2240\" \/>\n\t<meta property=\"og:image:height\" content=\"1493\" \/>\n\t<meta property=\"og:image:type\" content=\"image\/jpeg\" \/>\n<meta name=\"author\" content=\"Eduardo Mart\u00ednez\" \/>\n<meta name=\"twitter:card\" content=\"summary_large_image\" \/>\n<meta name=\"twitter:creator\" content=\"@Notibras\" \/>\n<meta name=\"twitter:site\" content=\"@Notibras\" \/>\n<meta name=\"twitter:label1\" content=\"Escrito por\" \/>\n\t<meta name=\"twitter:data1\" content=\"Eduardo Mart\u00ednez\" \/>\n\t<meta name=\"twitter:label2\" content=\"Est. tempo de leitura\" \/>\n\t<meta name=\"twitter:data2\" content=\"4 minutos\" \/>\n<script type=\"application\/ld+json\" class=\"yoast-schema-graph\">{\"@context\":\"https:\/\/schema.org\",\"@graph\":[{\"@type\":\"Article\",\"@id\":\"https:\/\/www.notibras.com\/site\/reforma-da-feira-permanente-entra-na-fase-de-acabamento\/#article\",\"isPartOf\":{\"@id\":\"https:\/\/www.notibras.com\/site\/reforma-da-feira-permanente-entra-na-fase-de-acabamento\/\"},\"author\":{\"name\":\"Eduardo Mart\u00ednez\",\"@id\":\"https:\/\/www.notibras.com\/site\/#\/schema\/person\/5b7fabf2aedc3ada2105f03b22b4d3dd\"},\"headline\":\"Reforma da Feira Permanente entra na fase de acabamento\",\"datePublished\":\"2026-01-26T03:30:22+00:00\",\"mainEntityOfPage\":{\"@id\":\"https:\/\/www.notibras.com\/site\/reforma-da-feira-permanente-entra-na-fase-de-acabamento\/\"},\"wordCount\":698,\"publisher\":{\"@id\":\"https:\/\/www.notibras.com\/site\/#organization\"},\"image\":{\"@id\":\"https:\/\/www.notibras.com\/site\/reforma-da-feira-permanente-entra-na-fase-de-acabamento\/#primaryimage\"},\"thumbnailUrl\":\"https:\/\/www.notibras.com\/site\/wp-content\/uploads\/2026\/01\/Irene-Adelia-Alves.jpg\",\"articleSection\":[\"Quadradinho em Foco\"],\"inLanguage\":\"pt-BR\"},{\"@type\":\"WebPage\",\"@id\":\"https:\/\/www.notibras.com\/site\/reforma-da-feira-permanente-entra-na-fase-de-acabamento\/\",\"url\":\"https:\/\/www.notibras.com\/site\/reforma-da-feira-permanente-entra-na-fase-de-acabamento\/\",\"name\":\"Reforma da Feira Permanente entra na fase de acabamento - Notibras\",\"isPartOf\":{\"@id\":\"https:\/\/www.notibras.com\/site\/#website\"},\"primaryImageOfPage\":{\"@id\":\"https:\/\/www.notibras.com\/site\/reforma-da-feira-permanente-entra-na-fase-de-acabamento\/#primaryimage\"},\"image\":{\"@id\":\"https:\/\/www.notibras.com\/site\/reforma-da-feira-permanente-entra-na-fase-de-acabamento\/#primaryimage\"},\"thumbnailUrl\":\"https:\/\/www.notibras.com\/site\/wp-content\/uploads\/2026\/01\/Irene-Adelia-Alves.jpg\",\"datePublished\":\"2026-01-26T03:30:22+00:00\",\"breadcrumb\":{\"@id\":\"https:\/\/www.notibras.com\/site\/reforma-da-feira-permanente-entra-na-fase-de-acabamento\/#breadcrumb\"},\"inLanguage\":\"pt-BR\",\"potentialAction\":[{\"@type\":\"ReadAction\",\"target\":[\"https:\/\/www.notibras.com\/site\/reforma-da-feira-permanente-entra-na-fase-de-acabamento\/\"]}]},{\"@type\":\"ImageObject\",\"inLanguage\":\"pt-BR\",\"@id\":\"https:\/\/www.notibras.com\/site\/reforma-da-feira-permanente-entra-na-fase-de-acabamento\/#primaryimage\",\"url\":\"https:\/\/www.notibras.com\/site\/wp-content\/uploads\/2026\/01\/Irene-Adelia-Alves.jpg\",\"contentUrl\":\"https:\/\/www.notibras.com\/site\/wp-content\/uploads\/2026\/01\/Irene-Adelia-Alves.jpg\",\"width\":2240,\"height\":1493},{\"@type\":\"BreadcrumbList\",\"@id\":\"https:\/\/www.notibras.com\/site\/reforma-da-feira-permanente-entra-na-fase-de-acabamento\/#breadcrumb\",\"itemListElement\":[{\"@type\":\"ListItem\",\"position\":1,\"name\":\"In\u00edcio\",\"item\":\"https:\/\/www.notibras.com\/site\/\"},{\"@type\":\"ListItem\",\"position\":2,\"name\":\"Reforma da Feira Permanente entra na fase de acabamento\"}]},{\"@type\":\"WebSite\",\"@id\":\"https:\/\/www.notibras.com\/site\/#website\",\"url\":\"https:\/\/www.notibras.com\/site\/\",\"name\":\"Notibras\",\"description\":\"Not\u00edcias de Bras\u00edlia, do Brasil e do Mundo\",\"publisher\":{\"@id\":\"https:\/\/www.notibras.com\/site\/#organization\"},\"potentialAction\":[{\"@type\":\"SearchAction\",\"target\":{\"@type\":\"EntryPoint\",\"urlTemplate\":\"https:\/\/www.notibras.com\/site\/?s={search_term_string}\"},\"query-input\":{\"@type\":\"PropertyValueSpecification\",\"valueRequired\":true,\"valueName\":\"search_term_string\"}}],\"inLanguage\":\"pt-BR\"},{\"@type\":\"Organization\",\"@id\":\"https:\/\/www.notibras.com\/site\/#organization\",\"name\":\"Grupo Notibras de Comunica\u00e7\u00e3o\",\"url\":\"https:\/\/www.notibras.com\/site\/\",\"logo\":{\"@type\":\"ImageObject\",\"inLanguage\":\"pt-BR\",\"@id\":\"https:\/\/www.notibras.com\/site\/#\/schema\/logo\/image\/\",\"url\":\"https:\/\/www.notibras.com\/site\/wp-content\/uploads\/2023\/01\/notibras23.png\",\"contentUrl\":\"https:\/\/www.notibras.com\/site\/wp-content\/uploads\/2023\/01\/notibras23.png\",\"width\":350,\"height\":87,\"caption\":\"Grupo Notibras de Comunica\u00e7\u00e3o\"},\"image\":{\"@id\":\"https:\/\/www.notibras.com\/site\/#\/schema\/logo\/image\/\"},\"sameAs\":[\"https:\/\/www.facebook.com\/notibras\/\",\"https:\/\/x.com\/Notibras\",\"https:\/\/www.instagram.com\/notibras\/\"]},{\"@type\":\"Person\",\"@id\":\"https:\/\/www.notibras.com\/site\/#\/schema\/person\/5b7fabf2aedc3ada2105f03b22b4d3dd\",\"name\":\"Eduardo Mart\u00ednez\",\"image\":{\"@type\":\"ImageObject\",\"inLanguage\":\"pt-BR\",\"@id\":\"https:\/\/secure.gravatar.com\/avatar\/7902f906289926289cbcda644b5197c796b893c6ffd7b9a536a42d290f7704a0?s=96&d=mm&r=g\",\"url\":\"https:\/\/secure.gravatar.com\/avatar\/7902f906289926289cbcda644b5197c796b893c6ffd7b9a536a42d290f7704a0?s=96&d=mm&r=g\",\"contentUrl\":\"https:\/\/secure.gravatar.com\/avatar\/7902f906289926289cbcda644b5197c796b893c6ffd7b9a536a42d290f7704a0?s=96&d=mm&r=g\",\"caption\":\"Eduardo Mart\u00ednez\"}}]}<\/script>\n<!-- \/ Yoast SEO plugin. -->","yoast_head_json":{"title":"Reforma da Feira Permanente entra na fase de acabamento - Notibras","robots":{"index":"index","follow":"follow","max-snippet":"max-snippet:-1","max-image-preview":"max-image-preview:large","max-video-preview":"max-video-preview:-1"},"canonical":"https:\/\/www.notibras.com\/site\/reforma-da-feira-permanente-entra-na-fase-de-acabamento\/","og_locale":"pt_BR","og_type":"article","og_title":"Reforma da Feira Permanente entra na fase de acabamento - Notibras","og_description":"Na fase de acabamento, a obra da Feira Permanente de S\u00e3o Sebasti\u00e3o contempla a reforma de 28 quiosques e integra o plano do Governo do Distrito Federal (GDF) de moderniza\u00e7\u00e3o das feiras da capital. Considerada uma demanda antiga da popula\u00e7\u00e3o e dos feirantes, a renova\u00e7\u00e3o \u00e9 executada pela Companhia Urbanizadora Nova Capital (Novacap), com investimento [&hellip;]","og_url":"https:\/\/www.notibras.com\/site\/reforma-da-feira-permanente-entra-na-fase-de-acabamento\/","og_site_name":"Notibras","article_publisher":"https:\/\/www.facebook.com\/notibras\/","article_published_time":"2026-01-26T03:30:22+00:00","og_image":[{"width":2240,"height":1493,"url":"https:\/\/www.notibras.com\/site\/wp-content\/uploads\/2026\/01\/Irene-Adelia-Alves.jpg","type":"image\/jpeg"}],"author":"Eduardo Mart\u00ednez","twitter_card":"summary_large_image","twitter_creator":"@Notibras","twitter_site":"@Notibras","twitter_misc":{"Escrito por":"Eduardo Mart\u00ednez","Est. tempo de leitura":"4 minutos"},"schema":{"@context":"https:\/\/schema.org","@graph":[{"@type":"Article","@id":"https:\/\/www.notibras.com\/site\/reforma-da-feira-permanente-entra-na-fase-de-acabamento\/#article","isPartOf":{"@id":"https:\/\/www.notibras.com\/site\/reforma-da-feira-permanente-entra-na-fase-de-acabamento\/"},"author":{"name":"Eduardo Mart\u00ednez","@id":"https:\/\/www.notibras.com\/site\/#\/schema\/person\/5b7fabf2aedc3ada2105f03b22b4d3dd"},"headline":"Reforma da Feira Permanente entra na fase de acabamento","datePublished":"2026-01-26T03:30:22+00:00","mainEntityOfPage":{"@id":"https:\/\/www.notibras.com\/site\/reforma-da-feira-permanente-entra-na-fase-de-acabamento\/"},"wordCount":698,"publisher":{"@id":"https:\/\/www.notibras.com\/site\/#organization"},"image":{"@id":"https:\/\/www.notibras.com\/site\/reforma-da-feira-permanente-entra-na-fase-de-acabamento\/#primaryimage"},"thumbnailUrl":"https:\/\/www.notibras.com\/site\/wp-content\/uploads\/2026\/01\/Irene-Adelia-Alves.jpg","articleSection":["Quadradinho em Foco"],"inLanguage":"pt-BR"},{"@type":"WebPage","@id":"https:\/\/www.notibras.com\/site\/reforma-da-feira-permanente-entra-na-fase-de-acabamento\/","url":"https:\/\/www.notibras.com\/site\/reforma-da-feira-permanente-entra-na-fase-de-acabamento\/","name":"Reforma da Feira Permanente entra na fase de acabamento - Notibras","isPartOf":{"@id":"https:\/\/www.notibras.com\/site\/#website"},"primaryImageOfPage":{"@id":"https:\/\/www.notibras.com\/site\/reforma-da-feira-permanente-entra-na-fase-de-acabamento\/#primaryimage"},"image":{"@id":"https:\/\/www.notibras.com\/site\/reforma-da-feira-permanente-entra-na-fase-de-acabamento\/#primaryimage"},"thumbnailUrl":"https:\/\/www.notibras.com\/site\/wp-content\/uploads\/2026\/01\/Irene-Adelia-Alves.jpg","datePublished":"2026-01-26T03:30:22+00:00","breadcrumb":{"@id":"https:\/\/www.notibras.com\/site\/reforma-da-feira-permanente-entra-na-fase-de-acabamento\/#breadcrumb"},"inLanguage":"pt-BR","potentialAction":[{"@type":"ReadAction","target":["https:\/\/www.notibras.com\/site\/reforma-da-feira-permanente-entra-na-fase-de-acabamento\/"]}]},{"@type":"ImageObject","inLanguage":"pt-BR","@id":"https:\/\/www.notibras.com\/site\/reforma-da-feira-permanente-entra-na-fase-de-acabamento\/#primaryimage","url":"https:\/\/www.notibras.com\/site\/wp-content\/uploads\/2026\/01\/Irene-Adelia-Alves.jpg","contentUrl":"https:\/\/www.notibras.com\/site\/wp-content\/uploads\/2026\/01\/Irene-Adelia-Alves.jpg","width":2240,"height":1493},{"@type":"BreadcrumbList","@id":"https:\/\/www.notibras.com\/site\/reforma-da-feira-permanente-entra-na-fase-de-acabamento\/#breadcrumb","itemListElement":[{"@type":"ListItem","position":1,"name":"In\u00edcio","item":"https:\/\/www.notibras.com\/site\/"},{"@type":"ListItem","position":2,"name":"Reforma da Feira Permanente entra na fase de acabamento"}]},{"@type":"WebSite","@id":"https:\/\/www.notibras.com\/site\/#website","url":"https:\/\/www.notibras.com\/site\/","name":"Notibras","description":"Not\u00edcias de Bras\u00edlia, do Brasil e do Mundo","publisher":{"@id":"https:\/\/www.notibras.com\/site\/#organization"},"potentialAction":[{"@type":"SearchAction","target":{"@type":"EntryPoint","urlTemplate":"https:\/\/www.notibras.com\/site\/?s={search_term_string}"},"query-input":{"@type":"PropertyValueSpecification","valueRequired":true,"valueName":"search_term_string"}}],"inLanguage":"pt-BR"},{"@type":"Organization","@id":"https:\/\/www.notibras.com\/site\/#organization","name":"Grupo Notibras de Comunica\u00e7\u00e3o","url":"https:\/\/www.notibras.com\/site\/","logo":{"@type":"ImageObject","inLanguage":"pt-BR","@id":"https:\/\/www.notibras.com\/site\/#\/schema\/logo\/image\/","url":"https:\/\/www.notibras.com\/site\/wp-content\/uploads\/2023\/01\/notibras23.png","contentUrl":"https:\/\/www.notibras.com\/site\/wp-content\/uploads\/2023\/01\/notibras23.png","width":350,"height":87,"caption":"Grupo Notibras de Comunica\u00e7\u00e3o"},"image":{"@id":"https:\/\/www.notibras.com\/site\/#\/schema\/logo\/image\/"},"sameAs":["https:\/\/www.facebook.com\/notibras\/","https:\/\/x.com\/Notibras","https:\/\/www.instagram.com\/notibras\/"]},{"@type":"Person","@id":"https:\/\/www.notibras.com\/site\/#\/schema\/person\/5b7fabf2aedc3ada2105f03b22b4d3dd","name":"Eduardo Mart\u00ednez","image":{"@type":"ImageObject","inLanguage":"pt-BR","@id":"https:\/\/secure.gravatar.com\/avatar\/7902f906289926289cbcda644b5197c796b893c6ffd7b9a536a42d290f7704a0?s=96&d=mm&r=g","url":"https:\/\/secure.gravatar.com\/avatar\/7902f906289926289cbcda644b5197c796b893c6ffd7b9a536a42d290f7704a0?s=96&d=mm&r=g","contentUrl":"https:\/\/secure.gravatar.com\/avatar\/7902f906289926289cbcda644b5197c796b893c6ffd7b9a536a42d290f7704a0?s=96&d=mm&r=g","caption":"Eduardo Mart\u00ednez"}}]}},"amp_enabled":true,"_links":{"self":[{"href":"https:\/\/www.notibras.com\/site\/wp-json\/wp\/v2\/posts\/380522","targetHints":{"allow":["GET"]}}],"collection":[{"href":"https:\/\/www.notibras.com\/site\/wp-json\/wp\/v2\/posts"}],"about":[{"href":"https:\/\/www.notibras.com\/site\/wp-json\/wp\/v2\/types\/post"}],"author":[{"embeddable":true,"href":"https:\/\/www.notibras.com\/site\/wp-json\/wp\/v2\/users\/21"}],"replies":[{"embeddable":true,"href":"https:\/\/www.notibras.com\/site\/wp-json\/wp\/v2\/comments?post=380522"}],"version-history":[{"count":3,"href":"https:\/\/www.notibras.com\/site\/wp-json\/wp\/v2\/posts\/380522\/revisions"}],"predecessor-version":[{"id":380526,"href":"https:\/\/www.notibras.com\/site\/wp-json\/wp\/v2\/posts\/380522\/revisions\/380526"}],"wp:featuredmedia":[{"embeddable":true,"href":"https:\/\/www.notibras.com\/site\/wp-json\/wp\/v2\/media\/380523"}],"wp:attachment":[{"href":"https:\/\/www.notibras.com\/site\/wp-json\/wp\/v2\/media?parent=380522"}],"wp:term":[{"taxonomy":"category","embeddable":true,"href":"https:\/\/www.notibras.com\/site\/wp-json\/wp\/v2\/categories?post=380522"},{"taxonomy":"post_tag","embeddable":true,"href":"https:\/\/www.notibras.com\/site\/wp-json\/wp\/v2\/tags?post=380522"}],"curies":[{"name":"wp","href":"https:\/\/api.w.org\/{rel}","templated":true}]}}