{"id":380532,"date":"2026-01-26T01:00:33","date_gmt":"2026-01-26T04:00:33","guid":{"rendered":"https:\/\/www.notibras.com\/site\/?p=380532"},"modified":"2026-01-25T23:19:12","modified_gmt":"2026-01-26T02:19:12","slug":"implementacao-de-drenagem-e-recapeamento-na-df-290","status":"publish","type":"post","link":"https:\/\/www.notibras.com\/site\/implementacao-de-drenagem-e-recapeamento-na-df-290\/","title":{"rendered":"Implementa\u00e7\u00e3o de drenagem e recapeamento na DF-290"},"content":{"rendered":"<p>O Governo do Distrito Federal (GDF), por meio do Departamento de Estradas de Rodagem (DER-DF), iniciou a implementa\u00e7\u00e3o de duas bacias de drenagem para capta\u00e7\u00e3o das \u00e1guas das chuvas e o recapeamento de um trecho de 3,2 km da DF-290, em Santa Maria, \u00e1rea localizada na divisa entre o DF e o estado de Goi\u00e1s, pr\u00f3xima ao C\u00e9u Azul. O investimento \u00e9 de R$ 5,9 milh\u00f5es.<\/p>\n<p>Na marginal j\u00e1 foi feita a limpeza da \u00e1rea, com a retirada do material, e agora a obra est\u00e1 na fase de escava\u00e7\u00e3o. Ap\u00f3s essa etapa, o pr\u00f3ximo passo \u00e9 a redu\u00e7\u00e3o do subleito, ou seja, baixar o n\u00edvel do solo, para ent\u00e3o iniciar a camada final. Uma das bacias est\u00e1 localizada no in\u00edcio dessa via e a outra no final, com o objetivo de conter a \u00e1gua e direcion\u00e1-la posteriormente ao Rio Santa Maria.<\/p>\n<p>Segundo a engenheira do DER respons\u00e1vel pela obra, Sandra Martins, a via de 3,5 km tem 5 metros de largura e \u00e9 de m\u00e3o \u00fanica, contando com faixas de acelera\u00e7\u00e3o, cal\u00e7adas, sistema de drenagem, al\u00e9m de sinaliza\u00e7\u00e3o e paisagismo. H\u00e1 muitas \u00e1rvores no local, que est\u00e3o sendo retiradas, e os trabalhos de drenagem seguem ao longo da via.<\/p>\n<p>\u201cA drenagem por meio de tubula\u00e7\u00e3o ao longo da via j\u00e1 teve cerca de 200 metros executados. Na primeira bacia, a limpeza j\u00e1 foi conclu\u00edda, com o plantio de grama\u201d, explica. \u201cUma das bacias direciona a \u00e1gua diretamente para o rio. A outra tem capacidade de reter esse volume, mantendo a \u00e1gua no local para infiltra\u00e7\u00e3o no solo.\u201d<\/p>\n<p>A engenheira destaca que a pista vai reduzir significativamente os acidentes, melhorar a fluidez do tr\u00e2nsito, ampliar a acessibilidade urbana em toda a regi\u00e3o de Santa Maria, al\u00e9m de melhorar a drenagem e reduzir os alagamentos, uma das principais reclama\u00e7\u00f5es da popula\u00e7\u00e3o. A obra tamb\u00e9m deve contribuir para a valoriza\u00e7\u00e3o da infraestrutura local.<\/p>\n<p>Segundo o administrador regional, Josiel Fran\u00e7a, essa reivindica\u00e7\u00e3o existe desde a cria\u00e7\u00e3o da cidade e, agora, o GDF conseguiu finalmente atend\u00ea-la. \u201c\u00c9 uma demanda muito antiga dos moradores e comerciantes, que se sentiam abandonados. Com o GDF, o governador Ibaneis Rocha, o DER e a deputada Jaqueline Silva, que destinou os recursos, conseguimos elaborar esse projeto e torn\u00e1-lo realidade.\u201d<\/p>\n<p>Quem mora ou trabalha pr\u00f3ximo \u00e0 obra j\u00e1 est\u00e1 na expectativa de bons resultados. \u00c9 o caso de comerciantes da regi\u00e3o, que relatam antigos problemas com alagamentos, buracos na via e dificuldade de acesso aos estabelecimentos. \u201cSempre teve perrengue com \u00e1gua da chuva, alagamento. Isso \u00e9 ruim para quem mora e trabalha aqui. O acesso tamb\u00e9m n\u00e3o era favor\u00e1vel para o com\u00e9rcio, e agora, com a obra, vai melhorar bastante. O consumidor vai se sentir mais confort\u00e1vel para acessar as lojas\u201d, afirma o empres\u00e1rio Leandro Rodrigues, de 47 anos.<\/p>\n<p>Ele tamb\u00e9m destaca que a obra \u00e9 essencial para acompanhar o crescimento da \u00e1rea. \u201cCom o desenvolvimento da marginal, estamos come\u00e7ando a investir aqui. A gente aguardava uma infraestrutura melhor, porque essa regi\u00e3o est\u00e1 em pleno crescimento. Isso \u00e9 vital para a melhoria da regi\u00e3o\u201d, explica. Segundo ele, a expectativa \u00e9 de que as interven\u00e7\u00f5es atraiam mais clientes e novos investidores. \u201c\u00c9 uma regi\u00e3o pr\u00f3spera e muito movimentada, e com essa obra vamos atrair mais pessoas.\u201d<\/p>\n<p><strong>Outros investimentos<\/strong><\/p>\n<p>Na regi\u00e3o do Polo JK, em Santa Maria, as obras do sistema de drenagem pluvial est\u00e3o em fase final. Executada pela Companhia Urbanizadora da Nova Capital (Novacap), foram investidos quase R$ 52 milh\u00f5es na regi\u00e3o, para o controle e gerenciamento das \u00e1guas das chuvas e na pavimenta\u00e7\u00e3o asf\u00e1ltica.<\/p>\n<p>O GDF planejou construir na regi\u00e3o 2,4 km de redes de drenagem e reservat\u00f3rios de reten\u00e7\u00e3o, respons\u00e1veis por receber e acumular temporariamente o volume de \u00e1gua do sistema de escoamento antes do des\u00e1gue nos cursos d\u2019\u00e1gua. Al\u00e9m disso, foram aplicados mais 4,4 km de asfalto, bem como a constru\u00e7\u00e3o de cal\u00e7adas, ciclovias e uma moderna linha de transmiss\u00e3o, preparada para acomodar novos empreendimentos na regi\u00e3o.<\/p>\n","protected":false},"excerpt":{"rendered":"<p>O Governo do Distrito Federal (GDF), por meio do Departamento de Estradas de Rodagem (DER-DF), iniciou a implementa\u00e7\u00e3o de duas bacias de drenagem para capta\u00e7\u00e3o das \u00e1guas das chuvas e o recapeamento de um trecho de 3,2 km da DF-290, em Santa Maria, \u00e1rea localizada na divisa entre o DF e o estado de Goi\u00e1s, [&hellip;]<\/p>\n","protected":false},"author":21,"featured_media":380533,"comment_status":"closed","ping_status":"closed","sticky":false,"template":"","format":"standard","meta":{"_acf_changed":false,"footnotes":""},"categories":[161],"tags":[],"class_list":["post-380532","post","type-post","status-publish","format-standard","has-post-thumbnail","hentry","category-quadradinho-em-foco"],"acf":[],"yoast_head":"<!-- This site is optimized with the Yoast SEO plugin v27.2 - https:\/\/yoast.com\/product\/yoast-seo-wordpress\/ -->\n<title>Implementa\u00e7\u00e3o de drenagem e recapeamento na DF-290 - Notibras<\/title>\n<meta name=\"robots\" content=\"index, follow, max-snippet:-1, max-image-preview:large, max-video-preview:-1\" \/>\n<link rel=\"canonical\" href=\"https:\/\/www.notibras.com\/site\/implementacao-de-drenagem-e-recapeamento-na-df-290\/\" \/>\n<meta property=\"og:locale\" content=\"pt_BR\" \/>\n<meta property=\"og:type\" content=\"article\" \/>\n<meta property=\"og:title\" content=\"Implementa\u00e7\u00e3o de drenagem e recapeamento na DF-290 - Notibras\" \/>\n<meta property=\"og:description\" content=\"O Governo do Distrito Federal (GDF), por meio do Departamento de Estradas de Rodagem (DER-DF), iniciou a implementa\u00e7\u00e3o de duas bacias de drenagem para capta\u00e7\u00e3o das \u00e1guas das chuvas e o recapeamento de um trecho de 3,2 km da DF-290, em Santa Maria, \u00e1rea localizada na divisa entre o DF e o estado de Goi\u00e1s, [&hellip;]\" \/>\n<meta property=\"og:url\" content=\"https:\/\/www.notibras.com\/site\/implementacao-de-drenagem-e-recapeamento-na-df-290\/\" \/>\n<meta property=\"og:site_name\" content=\"Notibras\" \/>\n<meta property=\"article:publisher\" content=\"https:\/\/www.facebook.com\/notibras\/\" \/>\n<meta property=\"article:published_time\" content=\"2026-01-26T04:00:33+00:00\" \/>\n<meta property=\"og:image\" content=\"https:\/\/www.notibras.com\/site\/wp-content\/uploads\/2026\/01\/Dentro-1-103.jpg\" \/>\n\t<meta property=\"og:image:width\" content=\"1181\" \/>\n\t<meta property=\"og:image:height\" content=\"787\" \/>\n\t<meta property=\"og:image:type\" content=\"image\/jpeg\" \/>\n<meta name=\"author\" content=\"Eduardo Mart\u00ednez\" \/>\n<meta name=\"twitter:card\" content=\"summary_large_image\" \/>\n<meta name=\"twitter:creator\" content=\"@Notibras\" \/>\n<meta name=\"twitter:site\" content=\"@Notibras\" \/>\n<meta name=\"twitter:label1\" content=\"Escrito por\" \/>\n\t<meta name=\"twitter:data1\" content=\"Eduardo Mart\u00ednez\" \/>\n\t<meta name=\"twitter:label2\" content=\"Est. tempo de leitura\" \/>\n\t<meta name=\"twitter:data2\" content=\"4 minutos\" \/>\n<script type=\"application\/ld+json\" class=\"yoast-schema-graph\">{\"@context\":\"https:\/\/schema.org\",\"@graph\":[{\"@type\":\"Article\",\"@id\":\"https:\/\/www.notibras.com\/site\/implementacao-de-drenagem-e-recapeamento-na-df-290\/#article\",\"isPartOf\":{\"@id\":\"https:\/\/www.notibras.com\/site\/implementacao-de-drenagem-e-recapeamento-na-df-290\/\"},\"author\":{\"name\":\"Eduardo Mart\u00ednez\",\"@id\":\"https:\/\/www.notibras.com\/site\/#\/schema\/person\/5b7fabf2aedc3ada2105f03b22b4d3dd\"},\"headline\":\"Implementa\u00e7\u00e3o de drenagem e recapeamento na DF-290\",\"datePublished\":\"2026-01-26T04:00:33+00:00\",\"mainEntityOfPage\":{\"@id\":\"https:\/\/www.notibras.com\/site\/implementacao-de-drenagem-e-recapeamento-na-df-290\/\"},\"wordCount\":705,\"publisher\":{\"@id\":\"https:\/\/www.notibras.com\/site\/#organization\"},\"image\":{\"@id\":\"https:\/\/www.notibras.com\/site\/implementacao-de-drenagem-e-recapeamento-na-df-290\/#primaryimage\"},\"thumbnailUrl\":\"https:\/\/www.notibras.com\/site\/wp-content\/uploads\/2026\/01\/Dentro-1-103.jpg\",\"articleSection\":[\"Quadradinho em Foco\"],\"inLanguage\":\"pt-BR\"},{\"@type\":\"WebPage\",\"@id\":\"https:\/\/www.notibras.com\/site\/implementacao-de-drenagem-e-recapeamento-na-df-290\/\",\"url\":\"https:\/\/www.notibras.com\/site\/implementacao-de-drenagem-e-recapeamento-na-df-290\/\",\"name\":\"Implementa\u00e7\u00e3o de drenagem e recapeamento na DF-290 - Notibras\",\"isPartOf\":{\"@id\":\"https:\/\/www.notibras.com\/site\/#website\"},\"primaryImageOfPage\":{\"@id\":\"https:\/\/www.notibras.com\/site\/implementacao-de-drenagem-e-recapeamento-na-df-290\/#primaryimage\"},\"image\":{\"@id\":\"https:\/\/www.notibras.com\/site\/implementacao-de-drenagem-e-recapeamento-na-df-290\/#primaryimage\"},\"thumbnailUrl\":\"https:\/\/www.notibras.com\/site\/wp-content\/uploads\/2026\/01\/Dentro-1-103.jpg\",\"datePublished\":\"2026-01-26T04:00:33+00:00\",\"breadcrumb\":{\"@id\":\"https:\/\/www.notibras.com\/site\/implementacao-de-drenagem-e-recapeamento-na-df-290\/#breadcrumb\"},\"inLanguage\":\"pt-BR\",\"potentialAction\":[{\"@type\":\"ReadAction\",\"target\":[\"https:\/\/www.notibras.com\/site\/implementacao-de-drenagem-e-recapeamento-na-df-290\/\"]}]},{\"@type\":\"ImageObject\",\"inLanguage\":\"pt-BR\",\"@id\":\"https:\/\/www.notibras.com\/site\/implementacao-de-drenagem-e-recapeamento-na-df-290\/#primaryimage\",\"url\":\"https:\/\/www.notibras.com\/site\/wp-content\/uploads\/2026\/01\/Dentro-1-103.jpg\",\"contentUrl\":\"https:\/\/www.notibras.com\/site\/wp-content\/uploads\/2026\/01\/Dentro-1-103.jpg\",\"width\":1181,\"height\":787},{\"@type\":\"BreadcrumbList\",\"@id\":\"https:\/\/www.notibras.com\/site\/implementacao-de-drenagem-e-recapeamento-na-df-290\/#breadcrumb\",\"itemListElement\":[{\"@type\":\"ListItem\",\"position\":1,\"name\":\"In\u00edcio\",\"item\":\"https:\/\/www.notibras.com\/site\/\"},{\"@type\":\"ListItem\",\"position\":2,\"name\":\"Implementa\u00e7\u00e3o de drenagem e recapeamento na DF-290\"}]},{\"@type\":\"WebSite\",\"@id\":\"https:\/\/www.notibras.com\/site\/#website\",\"url\":\"https:\/\/www.notibras.com\/site\/\",\"name\":\"Notibras\",\"description\":\"Not\u00edcias de Bras\u00edlia, do Brasil e do Mundo\",\"publisher\":{\"@id\":\"https:\/\/www.notibras.com\/site\/#organization\"},\"potentialAction\":[{\"@type\":\"SearchAction\",\"target\":{\"@type\":\"EntryPoint\",\"urlTemplate\":\"https:\/\/www.notibras.com\/site\/?s={search_term_string}\"},\"query-input\":{\"@type\":\"PropertyValueSpecification\",\"valueRequired\":true,\"valueName\":\"search_term_string\"}}],\"inLanguage\":\"pt-BR\"},{\"@type\":\"Organization\",\"@id\":\"https:\/\/www.notibras.com\/site\/#organization\",\"name\":\"Grupo Notibras de Comunica\u00e7\u00e3o\",\"url\":\"https:\/\/www.notibras.com\/site\/\",\"logo\":{\"@type\":\"ImageObject\",\"inLanguage\":\"pt-BR\",\"@id\":\"https:\/\/www.notibras.com\/site\/#\/schema\/logo\/image\/\",\"url\":\"https:\/\/www.notibras.com\/site\/wp-content\/uploads\/2023\/01\/notibras23.png\",\"contentUrl\":\"https:\/\/www.notibras.com\/site\/wp-content\/uploads\/2023\/01\/notibras23.png\",\"width\":350,\"height\":87,\"caption\":\"Grupo Notibras de Comunica\u00e7\u00e3o\"},\"image\":{\"@id\":\"https:\/\/www.notibras.com\/site\/#\/schema\/logo\/image\/\"},\"sameAs\":[\"https:\/\/www.facebook.com\/notibras\/\",\"https:\/\/x.com\/Notibras\",\"https:\/\/www.instagram.com\/notibras\/\"]},{\"@type\":\"Person\",\"@id\":\"https:\/\/www.notibras.com\/site\/#\/schema\/person\/5b7fabf2aedc3ada2105f03b22b4d3dd\",\"name\":\"Eduardo Mart\u00ednez\",\"image\":{\"@type\":\"ImageObject\",\"inLanguage\":\"pt-BR\",\"@id\":\"https:\/\/secure.gravatar.com\/avatar\/7902f906289926289cbcda644b5197c796b893c6ffd7b9a536a42d290f7704a0?s=96&d=mm&r=g\",\"url\":\"https:\/\/secure.gravatar.com\/avatar\/7902f906289926289cbcda644b5197c796b893c6ffd7b9a536a42d290f7704a0?s=96&d=mm&r=g\",\"contentUrl\":\"https:\/\/secure.gravatar.com\/avatar\/7902f906289926289cbcda644b5197c796b893c6ffd7b9a536a42d290f7704a0?s=96&d=mm&r=g\",\"caption\":\"Eduardo Mart\u00ednez\"}}]}<\/script>\n<!-- \/ Yoast SEO plugin. -->","yoast_head_json":{"title":"Implementa\u00e7\u00e3o de drenagem e recapeamento na DF-290 - Notibras","robots":{"index":"index","follow":"follow","max-snippet":"max-snippet:-1","max-image-preview":"max-image-preview:large","max-video-preview":"max-video-preview:-1"},"canonical":"https:\/\/www.notibras.com\/site\/implementacao-de-drenagem-e-recapeamento-na-df-290\/","og_locale":"pt_BR","og_type":"article","og_title":"Implementa\u00e7\u00e3o de drenagem e recapeamento na DF-290 - Notibras","og_description":"O Governo do Distrito Federal (GDF), por meio do Departamento de Estradas de Rodagem (DER-DF), iniciou a implementa\u00e7\u00e3o de duas bacias de drenagem para capta\u00e7\u00e3o das \u00e1guas das chuvas e o recapeamento de um trecho de 3,2 km da DF-290, em Santa Maria, \u00e1rea localizada na divisa entre o DF e o estado de Goi\u00e1s, [&hellip;]","og_url":"https:\/\/www.notibras.com\/site\/implementacao-de-drenagem-e-recapeamento-na-df-290\/","og_site_name":"Notibras","article_publisher":"https:\/\/www.facebook.com\/notibras\/","article_published_time":"2026-01-26T04:00:33+00:00","og_image":[{"width":1181,"height":787,"url":"https:\/\/www.notibras.com\/site\/wp-content\/uploads\/2026\/01\/Dentro-1-103.jpg","type":"image\/jpeg"}],"author":"Eduardo Mart\u00ednez","twitter_card":"summary_large_image","twitter_creator":"@Notibras","twitter_site":"@Notibras","twitter_misc":{"Escrito por":"Eduardo Mart\u00ednez","Est. tempo de leitura":"4 minutos"},"schema":{"@context":"https:\/\/schema.org","@graph":[{"@type":"Article","@id":"https:\/\/www.notibras.com\/site\/implementacao-de-drenagem-e-recapeamento-na-df-290\/#article","isPartOf":{"@id":"https:\/\/www.notibras.com\/site\/implementacao-de-drenagem-e-recapeamento-na-df-290\/"},"author":{"name":"Eduardo Mart\u00ednez","@id":"https:\/\/www.notibras.com\/site\/#\/schema\/person\/5b7fabf2aedc3ada2105f03b22b4d3dd"},"headline":"Implementa\u00e7\u00e3o de drenagem e recapeamento na DF-290","datePublished":"2026-01-26T04:00:33+00:00","mainEntityOfPage":{"@id":"https:\/\/www.notibras.com\/site\/implementacao-de-drenagem-e-recapeamento-na-df-290\/"},"wordCount":705,"publisher":{"@id":"https:\/\/www.notibras.com\/site\/#organization"},"image":{"@id":"https:\/\/www.notibras.com\/site\/implementacao-de-drenagem-e-recapeamento-na-df-290\/#primaryimage"},"thumbnailUrl":"https:\/\/www.notibras.com\/site\/wp-content\/uploads\/2026\/01\/Dentro-1-103.jpg","articleSection":["Quadradinho em Foco"],"inLanguage":"pt-BR"},{"@type":"WebPage","@id":"https:\/\/www.notibras.com\/site\/implementacao-de-drenagem-e-recapeamento-na-df-290\/","url":"https:\/\/www.notibras.com\/site\/implementacao-de-drenagem-e-recapeamento-na-df-290\/","name":"Implementa\u00e7\u00e3o de drenagem e recapeamento na DF-290 - Notibras","isPartOf":{"@id":"https:\/\/www.notibras.com\/site\/#website"},"primaryImageOfPage":{"@id":"https:\/\/www.notibras.com\/site\/implementacao-de-drenagem-e-recapeamento-na-df-290\/#primaryimage"},"image":{"@id":"https:\/\/www.notibras.com\/site\/implementacao-de-drenagem-e-recapeamento-na-df-290\/#primaryimage"},"thumbnailUrl":"https:\/\/www.notibras.com\/site\/wp-content\/uploads\/2026\/01\/Dentro-1-103.jpg","datePublished":"2026-01-26T04:00:33+00:00","breadcrumb":{"@id":"https:\/\/www.notibras.com\/site\/implementacao-de-drenagem-e-recapeamento-na-df-290\/#breadcrumb"},"inLanguage":"pt-BR","potentialAction":[{"@type":"ReadAction","target":["https:\/\/www.notibras.com\/site\/implementacao-de-drenagem-e-recapeamento-na-df-290\/"]}]},{"@type":"ImageObject","inLanguage":"pt-BR","@id":"https:\/\/www.notibras.com\/site\/implementacao-de-drenagem-e-recapeamento-na-df-290\/#primaryimage","url":"https:\/\/www.notibras.com\/site\/wp-content\/uploads\/2026\/01\/Dentro-1-103.jpg","contentUrl":"https:\/\/www.notibras.com\/site\/wp-content\/uploads\/2026\/01\/Dentro-1-103.jpg","width":1181,"height":787},{"@type":"BreadcrumbList","@id":"https:\/\/www.notibras.com\/site\/implementacao-de-drenagem-e-recapeamento-na-df-290\/#breadcrumb","itemListElement":[{"@type":"ListItem","position":1,"name":"In\u00edcio","item":"https:\/\/www.notibras.com\/site\/"},{"@type":"ListItem","position":2,"name":"Implementa\u00e7\u00e3o de drenagem e recapeamento na DF-290"}]},{"@type":"WebSite","@id":"https:\/\/www.notibras.com\/site\/#website","url":"https:\/\/www.notibras.com\/site\/","name":"Notibras","description":"Not\u00edcias de Bras\u00edlia, do Brasil e do Mundo","publisher":{"@id":"https:\/\/www.notibras.com\/site\/#organization"},"potentialAction":[{"@type":"SearchAction","target":{"@type":"EntryPoint","urlTemplate":"https:\/\/www.notibras.com\/site\/?s={search_term_string}"},"query-input":{"@type":"PropertyValueSpecification","valueRequired":true,"valueName":"search_term_string"}}],"inLanguage":"pt-BR"},{"@type":"Organization","@id":"https:\/\/www.notibras.com\/site\/#organization","name":"Grupo Notibras de Comunica\u00e7\u00e3o","url":"https:\/\/www.notibras.com\/site\/","logo":{"@type":"ImageObject","inLanguage":"pt-BR","@id":"https:\/\/www.notibras.com\/site\/#\/schema\/logo\/image\/","url":"https:\/\/www.notibras.com\/site\/wp-content\/uploads\/2023\/01\/notibras23.png","contentUrl":"https:\/\/www.notibras.com\/site\/wp-content\/uploads\/2023\/01\/notibras23.png","width":350,"height":87,"caption":"Grupo Notibras de Comunica\u00e7\u00e3o"},"image":{"@id":"https:\/\/www.notibras.com\/site\/#\/schema\/logo\/image\/"},"sameAs":["https:\/\/www.facebook.com\/notibras\/","https:\/\/x.com\/Notibras","https:\/\/www.instagram.com\/notibras\/"]},{"@type":"Person","@id":"https:\/\/www.notibras.com\/site\/#\/schema\/person\/5b7fabf2aedc3ada2105f03b22b4d3dd","name":"Eduardo Mart\u00ednez","image":{"@type":"ImageObject","inLanguage":"pt-BR","@id":"https:\/\/secure.gravatar.com\/avatar\/7902f906289926289cbcda644b5197c796b893c6ffd7b9a536a42d290f7704a0?s=96&d=mm&r=g","url":"https:\/\/secure.gravatar.com\/avatar\/7902f906289926289cbcda644b5197c796b893c6ffd7b9a536a42d290f7704a0?s=96&d=mm&r=g","contentUrl":"https:\/\/secure.gravatar.com\/avatar\/7902f906289926289cbcda644b5197c796b893c6ffd7b9a536a42d290f7704a0?s=96&d=mm&r=g","caption":"Eduardo Mart\u00ednez"}}]}},"amp_enabled":true,"_links":{"self":[{"href":"https:\/\/www.notibras.com\/site\/wp-json\/wp\/v2\/posts\/380532","targetHints":{"allow":["GET"]}}],"collection":[{"href":"https:\/\/www.notibras.com\/site\/wp-json\/wp\/v2\/posts"}],"about":[{"href":"https:\/\/www.notibras.com\/site\/wp-json\/wp\/v2\/types\/post"}],"author":[{"embeddable":true,"href":"https:\/\/www.notibras.com\/site\/wp-json\/wp\/v2\/users\/21"}],"replies":[{"embeddable":true,"href":"https:\/\/www.notibras.com\/site\/wp-json\/wp\/v2\/comments?post=380532"}],"version-history":[{"count":4,"href":"https:\/\/www.notibras.com\/site\/wp-json\/wp\/v2\/posts\/380532\/revisions"}],"predecessor-version":[{"id":380538,"href":"https:\/\/www.notibras.com\/site\/wp-json\/wp\/v2\/posts\/380532\/revisions\/380538"}],"wp:featuredmedia":[{"embeddable":true,"href":"https:\/\/www.notibras.com\/site\/wp-json\/wp\/v2\/media\/380533"}],"wp:attachment":[{"href":"https:\/\/www.notibras.com\/site\/wp-json\/wp\/v2\/media?parent=380532"}],"wp:term":[{"taxonomy":"category","embeddable":true,"href":"https:\/\/www.notibras.com\/site\/wp-json\/wp\/v2\/categories?post=380532"},{"taxonomy":"post_tag","embeddable":true,"href":"https:\/\/www.notibras.com\/site\/wp-json\/wp\/v2\/tags?post=380532"}],"curies":[{"name":"wp","href":"https:\/\/api.w.org\/{rel}","templated":true}]}}