{"id":380534,"date":"2026-01-27T01:15:11","date_gmt":"2026-01-27T04:15:11","guid":{"rendered":"https:\/\/www.notibras.com\/site\/?p=380534"},"modified":"2026-01-27T01:54:45","modified_gmt":"2026-01-27T04:54:45","slug":"escrever-como-quem-crava-um-traco-que-a-multidao-nao-apaga","status":"publish","type":"post","link":"https:\/\/www.notibras.com\/site\/escrever-como-quem-crava-um-traco-que-a-multidao-nao-apaga\/","title":{"rendered":"Escrever como quem crava um tra\u00e7o que a multid\u00e3o n\u00e3o apaga"},"content":{"rendered":"<p>A cidade \u00e9 enorme e n\u00e3o pede licen\u00e7a. Ela passa por cima da gente com uma naturalidade quase administrativa, como quem carimba pap\u00e9is e empurra filas, e, de t\u00e3o cheia de pessoas, paradoxalmente nos torna invis\u00edveis. H\u00e1 dias em que sinto que caminho dentro de um organismo que funciona, indiferente ao meu nome, \u00e0s minhas lembran\u00e7as, ao fato de eu estar inteiro ou esfarelado por dentro. Tudo est\u00e1 em movimento, tudo tem hor\u00e1rio, meta, fluxo, e o que n\u00e3o cabe nessas caixas vira ru\u00eddo. O pior n\u00e3o \u00e9 a pressa, \u00e9 o apagamento discreto: voc\u00ea vai se adaptando para n\u00e3o atrapalhar, vai afinando suas arestas at\u00e9 caber no corredor estreito do mundo.<\/p>\n<p>Eu noto isso nas pequenas cenas, que parecem bobas at\u00e9 o momento em que doem. A luz amarela do hall, o cheiro que vem de algum lugar e que ningu\u00e9m comenta, o elevador que abre e fecha como uma p\u00e1lpebra cansada, o rosto de algu\u00e9m que passa com a mesma express\u00e3o de ontem e de anteontem, como se o pr\u00f3prio olhar tivesse sido terceirizado. A cidade nos ensina a repetir: as mesmas ruas, os mesmos cumprimentos autom\u00e1ticos, a mesma maneira de pedir desculpas por existir no caminho do outro. E, quando percebo, \u00e9 como se eu tamb\u00e9m estivesse sendo repetido, como se a minha pessoa fosse um molde de pl\u00e1stico, \u00fatil e descart\u00e1vel, um \u201ceu\u201d de conveni\u00eancia, ajustado para n\u00e3o chamar aten\u00e7\u00e3o.<\/p>\n<p>S\u00f3 que h\u00e1 um ponto em que, por instinto de sobreviv\u00eancia, eu come\u00e7o a fazer pequenas desobedi\u00eancias. N\u00e3o as grandes, que viram hist\u00f3ria e manchete, mas as m\u00ednimas, quase dom\u00e9sticas, aquelas que ningu\u00e9m aplaude e, ainda assim, salvam. Eu preservo minha individualidade no detalhe: num caminho que escolho diferente sem motivo pr\u00e1tico, numa pausa que n\u00e3o obedece ao sem\u00e1foro, numa palavra que eu n\u00e3o digo como se espera que eu diga. Parece pouco, mas \u00e9 nessas frestas que eu volto a me reconhecer, como quem acha no bolso um objeto antigo e, ao toc\u00e1-lo, lembra que j\u00e1 foi algu\u00e9m antes da agenda, antes do ru\u00eddo, antes das exig\u00eancias.<\/p>\n<p>Escrever, ent\u00e3o, \u00e9 a minha forma mais teimosa de existir. Um poema ou um conto n\u00e3o \u00e9 apenas um texto; \u00e9 um jeito de respirar que n\u00e3o se repete, uma assinatura invis\u00edvel na ordem do mundo. A escolha de um adjetivo, a maneira como uma frase se alonga e depois se interrompe, a imagem que eu decido carregar \u2014 tudo isso me pertence com uma intimidade que a cidade n\u00e3o consegue confiscar. E eu gosto de pensar que, mesmo quando escrevo no intervalo de um dia duro, entre uma obriga\u00e7\u00e3o e outra, eu estou fabricando um tra\u00e7o que n\u00e3o se dissolve na multid\u00e3o: um peda\u00e7o de mim que n\u00e3o aceita ser reduzido a fun\u00e7\u00e3o.<\/p>\n<p>H\u00e1 tamb\u00e9m a voz. N\u00e3o a voz f\u00edsica apenas, mas o tom exato com que eu digo uma coisa boa a um amigo necessitado, aquele segundo de hesita\u00e7\u00e3o antes de escolher uma palavra menos \u00e1spera, a inflex\u00e3o de cuidado que n\u00e3o aparece em nenhuma ata. A cidade pode multiplicar rostos, mas n\u00e3o consegue duplicar certos gestos: o modo como eu seguro o sil\u00eancio para o outro falar, a m\u00e3o que toca o ombro na medida certa, o riso discreto que devolve coragem a algu\u00e9m sem alarde. E, sim, at\u00e9 o meu ritual ridiculamente particular \u2014 fumar um charuto perto de uma janela, olhar a rua como quem olha um rio, ajeitar a cinza com um movimento espec\u00edfico, inimit\u00e1vel, como se eu estivesse desenhando, no ar, um sinal que s\u00f3 eu conhe\u00e7o \u2014 isso tamb\u00e9m \u00e9 uma forma de perman\u00eancia.<\/p>\n<p>No fim, o que me consola \u00e9 imaginar que a lembran\u00e7a humana n\u00e3o se prende ao grandioso, mas ao singular. Quando eu n\u00e3o estiver mais sobre a Terra, talvez ningu\u00e9m recorde meus compromissos, minhas pressas, minhas pequenas submiss\u00f5es ao rel\u00f3gio da cidade. Mas algu\u00e9m pode se lembrar de um par\u00e1grafo que eu escrevi num dia de chuva, do timbre com que eu disse \u201cvai passar\u201d sem mentir, do meu gesto na janela, da maneira como eu transformava uma sensa\u00e7\u00e3o em frase, como se fosse poss\u00edvel salvar um instante do desaparecimento. A cidade tenta nos apagar porque precisa de gente funcionando; eu tento me conservar porque preciso de alma. E, se eu tiver alguma esperan\u00e7a de ficar, que seja assim: nas pequenas coisas que s\u00f3 eu faria daquele jeito.<\/p>\n<p><strong>&#8230;&#8230;&#8230;&#8230;&#8230;&#8230;<\/strong><\/p>\n<p><strong>Daniel Marchi (@prof.danielmarchi) \u00e9 editor-executivo de Notibras, poeta, advogado e professor. Autor dos livros \u201cA Verdade nos Seres\u201d e \u201cTerrit\u00f3rio do Sonho\u201d.<\/strong><\/p>\n","protected":false},"excerpt":{"rendered":"<p>A cidade \u00e9 enorme e n\u00e3o pede licen\u00e7a. Ela passa por cima da gente com uma naturalidade quase administrativa, como quem carimba pap\u00e9is e empurra filas, e, de t\u00e3o cheia de pessoas, paradoxalmente nos torna invis\u00edveis. H\u00e1 dias em que sinto que caminho dentro de um organismo que funciona, indiferente ao meu nome, \u00e0s minhas [&hellip;]<\/p>\n","protected":false},"author":21,"featured_media":380543,"comment_status":"closed","ping_status":"closed","sticky":false,"template":"","format":"standard","meta":{"_acf_changed":false,"footnotes":""},"categories":[234],"tags":[],"class_list":["post-380534","post","type-post","status-publish","format-standard","has-post-thumbnail","hentry","category-cafe-literario"],"acf":[],"yoast_head":"<!-- This site is optimized with the Yoast SEO plugin v27.2 - https:\/\/yoast.com\/product\/yoast-seo-wordpress\/ -->\n<title>Escrever como quem crava um tra\u00e7o que a multid\u00e3o n\u00e3o apaga - Notibras<\/title>\n<meta name=\"robots\" content=\"index, follow, max-snippet:-1, max-image-preview:large, max-video-preview:-1\" \/>\n<link rel=\"canonical\" href=\"https:\/\/www.notibras.com\/site\/escrever-como-quem-crava-um-traco-que-a-multidao-nao-apaga\/\" \/>\n<meta property=\"og:locale\" content=\"pt_BR\" \/>\n<meta property=\"og:type\" content=\"article\" \/>\n<meta property=\"og:title\" content=\"Escrever como quem crava um tra\u00e7o que a multid\u00e3o n\u00e3o apaga - Notibras\" \/>\n<meta property=\"og:description\" content=\"A cidade \u00e9 enorme e n\u00e3o pede licen\u00e7a. Ela passa por cima da gente com uma naturalidade quase administrativa, como quem carimba pap\u00e9is e empurra filas, e, de t\u00e3o cheia de pessoas, paradoxalmente nos torna invis\u00edveis. H\u00e1 dias em que sinto que caminho dentro de um organismo que funciona, indiferente ao meu nome, \u00e0s minhas [&hellip;]\" \/>\n<meta property=\"og:url\" content=\"https:\/\/www.notibras.com\/site\/escrever-como-quem-crava-um-traco-que-a-multidao-nao-apaga\/\" \/>\n<meta property=\"og:site_name\" content=\"Notibras\" \/>\n<meta property=\"article:publisher\" content=\"https:\/\/www.facebook.com\/notibras\/\" \/>\n<meta property=\"article:published_time\" content=\"2026-01-27T04:15:11+00:00\" \/>\n<meta property=\"article:modified_time\" content=\"2026-01-27T04:54:45+00:00\" \/>\n<meta property=\"og:image\" content=\"https:\/\/www.notibras.com\/site\/wp-content\/uploads\/2026\/01\/mosaico_horizontal_colorgraded.jpg\" \/>\n\t<meta property=\"og:image:width\" content=\"2048\" \/>\n\t<meta property=\"og:image:height\" content=\"1169\" \/>\n\t<meta property=\"og:image:type\" content=\"image\/jpeg\" \/>\n<meta name=\"author\" content=\"Eduardo Mart\u00ednez\" \/>\n<meta name=\"twitter:card\" content=\"summary_large_image\" \/>\n<meta name=\"twitter:creator\" content=\"@Notibras\" \/>\n<meta name=\"twitter:site\" content=\"@Notibras\" \/>\n<meta name=\"twitter:label1\" content=\"Escrito por\" \/>\n\t<meta name=\"twitter:data1\" content=\"Eduardo Mart\u00ednez\" \/>\n\t<meta name=\"twitter:label2\" content=\"Est. tempo de leitura\" \/>\n\t<meta name=\"twitter:data2\" content=\"5 minutos\" \/>\n<script type=\"application\/ld+json\" class=\"yoast-schema-graph\">{\"@context\":\"https:\/\/schema.org\",\"@graph\":[{\"@type\":\"Article\",\"@id\":\"https:\/\/www.notibras.com\/site\/escrever-como-quem-crava-um-traco-que-a-multidao-nao-apaga\/#article\",\"isPartOf\":{\"@id\":\"https:\/\/www.notibras.com\/site\/escrever-como-quem-crava-um-traco-que-a-multidao-nao-apaga\/\"},\"author\":{\"name\":\"Eduardo Mart\u00ednez\",\"@id\":\"https:\/\/www.notibras.com\/site\/#\/schema\/person\/5b7fabf2aedc3ada2105f03b22b4d3dd\"},\"headline\":\"Escrever como quem crava um tra\u00e7o que a multid\u00e3o n\u00e3o apaga\",\"datePublished\":\"2026-01-27T04:15:11+00:00\",\"dateModified\":\"2026-01-27T04:54:45+00:00\",\"mainEntityOfPage\":{\"@id\":\"https:\/\/www.notibras.com\/site\/escrever-como-quem-crava-um-traco-que-a-multidao-nao-apaga\/\"},\"wordCount\":824,\"publisher\":{\"@id\":\"https:\/\/www.notibras.com\/site\/#organization\"},\"image\":{\"@id\":\"https:\/\/www.notibras.com\/site\/escrever-como-quem-crava-um-traco-que-a-multidao-nao-apaga\/#primaryimage\"},\"thumbnailUrl\":\"https:\/\/www.notibras.com\/site\/wp-content\/uploads\/2026\/01\/mosaico_horizontal_colorgraded.jpg\",\"articleSection\":[\"Caf\u00e9 Liter\u00e1rio\"],\"inLanguage\":\"pt-BR\"},{\"@type\":\"WebPage\",\"@id\":\"https:\/\/www.notibras.com\/site\/escrever-como-quem-crava-um-traco-que-a-multidao-nao-apaga\/\",\"url\":\"https:\/\/www.notibras.com\/site\/escrever-como-quem-crava-um-traco-que-a-multidao-nao-apaga\/\",\"name\":\"Escrever como quem crava um tra\u00e7o que a multid\u00e3o n\u00e3o apaga - Notibras\",\"isPartOf\":{\"@id\":\"https:\/\/www.notibras.com\/site\/#website\"},\"primaryImageOfPage\":{\"@id\":\"https:\/\/www.notibras.com\/site\/escrever-como-quem-crava-um-traco-que-a-multidao-nao-apaga\/#primaryimage\"},\"image\":{\"@id\":\"https:\/\/www.notibras.com\/site\/escrever-como-quem-crava-um-traco-que-a-multidao-nao-apaga\/#primaryimage\"},\"thumbnailUrl\":\"https:\/\/www.notibras.com\/site\/wp-content\/uploads\/2026\/01\/mosaico_horizontal_colorgraded.jpg\",\"datePublished\":\"2026-01-27T04:15:11+00:00\",\"dateModified\":\"2026-01-27T04:54:45+00:00\",\"breadcrumb\":{\"@id\":\"https:\/\/www.notibras.com\/site\/escrever-como-quem-crava-um-traco-que-a-multidao-nao-apaga\/#breadcrumb\"},\"inLanguage\":\"pt-BR\",\"potentialAction\":[{\"@type\":\"ReadAction\",\"target\":[\"https:\/\/www.notibras.com\/site\/escrever-como-quem-crava-um-traco-que-a-multidao-nao-apaga\/\"]}]},{\"@type\":\"ImageObject\",\"inLanguage\":\"pt-BR\",\"@id\":\"https:\/\/www.notibras.com\/site\/escrever-como-quem-crava-um-traco-que-a-multidao-nao-apaga\/#primaryimage\",\"url\":\"https:\/\/www.notibras.com\/site\/wp-content\/uploads\/2026\/01\/mosaico_horizontal_colorgraded.jpg\",\"contentUrl\":\"https:\/\/www.notibras.com\/site\/wp-content\/uploads\/2026\/01\/mosaico_horizontal_colorgraded.jpg\",\"width\":2048,\"height\":1169},{\"@type\":\"BreadcrumbList\",\"@id\":\"https:\/\/www.notibras.com\/site\/escrever-como-quem-crava-um-traco-que-a-multidao-nao-apaga\/#breadcrumb\",\"itemListElement\":[{\"@type\":\"ListItem\",\"position\":1,\"name\":\"In\u00edcio\",\"item\":\"https:\/\/www.notibras.com\/site\/\"},{\"@type\":\"ListItem\",\"position\":2,\"name\":\"Escrever como quem crava um tra\u00e7o que a multid\u00e3o n\u00e3o apaga\"}]},{\"@type\":\"WebSite\",\"@id\":\"https:\/\/www.notibras.com\/site\/#website\",\"url\":\"https:\/\/www.notibras.com\/site\/\",\"name\":\"Notibras\",\"description\":\"Not\u00edcias de Bras\u00edlia, do Brasil e do Mundo\",\"publisher\":{\"@id\":\"https:\/\/www.notibras.com\/site\/#organization\"},\"potentialAction\":[{\"@type\":\"SearchAction\",\"target\":{\"@type\":\"EntryPoint\",\"urlTemplate\":\"https:\/\/www.notibras.com\/site\/?s={search_term_string}\"},\"query-input\":{\"@type\":\"PropertyValueSpecification\",\"valueRequired\":true,\"valueName\":\"search_term_string\"}}],\"inLanguage\":\"pt-BR\"},{\"@type\":\"Organization\",\"@id\":\"https:\/\/www.notibras.com\/site\/#organization\",\"name\":\"Grupo Notibras de Comunica\u00e7\u00e3o\",\"url\":\"https:\/\/www.notibras.com\/site\/\",\"logo\":{\"@type\":\"ImageObject\",\"inLanguage\":\"pt-BR\",\"@id\":\"https:\/\/www.notibras.com\/site\/#\/schema\/logo\/image\/\",\"url\":\"https:\/\/www.notibras.com\/site\/wp-content\/uploads\/2023\/01\/notibras23.png\",\"contentUrl\":\"https:\/\/www.notibras.com\/site\/wp-content\/uploads\/2023\/01\/notibras23.png\",\"width\":350,\"height\":87,\"caption\":\"Grupo Notibras de Comunica\u00e7\u00e3o\"},\"image\":{\"@id\":\"https:\/\/www.notibras.com\/site\/#\/schema\/logo\/image\/\"},\"sameAs\":[\"https:\/\/www.facebook.com\/notibras\/\",\"https:\/\/x.com\/Notibras\",\"https:\/\/www.instagram.com\/notibras\/\"]},{\"@type\":\"Person\",\"@id\":\"https:\/\/www.notibras.com\/site\/#\/schema\/person\/5b7fabf2aedc3ada2105f03b22b4d3dd\",\"name\":\"Eduardo Mart\u00ednez\",\"image\":{\"@type\":\"ImageObject\",\"inLanguage\":\"pt-BR\",\"@id\":\"https:\/\/secure.gravatar.com\/avatar\/7902f906289926289cbcda644b5197c796b893c6ffd7b9a536a42d290f7704a0?s=96&d=mm&r=g\",\"url\":\"https:\/\/secure.gravatar.com\/avatar\/7902f906289926289cbcda644b5197c796b893c6ffd7b9a536a42d290f7704a0?s=96&d=mm&r=g\",\"contentUrl\":\"https:\/\/secure.gravatar.com\/avatar\/7902f906289926289cbcda644b5197c796b893c6ffd7b9a536a42d290f7704a0?s=96&d=mm&r=g\",\"caption\":\"Eduardo Mart\u00ednez\"}}]}<\/script>\n<!-- \/ Yoast SEO plugin. -->","yoast_head_json":{"title":"Escrever como quem crava um tra\u00e7o que a multid\u00e3o n\u00e3o apaga - Notibras","robots":{"index":"index","follow":"follow","max-snippet":"max-snippet:-1","max-image-preview":"max-image-preview:large","max-video-preview":"max-video-preview:-1"},"canonical":"https:\/\/www.notibras.com\/site\/escrever-como-quem-crava-um-traco-que-a-multidao-nao-apaga\/","og_locale":"pt_BR","og_type":"article","og_title":"Escrever como quem crava um tra\u00e7o que a multid\u00e3o n\u00e3o apaga - Notibras","og_description":"A cidade \u00e9 enorme e n\u00e3o pede licen\u00e7a. Ela passa por cima da gente com uma naturalidade quase administrativa, como quem carimba pap\u00e9is e empurra filas, e, de t\u00e3o cheia de pessoas, paradoxalmente nos torna invis\u00edveis. H\u00e1 dias em que sinto que caminho dentro de um organismo que funciona, indiferente ao meu nome, \u00e0s minhas [&hellip;]","og_url":"https:\/\/www.notibras.com\/site\/escrever-como-quem-crava-um-traco-que-a-multidao-nao-apaga\/","og_site_name":"Notibras","article_publisher":"https:\/\/www.facebook.com\/notibras\/","article_published_time":"2026-01-27T04:15:11+00:00","article_modified_time":"2026-01-27T04:54:45+00:00","og_image":[{"width":2048,"height":1169,"url":"https:\/\/www.notibras.com\/site\/wp-content\/uploads\/2026\/01\/mosaico_horizontal_colorgraded.jpg","type":"image\/jpeg"}],"author":"Eduardo Mart\u00ednez","twitter_card":"summary_large_image","twitter_creator":"@Notibras","twitter_site":"@Notibras","twitter_misc":{"Escrito por":"Eduardo Mart\u00ednez","Est. tempo de leitura":"5 minutos"},"schema":{"@context":"https:\/\/schema.org","@graph":[{"@type":"Article","@id":"https:\/\/www.notibras.com\/site\/escrever-como-quem-crava-um-traco-que-a-multidao-nao-apaga\/#article","isPartOf":{"@id":"https:\/\/www.notibras.com\/site\/escrever-como-quem-crava-um-traco-que-a-multidao-nao-apaga\/"},"author":{"name":"Eduardo Mart\u00ednez","@id":"https:\/\/www.notibras.com\/site\/#\/schema\/person\/5b7fabf2aedc3ada2105f03b22b4d3dd"},"headline":"Escrever como quem crava um tra\u00e7o que a multid\u00e3o n\u00e3o apaga","datePublished":"2026-01-27T04:15:11+00:00","dateModified":"2026-01-27T04:54:45+00:00","mainEntityOfPage":{"@id":"https:\/\/www.notibras.com\/site\/escrever-como-quem-crava-um-traco-que-a-multidao-nao-apaga\/"},"wordCount":824,"publisher":{"@id":"https:\/\/www.notibras.com\/site\/#organization"},"image":{"@id":"https:\/\/www.notibras.com\/site\/escrever-como-quem-crava-um-traco-que-a-multidao-nao-apaga\/#primaryimage"},"thumbnailUrl":"https:\/\/www.notibras.com\/site\/wp-content\/uploads\/2026\/01\/mosaico_horizontal_colorgraded.jpg","articleSection":["Caf\u00e9 Liter\u00e1rio"],"inLanguage":"pt-BR"},{"@type":"WebPage","@id":"https:\/\/www.notibras.com\/site\/escrever-como-quem-crava-um-traco-que-a-multidao-nao-apaga\/","url":"https:\/\/www.notibras.com\/site\/escrever-como-quem-crava-um-traco-que-a-multidao-nao-apaga\/","name":"Escrever como quem crava um tra\u00e7o que a multid\u00e3o n\u00e3o apaga - Notibras","isPartOf":{"@id":"https:\/\/www.notibras.com\/site\/#website"},"primaryImageOfPage":{"@id":"https:\/\/www.notibras.com\/site\/escrever-como-quem-crava-um-traco-que-a-multidao-nao-apaga\/#primaryimage"},"image":{"@id":"https:\/\/www.notibras.com\/site\/escrever-como-quem-crava-um-traco-que-a-multidao-nao-apaga\/#primaryimage"},"thumbnailUrl":"https:\/\/www.notibras.com\/site\/wp-content\/uploads\/2026\/01\/mosaico_horizontal_colorgraded.jpg","datePublished":"2026-01-27T04:15:11+00:00","dateModified":"2026-01-27T04:54:45+00:00","breadcrumb":{"@id":"https:\/\/www.notibras.com\/site\/escrever-como-quem-crava-um-traco-que-a-multidao-nao-apaga\/#breadcrumb"},"inLanguage":"pt-BR","potentialAction":[{"@type":"ReadAction","target":["https:\/\/www.notibras.com\/site\/escrever-como-quem-crava-um-traco-que-a-multidao-nao-apaga\/"]}]},{"@type":"ImageObject","inLanguage":"pt-BR","@id":"https:\/\/www.notibras.com\/site\/escrever-como-quem-crava-um-traco-que-a-multidao-nao-apaga\/#primaryimage","url":"https:\/\/www.notibras.com\/site\/wp-content\/uploads\/2026\/01\/mosaico_horizontal_colorgraded.jpg","contentUrl":"https:\/\/www.notibras.com\/site\/wp-content\/uploads\/2026\/01\/mosaico_horizontal_colorgraded.jpg","width":2048,"height":1169},{"@type":"BreadcrumbList","@id":"https:\/\/www.notibras.com\/site\/escrever-como-quem-crava-um-traco-que-a-multidao-nao-apaga\/#breadcrumb","itemListElement":[{"@type":"ListItem","position":1,"name":"In\u00edcio","item":"https:\/\/www.notibras.com\/site\/"},{"@type":"ListItem","position":2,"name":"Escrever como quem crava um tra\u00e7o que a multid\u00e3o n\u00e3o apaga"}]},{"@type":"WebSite","@id":"https:\/\/www.notibras.com\/site\/#website","url":"https:\/\/www.notibras.com\/site\/","name":"Notibras","description":"Not\u00edcias de Bras\u00edlia, do Brasil e do Mundo","publisher":{"@id":"https:\/\/www.notibras.com\/site\/#organization"},"potentialAction":[{"@type":"SearchAction","target":{"@type":"EntryPoint","urlTemplate":"https:\/\/www.notibras.com\/site\/?s={search_term_string}"},"query-input":{"@type":"PropertyValueSpecification","valueRequired":true,"valueName":"search_term_string"}}],"inLanguage":"pt-BR"},{"@type":"Organization","@id":"https:\/\/www.notibras.com\/site\/#organization","name":"Grupo Notibras de Comunica\u00e7\u00e3o","url":"https:\/\/www.notibras.com\/site\/","logo":{"@type":"ImageObject","inLanguage":"pt-BR","@id":"https:\/\/www.notibras.com\/site\/#\/schema\/logo\/image\/","url":"https:\/\/www.notibras.com\/site\/wp-content\/uploads\/2023\/01\/notibras23.png","contentUrl":"https:\/\/www.notibras.com\/site\/wp-content\/uploads\/2023\/01\/notibras23.png","width":350,"height":87,"caption":"Grupo Notibras de Comunica\u00e7\u00e3o"},"image":{"@id":"https:\/\/www.notibras.com\/site\/#\/schema\/logo\/image\/"},"sameAs":["https:\/\/www.facebook.com\/notibras\/","https:\/\/x.com\/Notibras","https:\/\/www.instagram.com\/notibras\/"]},{"@type":"Person","@id":"https:\/\/www.notibras.com\/site\/#\/schema\/person\/5b7fabf2aedc3ada2105f03b22b4d3dd","name":"Eduardo Mart\u00ednez","image":{"@type":"ImageObject","inLanguage":"pt-BR","@id":"https:\/\/secure.gravatar.com\/avatar\/7902f906289926289cbcda644b5197c796b893c6ffd7b9a536a42d290f7704a0?s=96&d=mm&r=g","url":"https:\/\/secure.gravatar.com\/avatar\/7902f906289926289cbcda644b5197c796b893c6ffd7b9a536a42d290f7704a0?s=96&d=mm&r=g","contentUrl":"https:\/\/secure.gravatar.com\/avatar\/7902f906289926289cbcda644b5197c796b893c6ffd7b9a536a42d290f7704a0?s=96&d=mm&r=g","caption":"Eduardo Mart\u00ednez"}}]}},"amp_enabled":true,"_links":{"self":[{"href":"https:\/\/www.notibras.com\/site\/wp-json\/wp\/v2\/posts\/380534","targetHints":{"allow":["GET"]}}],"collection":[{"href":"https:\/\/www.notibras.com\/site\/wp-json\/wp\/v2\/posts"}],"about":[{"href":"https:\/\/www.notibras.com\/site\/wp-json\/wp\/v2\/types\/post"}],"author":[{"embeddable":true,"href":"https:\/\/www.notibras.com\/site\/wp-json\/wp\/v2\/users\/21"}],"replies":[{"embeddable":true,"href":"https:\/\/www.notibras.com\/site\/wp-json\/wp\/v2\/comments?post=380534"}],"version-history":[{"count":2,"href":"https:\/\/www.notibras.com\/site\/wp-json\/wp\/v2\/posts\/380534\/revisions"}],"predecessor-version":[{"id":380733,"href":"https:\/\/www.notibras.com\/site\/wp-json\/wp\/v2\/posts\/380534\/revisions\/380733"}],"wp:featuredmedia":[{"embeddable":true,"href":"https:\/\/www.notibras.com\/site\/wp-json\/wp\/v2\/media\/380543"}],"wp:attachment":[{"href":"https:\/\/www.notibras.com\/site\/wp-json\/wp\/v2\/media?parent=380534"}],"wp:term":[{"taxonomy":"category","embeddable":true,"href":"https:\/\/www.notibras.com\/site\/wp-json\/wp\/v2\/categories?post=380534"},{"taxonomy":"post_tag","embeddable":true,"href":"https:\/\/www.notibras.com\/site\/wp-json\/wp\/v2\/tags?post=380534"}],"curies":[{"name":"wp","href":"https:\/\/api.w.org\/{rel}","templated":true}]}}