{"id":380539,"date":"2026-01-26T01:15:08","date_gmt":"2026-01-26T04:15:08","guid":{"rendered":"https:\/\/www.notibras.com\/site\/?p=380539"},"modified":"2026-01-25T23:39:02","modified_gmt":"2026-01-26T02:39:02","slug":"revelada-marca-oficial-da-copa-do-mundo-feminina-da-fifa-2027","status":"publish","type":"post","link":"https:\/\/www.notibras.com\/site\/revelada-marca-oficial-da-copa-do-mundo-feminina-da-fifa-2027\/","title":{"rendered":"Revelada marca oficial da Copa do Mundo Feminina da FIFA 2027&#x2122;"},"content":{"rendered":"<p>A FIFA inaugurou oficialmente neste domingo (25), em Copacabana, no Rio de Janeiro, a caminhada rumo \u00e0 Copa do Mundo Feminina da FIFA 2027&#x2122;, com uma celebra\u00e7\u00e3o envolvente e centrada na cultura brasileira. O evento reuniu futebol, m\u00fasica, arte e identidade nacional em um dos cen\u00e1rios mais ic\u00f4nicos do planeta. Bras\u00edlia \u00e9 uma das oito cidades-sede e receber\u00e1 jogos no Est\u00e1dio Nacional.<\/p>\n<p>A cerim\u00f4nia marcou um momento decisivo no caminho at\u00e9 a primeira Copa do Mundo Feminina da FIFA&#x2122; realizada na Am\u00e9rica do Sul, com a apresenta\u00e7\u00e3o da marca oficial do torneio: o emblema, o slogan GO EPIC&#x2122; e uma identidade sonora exclusiva, inspirada na riqueza e nos sons vibrantes do Brasil, criada para conectar torcedores em todas as plataformas e pontos de contato com o p\u00fablico.<\/p>\n<p>\u201cO Brasil vive e respira futebol, e j\u00e1 d\u00e1 para sentir por aqui a empolga\u00e7\u00e3o em receber o mundo todo e sediar um evento hist\u00f3rico\u201d, afirmou o presidente da FIFA, Gianni Infantino. \u201cTamb\u00e9m \u00e9 poss\u00edvel sentir algo ainda mais forte: o pa\u00eds est\u00e1 totalmente comprometido em transformar este momento em um divisor de \u00e1guas para o futebol feminino. A marca oficial reflete a vis\u00e3o que compartilhamos com nossos anfitri\u00f5es: uma Copa do Mundo Feminina da FIFA alegre, impactante e verdadeiramente brasileira!\u201d<\/p>\n<p>No centro da apresenta\u00e7\u00e3o esteve um emblema marcante, inspirado na bandeira brasileira e na geometria do campo de futebol, criado a partir da uni\u00e3o das letras \u201cW\u201d (do ingl\u00eas \u201cwomen\u201d e \u201cworld\u201d) e \u201cM\u201d (do portugu\u00eas mulheres e mundo). O design simboliza movimento e excel\u00eancia, enquanto o grafismo presta uma homenagem sutil \u00e0 bandeira do Brasil, pa\u00eds-sede desta competi\u00e7\u00e3o que promete ser inesquec\u00edvel.<\/p>\n<p>O slogan GO EPIC&#x2122; convida torcedores de todo o mundo a fazer parte de uma jornada memor\u00e1vel, enquanto a identidade sonora do torneio \u2014 inspirada em ritmos brasileiros, percuss\u00f5es ligadas ao samba e \u00e0 heran\u00e7a afro-brasileira \u2014 d\u00e1 vida \u00e0 Copa do Mundo Feminina da FIFA 2027&#x2122; por meio de som, emo\u00e7\u00e3o e energia.<\/p>\n<p>A cerim\u00f4nia de lan\u00e7amento reuniu \u00edcones do futebol feminino e masculino, simbolizando uma s\u00f3 fam\u00edlia do futebol e um futuro compartilhado para o esporte.<\/p>\n<p>Em uma mensagem em v\u00eddeo, a hero\u00edna nacional e \u00edcone global Marta destacou a conex\u00e3o profunda e emocional do Brasil com o futebol.<\/p>\n<p>\u201cO futebol \u00e9 sobre amor, e o Brasil ama o futebol. Nosso pa\u00eds est\u00e1 pronto para abra\u00e7ar o futebol feminino com orgulho, emo\u00e7\u00e3o e convic\u00e7\u00e3o. Este torneio vai criar hist\u00f3rias inesquec\u00edveis e novas hero\u00ednas, inspirando meninas e meninos, mulheres e homens, e fazendo com que nosso amor pelo esporte cres\u00e7a ainda mais.\u201d<\/p>\n<p>Para o governador do Distrito Federal, Ibaneis Rocha, o lan\u00e7amento da logomarca aproxima a cidade e \u00e0 popula\u00e7\u00e3o brasileira do evento. \u201cComo capital federal, \u00e9 uma honra para Bras\u00edlia ser uma das cidades-sede. Posso garantir que estamos preparados para receber mais esse grande evento. Somos a segunda cidade mais segura do pa\u00eds, contamos com uma rede hoteleira e de servi\u00e7os centralizada e pr\u00f3xima \u00e0 arena que receber\u00e1 os jogos, a infraestrutura da cidade est\u00e1 toda renovada, al\u00e9m de termos programas esportivos femininos que s\u00e3o considerados refer\u00eancia no pa\u00eds\u201d, destacou o governador do Distrito Federal, Ibaneis Rocha.<\/p>\n<p>\u201cSabemos que a identidade visual \u00e9 o pontap\u00e9 inicial para todas as cidades-sedes. A antecipa\u00e7\u00e3o da divulga\u00e7\u00e3o do evento demonstra a ascens\u00e3o cada vez maior do futebol feminino no mundo. Vamos mostrar que Bras\u00edlia tem um ingrediente adicional por ser uma cidade planejada e termos uma representa\u00e7\u00e3o da modalidade na S\u00e9rie A e na S\u00e9rie B, e nos projetos sociais atendidos e subsidiados pelo Governo do Distrito Federal\u201d, ressaltou o secret\u00e1rio de Esporte e Lazer, Renato Junqueira.<\/p>\n<p>\u201cO lan\u00e7amento da marca da Copa do Mundo Feminina da FIFA Brasil 2027&#x2122; no Brasil \u00e9 um marco para o fortalecimento do esporte feminino e para o posicionamento do pa\u00eds como palco de grandes momentos da hist\u00f3ria do futebol. A Arena BRB Man\u00e9 Garrincha tem orgulho de sediar esse espet\u00e1culo global e vem se preparando para receber f\u00e3s de todo o mundo\u201d, afirma o CEO da Arena BRB Man\u00e9 Garrincha (Est\u00e1dio Nacional), Paulo Sergio Hoff.<\/p>\n<p><strong>Ruas pintadas com futebol, cultura e identidade<\/strong><\/p>\n<p>Antes da cerim\u00f4nia transmitida ao vivo pela televis\u00e3o em um hotel em Copacabana, que revelou a marca oficial do torneio, a mundialmente famosa Avenida Atl\u00e2ntica foi transformada em uma verdadeira galeria a c\u00e9u aberto, por meio de um vibrante Festival de Arte Urbana. A iniciativa se inspirou em uma tradi\u00e7\u00e3o tipicamente brasileira: pintar as ruas durante a Copa do Mundo da FIFA&#x2122; e a Copa do Mundo Feminina da FIFA&#x2122;.<\/p>\n<p>Acesse o FIFA.com para acompanhar a cobertura completa do evento,. Os torcedores podem registrar seu interesse em FIFA.com\/tickets para receber informa\u00e7\u00f5es sobre como solicitar ingressos para a Copa do Mundo Feminina da FIFA 2027&#x2122;. Quem quiser se registrar para os jogos em Bras\u00edlia, deve acessar o link a seguir: <a href=\"https:\/\/auth.fifa.com\/as\/authorize?response_type=code&amp;response_mode=form_post&amp;client_id=51dcafd9-c39a-43d9-8e91-fafac25c436f&amp;scope=openid&amp;lang=en&amp;redirect_uri=https%3A%2F%2Fwww.fifa.com&amp;campaign=Fifacom-Web-ROIFWWC27&amp;shortlink=6kgs22iz&amp;is_retargeting=false&amp;cid=(p_stad)(c_fwwc)(sc_fwwc27-ko-roi)(ssc_fwwc-2027)(ch_fwwc27-brs)&amp;pid=stad&amp;source_caller=api_v2\">https:\/\/goto.fifa.com\/nxRf\/6kgs22iz<\/a>.<\/p>\n","protected":false},"excerpt":{"rendered":"<p>A FIFA inaugurou oficialmente neste domingo (25), em Copacabana, no Rio de Janeiro, a caminhada rumo \u00e0 Copa do Mundo Feminina da FIFA 2027&#x2122;, com uma celebra\u00e7\u00e3o envolvente e centrada na cultura brasileira. O evento reuniu futebol, m\u00fasica, arte e identidade nacional em um dos cen\u00e1rios mais ic\u00f4nicos do planeta. Bras\u00edlia \u00e9 uma das oito [&hellip;]<\/p>\n","protected":false},"author":21,"featured_media":380540,"comment_status":"closed","ping_status":"closed","sticky":false,"template":"","format":"standard","meta":{"_acf_changed":false,"footnotes":""},"categories":[161],"tags":[],"class_list":["post-380539","post","type-post","status-publish","format-standard","has-post-thumbnail","hentry","category-quadradinho-em-foco"],"acf":[],"yoast_head":"<!-- This site is optimized with the Yoast SEO plugin v27.2 - https:\/\/yoast.com\/product\/yoast-seo-wordpress\/ -->\n<title>Revelada marca oficial da Copa do Mundo Feminina da FIFA 2027&#x2122; - Notibras<\/title>\n<meta name=\"robots\" content=\"index, follow, max-snippet:-1, max-image-preview:large, max-video-preview:-1\" \/>\n<link rel=\"canonical\" href=\"https:\/\/www.notibras.com\/site\/revelada-marca-oficial-da-copa-do-mundo-feminina-da-fifa-2027\/\" \/>\n<meta property=\"og:locale\" content=\"pt_BR\" \/>\n<meta property=\"og:type\" content=\"article\" \/>\n<meta property=\"og:title\" content=\"Revelada marca oficial da Copa do Mundo Feminina da FIFA 2027&#x2122; - Notibras\" \/>\n<meta property=\"og:description\" content=\"A FIFA inaugurou oficialmente neste domingo (25), em Copacabana, no Rio de Janeiro, a caminhada rumo \u00e0 Copa do Mundo Feminina da FIFA 2027&#x2122;, com uma celebra\u00e7\u00e3o envolvente e centrada na cultura brasileira. O evento reuniu futebol, m\u00fasica, arte e identidade nacional em um dos cen\u00e1rios mais ic\u00f4nicos do planeta. Bras\u00edlia \u00e9 uma das oito [&hellip;]\" \/>\n<meta property=\"og:url\" content=\"https:\/\/www.notibras.com\/site\/revelada-marca-oficial-da-copa-do-mundo-feminina-da-fifa-2027\/\" \/>\n<meta property=\"og:site_name\" content=\"Notibras\" \/>\n<meta property=\"article:publisher\" content=\"https:\/\/www.facebook.com\/notibras\/\" \/>\n<meta property=\"article:published_time\" content=\"2026-01-26T04:15:08+00:00\" \/>\n<meta property=\"og:image\" content=\"https:\/\/www.notibras.com\/site\/wp-content\/uploads\/2026\/01\/WhatsApp-Image-2026-01-25-at-14.38.24-1.jpeg\" \/>\n\t<meta property=\"og:image:width\" content=\"1600\" \/>\n\t<meta property=\"og:image:height\" content=\"1066\" \/>\n\t<meta property=\"og:image:type\" content=\"image\/jpeg\" \/>\n<meta name=\"author\" content=\"Eduardo Mart\u00ednez\" \/>\n<meta name=\"twitter:card\" content=\"summary_large_image\" \/>\n<meta name=\"twitter:creator\" content=\"@Notibras\" \/>\n<meta name=\"twitter:site\" content=\"@Notibras\" \/>\n<meta name=\"twitter:label1\" content=\"Escrito por\" \/>\n\t<meta name=\"twitter:data1\" content=\"Eduardo Mart\u00ednez\" \/>\n\t<meta name=\"twitter:label2\" content=\"Est. tempo de leitura\" \/>\n\t<meta name=\"twitter:data2\" content=\"5 minutos\" \/>\n<script type=\"application\/ld+json\" class=\"yoast-schema-graph\">{\"@context\":\"https:\/\/schema.org\",\"@graph\":[{\"@type\":\"Article\",\"@id\":\"https:\/\/www.notibras.com\/site\/revelada-marca-oficial-da-copa-do-mundo-feminina-da-fifa-2027\/#article\",\"isPartOf\":{\"@id\":\"https:\/\/www.notibras.com\/site\/revelada-marca-oficial-da-copa-do-mundo-feminina-da-fifa-2027\/\"},\"author\":{\"name\":\"Eduardo Mart\u00ednez\",\"@id\":\"https:\/\/www.notibras.com\/site\/#\/schema\/person\/5b7fabf2aedc3ada2105f03b22b4d3dd\"},\"headline\":\"Revelada marca oficial da Copa do Mundo Feminina da FIFA 2027&#x2122;\",\"datePublished\":\"2026-01-26T04:15:08+00:00\",\"mainEntityOfPage\":{\"@id\":\"https:\/\/www.notibras.com\/site\/revelada-marca-oficial-da-copa-do-mundo-feminina-da-fifa-2027\/\"},\"wordCount\":883,\"publisher\":{\"@id\":\"https:\/\/www.notibras.com\/site\/#organization\"},\"image\":{\"@id\":\"https:\/\/www.notibras.com\/site\/revelada-marca-oficial-da-copa-do-mundo-feminina-da-fifa-2027\/#primaryimage\"},\"thumbnailUrl\":\"https:\/\/www.notibras.com\/site\/wp-content\/uploads\/2026\/01\/WhatsApp-Image-2026-01-25-at-14.38.24-1.jpeg\",\"articleSection\":[\"Quadradinho em Foco\"],\"inLanguage\":\"pt-BR\"},{\"@type\":\"WebPage\",\"@id\":\"https:\/\/www.notibras.com\/site\/revelada-marca-oficial-da-copa-do-mundo-feminina-da-fifa-2027\/\",\"url\":\"https:\/\/www.notibras.com\/site\/revelada-marca-oficial-da-copa-do-mundo-feminina-da-fifa-2027\/\",\"name\":\"Revelada marca oficial da Copa do Mundo Feminina da FIFA 2027&#x2122; - Notibras\",\"isPartOf\":{\"@id\":\"https:\/\/www.notibras.com\/site\/#website\"},\"primaryImageOfPage\":{\"@id\":\"https:\/\/www.notibras.com\/site\/revelada-marca-oficial-da-copa-do-mundo-feminina-da-fifa-2027\/#primaryimage\"},\"image\":{\"@id\":\"https:\/\/www.notibras.com\/site\/revelada-marca-oficial-da-copa-do-mundo-feminina-da-fifa-2027\/#primaryimage\"},\"thumbnailUrl\":\"https:\/\/www.notibras.com\/site\/wp-content\/uploads\/2026\/01\/WhatsApp-Image-2026-01-25-at-14.38.24-1.jpeg\",\"datePublished\":\"2026-01-26T04:15:08+00:00\",\"breadcrumb\":{\"@id\":\"https:\/\/www.notibras.com\/site\/revelada-marca-oficial-da-copa-do-mundo-feminina-da-fifa-2027\/#breadcrumb\"},\"inLanguage\":\"pt-BR\",\"potentialAction\":[{\"@type\":\"ReadAction\",\"target\":[\"https:\/\/www.notibras.com\/site\/revelada-marca-oficial-da-copa-do-mundo-feminina-da-fifa-2027\/\"]}]},{\"@type\":\"ImageObject\",\"inLanguage\":\"pt-BR\",\"@id\":\"https:\/\/www.notibras.com\/site\/revelada-marca-oficial-da-copa-do-mundo-feminina-da-fifa-2027\/#primaryimage\",\"url\":\"https:\/\/www.notibras.com\/site\/wp-content\/uploads\/2026\/01\/WhatsApp-Image-2026-01-25-at-14.38.24-1.jpeg\",\"contentUrl\":\"https:\/\/www.notibras.com\/site\/wp-content\/uploads\/2026\/01\/WhatsApp-Image-2026-01-25-at-14.38.24-1.jpeg\",\"width\":1600,\"height\":1066},{\"@type\":\"BreadcrumbList\",\"@id\":\"https:\/\/www.notibras.com\/site\/revelada-marca-oficial-da-copa-do-mundo-feminina-da-fifa-2027\/#breadcrumb\",\"itemListElement\":[{\"@type\":\"ListItem\",\"position\":1,\"name\":\"In\u00edcio\",\"item\":\"https:\/\/www.notibras.com\/site\/\"},{\"@type\":\"ListItem\",\"position\":2,\"name\":\"Revelada marca oficial da Copa do Mundo Feminina da FIFA 2027&#x2122;\"}]},{\"@type\":\"WebSite\",\"@id\":\"https:\/\/www.notibras.com\/site\/#website\",\"url\":\"https:\/\/www.notibras.com\/site\/\",\"name\":\"Notibras\",\"description\":\"Not\u00edcias de Bras\u00edlia, do Brasil e do Mundo\",\"publisher\":{\"@id\":\"https:\/\/www.notibras.com\/site\/#organization\"},\"potentialAction\":[{\"@type\":\"SearchAction\",\"target\":{\"@type\":\"EntryPoint\",\"urlTemplate\":\"https:\/\/www.notibras.com\/site\/?s={search_term_string}\"},\"query-input\":{\"@type\":\"PropertyValueSpecification\",\"valueRequired\":true,\"valueName\":\"search_term_string\"}}],\"inLanguage\":\"pt-BR\"},{\"@type\":\"Organization\",\"@id\":\"https:\/\/www.notibras.com\/site\/#organization\",\"name\":\"Grupo Notibras de Comunica\u00e7\u00e3o\",\"url\":\"https:\/\/www.notibras.com\/site\/\",\"logo\":{\"@type\":\"ImageObject\",\"inLanguage\":\"pt-BR\",\"@id\":\"https:\/\/www.notibras.com\/site\/#\/schema\/logo\/image\/\",\"url\":\"https:\/\/www.notibras.com\/site\/wp-content\/uploads\/2023\/01\/notibras23.png\",\"contentUrl\":\"https:\/\/www.notibras.com\/site\/wp-content\/uploads\/2023\/01\/notibras23.png\",\"width\":350,\"height\":87,\"caption\":\"Grupo Notibras de Comunica\u00e7\u00e3o\"},\"image\":{\"@id\":\"https:\/\/www.notibras.com\/site\/#\/schema\/logo\/image\/\"},\"sameAs\":[\"https:\/\/www.facebook.com\/notibras\/\",\"https:\/\/x.com\/Notibras\",\"https:\/\/www.instagram.com\/notibras\/\"]},{\"@type\":\"Person\",\"@id\":\"https:\/\/www.notibras.com\/site\/#\/schema\/person\/5b7fabf2aedc3ada2105f03b22b4d3dd\",\"name\":\"Eduardo Mart\u00ednez\",\"image\":{\"@type\":\"ImageObject\",\"inLanguage\":\"pt-BR\",\"@id\":\"https:\/\/secure.gravatar.com\/avatar\/7902f906289926289cbcda644b5197c796b893c6ffd7b9a536a42d290f7704a0?s=96&d=mm&r=g\",\"url\":\"https:\/\/secure.gravatar.com\/avatar\/7902f906289926289cbcda644b5197c796b893c6ffd7b9a536a42d290f7704a0?s=96&d=mm&r=g\",\"contentUrl\":\"https:\/\/secure.gravatar.com\/avatar\/7902f906289926289cbcda644b5197c796b893c6ffd7b9a536a42d290f7704a0?s=96&d=mm&r=g\",\"caption\":\"Eduardo Mart\u00ednez\"}}]}<\/script>\n<!-- \/ Yoast SEO plugin. -->","yoast_head_json":{"title":"Revelada marca oficial da Copa do Mundo Feminina da FIFA 2027&#x2122; - Notibras","robots":{"index":"index","follow":"follow","max-snippet":"max-snippet:-1","max-image-preview":"max-image-preview:large","max-video-preview":"max-video-preview:-1"},"canonical":"https:\/\/www.notibras.com\/site\/revelada-marca-oficial-da-copa-do-mundo-feminina-da-fifa-2027\/","og_locale":"pt_BR","og_type":"article","og_title":"Revelada marca oficial da Copa do Mundo Feminina da FIFA 2027&#x2122; - Notibras","og_description":"A FIFA inaugurou oficialmente neste domingo (25), em Copacabana, no Rio de Janeiro, a caminhada rumo \u00e0 Copa do Mundo Feminina da FIFA 2027&#x2122;, com uma celebra\u00e7\u00e3o envolvente e centrada na cultura brasileira. O evento reuniu futebol, m\u00fasica, arte e identidade nacional em um dos cen\u00e1rios mais ic\u00f4nicos do planeta. Bras\u00edlia \u00e9 uma das oito [&hellip;]","og_url":"https:\/\/www.notibras.com\/site\/revelada-marca-oficial-da-copa-do-mundo-feminina-da-fifa-2027\/","og_site_name":"Notibras","article_publisher":"https:\/\/www.facebook.com\/notibras\/","article_published_time":"2026-01-26T04:15:08+00:00","og_image":[{"width":1600,"height":1066,"url":"https:\/\/www.notibras.com\/site\/wp-content\/uploads\/2026\/01\/WhatsApp-Image-2026-01-25-at-14.38.24-1.jpeg","type":"image\/jpeg"}],"author":"Eduardo Mart\u00ednez","twitter_card":"summary_large_image","twitter_creator":"@Notibras","twitter_site":"@Notibras","twitter_misc":{"Escrito por":"Eduardo Mart\u00ednez","Est. tempo de leitura":"5 minutos"},"schema":{"@context":"https:\/\/schema.org","@graph":[{"@type":"Article","@id":"https:\/\/www.notibras.com\/site\/revelada-marca-oficial-da-copa-do-mundo-feminina-da-fifa-2027\/#article","isPartOf":{"@id":"https:\/\/www.notibras.com\/site\/revelada-marca-oficial-da-copa-do-mundo-feminina-da-fifa-2027\/"},"author":{"name":"Eduardo Mart\u00ednez","@id":"https:\/\/www.notibras.com\/site\/#\/schema\/person\/5b7fabf2aedc3ada2105f03b22b4d3dd"},"headline":"Revelada marca oficial da Copa do Mundo Feminina da FIFA 2027&#x2122;","datePublished":"2026-01-26T04:15:08+00:00","mainEntityOfPage":{"@id":"https:\/\/www.notibras.com\/site\/revelada-marca-oficial-da-copa-do-mundo-feminina-da-fifa-2027\/"},"wordCount":883,"publisher":{"@id":"https:\/\/www.notibras.com\/site\/#organization"},"image":{"@id":"https:\/\/www.notibras.com\/site\/revelada-marca-oficial-da-copa-do-mundo-feminina-da-fifa-2027\/#primaryimage"},"thumbnailUrl":"https:\/\/www.notibras.com\/site\/wp-content\/uploads\/2026\/01\/WhatsApp-Image-2026-01-25-at-14.38.24-1.jpeg","articleSection":["Quadradinho em Foco"],"inLanguage":"pt-BR"},{"@type":"WebPage","@id":"https:\/\/www.notibras.com\/site\/revelada-marca-oficial-da-copa-do-mundo-feminina-da-fifa-2027\/","url":"https:\/\/www.notibras.com\/site\/revelada-marca-oficial-da-copa-do-mundo-feminina-da-fifa-2027\/","name":"Revelada marca oficial da Copa do Mundo Feminina da FIFA 2027&#x2122; - Notibras","isPartOf":{"@id":"https:\/\/www.notibras.com\/site\/#website"},"primaryImageOfPage":{"@id":"https:\/\/www.notibras.com\/site\/revelada-marca-oficial-da-copa-do-mundo-feminina-da-fifa-2027\/#primaryimage"},"image":{"@id":"https:\/\/www.notibras.com\/site\/revelada-marca-oficial-da-copa-do-mundo-feminina-da-fifa-2027\/#primaryimage"},"thumbnailUrl":"https:\/\/www.notibras.com\/site\/wp-content\/uploads\/2026\/01\/WhatsApp-Image-2026-01-25-at-14.38.24-1.jpeg","datePublished":"2026-01-26T04:15:08+00:00","breadcrumb":{"@id":"https:\/\/www.notibras.com\/site\/revelada-marca-oficial-da-copa-do-mundo-feminina-da-fifa-2027\/#breadcrumb"},"inLanguage":"pt-BR","potentialAction":[{"@type":"ReadAction","target":["https:\/\/www.notibras.com\/site\/revelada-marca-oficial-da-copa-do-mundo-feminina-da-fifa-2027\/"]}]},{"@type":"ImageObject","inLanguage":"pt-BR","@id":"https:\/\/www.notibras.com\/site\/revelada-marca-oficial-da-copa-do-mundo-feminina-da-fifa-2027\/#primaryimage","url":"https:\/\/www.notibras.com\/site\/wp-content\/uploads\/2026\/01\/WhatsApp-Image-2026-01-25-at-14.38.24-1.jpeg","contentUrl":"https:\/\/www.notibras.com\/site\/wp-content\/uploads\/2026\/01\/WhatsApp-Image-2026-01-25-at-14.38.24-1.jpeg","width":1600,"height":1066},{"@type":"BreadcrumbList","@id":"https:\/\/www.notibras.com\/site\/revelada-marca-oficial-da-copa-do-mundo-feminina-da-fifa-2027\/#breadcrumb","itemListElement":[{"@type":"ListItem","position":1,"name":"In\u00edcio","item":"https:\/\/www.notibras.com\/site\/"},{"@type":"ListItem","position":2,"name":"Revelada marca oficial da Copa do Mundo Feminina da FIFA 2027&#x2122;"}]},{"@type":"WebSite","@id":"https:\/\/www.notibras.com\/site\/#website","url":"https:\/\/www.notibras.com\/site\/","name":"Notibras","description":"Not\u00edcias de Bras\u00edlia, do Brasil e do Mundo","publisher":{"@id":"https:\/\/www.notibras.com\/site\/#organization"},"potentialAction":[{"@type":"SearchAction","target":{"@type":"EntryPoint","urlTemplate":"https:\/\/www.notibras.com\/site\/?s={search_term_string}"},"query-input":{"@type":"PropertyValueSpecification","valueRequired":true,"valueName":"search_term_string"}}],"inLanguage":"pt-BR"},{"@type":"Organization","@id":"https:\/\/www.notibras.com\/site\/#organization","name":"Grupo Notibras de Comunica\u00e7\u00e3o","url":"https:\/\/www.notibras.com\/site\/","logo":{"@type":"ImageObject","inLanguage":"pt-BR","@id":"https:\/\/www.notibras.com\/site\/#\/schema\/logo\/image\/","url":"https:\/\/www.notibras.com\/site\/wp-content\/uploads\/2023\/01\/notibras23.png","contentUrl":"https:\/\/www.notibras.com\/site\/wp-content\/uploads\/2023\/01\/notibras23.png","width":350,"height":87,"caption":"Grupo Notibras de Comunica\u00e7\u00e3o"},"image":{"@id":"https:\/\/www.notibras.com\/site\/#\/schema\/logo\/image\/"},"sameAs":["https:\/\/www.facebook.com\/notibras\/","https:\/\/x.com\/Notibras","https:\/\/www.instagram.com\/notibras\/"]},{"@type":"Person","@id":"https:\/\/www.notibras.com\/site\/#\/schema\/person\/5b7fabf2aedc3ada2105f03b22b4d3dd","name":"Eduardo Mart\u00ednez","image":{"@type":"ImageObject","inLanguage":"pt-BR","@id":"https:\/\/secure.gravatar.com\/avatar\/7902f906289926289cbcda644b5197c796b893c6ffd7b9a536a42d290f7704a0?s=96&d=mm&r=g","url":"https:\/\/secure.gravatar.com\/avatar\/7902f906289926289cbcda644b5197c796b893c6ffd7b9a536a42d290f7704a0?s=96&d=mm&r=g","contentUrl":"https:\/\/secure.gravatar.com\/avatar\/7902f906289926289cbcda644b5197c796b893c6ffd7b9a536a42d290f7704a0?s=96&d=mm&r=g","caption":"Eduardo Mart\u00ednez"}}]}},"amp_enabled":true,"_links":{"self":[{"href":"https:\/\/www.notibras.com\/site\/wp-json\/wp\/v2\/posts\/380539","targetHints":{"allow":["GET"]}}],"collection":[{"href":"https:\/\/www.notibras.com\/site\/wp-json\/wp\/v2\/posts"}],"about":[{"href":"https:\/\/www.notibras.com\/site\/wp-json\/wp\/v2\/types\/post"}],"author":[{"embeddable":true,"href":"https:\/\/www.notibras.com\/site\/wp-json\/wp\/v2\/users\/21"}],"replies":[{"embeddable":true,"href":"https:\/\/www.notibras.com\/site\/wp-json\/wp\/v2\/comments?post=380539"}],"version-history":[{"count":2,"href":"https:\/\/www.notibras.com\/site\/wp-json\/wp\/v2\/posts\/380539\/revisions"}],"predecessor-version":[{"id":380542,"href":"https:\/\/www.notibras.com\/site\/wp-json\/wp\/v2\/posts\/380539\/revisions\/380542"}],"wp:featuredmedia":[{"embeddable":true,"href":"https:\/\/www.notibras.com\/site\/wp-json\/wp\/v2\/media\/380540"}],"wp:attachment":[{"href":"https:\/\/www.notibras.com\/site\/wp-json\/wp\/v2\/media?parent=380539"}],"wp:term":[{"taxonomy":"category","embeddable":true,"href":"https:\/\/www.notibras.com\/site\/wp-json\/wp\/v2\/categories?post=380539"},{"taxonomy":"post_tag","embeddable":true,"href":"https:\/\/www.notibras.com\/site\/wp-json\/wp\/v2\/tags?post=380539"}],"curies":[{"name":"wp","href":"https:\/\/api.w.org\/{rel}","templated":true}]}}