{"id":380546,"date":"2026-01-26T02:00:09","date_gmt":"2026-01-26T05:00:09","guid":{"rendered":"https:\/\/www.notibras.com\/site\/?p=380546"},"modified":"2026-01-26T02:29:49","modified_gmt":"2026-01-26T05:29:49","slug":"circulam-rumores-de-delacao-premiada-de-ex-presidente-do-brb","status":"publish","type":"post","link":"https:\/\/www.notibras.com\/site\/circulam-rumores-de-delacao-premiada-de-ex-presidente-do-brb\/","title":{"rendered":"Circulam rumores de dela\u00e7\u00e3o premiada de ex-presidente do BRB"},"content":{"rendered":"<p>Em Bras\u00edlia, cresce o burburinho em torno do nome de Paulo Henrique Costa, ex-presidente do BRB. A informa\u00e7\u00e3o que circula nos bastidores \u00e9 a de que ele estaria prestes a firmar um acordo de dela\u00e7\u00e3o premiada com a Pol\u00edcia Federal. Embora nada tenha sido oficialmente confirmado, o simples fato de esse rumor ganhar corpo revela a gravidade do momento e a dimens\u00e3o pol\u00edtica e institucional do caso.<\/p>\n<p>Nos \u00faltimos dias, Paulo Henrique tem afirmado que j\u00e1 n\u00e3o pode mais falar em nome do BRB. A declara\u00e7\u00e3o, por si s\u00f3, \u00e9 sintom\u00e1tica. Se ele n\u00e3o representa mais o banco, quem deve explica\u00e7\u00f5es agora \u00e9 a atual dire\u00e7\u00e3o da institui\u00e7\u00e3o. O sil\u00eancio institucional, diante de um epis\u00f3dio que envolve suspeitas, especula\u00e7\u00f5es e um tema sens\u00edvel como o chamado \u201ccaso do Banco Master\u201d, s\u00f3 aumenta a desconfian\u00e7a da sociedade.<\/p>\n<p>\u00c9 preciso lembrar que o BRB \u00e9 um banco p\u00fablico, ligado diretamente ao Governo do Distrito Federal. Portanto, qualquer d\u00favida sobre sua gest\u00e3o, suas decis\u00f5es e suas rela\u00e7\u00f5es comerciais n\u00e3o \u00e9 um assunto privado: \u00e9 de interesse p\u00fablico. Transpar\u00eancia n\u00e3o \u00e9 um favor, \u00e9 obriga\u00e7\u00e3o.<\/p>\n<p>Se h\u00e1 vers\u00f5es desencontradas, se o ex-presidente se esquiva de falar e se surgem not\u00edcias sobre poss\u00edvel colabora\u00e7\u00e3o com a Pol\u00edcia Federal, cabe \u00e0 atual administra\u00e7\u00e3o vir a p\u00fablico e explicar, com clareza, o que de fato aconteceu. O que foi feito? Quais decis\u00f5es foram tomadas? Houve irregularidades? Houve falhas de governan\u00e7a? Tudo isso precisa ser respondido de forma objetiva e respons\u00e1vel.<\/p>\n<p>O pior cen\u00e1rio \u00e9 o da n\u00e9voa: nem confirma\u00e7\u00e3o, nem nega\u00e7\u00e3o, apenas rumores e sil\u00eancio. Esse ambiente \u00e9 terreno f\u00e9rtil para a inseguran\u00e7a institucional e para a perda de credibilidade do banco.<\/p>\n<p>Bras\u00edlia j\u00e1 viu esse filme antes: quando autoridades se calam, a crise cresce; quando falam com transpar\u00eancia, a confian\u00e7a pode ser reconstru\u00edda. Se Paulo Henrique Costa n\u00e3o pode mais falar pelo BRB, algu\u00e9m precisa falar pelo BRB. E esse algu\u00e9m \u00e9 a atual dire\u00e7\u00e3o do banco. A sociedade do Distrito Federal merece saber exatamente o que aconteceu no epis\u00f3dio envolvendo o Banco Master, sem rodeios, sem cortinas de fuma\u00e7a e sem empurrar o problema para debaixo do tapete.<\/p>\n","protected":false},"excerpt":{"rendered":"<p>Em Bras\u00edlia, cresce o burburinho em torno do nome de Paulo Henrique Costa, ex-presidente do BRB. A informa\u00e7\u00e3o que circula nos bastidores \u00e9 a de que ele estaria prestes a firmar um acordo de dela\u00e7\u00e3o premiada com a Pol\u00edcia Federal. Embora nada tenha sido oficialmente confirmado, o simples fato de esse rumor ganhar corpo revela [&hellip;]<\/p>\n","protected":false},"author":21,"featured_media":380550,"comment_status":"closed","ping_status":"closed","sticky":false,"template":"","format":"standard","meta":{"_acf_changed":false,"footnotes":""},"categories":[235],"tags":[],"class_list":["post-380546","post","type-post","status-publish","format-standard","has-post-thumbnail","hentry","category-dona-irene"],"acf":[],"yoast_head":"<!-- This site is optimized with the Yoast SEO plugin v27.2 - https:\/\/yoast.com\/product\/yoast-seo-wordpress\/ -->\n<title>Circulam rumores de dela\u00e7\u00e3o premiada de ex-presidente do BRB - Notibras<\/title>\n<meta name=\"robots\" content=\"index, follow, max-snippet:-1, max-image-preview:large, max-video-preview:-1\" \/>\n<link rel=\"canonical\" href=\"https:\/\/www.notibras.com\/site\/circulam-rumores-de-delacao-premiada-de-ex-presidente-do-brb\/\" \/>\n<meta property=\"og:locale\" content=\"pt_BR\" \/>\n<meta property=\"og:type\" content=\"article\" \/>\n<meta property=\"og:title\" content=\"Circulam rumores de dela\u00e7\u00e3o premiada de ex-presidente do BRB - Notibras\" \/>\n<meta property=\"og:description\" content=\"Em Bras\u00edlia, cresce o burburinho em torno do nome de Paulo Henrique Costa, ex-presidente do BRB. A informa\u00e7\u00e3o que circula nos bastidores \u00e9 a de que ele estaria prestes a firmar um acordo de dela\u00e7\u00e3o premiada com a Pol\u00edcia Federal. Embora nada tenha sido oficialmente confirmado, o simples fato de esse rumor ganhar corpo revela [&hellip;]\" \/>\n<meta property=\"og:url\" content=\"https:\/\/www.notibras.com\/site\/circulam-rumores-de-delacao-premiada-de-ex-presidente-do-brb\/\" \/>\n<meta property=\"og:site_name\" content=\"Notibras\" \/>\n<meta property=\"article:publisher\" content=\"https:\/\/www.facebook.com\/notibras\/\" \/>\n<meta property=\"article:published_time\" content=\"2026-01-26T05:00:09+00:00\" \/>\n<meta property=\"article:modified_time\" content=\"2026-01-26T05:29:49+00:00\" \/>\n<meta property=\"og:image\" content=\"https:\/\/www.notibras.com\/site\/wp-content\/uploads\/2026\/01\/WhatsApp-Image-2026-01-25-at-23.51.04.jpeg\" \/>\n\t<meta property=\"og:image:width\" content=\"984\" \/>\n\t<meta property=\"og:image:height\" content=\"656\" \/>\n\t<meta property=\"og:image:type\" content=\"image\/jpeg\" \/>\n<meta name=\"author\" content=\"Eduardo Mart\u00ednez\" \/>\n<meta name=\"twitter:card\" content=\"summary_large_image\" \/>\n<meta name=\"twitter:creator\" content=\"@Notibras\" \/>\n<meta name=\"twitter:site\" content=\"@Notibras\" \/>\n<meta name=\"twitter:label1\" content=\"Escrito por\" \/>\n\t<meta name=\"twitter:data1\" content=\"Eduardo Mart\u00ednez\" \/>\n\t<meta name=\"twitter:label2\" content=\"Est. tempo de leitura\" \/>\n\t<meta name=\"twitter:data2\" content=\"3 minutos\" \/>\n<script type=\"application\/ld+json\" class=\"yoast-schema-graph\">{\"@context\":\"https:\/\/schema.org\",\"@graph\":[{\"@type\":\"Article\",\"@id\":\"https:\/\/www.notibras.com\/site\/circulam-rumores-de-delacao-premiada-de-ex-presidente-do-brb\/#article\",\"isPartOf\":{\"@id\":\"https:\/\/www.notibras.com\/site\/circulam-rumores-de-delacao-premiada-de-ex-presidente-do-brb\/\"},\"author\":{\"name\":\"Eduardo Mart\u00ednez\",\"@id\":\"https:\/\/www.notibras.com\/site\/#\/schema\/person\/5b7fabf2aedc3ada2105f03b22b4d3dd\"},\"headline\":\"Circulam rumores de dela\u00e7\u00e3o premiada de ex-presidente do BRB\",\"datePublished\":\"2026-01-26T05:00:09+00:00\",\"dateModified\":\"2026-01-26T05:29:49+00:00\",\"mainEntityOfPage\":{\"@id\":\"https:\/\/www.notibras.com\/site\/circulam-rumores-de-delacao-premiada-de-ex-presidente-do-brb\/\"},\"wordCount\":405,\"publisher\":{\"@id\":\"https:\/\/www.notibras.com\/site\/#organization\"},\"image\":{\"@id\":\"https:\/\/www.notibras.com\/site\/circulam-rumores-de-delacao-premiada-de-ex-presidente-do-brb\/#primaryimage\"},\"thumbnailUrl\":\"https:\/\/www.notibras.com\/site\/wp-content\/uploads\/2026\/01\/WhatsApp-Image-2026-01-25-at-23.51.04.jpeg\",\"articleSection\":[\"Dona Irene\"],\"inLanguage\":\"pt-BR\"},{\"@type\":\"WebPage\",\"@id\":\"https:\/\/www.notibras.com\/site\/circulam-rumores-de-delacao-premiada-de-ex-presidente-do-brb\/\",\"url\":\"https:\/\/www.notibras.com\/site\/circulam-rumores-de-delacao-premiada-de-ex-presidente-do-brb\/\",\"name\":\"Circulam rumores de dela\u00e7\u00e3o premiada de ex-presidente do BRB - Notibras\",\"isPartOf\":{\"@id\":\"https:\/\/www.notibras.com\/site\/#website\"},\"primaryImageOfPage\":{\"@id\":\"https:\/\/www.notibras.com\/site\/circulam-rumores-de-delacao-premiada-de-ex-presidente-do-brb\/#primaryimage\"},\"image\":{\"@id\":\"https:\/\/www.notibras.com\/site\/circulam-rumores-de-delacao-premiada-de-ex-presidente-do-brb\/#primaryimage\"},\"thumbnailUrl\":\"https:\/\/www.notibras.com\/site\/wp-content\/uploads\/2026\/01\/WhatsApp-Image-2026-01-25-at-23.51.04.jpeg\",\"datePublished\":\"2026-01-26T05:00:09+00:00\",\"dateModified\":\"2026-01-26T05:29:49+00:00\",\"breadcrumb\":{\"@id\":\"https:\/\/www.notibras.com\/site\/circulam-rumores-de-delacao-premiada-de-ex-presidente-do-brb\/#breadcrumb\"},\"inLanguage\":\"pt-BR\",\"potentialAction\":[{\"@type\":\"ReadAction\",\"target\":[\"https:\/\/www.notibras.com\/site\/circulam-rumores-de-delacao-premiada-de-ex-presidente-do-brb\/\"]}]},{\"@type\":\"ImageObject\",\"inLanguage\":\"pt-BR\",\"@id\":\"https:\/\/www.notibras.com\/site\/circulam-rumores-de-delacao-premiada-de-ex-presidente-do-brb\/#primaryimage\",\"url\":\"https:\/\/www.notibras.com\/site\/wp-content\/uploads\/2026\/01\/WhatsApp-Image-2026-01-25-at-23.51.04.jpeg\",\"contentUrl\":\"https:\/\/www.notibras.com\/site\/wp-content\/uploads\/2026\/01\/WhatsApp-Image-2026-01-25-at-23.51.04.jpeg\",\"width\":984,\"height\":656},{\"@type\":\"BreadcrumbList\",\"@id\":\"https:\/\/www.notibras.com\/site\/circulam-rumores-de-delacao-premiada-de-ex-presidente-do-brb\/#breadcrumb\",\"itemListElement\":[{\"@type\":\"ListItem\",\"position\":1,\"name\":\"In\u00edcio\",\"item\":\"https:\/\/www.notibras.com\/site\/\"},{\"@type\":\"ListItem\",\"position\":2,\"name\":\"Circulam rumores de dela\u00e7\u00e3o premiada de ex-presidente do BRB\"}]},{\"@type\":\"WebSite\",\"@id\":\"https:\/\/www.notibras.com\/site\/#website\",\"url\":\"https:\/\/www.notibras.com\/site\/\",\"name\":\"Notibras\",\"description\":\"Not\u00edcias de Bras\u00edlia, do Brasil e do Mundo\",\"publisher\":{\"@id\":\"https:\/\/www.notibras.com\/site\/#organization\"},\"potentialAction\":[{\"@type\":\"SearchAction\",\"target\":{\"@type\":\"EntryPoint\",\"urlTemplate\":\"https:\/\/www.notibras.com\/site\/?s={search_term_string}\"},\"query-input\":{\"@type\":\"PropertyValueSpecification\",\"valueRequired\":true,\"valueName\":\"search_term_string\"}}],\"inLanguage\":\"pt-BR\"},{\"@type\":\"Organization\",\"@id\":\"https:\/\/www.notibras.com\/site\/#organization\",\"name\":\"Grupo Notibras de Comunica\u00e7\u00e3o\",\"url\":\"https:\/\/www.notibras.com\/site\/\",\"logo\":{\"@type\":\"ImageObject\",\"inLanguage\":\"pt-BR\",\"@id\":\"https:\/\/www.notibras.com\/site\/#\/schema\/logo\/image\/\",\"url\":\"https:\/\/www.notibras.com\/site\/wp-content\/uploads\/2023\/01\/notibras23.png\",\"contentUrl\":\"https:\/\/www.notibras.com\/site\/wp-content\/uploads\/2023\/01\/notibras23.png\",\"width\":350,\"height\":87,\"caption\":\"Grupo Notibras de Comunica\u00e7\u00e3o\"},\"image\":{\"@id\":\"https:\/\/www.notibras.com\/site\/#\/schema\/logo\/image\/\"},\"sameAs\":[\"https:\/\/www.facebook.com\/notibras\/\",\"https:\/\/x.com\/Notibras\",\"https:\/\/www.instagram.com\/notibras\/\"]},{\"@type\":\"Person\",\"@id\":\"https:\/\/www.notibras.com\/site\/#\/schema\/person\/5b7fabf2aedc3ada2105f03b22b4d3dd\",\"name\":\"Eduardo Mart\u00ednez\",\"image\":{\"@type\":\"ImageObject\",\"inLanguage\":\"pt-BR\",\"@id\":\"https:\/\/secure.gravatar.com\/avatar\/7902f906289926289cbcda644b5197c796b893c6ffd7b9a536a42d290f7704a0?s=96&d=mm&r=g\",\"url\":\"https:\/\/secure.gravatar.com\/avatar\/7902f906289926289cbcda644b5197c796b893c6ffd7b9a536a42d290f7704a0?s=96&d=mm&r=g\",\"contentUrl\":\"https:\/\/secure.gravatar.com\/avatar\/7902f906289926289cbcda644b5197c796b893c6ffd7b9a536a42d290f7704a0?s=96&d=mm&r=g\",\"caption\":\"Eduardo Mart\u00ednez\"}}]}<\/script>\n<!-- \/ Yoast SEO plugin. -->","yoast_head_json":{"title":"Circulam rumores de dela\u00e7\u00e3o premiada de ex-presidente do BRB - Notibras","robots":{"index":"index","follow":"follow","max-snippet":"max-snippet:-1","max-image-preview":"max-image-preview:large","max-video-preview":"max-video-preview:-1"},"canonical":"https:\/\/www.notibras.com\/site\/circulam-rumores-de-delacao-premiada-de-ex-presidente-do-brb\/","og_locale":"pt_BR","og_type":"article","og_title":"Circulam rumores de dela\u00e7\u00e3o premiada de ex-presidente do BRB - Notibras","og_description":"Em Bras\u00edlia, cresce o burburinho em torno do nome de Paulo Henrique Costa, ex-presidente do BRB. A informa\u00e7\u00e3o que circula nos bastidores \u00e9 a de que ele estaria prestes a firmar um acordo de dela\u00e7\u00e3o premiada com a Pol\u00edcia Federal. Embora nada tenha sido oficialmente confirmado, o simples fato de esse rumor ganhar corpo revela [&hellip;]","og_url":"https:\/\/www.notibras.com\/site\/circulam-rumores-de-delacao-premiada-de-ex-presidente-do-brb\/","og_site_name":"Notibras","article_publisher":"https:\/\/www.facebook.com\/notibras\/","article_published_time":"2026-01-26T05:00:09+00:00","article_modified_time":"2026-01-26T05:29:49+00:00","og_image":[{"width":984,"height":656,"url":"https:\/\/www.notibras.com\/site\/wp-content\/uploads\/2026\/01\/WhatsApp-Image-2026-01-25-at-23.51.04.jpeg","type":"image\/jpeg"}],"author":"Eduardo Mart\u00ednez","twitter_card":"summary_large_image","twitter_creator":"@Notibras","twitter_site":"@Notibras","twitter_misc":{"Escrito por":"Eduardo Mart\u00ednez","Est. tempo de leitura":"3 minutos"},"schema":{"@context":"https:\/\/schema.org","@graph":[{"@type":"Article","@id":"https:\/\/www.notibras.com\/site\/circulam-rumores-de-delacao-premiada-de-ex-presidente-do-brb\/#article","isPartOf":{"@id":"https:\/\/www.notibras.com\/site\/circulam-rumores-de-delacao-premiada-de-ex-presidente-do-brb\/"},"author":{"name":"Eduardo Mart\u00ednez","@id":"https:\/\/www.notibras.com\/site\/#\/schema\/person\/5b7fabf2aedc3ada2105f03b22b4d3dd"},"headline":"Circulam rumores de dela\u00e7\u00e3o premiada de ex-presidente do BRB","datePublished":"2026-01-26T05:00:09+00:00","dateModified":"2026-01-26T05:29:49+00:00","mainEntityOfPage":{"@id":"https:\/\/www.notibras.com\/site\/circulam-rumores-de-delacao-premiada-de-ex-presidente-do-brb\/"},"wordCount":405,"publisher":{"@id":"https:\/\/www.notibras.com\/site\/#organization"},"image":{"@id":"https:\/\/www.notibras.com\/site\/circulam-rumores-de-delacao-premiada-de-ex-presidente-do-brb\/#primaryimage"},"thumbnailUrl":"https:\/\/www.notibras.com\/site\/wp-content\/uploads\/2026\/01\/WhatsApp-Image-2026-01-25-at-23.51.04.jpeg","articleSection":["Dona Irene"],"inLanguage":"pt-BR"},{"@type":"WebPage","@id":"https:\/\/www.notibras.com\/site\/circulam-rumores-de-delacao-premiada-de-ex-presidente-do-brb\/","url":"https:\/\/www.notibras.com\/site\/circulam-rumores-de-delacao-premiada-de-ex-presidente-do-brb\/","name":"Circulam rumores de dela\u00e7\u00e3o premiada de ex-presidente do BRB - Notibras","isPartOf":{"@id":"https:\/\/www.notibras.com\/site\/#website"},"primaryImageOfPage":{"@id":"https:\/\/www.notibras.com\/site\/circulam-rumores-de-delacao-premiada-de-ex-presidente-do-brb\/#primaryimage"},"image":{"@id":"https:\/\/www.notibras.com\/site\/circulam-rumores-de-delacao-premiada-de-ex-presidente-do-brb\/#primaryimage"},"thumbnailUrl":"https:\/\/www.notibras.com\/site\/wp-content\/uploads\/2026\/01\/WhatsApp-Image-2026-01-25-at-23.51.04.jpeg","datePublished":"2026-01-26T05:00:09+00:00","dateModified":"2026-01-26T05:29:49+00:00","breadcrumb":{"@id":"https:\/\/www.notibras.com\/site\/circulam-rumores-de-delacao-premiada-de-ex-presidente-do-brb\/#breadcrumb"},"inLanguage":"pt-BR","potentialAction":[{"@type":"ReadAction","target":["https:\/\/www.notibras.com\/site\/circulam-rumores-de-delacao-premiada-de-ex-presidente-do-brb\/"]}]},{"@type":"ImageObject","inLanguage":"pt-BR","@id":"https:\/\/www.notibras.com\/site\/circulam-rumores-de-delacao-premiada-de-ex-presidente-do-brb\/#primaryimage","url":"https:\/\/www.notibras.com\/site\/wp-content\/uploads\/2026\/01\/WhatsApp-Image-2026-01-25-at-23.51.04.jpeg","contentUrl":"https:\/\/www.notibras.com\/site\/wp-content\/uploads\/2026\/01\/WhatsApp-Image-2026-01-25-at-23.51.04.jpeg","width":984,"height":656},{"@type":"BreadcrumbList","@id":"https:\/\/www.notibras.com\/site\/circulam-rumores-de-delacao-premiada-de-ex-presidente-do-brb\/#breadcrumb","itemListElement":[{"@type":"ListItem","position":1,"name":"In\u00edcio","item":"https:\/\/www.notibras.com\/site\/"},{"@type":"ListItem","position":2,"name":"Circulam rumores de dela\u00e7\u00e3o premiada de ex-presidente do BRB"}]},{"@type":"WebSite","@id":"https:\/\/www.notibras.com\/site\/#website","url":"https:\/\/www.notibras.com\/site\/","name":"Notibras","description":"Not\u00edcias de Bras\u00edlia, do Brasil e do Mundo","publisher":{"@id":"https:\/\/www.notibras.com\/site\/#organization"},"potentialAction":[{"@type":"SearchAction","target":{"@type":"EntryPoint","urlTemplate":"https:\/\/www.notibras.com\/site\/?s={search_term_string}"},"query-input":{"@type":"PropertyValueSpecification","valueRequired":true,"valueName":"search_term_string"}}],"inLanguage":"pt-BR"},{"@type":"Organization","@id":"https:\/\/www.notibras.com\/site\/#organization","name":"Grupo Notibras de Comunica\u00e7\u00e3o","url":"https:\/\/www.notibras.com\/site\/","logo":{"@type":"ImageObject","inLanguage":"pt-BR","@id":"https:\/\/www.notibras.com\/site\/#\/schema\/logo\/image\/","url":"https:\/\/www.notibras.com\/site\/wp-content\/uploads\/2023\/01\/notibras23.png","contentUrl":"https:\/\/www.notibras.com\/site\/wp-content\/uploads\/2023\/01\/notibras23.png","width":350,"height":87,"caption":"Grupo Notibras de Comunica\u00e7\u00e3o"},"image":{"@id":"https:\/\/www.notibras.com\/site\/#\/schema\/logo\/image\/"},"sameAs":["https:\/\/www.facebook.com\/notibras\/","https:\/\/x.com\/Notibras","https:\/\/www.instagram.com\/notibras\/"]},{"@type":"Person","@id":"https:\/\/www.notibras.com\/site\/#\/schema\/person\/5b7fabf2aedc3ada2105f03b22b4d3dd","name":"Eduardo Mart\u00ednez","image":{"@type":"ImageObject","inLanguage":"pt-BR","@id":"https:\/\/secure.gravatar.com\/avatar\/7902f906289926289cbcda644b5197c796b893c6ffd7b9a536a42d290f7704a0?s=96&d=mm&r=g","url":"https:\/\/secure.gravatar.com\/avatar\/7902f906289926289cbcda644b5197c796b893c6ffd7b9a536a42d290f7704a0?s=96&d=mm&r=g","contentUrl":"https:\/\/secure.gravatar.com\/avatar\/7902f906289926289cbcda644b5197c796b893c6ffd7b9a536a42d290f7704a0?s=96&d=mm&r=g","caption":"Eduardo Mart\u00ednez"}}]}},"amp_enabled":true,"_links":{"self":[{"href":"https:\/\/www.notibras.com\/site\/wp-json\/wp\/v2\/posts\/380546","targetHints":{"allow":["GET"]}}],"collection":[{"href":"https:\/\/www.notibras.com\/site\/wp-json\/wp\/v2\/posts"}],"about":[{"href":"https:\/\/www.notibras.com\/site\/wp-json\/wp\/v2\/types\/post"}],"author":[{"embeddable":true,"href":"https:\/\/www.notibras.com\/site\/wp-json\/wp\/v2\/users\/21"}],"replies":[{"embeddable":true,"href":"https:\/\/www.notibras.com\/site\/wp-json\/wp\/v2\/comments?post=380546"}],"version-history":[{"count":6,"href":"https:\/\/www.notibras.com\/site\/wp-json\/wp\/v2\/posts\/380546\/revisions"}],"predecessor-version":[{"id":380575,"href":"https:\/\/www.notibras.com\/site\/wp-json\/wp\/v2\/posts\/380546\/revisions\/380575"}],"wp:featuredmedia":[{"embeddable":true,"href":"https:\/\/www.notibras.com\/site\/wp-json\/wp\/v2\/media\/380550"}],"wp:attachment":[{"href":"https:\/\/www.notibras.com\/site\/wp-json\/wp\/v2\/media?parent=380546"}],"wp:term":[{"taxonomy":"category","embeddable":true,"href":"https:\/\/www.notibras.com\/site\/wp-json\/wp\/v2\/categories?post=380546"},{"taxonomy":"post_tag","embeddable":true,"href":"https:\/\/www.notibras.com\/site\/wp-json\/wp\/v2\/tags?post=380546"}],"curies":[{"name":"wp","href":"https:\/\/api.w.org\/{rel}","templated":true}]}}