{"id":380553,"date":"2026-01-26T02:15:59","date_gmt":"2026-01-26T05:15:59","guid":{"rendered":"https:\/\/www.notibras.com\/site\/?p=380553"},"modified":"2026-01-26T02:28:17","modified_gmt":"2026-01-26T05:28:17","slug":"nao-foi-por-falta-de-aviso-sobre-raios-e-trovoes","status":"publish","type":"post","link":"https:\/\/www.notibras.com\/site\/nao-foi-por-falta-de-aviso-sobre-raios-e-trovoes\/","title":{"rendered":"N\u00e3o foi por falta de aviso sobre raios e trov\u00f5es"},"content":{"rendered":"<p>A previs\u00e3o do tempo era clara e foi amplamente divulgada: Bras\u00edlia enfrentaria um dia de clima severo, com chuva intensa, ventos fortes, trovoadas e descargas el\u00e9tricas. N\u00e3o era um alerta vago, era um aviso objetivo de risco. Ainda assim, a extrema direita decidiu seguir adiante com a convoca\u00e7\u00e3o de uma manifesta\u00e7\u00e3o que n\u00e3o tinha outro prop\u00f3sito al\u00e9m de alimentar sua agenda eleitoral e produzir imagens para as redes sociais.<\/p>\n<p>O resultado foi tr\u00e1gico. Em meio ao temporal, um raio atingiu o local do ato. Houve 89 pessoas feridas, 47 hospitalizadas e 11 em estado grave. N\u00fameros que n\u00e3o podem ser tratados como um acidente inevit\u00e1vel, mas como consequ\u00eancia direta de uma decis\u00e3o irrespons\u00e1vel.<\/p>\n<p>\u00c9 evidente que cada pessoa que foi \u00e0 manifesta\u00e7\u00e3o assumiu um risco individual. Mas essa conta n\u00e3o pode ser jogada apenas no colo dos participantes. Ela recai tamb\u00e9m, e de forma pesada, sobre quem convocou, incentivou e transformou o evento em espet\u00e1culo pol\u00edtico. O deputado Nikolas Ferreira, ao insistir na mobiliza\u00e7\u00e3o mesmo diante das condi\u00e7\u00f5es clim\u00e1ticas extremas, exp\u00f4s vidas em nome de engajamento, likes e visibilidade.<\/p>\n<p>A pol\u00edtica n\u00e3o pode ser reduzida a uma performance para redes sociais. Quando a busca por cliques se sobrep\u00f5e ao cuidado com as pessoas, o pre\u00e7o cobrado \u00e9 alto demais. N\u00e3o estamos falando de uma chuva inesperada, mas de um cen\u00e1rio anunciado, previs\u00edvel e evit\u00e1vel. Bastava adiar, cancelar ou agir com responsabilidade.<\/p>\n<p>O epis\u00f3dio revela o grau de desprezo pela seguran\u00e7a coletiva em nome da propaganda pol\u00edtica. Transformar uma trag\u00e9dia potencial em material de narrativa eleitoral \u00e9 um sinal alarmante de como parte da extrema direita opera: colocam o espet\u00e1culo, os cliques e likes acima de qualquer coisa.<\/p>\n","protected":false},"excerpt":{"rendered":"<p>A previs\u00e3o do tempo era clara e foi amplamente divulgada: Bras\u00edlia enfrentaria um dia de clima severo, com chuva intensa, ventos fortes, trovoadas e descargas el\u00e9tricas. N\u00e3o era um alerta vago, era um aviso objetivo de risco. Ainda assim, a extrema direita decidiu seguir adiante com a convoca\u00e7\u00e3o de uma manifesta\u00e7\u00e3o que n\u00e3o tinha outro [&hellip;]<\/p>\n","protected":false},"author":21,"featured_media":380555,"comment_status":"closed","ping_status":"closed","sticky":false,"template":"","format":"standard","meta":{"_acf_changed":false,"footnotes":""},"categories":[235],"tags":[],"class_list":["post-380553","post","type-post","status-publish","format-standard","has-post-thumbnail","hentry","category-dona-irene"],"acf":[],"yoast_head":"<!-- This site is optimized with the Yoast SEO plugin v27.2 - https:\/\/yoast.com\/product\/yoast-seo-wordpress\/ -->\n<title>N\u00e3o foi por falta de aviso sobre raios e trov\u00f5es - Notibras<\/title>\n<meta name=\"robots\" content=\"index, follow, max-snippet:-1, max-image-preview:large, max-video-preview:-1\" \/>\n<link rel=\"canonical\" href=\"https:\/\/www.notibras.com\/site\/nao-foi-por-falta-de-aviso-sobre-raios-e-trovoes\/\" \/>\n<meta property=\"og:locale\" content=\"pt_BR\" \/>\n<meta property=\"og:type\" content=\"article\" \/>\n<meta property=\"og:title\" content=\"N\u00e3o foi por falta de aviso sobre raios e trov\u00f5es - Notibras\" \/>\n<meta property=\"og:description\" content=\"A previs\u00e3o do tempo era clara e foi amplamente divulgada: Bras\u00edlia enfrentaria um dia de clima severo, com chuva intensa, ventos fortes, trovoadas e descargas el\u00e9tricas. N\u00e3o era um alerta vago, era um aviso objetivo de risco. Ainda assim, a extrema direita decidiu seguir adiante com a convoca\u00e7\u00e3o de uma manifesta\u00e7\u00e3o que n\u00e3o tinha outro [&hellip;]\" \/>\n<meta property=\"og:url\" content=\"https:\/\/www.notibras.com\/site\/nao-foi-por-falta-de-aviso-sobre-raios-e-trovoes\/\" \/>\n<meta property=\"og:site_name\" content=\"Notibras\" \/>\n<meta property=\"article:publisher\" content=\"https:\/\/www.facebook.com\/notibras\/\" \/>\n<meta property=\"article:published_time\" content=\"2026-01-26T05:15:59+00:00\" \/>\n<meta property=\"article:modified_time\" content=\"2026-01-26T05:28:17+00:00\" \/>\n<meta property=\"og:image\" content=\"https:\/\/www.notibras.com\/site\/wp-content\/uploads\/2026\/01\/caminhada-13-660x372.jpeg.webp\" \/>\n\t<meta property=\"og:image:width\" content=\"660\" \/>\n\t<meta property=\"og:image:height\" content=\"372\" \/>\n\t<meta property=\"og:image:type\" content=\"image\/webp\" \/>\n<meta name=\"author\" content=\"Eduardo Mart\u00ednez\" \/>\n<meta name=\"twitter:card\" content=\"summary_large_image\" \/>\n<meta name=\"twitter:creator\" content=\"@Notibras\" \/>\n<meta name=\"twitter:site\" content=\"@Notibras\" \/>\n<meta name=\"twitter:label1\" content=\"Escrito por\" \/>\n\t<meta name=\"twitter:data1\" content=\"Eduardo Mart\u00ednez\" \/>\n\t<meta name=\"twitter:label2\" content=\"Est. tempo de leitura\" \/>\n\t<meta name=\"twitter:data2\" content=\"2 minutos\" \/>\n<script type=\"application\/ld+json\" class=\"yoast-schema-graph\">{\"@context\":\"https:\/\/schema.org\",\"@graph\":[{\"@type\":\"Article\",\"@id\":\"https:\/\/www.notibras.com\/site\/nao-foi-por-falta-de-aviso-sobre-raios-e-trovoes\/#article\",\"isPartOf\":{\"@id\":\"https:\/\/www.notibras.com\/site\/nao-foi-por-falta-de-aviso-sobre-raios-e-trovoes\/\"},\"author\":{\"name\":\"Eduardo Mart\u00ednez\",\"@id\":\"https:\/\/www.notibras.com\/site\/#\/schema\/person\/5b7fabf2aedc3ada2105f03b22b4d3dd\"},\"headline\":\"N\u00e3o foi por falta de aviso sobre raios e trov\u00f5es\",\"datePublished\":\"2026-01-26T05:15:59+00:00\",\"dateModified\":\"2026-01-26T05:28:17+00:00\",\"mainEntityOfPage\":{\"@id\":\"https:\/\/www.notibras.com\/site\/nao-foi-por-falta-de-aviso-sobre-raios-e-trovoes\/\"},\"wordCount\":320,\"publisher\":{\"@id\":\"https:\/\/www.notibras.com\/site\/#organization\"},\"image\":{\"@id\":\"https:\/\/www.notibras.com\/site\/nao-foi-por-falta-de-aviso-sobre-raios-e-trovoes\/#primaryimage\"},\"thumbnailUrl\":\"https:\/\/www.notibras.com\/site\/wp-content\/uploads\/2026\/01\/caminhada-13-660x372.jpeg.webp\",\"articleSection\":[\"Dona Irene\"],\"inLanguage\":\"pt-BR\"},{\"@type\":\"WebPage\",\"@id\":\"https:\/\/www.notibras.com\/site\/nao-foi-por-falta-de-aviso-sobre-raios-e-trovoes\/\",\"url\":\"https:\/\/www.notibras.com\/site\/nao-foi-por-falta-de-aviso-sobre-raios-e-trovoes\/\",\"name\":\"N\u00e3o foi por falta de aviso sobre raios e trov\u00f5es - Notibras\",\"isPartOf\":{\"@id\":\"https:\/\/www.notibras.com\/site\/#website\"},\"primaryImageOfPage\":{\"@id\":\"https:\/\/www.notibras.com\/site\/nao-foi-por-falta-de-aviso-sobre-raios-e-trovoes\/#primaryimage\"},\"image\":{\"@id\":\"https:\/\/www.notibras.com\/site\/nao-foi-por-falta-de-aviso-sobre-raios-e-trovoes\/#primaryimage\"},\"thumbnailUrl\":\"https:\/\/www.notibras.com\/site\/wp-content\/uploads\/2026\/01\/caminhada-13-660x372.jpeg.webp\",\"datePublished\":\"2026-01-26T05:15:59+00:00\",\"dateModified\":\"2026-01-26T05:28:17+00:00\",\"breadcrumb\":{\"@id\":\"https:\/\/www.notibras.com\/site\/nao-foi-por-falta-de-aviso-sobre-raios-e-trovoes\/#breadcrumb\"},\"inLanguage\":\"pt-BR\",\"potentialAction\":[{\"@type\":\"ReadAction\",\"target\":[\"https:\/\/www.notibras.com\/site\/nao-foi-por-falta-de-aviso-sobre-raios-e-trovoes\/\"]}]},{\"@type\":\"ImageObject\",\"inLanguage\":\"pt-BR\",\"@id\":\"https:\/\/www.notibras.com\/site\/nao-foi-por-falta-de-aviso-sobre-raios-e-trovoes\/#primaryimage\",\"url\":\"https:\/\/www.notibras.com\/site\/wp-content\/uploads\/2026\/01\/caminhada-13-660x372.jpeg.webp\",\"contentUrl\":\"https:\/\/www.notibras.com\/site\/wp-content\/uploads\/2026\/01\/caminhada-13-660x372.jpeg.webp\",\"width\":660,\"height\":372},{\"@type\":\"BreadcrumbList\",\"@id\":\"https:\/\/www.notibras.com\/site\/nao-foi-por-falta-de-aviso-sobre-raios-e-trovoes\/#breadcrumb\",\"itemListElement\":[{\"@type\":\"ListItem\",\"position\":1,\"name\":\"In\u00edcio\",\"item\":\"https:\/\/www.notibras.com\/site\/\"},{\"@type\":\"ListItem\",\"position\":2,\"name\":\"N\u00e3o foi por falta de aviso sobre raios e trov\u00f5es\"}]},{\"@type\":\"WebSite\",\"@id\":\"https:\/\/www.notibras.com\/site\/#website\",\"url\":\"https:\/\/www.notibras.com\/site\/\",\"name\":\"Notibras\",\"description\":\"Not\u00edcias de Bras\u00edlia, do Brasil e do Mundo\",\"publisher\":{\"@id\":\"https:\/\/www.notibras.com\/site\/#organization\"},\"potentialAction\":[{\"@type\":\"SearchAction\",\"target\":{\"@type\":\"EntryPoint\",\"urlTemplate\":\"https:\/\/www.notibras.com\/site\/?s={search_term_string}\"},\"query-input\":{\"@type\":\"PropertyValueSpecification\",\"valueRequired\":true,\"valueName\":\"search_term_string\"}}],\"inLanguage\":\"pt-BR\"},{\"@type\":\"Organization\",\"@id\":\"https:\/\/www.notibras.com\/site\/#organization\",\"name\":\"Grupo Notibras de Comunica\u00e7\u00e3o\",\"url\":\"https:\/\/www.notibras.com\/site\/\",\"logo\":{\"@type\":\"ImageObject\",\"inLanguage\":\"pt-BR\",\"@id\":\"https:\/\/www.notibras.com\/site\/#\/schema\/logo\/image\/\",\"url\":\"https:\/\/www.notibras.com\/site\/wp-content\/uploads\/2023\/01\/notibras23.png\",\"contentUrl\":\"https:\/\/www.notibras.com\/site\/wp-content\/uploads\/2023\/01\/notibras23.png\",\"width\":350,\"height\":87,\"caption\":\"Grupo Notibras de Comunica\u00e7\u00e3o\"},\"image\":{\"@id\":\"https:\/\/www.notibras.com\/site\/#\/schema\/logo\/image\/\"},\"sameAs\":[\"https:\/\/www.facebook.com\/notibras\/\",\"https:\/\/x.com\/Notibras\",\"https:\/\/www.instagram.com\/notibras\/\"]},{\"@type\":\"Person\",\"@id\":\"https:\/\/www.notibras.com\/site\/#\/schema\/person\/5b7fabf2aedc3ada2105f03b22b4d3dd\",\"name\":\"Eduardo Mart\u00ednez\",\"image\":{\"@type\":\"ImageObject\",\"inLanguage\":\"pt-BR\",\"@id\":\"https:\/\/secure.gravatar.com\/avatar\/7902f906289926289cbcda644b5197c796b893c6ffd7b9a536a42d290f7704a0?s=96&d=mm&r=g\",\"url\":\"https:\/\/secure.gravatar.com\/avatar\/7902f906289926289cbcda644b5197c796b893c6ffd7b9a536a42d290f7704a0?s=96&d=mm&r=g\",\"contentUrl\":\"https:\/\/secure.gravatar.com\/avatar\/7902f906289926289cbcda644b5197c796b893c6ffd7b9a536a42d290f7704a0?s=96&d=mm&r=g\",\"caption\":\"Eduardo Mart\u00ednez\"}}]}<\/script>\n<!-- \/ Yoast SEO plugin. -->","yoast_head_json":{"title":"N\u00e3o foi por falta de aviso sobre raios e trov\u00f5es - Notibras","robots":{"index":"index","follow":"follow","max-snippet":"max-snippet:-1","max-image-preview":"max-image-preview:large","max-video-preview":"max-video-preview:-1"},"canonical":"https:\/\/www.notibras.com\/site\/nao-foi-por-falta-de-aviso-sobre-raios-e-trovoes\/","og_locale":"pt_BR","og_type":"article","og_title":"N\u00e3o foi por falta de aviso sobre raios e trov\u00f5es - Notibras","og_description":"A previs\u00e3o do tempo era clara e foi amplamente divulgada: Bras\u00edlia enfrentaria um dia de clima severo, com chuva intensa, ventos fortes, trovoadas e descargas el\u00e9tricas. N\u00e3o era um alerta vago, era um aviso objetivo de risco. Ainda assim, a extrema direita decidiu seguir adiante com a convoca\u00e7\u00e3o de uma manifesta\u00e7\u00e3o que n\u00e3o tinha outro [&hellip;]","og_url":"https:\/\/www.notibras.com\/site\/nao-foi-por-falta-de-aviso-sobre-raios-e-trovoes\/","og_site_name":"Notibras","article_publisher":"https:\/\/www.facebook.com\/notibras\/","article_published_time":"2026-01-26T05:15:59+00:00","article_modified_time":"2026-01-26T05:28:17+00:00","og_image":[{"width":660,"height":372,"url":"https:\/\/www.notibras.com\/site\/wp-content\/uploads\/2026\/01\/caminhada-13-660x372.jpeg.webp","type":"image\/webp"}],"author":"Eduardo Mart\u00ednez","twitter_card":"summary_large_image","twitter_creator":"@Notibras","twitter_site":"@Notibras","twitter_misc":{"Escrito por":"Eduardo Mart\u00ednez","Est. tempo de leitura":"2 minutos"},"schema":{"@context":"https:\/\/schema.org","@graph":[{"@type":"Article","@id":"https:\/\/www.notibras.com\/site\/nao-foi-por-falta-de-aviso-sobre-raios-e-trovoes\/#article","isPartOf":{"@id":"https:\/\/www.notibras.com\/site\/nao-foi-por-falta-de-aviso-sobre-raios-e-trovoes\/"},"author":{"name":"Eduardo Mart\u00ednez","@id":"https:\/\/www.notibras.com\/site\/#\/schema\/person\/5b7fabf2aedc3ada2105f03b22b4d3dd"},"headline":"N\u00e3o foi por falta de aviso sobre raios e trov\u00f5es","datePublished":"2026-01-26T05:15:59+00:00","dateModified":"2026-01-26T05:28:17+00:00","mainEntityOfPage":{"@id":"https:\/\/www.notibras.com\/site\/nao-foi-por-falta-de-aviso-sobre-raios-e-trovoes\/"},"wordCount":320,"publisher":{"@id":"https:\/\/www.notibras.com\/site\/#organization"},"image":{"@id":"https:\/\/www.notibras.com\/site\/nao-foi-por-falta-de-aviso-sobre-raios-e-trovoes\/#primaryimage"},"thumbnailUrl":"https:\/\/www.notibras.com\/site\/wp-content\/uploads\/2026\/01\/caminhada-13-660x372.jpeg.webp","articleSection":["Dona Irene"],"inLanguage":"pt-BR"},{"@type":"WebPage","@id":"https:\/\/www.notibras.com\/site\/nao-foi-por-falta-de-aviso-sobre-raios-e-trovoes\/","url":"https:\/\/www.notibras.com\/site\/nao-foi-por-falta-de-aviso-sobre-raios-e-trovoes\/","name":"N\u00e3o foi por falta de aviso sobre raios e trov\u00f5es - Notibras","isPartOf":{"@id":"https:\/\/www.notibras.com\/site\/#website"},"primaryImageOfPage":{"@id":"https:\/\/www.notibras.com\/site\/nao-foi-por-falta-de-aviso-sobre-raios-e-trovoes\/#primaryimage"},"image":{"@id":"https:\/\/www.notibras.com\/site\/nao-foi-por-falta-de-aviso-sobre-raios-e-trovoes\/#primaryimage"},"thumbnailUrl":"https:\/\/www.notibras.com\/site\/wp-content\/uploads\/2026\/01\/caminhada-13-660x372.jpeg.webp","datePublished":"2026-01-26T05:15:59+00:00","dateModified":"2026-01-26T05:28:17+00:00","breadcrumb":{"@id":"https:\/\/www.notibras.com\/site\/nao-foi-por-falta-de-aviso-sobre-raios-e-trovoes\/#breadcrumb"},"inLanguage":"pt-BR","potentialAction":[{"@type":"ReadAction","target":["https:\/\/www.notibras.com\/site\/nao-foi-por-falta-de-aviso-sobre-raios-e-trovoes\/"]}]},{"@type":"ImageObject","inLanguage":"pt-BR","@id":"https:\/\/www.notibras.com\/site\/nao-foi-por-falta-de-aviso-sobre-raios-e-trovoes\/#primaryimage","url":"https:\/\/www.notibras.com\/site\/wp-content\/uploads\/2026\/01\/caminhada-13-660x372.jpeg.webp","contentUrl":"https:\/\/www.notibras.com\/site\/wp-content\/uploads\/2026\/01\/caminhada-13-660x372.jpeg.webp","width":660,"height":372},{"@type":"BreadcrumbList","@id":"https:\/\/www.notibras.com\/site\/nao-foi-por-falta-de-aviso-sobre-raios-e-trovoes\/#breadcrumb","itemListElement":[{"@type":"ListItem","position":1,"name":"In\u00edcio","item":"https:\/\/www.notibras.com\/site\/"},{"@type":"ListItem","position":2,"name":"N\u00e3o foi por falta de aviso sobre raios e trov\u00f5es"}]},{"@type":"WebSite","@id":"https:\/\/www.notibras.com\/site\/#website","url":"https:\/\/www.notibras.com\/site\/","name":"Notibras","description":"Not\u00edcias de Bras\u00edlia, do Brasil e do Mundo","publisher":{"@id":"https:\/\/www.notibras.com\/site\/#organization"},"potentialAction":[{"@type":"SearchAction","target":{"@type":"EntryPoint","urlTemplate":"https:\/\/www.notibras.com\/site\/?s={search_term_string}"},"query-input":{"@type":"PropertyValueSpecification","valueRequired":true,"valueName":"search_term_string"}}],"inLanguage":"pt-BR"},{"@type":"Organization","@id":"https:\/\/www.notibras.com\/site\/#organization","name":"Grupo Notibras de Comunica\u00e7\u00e3o","url":"https:\/\/www.notibras.com\/site\/","logo":{"@type":"ImageObject","inLanguage":"pt-BR","@id":"https:\/\/www.notibras.com\/site\/#\/schema\/logo\/image\/","url":"https:\/\/www.notibras.com\/site\/wp-content\/uploads\/2023\/01\/notibras23.png","contentUrl":"https:\/\/www.notibras.com\/site\/wp-content\/uploads\/2023\/01\/notibras23.png","width":350,"height":87,"caption":"Grupo Notibras de Comunica\u00e7\u00e3o"},"image":{"@id":"https:\/\/www.notibras.com\/site\/#\/schema\/logo\/image\/"},"sameAs":["https:\/\/www.facebook.com\/notibras\/","https:\/\/x.com\/Notibras","https:\/\/www.instagram.com\/notibras\/"]},{"@type":"Person","@id":"https:\/\/www.notibras.com\/site\/#\/schema\/person\/5b7fabf2aedc3ada2105f03b22b4d3dd","name":"Eduardo Mart\u00ednez","image":{"@type":"ImageObject","inLanguage":"pt-BR","@id":"https:\/\/secure.gravatar.com\/avatar\/7902f906289926289cbcda644b5197c796b893c6ffd7b9a536a42d290f7704a0?s=96&d=mm&r=g","url":"https:\/\/secure.gravatar.com\/avatar\/7902f906289926289cbcda644b5197c796b893c6ffd7b9a536a42d290f7704a0?s=96&d=mm&r=g","contentUrl":"https:\/\/secure.gravatar.com\/avatar\/7902f906289926289cbcda644b5197c796b893c6ffd7b9a536a42d290f7704a0?s=96&d=mm&r=g","caption":"Eduardo Mart\u00ednez"}}]}},"amp_enabled":true,"_links":{"self":[{"href":"https:\/\/www.notibras.com\/site\/wp-json\/wp\/v2\/posts\/380553","targetHints":{"allow":["GET"]}}],"collection":[{"href":"https:\/\/www.notibras.com\/site\/wp-json\/wp\/v2\/posts"}],"about":[{"href":"https:\/\/www.notibras.com\/site\/wp-json\/wp\/v2\/types\/post"}],"author":[{"embeddable":true,"href":"https:\/\/www.notibras.com\/site\/wp-json\/wp\/v2\/users\/21"}],"replies":[{"embeddable":true,"href":"https:\/\/www.notibras.com\/site\/wp-json\/wp\/v2\/comments?post=380553"}],"version-history":[{"count":5,"href":"https:\/\/www.notibras.com\/site\/wp-json\/wp\/v2\/posts\/380553\/revisions"}],"predecessor-version":[{"id":380574,"href":"https:\/\/www.notibras.com\/site\/wp-json\/wp\/v2\/posts\/380553\/revisions\/380574"}],"wp:featuredmedia":[{"embeddable":true,"href":"https:\/\/www.notibras.com\/site\/wp-json\/wp\/v2\/media\/380555"}],"wp:attachment":[{"href":"https:\/\/www.notibras.com\/site\/wp-json\/wp\/v2\/media?parent=380553"}],"wp:term":[{"taxonomy":"category","embeddable":true,"href":"https:\/\/www.notibras.com\/site\/wp-json\/wp\/v2\/categories?post=380553"},{"taxonomy":"post_tag","embeddable":true,"href":"https:\/\/www.notibras.com\/site\/wp-json\/wp\/v2\/tags?post=380553"}],"curies":[{"name":"wp","href":"https:\/\/api.w.org\/{rel}","templated":true}]}}