{"id":380559,"date":"2026-01-26T02:00:30","date_gmt":"2026-01-26T05:00:30","guid":{"rendered":"https:\/\/www.notibras.com\/site\/?p=380559"},"modified":"2026-01-26T01:08:19","modified_gmt":"2026-01-26T04:08:19","slug":"um-golpe-de-pincel","status":"publish","type":"post","link":"https:\/\/www.notibras.com\/site\/um-golpe-de-pincel\/","title":{"rendered":"Um golpe de pincel"},"content":{"rendered":"<p>N\u00e3o sei como vov\u00f3 se casou com meu av\u00f4, um homem bruto, ess\u00eancia exaltada da ignor\u00e2ncia. Talvez n\u00e3o tivesse escolha ou, por lapso de olhar, n\u00e3o tenha percebido o po\u00e7o de desatino que se escondiam por detr\u00e1s dos lindos olhos azuis do sujeito que se tornaria seu marido ap\u00f3s um ano de serem apresentados em um almo\u00e7o na casa de uma tia.<\/p>\n<p>Eram primos distantes e, como acontece com os que compartilham tal parentesco, se apaixonaram. E da\u00ed para o altar foi um pulo, com direito a dois ou tr\u00eas anos de pura felicidade. Quer dizer, aconteceram alguns arranca-rabos, o que \u00e9 at\u00e9 esperado durante o tempo de adapta\u00e7\u00e3o dos c\u00f4njuges ao conv\u00edvio.<\/p>\n<p>A coisa apertou mesmo a partir do nascimento da minha m\u00e3e, quando a situa\u00e7\u00e3o chegou ao cl\u00edmax da disc\u00f3rdia no matrim\u00f4nio. Meu av\u00f4 n\u00e3o entendia por que a esposa n\u00e3o lhe dava a devida aten\u00e7\u00e3o, passando muito mais tempo entretida com aquele pequeno ser, que s\u00f3 sabia mamar, chorar e sujar fraldas.<\/p>\n<p>Quando mam\u00e3e completou tr\u00eas anos, vov\u00f3 foi tomada por um arroubo de querer pintar. O esposo foi totalmente contr\u00e1rio \u00e0quela ideia. Onde j\u00e1 se viu, do nada, ter \u00edmpeto por algo que jamais desejou?<\/p>\n<p>\u2014 N\u00e3o aprovo.<\/p>\n<p>\u2014 O qu\u00ea?<\/p>\n<p>\u2014 N\u00e3o aprovo.<\/p>\n<p>\u2014 E desde quando eu preciso da sua aprova\u00e7\u00e3o para fazer alguma coisa, Jaime?<\/p>\n<p>\u2014 Pensei que voc\u00ea fosse minha esposa, Marinalva.<\/p>\n<p>\u2014 Esposa, Jaime! N\u00e3o sou sua escrava.<\/p>\n<p>N\u00e3o sei se meu av\u00f4 entendeu o recado ou, ent\u00e3o, talvez por falta de coragem, declinou do embate, pois j\u00e1 sabia ter sido derrotado. Tanto \u00e9 que, antes que vov\u00f3 pensasse na lista de material, l\u00e1 veio o marido, na tarde seguinte, com tintas, pinc\u00e9is, telas e dois cavaletes. No entanto, n\u00e3o pense voc\u00ea que meu av\u00f4 estava convencido daquilo.<\/p>\n<p>Quase duas semanas depois, algumas dezenas de telas deixadas de lado, minha av\u00f3 parecia inconformada com a falta de talento. Por que n\u00e3o desistia de vez? Um misto de ang\u00fastia, des\u00e2nimo e raiva se apoderou daquela mulher, que aparentava estar no limite. Gritou. Gritou mais alto. Outra vez. Justamente quando vov\u00f4 voltava da rua.<\/p>\n<p>\u2014 O que houve, meu amor?<\/p>\n<p>\u2014 Jaime, sou um fracasso.<\/p>\n<p>\u2014 Fracasso?<\/p>\n<p>\u2014 Sim! Olha essa aberra\u00e7\u00e3o.<\/p>\n<p>O sujeito parou diante do quadro e, at\u00e9 hoje n\u00e3o sei se aquele gesto foi sincero ou pura arte de interpreta\u00e7\u00e3o.<\/p>\n<p>\u2014 Que lindo! \u00c9 pra mim?<\/p>\n<p>Dizem que aquele quadro salvou o casamento dos meus av\u00f3s. E cresci duvidando desse enredo t\u00e3o propagado na fam\u00edlia. Mas eis que, recentemente, ouvi algo de uma amiga que me fez acreditar.<\/p>\n<p>\u2014 Sabe, Roberta, cultura \u00e9 essencial. Ela \u00e9 capaz de coisas incr\u00edveis, pois forma e, melhor, corrige o nosso car\u00e1ter, nos mostra outros caminhos. A cultura nos apresenta novas ideias, amplia o nosso pensamento sobre o mundo. Sem ela, o que ser\u00edamos? Nada mais do que olhos que se deixam cegar pela areia do deserto.<\/p>\n<p><strong>\u2026\u2026\u2026\u2026\u2026\u2026\u2026\u2026<\/strong><\/p>\n<p><strong>Eduardo Mart\u00ednez \u00e9 autor do livro \u201957 Contos e Cr\u00f4nicas por um Autor Muito Velho\u2019 (Vencedor do Pr\u00eamio Liter\u00e1rio Clarice Lispector \u2013 2025 na categoria livro de contos).<\/strong><\/p>\n<p><strong>Compre aqui<\/strong><\/p>\n<p><a href=\"https:\/\/www.joanineditora.com.br\/57-contos-e-cronicas-por-um-autor-muito-velho\"><strong>https:\/\/www.joanineditora.com.br\/57-contos-e-cronicas-por-um-autor-muito-velho<\/strong><\/a><\/p>\n","protected":false},"excerpt":{"rendered":"<p>N\u00e3o sei como vov\u00f3 se casou com meu av\u00f4, um homem bruto, ess\u00eancia exaltada da ignor\u00e2ncia. Talvez n\u00e3o tivesse escolha ou, por lapso de olhar, n\u00e3o tenha percebido o po\u00e7o de desatino que se escondiam por detr\u00e1s dos lindos olhos azuis do sujeito que se tornaria seu marido ap\u00f3s um ano de serem apresentados em [&hellip;]<\/p>\n","protected":false},"author":21,"featured_media":380560,"comment_status":"closed","ping_status":"closed","sticky":false,"template":"","format":"standard","meta":{"_acf_changed":false,"footnotes":""},"categories":[161],"tags":[],"class_list":["post-380559","post","type-post","status-publish","format-standard","has-post-thumbnail","hentry","category-quadradinho-em-foco"],"acf":[],"yoast_head":"<!-- This site is optimized with the Yoast SEO plugin v27.2 - https:\/\/yoast.com\/product\/yoast-seo-wordpress\/ -->\n<title>Um golpe de pincel - Notibras<\/title>\n<meta name=\"robots\" content=\"index, follow, max-snippet:-1, max-image-preview:large, max-video-preview:-1\" \/>\n<link rel=\"canonical\" href=\"https:\/\/www.notibras.com\/site\/um-golpe-de-pincel\/\" \/>\n<meta property=\"og:locale\" content=\"pt_BR\" \/>\n<meta property=\"og:type\" content=\"article\" \/>\n<meta property=\"og:title\" content=\"Um golpe de pincel - Notibras\" \/>\n<meta property=\"og:description\" content=\"N\u00e3o sei como vov\u00f3 se casou com meu av\u00f4, um homem bruto, ess\u00eancia exaltada da ignor\u00e2ncia. Talvez n\u00e3o tivesse escolha ou, por lapso de olhar, n\u00e3o tenha percebido o po\u00e7o de desatino que se escondiam por detr\u00e1s dos lindos olhos azuis do sujeito que se tornaria seu marido ap\u00f3s um ano de serem apresentados em [&hellip;]\" \/>\n<meta property=\"og:url\" content=\"https:\/\/www.notibras.com\/site\/um-golpe-de-pincel\/\" \/>\n<meta property=\"og:site_name\" content=\"Notibras\" \/>\n<meta property=\"article:publisher\" content=\"https:\/\/www.facebook.com\/notibras\/\" \/>\n<meta property=\"article:published_time\" content=\"2026-01-26T05:00:30+00:00\" \/>\n<meta property=\"og:image\" content=\"https:\/\/www.notibras.com\/site\/wp-content\/uploads\/2026\/01\/IMG_0616.jpg\" \/>\n\t<meta property=\"og:image:width\" content=\"958\" \/>\n\t<meta property=\"og:image:height\" content=\"958\" \/>\n\t<meta property=\"og:image:type\" content=\"image\/jpeg\" \/>\n<meta name=\"author\" content=\"Eduardo Mart\u00ednez\" \/>\n<meta name=\"twitter:card\" content=\"summary_large_image\" \/>\n<meta name=\"twitter:creator\" content=\"@Notibras\" \/>\n<meta name=\"twitter:site\" content=\"@Notibras\" \/>\n<meta name=\"twitter:label1\" content=\"Escrito por\" \/>\n\t<meta name=\"twitter:data1\" content=\"Eduardo Mart\u00ednez\" \/>\n\t<meta name=\"twitter:label2\" content=\"Est. tempo de leitura\" \/>\n\t<meta name=\"twitter:data2\" content=\"4 minutos\" \/>\n<script type=\"application\/ld+json\" class=\"yoast-schema-graph\">{\"@context\":\"https:\/\/schema.org\",\"@graph\":[{\"@type\":\"Article\",\"@id\":\"https:\/\/www.notibras.com\/site\/um-golpe-de-pincel\/#article\",\"isPartOf\":{\"@id\":\"https:\/\/www.notibras.com\/site\/um-golpe-de-pincel\/\"},\"author\":{\"name\":\"Eduardo Mart\u00ednez\",\"@id\":\"https:\/\/www.notibras.com\/site\/#\/schema\/person\/5b7fabf2aedc3ada2105f03b22b4d3dd\"},\"headline\":\"Um golpe de pincel\",\"datePublished\":\"2026-01-26T05:00:30+00:00\",\"mainEntityOfPage\":{\"@id\":\"https:\/\/www.notibras.com\/site\/um-golpe-de-pincel\/\"},\"wordCount\":550,\"publisher\":{\"@id\":\"https:\/\/www.notibras.com\/site\/#organization\"},\"image\":{\"@id\":\"https:\/\/www.notibras.com\/site\/um-golpe-de-pincel\/#primaryimage\"},\"thumbnailUrl\":\"https:\/\/www.notibras.com\/site\/wp-content\/uploads\/2026\/01\/IMG_0616.jpg\",\"articleSection\":[\"Quadradinho em Foco\"],\"inLanguage\":\"pt-BR\"},{\"@type\":\"WebPage\",\"@id\":\"https:\/\/www.notibras.com\/site\/um-golpe-de-pincel\/\",\"url\":\"https:\/\/www.notibras.com\/site\/um-golpe-de-pincel\/\",\"name\":\"Um golpe de pincel - Notibras\",\"isPartOf\":{\"@id\":\"https:\/\/www.notibras.com\/site\/#website\"},\"primaryImageOfPage\":{\"@id\":\"https:\/\/www.notibras.com\/site\/um-golpe-de-pincel\/#primaryimage\"},\"image\":{\"@id\":\"https:\/\/www.notibras.com\/site\/um-golpe-de-pincel\/#primaryimage\"},\"thumbnailUrl\":\"https:\/\/www.notibras.com\/site\/wp-content\/uploads\/2026\/01\/IMG_0616.jpg\",\"datePublished\":\"2026-01-26T05:00:30+00:00\",\"breadcrumb\":{\"@id\":\"https:\/\/www.notibras.com\/site\/um-golpe-de-pincel\/#breadcrumb\"},\"inLanguage\":\"pt-BR\",\"potentialAction\":[{\"@type\":\"ReadAction\",\"target\":[\"https:\/\/www.notibras.com\/site\/um-golpe-de-pincel\/\"]}]},{\"@type\":\"ImageObject\",\"inLanguage\":\"pt-BR\",\"@id\":\"https:\/\/www.notibras.com\/site\/um-golpe-de-pincel\/#primaryimage\",\"url\":\"https:\/\/www.notibras.com\/site\/wp-content\/uploads\/2026\/01\/IMG_0616.jpg\",\"contentUrl\":\"https:\/\/www.notibras.com\/site\/wp-content\/uploads\/2026\/01\/IMG_0616.jpg\",\"width\":958,\"height\":958},{\"@type\":\"BreadcrumbList\",\"@id\":\"https:\/\/www.notibras.com\/site\/um-golpe-de-pincel\/#breadcrumb\",\"itemListElement\":[{\"@type\":\"ListItem\",\"position\":1,\"name\":\"In\u00edcio\",\"item\":\"https:\/\/www.notibras.com\/site\/\"},{\"@type\":\"ListItem\",\"position\":2,\"name\":\"Um golpe de pincel\"}]},{\"@type\":\"WebSite\",\"@id\":\"https:\/\/www.notibras.com\/site\/#website\",\"url\":\"https:\/\/www.notibras.com\/site\/\",\"name\":\"Notibras\",\"description\":\"Not\u00edcias de Bras\u00edlia, do Brasil e do Mundo\",\"publisher\":{\"@id\":\"https:\/\/www.notibras.com\/site\/#organization\"},\"potentialAction\":[{\"@type\":\"SearchAction\",\"target\":{\"@type\":\"EntryPoint\",\"urlTemplate\":\"https:\/\/www.notibras.com\/site\/?s={search_term_string}\"},\"query-input\":{\"@type\":\"PropertyValueSpecification\",\"valueRequired\":true,\"valueName\":\"search_term_string\"}}],\"inLanguage\":\"pt-BR\"},{\"@type\":\"Organization\",\"@id\":\"https:\/\/www.notibras.com\/site\/#organization\",\"name\":\"Grupo Notibras de Comunica\u00e7\u00e3o\",\"url\":\"https:\/\/www.notibras.com\/site\/\",\"logo\":{\"@type\":\"ImageObject\",\"inLanguage\":\"pt-BR\",\"@id\":\"https:\/\/www.notibras.com\/site\/#\/schema\/logo\/image\/\",\"url\":\"https:\/\/www.notibras.com\/site\/wp-content\/uploads\/2023\/01\/notibras23.png\",\"contentUrl\":\"https:\/\/www.notibras.com\/site\/wp-content\/uploads\/2023\/01\/notibras23.png\",\"width\":350,\"height\":87,\"caption\":\"Grupo Notibras de Comunica\u00e7\u00e3o\"},\"image\":{\"@id\":\"https:\/\/www.notibras.com\/site\/#\/schema\/logo\/image\/\"},\"sameAs\":[\"https:\/\/www.facebook.com\/notibras\/\",\"https:\/\/x.com\/Notibras\",\"https:\/\/www.instagram.com\/notibras\/\"]},{\"@type\":\"Person\",\"@id\":\"https:\/\/www.notibras.com\/site\/#\/schema\/person\/5b7fabf2aedc3ada2105f03b22b4d3dd\",\"name\":\"Eduardo Mart\u00ednez\",\"image\":{\"@type\":\"ImageObject\",\"inLanguage\":\"pt-BR\",\"@id\":\"https:\/\/secure.gravatar.com\/avatar\/7902f906289926289cbcda644b5197c796b893c6ffd7b9a536a42d290f7704a0?s=96&d=mm&r=g\",\"url\":\"https:\/\/secure.gravatar.com\/avatar\/7902f906289926289cbcda644b5197c796b893c6ffd7b9a536a42d290f7704a0?s=96&d=mm&r=g\",\"contentUrl\":\"https:\/\/secure.gravatar.com\/avatar\/7902f906289926289cbcda644b5197c796b893c6ffd7b9a536a42d290f7704a0?s=96&d=mm&r=g\",\"caption\":\"Eduardo Mart\u00ednez\"}}]}<\/script>\n<!-- \/ Yoast SEO plugin. -->","yoast_head_json":{"title":"Um golpe de pincel - Notibras","robots":{"index":"index","follow":"follow","max-snippet":"max-snippet:-1","max-image-preview":"max-image-preview:large","max-video-preview":"max-video-preview:-1"},"canonical":"https:\/\/www.notibras.com\/site\/um-golpe-de-pincel\/","og_locale":"pt_BR","og_type":"article","og_title":"Um golpe de pincel - Notibras","og_description":"N\u00e3o sei como vov\u00f3 se casou com meu av\u00f4, um homem bruto, ess\u00eancia exaltada da ignor\u00e2ncia. Talvez n\u00e3o tivesse escolha ou, por lapso de olhar, n\u00e3o tenha percebido o po\u00e7o de desatino que se escondiam por detr\u00e1s dos lindos olhos azuis do sujeito que se tornaria seu marido ap\u00f3s um ano de serem apresentados em [&hellip;]","og_url":"https:\/\/www.notibras.com\/site\/um-golpe-de-pincel\/","og_site_name":"Notibras","article_publisher":"https:\/\/www.facebook.com\/notibras\/","article_published_time":"2026-01-26T05:00:30+00:00","og_image":[{"width":958,"height":958,"url":"https:\/\/www.notibras.com\/site\/wp-content\/uploads\/2026\/01\/IMG_0616.jpg","type":"image\/jpeg"}],"author":"Eduardo Mart\u00ednez","twitter_card":"summary_large_image","twitter_creator":"@Notibras","twitter_site":"@Notibras","twitter_misc":{"Escrito por":"Eduardo Mart\u00ednez","Est. tempo de leitura":"4 minutos"},"schema":{"@context":"https:\/\/schema.org","@graph":[{"@type":"Article","@id":"https:\/\/www.notibras.com\/site\/um-golpe-de-pincel\/#article","isPartOf":{"@id":"https:\/\/www.notibras.com\/site\/um-golpe-de-pincel\/"},"author":{"name":"Eduardo Mart\u00ednez","@id":"https:\/\/www.notibras.com\/site\/#\/schema\/person\/5b7fabf2aedc3ada2105f03b22b4d3dd"},"headline":"Um golpe de pincel","datePublished":"2026-01-26T05:00:30+00:00","mainEntityOfPage":{"@id":"https:\/\/www.notibras.com\/site\/um-golpe-de-pincel\/"},"wordCount":550,"publisher":{"@id":"https:\/\/www.notibras.com\/site\/#organization"},"image":{"@id":"https:\/\/www.notibras.com\/site\/um-golpe-de-pincel\/#primaryimage"},"thumbnailUrl":"https:\/\/www.notibras.com\/site\/wp-content\/uploads\/2026\/01\/IMG_0616.jpg","articleSection":["Quadradinho em Foco"],"inLanguage":"pt-BR"},{"@type":"WebPage","@id":"https:\/\/www.notibras.com\/site\/um-golpe-de-pincel\/","url":"https:\/\/www.notibras.com\/site\/um-golpe-de-pincel\/","name":"Um golpe de pincel - Notibras","isPartOf":{"@id":"https:\/\/www.notibras.com\/site\/#website"},"primaryImageOfPage":{"@id":"https:\/\/www.notibras.com\/site\/um-golpe-de-pincel\/#primaryimage"},"image":{"@id":"https:\/\/www.notibras.com\/site\/um-golpe-de-pincel\/#primaryimage"},"thumbnailUrl":"https:\/\/www.notibras.com\/site\/wp-content\/uploads\/2026\/01\/IMG_0616.jpg","datePublished":"2026-01-26T05:00:30+00:00","breadcrumb":{"@id":"https:\/\/www.notibras.com\/site\/um-golpe-de-pincel\/#breadcrumb"},"inLanguage":"pt-BR","potentialAction":[{"@type":"ReadAction","target":["https:\/\/www.notibras.com\/site\/um-golpe-de-pincel\/"]}]},{"@type":"ImageObject","inLanguage":"pt-BR","@id":"https:\/\/www.notibras.com\/site\/um-golpe-de-pincel\/#primaryimage","url":"https:\/\/www.notibras.com\/site\/wp-content\/uploads\/2026\/01\/IMG_0616.jpg","contentUrl":"https:\/\/www.notibras.com\/site\/wp-content\/uploads\/2026\/01\/IMG_0616.jpg","width":958,"height":958},{"@type":"BreadcrumbList","@id":"https:\/\/www.notibras.com\/site\/um-golpe-de-pincel\/#breadcrumb","itemListElement":[{"@type":"ListItem","position":1,"name":"In\u00edcio","item":"https:\/\/www.notibras.com\/site\/"},{"@type":"ListItem","position":2,"name":"Um golpe de pincel"}]},{"@type":"WebSite","@id":"https:\/\/www.notibras.com\/site\/#website","url":"https:\/\/www.notibras.com\/site\/","name":"Notibras","description":"Not\u00edcias de Bras\u00edlia, do Brasil e do Mundo","publisher":{"@id":"https:\/\/www.notibras.com\/site\/#organization"},"potentialAction":[{"@type":"SearchAction","target":{"@type":"EntryPoint","urlTemplate":"https:\/\/www.notibras.com\/site\/?s={search_term_string}"},"query-input":{"@type":"PropertyValueSpecification","valueRequired":true,"valueName":"search_term_string"}}],"inLanguage":"pt-BR"},{"@type":"Organization","@id":"https:\/\/www.notibras.com\/site\/#organization","name":"Grupo Notibras de Comunica\u00e7\u00e3o","url":"https:\/\/www.notibras.com\/site\/","logo":{"@type":"ImageObject","inLanguage":"pt-BR","@id":"https:\/\/www.notibras.com\/site\/#\/schema\/logo\/image\/","url":"https:\/\/www.notibras.com\/site\/wp-content\/uploads\/2023\/01\/notibras23.png","contentUrl":"https:\/\/www.notibras.com\/site\/wp-content\/uploads\/2023\/01\/notibras23.png","width":350,"height":87,"caption":"Grupo Notibras de Comunica\u00e7\u00e3o"},"image":{"@id":"https:\/\/www.notibras.com\/site\/#\/schema\/logo\/image\/"},"sameAs":["https:\/\/www.facebook.com\/notibras\/","https:\/\/x.com\/Notibras","https:\/\/www.instagram.com\/notibras\/"]},{"@type":"Person","@id":"https:\/\/www.notibras.com\/site\/#\/schema\/person\/5b7fabf2aedc3ada2105f03b22b4d3dd","name":"Eduardo Mart\u00ednez","image":{"@type":"ImageObject","inLanguage":"pt-BR","@id":"https:\/\/secure.gravatar.com\/avatar\/7902f906289926289cbcda644b5197c796b893c6ffd7b9a536a42d290f7704a0?s=96&d=mm&r=g","url":"https:\/\/secure.gravatar.com\/avatar\/7902f906289926289cbcda644b5197c796b893c6ffd7b9a536a42d290f7704a0?s=96&d=mm&r=g","contentUrl":"https:\/\/secure.gravatar.com\/avatar\/7902f906289926289cbcda644b5197c796b893c6ffd7b9a536a42d290f7704a0?s=96&d=mm&r=g","caption":"Eduardo Mart\u00ednez"}}]}},"amp_enabled":true,"_links":{"self":[{"href":"https:\/\/www.notibras.com\/site\/wp-json\/wp\/v2\/posts\/380559","targetHints":{"allow":["GET"]}}],"collection":[{"href":"https:\/\/www.notibras.com\/site\/wp-json\/wp\/v2\/posts"}],"about":[{"href":"https:\/\/www.notibras.com\/site\/wp-json\/wp\/v2\/types\/post"}],"author":[{"embeddable":true,"href":"https:\/\/www.notibras.com\/site\/wp-json\/wp\/v2\/users\/21"}],"replies":[{"embeddable":true,"href":"https:\/\/www.notibras.com\/site\/wp-json\/wp\/v2\/comments?post=380559"}],"version-history":[{"count":2,"href":"https:\/\/www.notibras.com\/site\/wp-json\/wp\/v2\/posts\/380559\/revisions"}],"predecessor-version":[{"id":380562,"href":"https:\/\/www.notibras.com\/site\/wp-json\/wp\/v2\/posts\/380559\/revisions\/380562"}],"wp:featuredmedia":[{"embeddable":true,"href":"https:\/\/www.notibras.com\/site\/wp-json\/wp\/v2\/media\/380560"}],"wp:attachment":[{"href":"https:\/\/www.notibras.com\/site\/wp-json\/wp\/v2\/media?parent=380559"}],"wp:term":[{"taxonomy":"category","embeddable":true,"href":"https:\/\/www.notibras.com\/site\/wp-json\/wp\/v2\/categories?post=380559"},{"taxonomy":"post_tag","embeddable":true,"href":"https:\/\/www.notibras.com\/site\/wp-json\/wp\/v2\/tags?post=380559"}],"curies":[{"name":"wp","href":"https:\/\/api.w.org\/{rel}","templated":true}]}}