{"id":380563,"date":"2026-01-27T01:00:49","date_gmt":"2026-01-27T04:00:49","guid":{"rendered":"https:\/\/www.notibras.com\/site\/?p=380563"},"modified":"2026-01-26T01:20:14","modified_gmt":"2026-01-26T04:20:14","slug":"flavia-a-contadora-de-historias","status":"publish","type":"post","link":"https:\/\/www.notibras.com\/site\/flavia-a-contadora-de-historias\/","title":{"rendered":"Fl\u00e1via, a contadora de hist\u00f3rias"},"content":{"rendered":"<p>Voc\u00ea conhece algu\u00e9m que conta hist\u00f3rias? Se conhece, na pr\u00f3xima vez que encontrar essa pessoa, olhe-a nos olhos e agrade\u00e7a por cada sorriso, cada emo\u00e7\u00e3o, cada l\u00e1grima\u2026 por todas as vezes em que ela fez voc\u00ea se sentir vivo. Contadores de hist\u00f3rias s\u00e3o seres especiais, e a narrativa a seguir \u00e9 uma prova disso.<\/p>\n<p>H\u00e1 alguns dias, enquanto atendia a uma demanda no trabalho, deparei-me com um livro sobre a mesa de uma colega. A capa me chamou a aten\u00e7\u00e3o de imediato, assim como o t\u00edtulo acolhedor: <em>A alma perdida<\/em>, de Olga Tokarczuk, com ilustra\u00e7\u00f5es de Joanna Concejo. Curioso como sempre fui, parei por alguns instantes para observ\u00e1-lo e comentei com minha amiga o quanto aquele livro me parecia bonito. Fiz isso porque sei que nenhum amante da literatura deixa passar despercebido um encontro assim, sem mencionar os encantos que tornam certas obras verdadeiramente especiais. No fundo, eu queria que ela me falasse sobre o livro. Mas fui surpreendido pela resposta:<\/p>\n<p>\u2014 Diga-me um dia em que voc\u00ea esteja com tempo dispon\u00edvel e eu te contarei essa hist\u00f3ria.<\/p>\n<p>Eu j\u00e1 conhecia os dons narrativos da Fl\u00e1via. J\u00e1 havia testemunhado ela usar sua voz reconfortante e varia\u00e7\u00f5es de entona\u00e7\u00e3o precisas para transformar impaci\u00eancia em sil\u00eancio atento, acalmando um grupo de crian\u00e7as entediadas que aguardavam o in\u00edcio de um evento do Dia das Crian\u00e7as no trabalho.<\/p>\n<p>Aguardei com entusiasmo o momento de viver aquela experi\u00eancia singular de, como uma crian\u00e7a, simplesmente me entregar \u00e0 escuta de uma hist\u00f3ria inspiradora. Encontramo-nos no d\u00e9cimo andar do pr\u00e9dio, envoltos por uma das vistas mais belas de Bras\u00edlia. Por alguns instantes, esqueci que estava no ambiente de trabalho e permiti-me esvaziar a mente das urg\u00eancias para alimentar o esp\u00edrito.<\/p>\n<p>N\u00e3o sei se minha amiga tinha no\u00e7\u00e3o da grandiosidade do gesto \u2014 acredito que n\u00e3o, afinal, n\u00e3o t\u00ednhamos muita intimidade e nossas conversas costumavam se limitar a assuntos burocr\u00e1ticos \u2014 mas, ao dedicar seu tempo para me oferecer aquele instante de reflex\u00e3o, ela me apresentou uma hist\u00f3ria que se conecta profundamente com conceitos de vida que venho adotando em busca de mais plenitude e felicidade. Foi um momento m\u00e1gico.<\/p>\n<p>A admira\u00e7\u00e3o que eu j\u00e1 sentia por ela no campo profissional cresceu ainda mais quando percebi sua sabedoria. Desde ent\u00e3o, venho refletindo sobre como seria enriquecedor se resgat\u00e1ssemos o costume de ouvir contadores de hist\u00f3rias, dando a eles o mesmo respeito que tinham, por exemplo, nas antigas culturas \u00e1rabes, onde toda aldeia tinha seu narrador devido \u00e0 sua grande import\u00e2ncia.<\/p>\n<p>\u00c0 Fl\u00e1via, esse anjo guardi\u00e3o do conhecimento, desejo que nunca lhe faltem aventuras, surpresas, recompensas, amores e tudo aquilo que continue a inspirar o seu dom de usar as palavras. Que cada nova hist\u00f3ria que cruzar o seu caminho encontre em voc\u00ea um lar sens\u00edvel e atento, que sua voz siga abrindo portas invis\u00edveis na imagina\u00e7\u00e3o alheia, que sua generosidade em compartilhar narrativas seja sempre retribu\u00edda com encontros luminosos, daqueles que transformam dias comuns em mem\u00f3rias inesquec\u00edveis.<\/p>\n","protected":false},"excerpt":{"rendered":"<p>Voc\u00ea conhece algu\u00e9m que conta hist\u00f3rias? Se conhece, na pr\u00f3xima vez que encontrar essa pessoa, olhe-a nos olhos e agrade\u00e7a por cada sorriso, cada emo\u00e7\u00e3o, cada l\u00e1grima\u2026 por todas as vezes em que ela fez voc\u00ea se sentir vivo. Contadores de hist\u00f3rias s\u00e3o seres especiais, e a narrativa a seguir \u00e9 uma prova disso. H\u00e1 [&hellip;]<\/p>\n","protected":false},"author":21,"featured_media":380564,"comment_status":"closed","ping_status":"closed","sticky":false,"template":"","format":"standard","meta":{"_acf_changed":false,"footnotes":""},"categories":[234],"tags":[],"class_list":["post-380563","post","type-post","status-publish","format-standard","has-post-thumbnail","hentry","category-cafe-literario"],"acf":[],"yoast_head":"<!-- This site is optimized with the Yoast SEO plugin v27.2 - https:\/\/yoast.com\/product\/yoast-seo-wordpress\/ -->\n<title>Fl\u00e1via, a contadora de hist\u00f3rias - Notibras<\/title>\n<meta name=\"robots\" content=\"index, follow, max-snippet:-1, max-image-preview:large, max-video-preview:-1\" \/>\n<link rel=\"canonical\" href=\"https:\/\/www.notibras.com\/site\/flavia-a-contadora-de-historias\/\" \/>\n<meta property=\"og:locale\" content=\"pt_BR\" \/>\n<meta property=\"og:type\" content=\"article\" \/>\n<meta property=\"og:title\" content=\"Fl\u00e1via, a contadora de hist\u00f3rias - Notibras\" \/>\n<meta property=\"og:description\" content=\"Voc\u00ea conhece algu\u00e9m que conta hist\u00f3rias? Se conhece, na pr\u00f3xima vez que encontrar essa pessoa, olhe-a nos olhos e agrade\u00e7a por cada sorriso, cada emo\u00e7\u00e3o, cada l\u00e1grima\u2026 por todas as vezes em que ela fez voc\u00ea se sentir vivo. Contadores de hist\u00f3rias s\u00e3o seres especiais, e a narrativa a seguir \u00e9 uma prova disso. H\u00e1 [&hellip;]\" \/>\n<meta property=\"og:url\" content=\"https:\/\/www.notibras.com\/site\/flavia-a-contadora-de-historias\/\" \/>\n<meta property=\"og:site_name\" content=\"Notibras\" \/>\n<meta property=\"article:publisher\" content=\"https:\/\/www.facebook.com\/notibras\/\" \/>\n<meta property=\"article:published_time\" content=\"2026-01-27T04:00:49+00:00\" \/>\n<meta property=\"og:image\" content=\"https:\/\/www.notibras.com\/site\/wp-content\/uploads\/2026\/01\/IMG_0617.jpg\" \/>\n\t<meta property=\"og:image:width\" content=\"1023\" \/>\n\t<meta property=\"og:image:height\" content=\"935\" \/>\n\t<meta property=\"og:image:type\" content=\"image\/jpeg\" \/>\n<meta name=\"author\" content=\"Eduardo Mart\u00ednez\" \/>\n<meta name=\"twitter:card\" content=\"summary_large_image\" \/>\n<meta name=\"twitter:creator\" content=\"@Notibras\" \/>\n<meta name=\"twitter:site\" content=\"@Notibras\" \/>\n<meta name=\"twitter:label1\" content=\"Escrito por\" \/>\n\t<meta name=\"twitter:data1\" content=\"Eduardo Mart\u00ednez\" \/>\n\t<meta name=\"twitter:label2\" content=\"Est. tempo de leitura\" \/>\n\t<meta name=\"twitter:data2\" content=\"3 minutos\" \/>\n<script type=\"application\/ld+json\" class=\"yoast-schema-graph\">{\"@context\":\"https:\/\/schema.org\",\"@graph\":[{\"@type\":\"Article\",\"@id\":\"https:\/\/www.notibras.com\/site\/flavia-a-contadora-de-historias\/#article\",\"isPartOf\":{\"@id\":\"https:\/\/www.notibras.com\/site\/flavia-a-contadora-de-historias\/\"},\"author\":{\"name\":\"Eduardo Mart\u00ednez\",\"@id\":\"https:\/\/www.notibras.com\/site\/#\/schema\/person\/5b7fabf2aedc3ada2105f03b22b4d3dd\"},\"headline\":\"Fl\u00e1via, a contadora de hist\u00f3rias\",\"datePublished\":\"2026-01-27T04:00:49+00:00\",\"mainEntityOfPage\":{\"@id\":\"https:\/\/www.notibras.com\/site\/flavia-a-contadora-de-historias\/\"},\"wordCount\":542,\"publisher\":{\"@id\":\"https:\/\/www.notibras.com\/site\/#organization\"},\"image\":{\"@id\":\"https:\/\/www.notibras.com\/site\/flavia-a-contadora-de-historias\/#primaryimage\"},\"thumbnailUrl\":\"https:\/\/www.notibras.com\/site\/wp-content\/uploads\/2026\/01\/IMG_0617.jpg\",\"articleSection\":[\"Caf\u00e9 Liter\u00e1rio\"],\"inLanguage\":\"pt-BR\"},{\"@type\":\"WebPage\",\"@id\":\"https:\/\/www.notibras.com\/site\/flavia-a-contadora-de-historias\/\",\"url\":\"https:\/\/www.notibras.com\/site\/flavia-a-contadora-de-historias\/\",\"name\":\"Fl\u00e1via, a contadora de hist\u00f3rias - Notibras\",\"isPartOf\":{\"@id\":\"https:\/\/www.notibras.com\/site\/#website\"},\"primaryImageOfPage\":{\"@id\":\"https:\/\/www.notibras.com\/site\/flavia-a-contadora-de-historias\/#primaryimage\"},\"image\":{\"@id\":\"https:\/\/www.notibras.com\/site\/flavia-a-contadora-de-historias\/#primaryimage\"},\"thumbnailUrl\":\"https:\/\/www.notibras.com\/site\/wp-content\/uploads\/2026\/01\/IMG_0617.jpg\",\"datePublished\":\"2026-01-27T04:00:49+00:00\",\"breadcrumb\":{\"@id\":\"https:\/\/www.notibras.com\/site\/flavia-a-contadora-de-historias\/#breadcrumb\"},\"inLanguage\":\"pt-BR\",\"potentialAction\":[{\"@type\":\"ReadAction\",\"target\":[\"https:\/\/www.notibras.com\/site\/flavia-a-contadora-de-historias\/\"]}]},{\"@type\":\"ImageObject\",\"inLanguage\":\"pt-BR\",\"@id\":\"https:\/\/www.notibras.com\/site\/flavia-a-contadora-de-historias\/#primaryimage\",\"url\":\"https:\/\/www.notibras.com\/site\/wp-content\/uploads\/2026\/01\/IMG_0617.jpg\",\"contentUrl\":\"https:\/\/www.notibras.com\/site\/wp-content\/uploads\/2026\/01\/IMG_0617.jpg\",\"width\":1023,\"height\":935},{\"@type\":\"BreadcrumbList\",\"@id\":\"https:\/\/www.notibras.com\/site\/flavia-a-contadora-de-historias\/#breadcrumb\",\"itemListElement\":[{\"@type\":\"ListItem\",\"position\":1,\"name\":\"In\u00edcio\",\"item\":\"https:\/\/www.notibras.com\/site\/\"},{\"@type\":\"ListItem\",\"position\":2,\"name\":\"Fl\u00e1via, a contadora de hist\u00f3rias\"}]},{\"@type\":\"WebSite\",\"@id\":\"https:\/\/www.notibras.com\/site\/#website\",\"url\":\"https:\/\/www.notibras.com\/site\/\",\"name\":\"Notibras\",\"description\":\"Not\u00edcias de Bras\u00edlia, do Brasil e do Mundo\",\"publisher\":{\"@id\":\"https:\/\/www.notibras.com\/site\/#organization\"},\"potentialAction\":[{\"@type\":\"SearchAction\",\"target\":{\"@type\":\"EntryPoint\",\"urlTemplate\":\"https:\/\/www.notibras.com\/site\/?s={search_term_string}\"},\"query-input\":{\"@type\":\"PropertyValueSpecification\",\"valueRequired\":true,\"valueName\":\"search_term_string\"}}],\"inLanguage\":\"pt-BR\"},{\"@type\":\"Organization\",\"@id\":\"https:\/\/www.notibras.com\/site\/#organization\",\"name\":\"Grupo Notibras de Comunica\u00e7\u00e3o\",\"url\":\"https:\/\/www.notibras.com\/site\/\",\"logo\":{\"@type\":\"ImageObject\",\"inLanguage\":\"pt-BR\",\"@id\":\"https:\/\/www.notibras.com\/site\/#\/schema\/logo\/image\/\",\"url\":\"https:\/\/www.notibras.com\/site\/wp-content\/uploads\/2023\/01\/notibras23.png\",\"contentUrl\":\"https:\/\/www.notibras.com\/site\/wp-content\/uploads\/2023\/01\/notibras23.png\",\"width\":350,\"height\":87,\"caption\":\"Grupo Notibras de Comunica\u00e7\u00e3o\"},\"image\":{\"@id\":\"https:\/\/www.notibras.com\/site\/#\/schema\/logo\/image\/\"},\"sameAs\":[\"https:\/\/www.facebook.com\/notibras\/\",\"https:\/\/x.com\/Notibras\",\"https:\/\/www.instagram.com\/notibras\/\"]},{\"@type\":\"Person\",\"@id\":\"https:\/\/www.notibras.com\/site\/#\/schema\/person\/5b7fabf2aedc3ada2105f03b22b4d3dd\",\"name\":\"Eduardo Mart\u00ednez\",\"image\":{\"@type\":\"ImageObject\",\"inLanguage\":\"pt-BR\",\"@id\":\"https:\/\/secure.gravatar.com\/avatar\/7902f906289926289cbcda644b5197c796b893c6ffd7b9a536a42d290f7704a0?s=96&d=mm&r=g\",\"url\":\"https:\/\/secure.gravatar.com\/avatar\/7902f906289926289cbcda644b5197c796b893c6ffd7b9a536a42d290f7704a0?s=96&d=mm&r=g\",\"contentUrl\":\"https:\/\/secure.gravatar.com\/avatar\/7902f906289926289cbcda644b5197c796b893c6ffd7b9a536a42d290f7704a0?s=96&d=mm&r=g\",\"caption\":\"Eduardo Mart\u00ednez\"}}]}<\/script>\n<!-- \/ Yoast SEO plugin. -->","yoast_head_json":{"title":"Fl\u00e1via, a contadora de hist\u00f3rias - Notibras","robots":{"index":"index","follow":"follow","max-snippet":"max-snippet:-1","max-image-preview":"max-image-preview:large","max-video-preview":"max-video-preview:-1"},"canonical":"https:\/\/www.notibras.com\/site\/flavia-a-contadora-de-historias\/","og_locale":"pt_BR","og_type":"article","og_title":"Fl\u00e1via, a contadora de hist\u00f3rias - Notibras","og_description":"Voc\u00ea conhece algu\u00e9m que conta hist\u00f3rias? Se conhece, na pr\u00f3xima vez que encontrar essa pessoa, olhe-a nos olhos e agrade\u00e7a por cada sorriso, cada emo\u00e7\u00e3o, cada l\u00e1grima\u2026 por todas as vezes em que ela fez voc\u00ea se sentir vivo. Contadores de hist\u00f3rias s\u00e3o seres especiais, e a narrativa a seguir \u00e9 uma prova disso. H\u00e1 [&hellip;]","og_url":"https:\/\/www.notibras.com\/site\/flavia-a-contadora-de-historias\/","og_site_name":"Notibras","article_publisher":"https:\/\/www.facebook.com\/notibras\/","article_published_time":"2026-01-27T04:00:49+00:00","og_image":[{"width":1023,"height":935,"url":"https:\/\/www.notibras.com\/site\/wp-content\/uploads\/2026\/01\/IMG_0617.jpg","type":"image\/jpeg"}],"author":"Eduardo Mart\u00ednez","twitter_card":"summary_large_image","twitter_creator":"@Notibras","twitter_site":"@Notibras","twitter_misc":{"Escrito por":"Eduardo Mart\u00ednez","Est. tempo de leitura":"3 minutos"},"schema":{"@context":"https:\/\/schema.org","@graph":[{"@type":"Article","@id":"https:\/\/www.notibras.com\/site\/flavia-a-contadora-de-historias\/#article","isPartOf":{"@id":"https:\/\/www.notibras.com\/site\/flavia-a-contadora-de-historias\/"},"author":{"name":"Eduardo Mart\u00ednez","@id":"https:\/\/www.notibras.com\/site\/#\/schema\/person\/5b7fabf2aedc3ada2105f03b22b4d3dd"},"headline":"Fl\u00e1via, a contadora de hist\u00f3rias","datePublished":"2026-01-27T04:00:49+00:00","mainEntityOfPage":{"@id":"https:\/\/www.notibras.com\/site\/flavia-a-contadora-de-historias\/"},"wordCount":542,"publisher":{"@id":"https:\/\/www.notibras.com\/site\/#organization"},"image":{"@id":"https:\/\/www.notibras.com\/site\/flavia-a-contadora-de-historias\/#primaryimage"},"thumbnailUrl":"https:\/\/www.notibras.com\/site\/wp-content\/uploads\/2026\/01\/IMG_0617.jpg","articleSection":["Caf\u00e9 Liter\u00e1rio"],"inLanguage":"pt-BR"},{"@type":"WebPage","@id":"https:\/\/www.notibras.com\/site\/flavia-a-contadora-de-historias\/","url":"https:\/\/www.notibras.com\/site\/flavia-a-contadora-de-historias\/","name":"Fl\u00e1via, a contadora de hist\u00f3rias - Notibras","isPartOf":{"@id":"https:\/\/www.notibras.com\/site\/#website"},"primaryImageOfPage":{"@id":"https:\/\/www.notibras.com\/site\/flavia-a-contadora-de-historias\/#primaryimage"},"image":{"@id":"https:\/\/www.notibras.com\/site\/flavia-a-contadora-de-historias\/#primaryimage"},"thumbnailUrl":"https:\/\/www.notibras.com\/site\/wp-content\/uploads\/2026\/01\/IMG_0617.jpg","datePublished":"2026-01-27T04:00:49+00:00","breadcrumb":{"@id":"https:\/\/www.notibras.com\/site\/flavia-a-contadora-de-historias\/#breadcrumb"},"inLanguage":"pt-BR","potentialAction":[{"@type":"ReadAction","target":["https:\/\/www.notibras.com\/site\/flavia-a-contadora-de-historias\/"]}]},{"@type":"ImageObject","inLanguage":"pt-BR","@id":"https:\/\/www.notibras.com\/site\/flavia-a-contadora-de-historias\/#primaryimage","url":"https:\/\/www.notibras.com\/site\/wp-content\/uploads\/2026\/01\/IMG_0617.jpg","contentUrl":"https:\/\/www.notibras.com\/site\/wp-content\/uploads\/2026\/01\/IMG_0617.jpg","width":1023,"height":935},{"@type":"BreadcrumbList","@id":"https:\/\/www.notibras.com\/site\/flavia-a-contadora-de-historias\/#breadcrumb","itemListElement":[{"@type":"ListItem","position":1,"name":"In\u00edcio","item":"https:\/\/www.notibras.com\/site\/"},{"@type":"ListItem","position":2,"name":"Fl\u00e1via, a contadora de hist\u00f3rias"}]},{"@type":"WebSite","@id":"https:\/\/www.notibras.com\/site\/#website","url":"https:\/\/www.notibras.com\/site\/","name":"Notibras","description":"Not\u00edcias de Bras\u00edlia, do Brasil e do Mundo","publisher":{"@id":"https:\/\/www.notibras.com\/site\/#organization"},"potentialAction":[{"@type":"SearchAction","target":{"@type":"EntryPoint","urlTemplate":"https:\/\/www.notibras.com\/site\/?s={search_term_string}"},"query-input":{"@type":"PropertyValueSpecification","valueRequired":true,"valueName":"search_term_string"}}],"inLanguage":"pt-BR"},{"@type":"Organization","@id":"https:\/\/www.notibras.com\/site\/#organization","name":"Grupo Notibras de Comunica\u00e7\u00e3o","url":"https:\/\/www.notibras.com\/site\/","logo":{"@type":"ImageObject","inLanguage":"pt-BR","@id":"https:\/\/www.notibras.com\/site\/#\/schema\/logo\/image\/","url":"https:\/\/www.notibras.com\/site\/wp-content\/uploads\/2023\/01\/notibras23.png","contentUrl":"https:\/\/www.notibras.com\/site\/wp-content\/uploads\/2023\/01\/notibras23.png","width":350,"height":87,"caption":"Grupo Notibras de Comunica\u00e7\u00e3o"},"image":{"@id":"https:\/\/www.notibras.com\/site\/#\/schema\/logo\/image\/"},"sameAs":["https:\/\/www.facebook.com\/notibras\/","https:\/\/x.com\/Notibras","https:\/\/www.instagram.com\/notibras\/"]},{"@type":"Person","@id":"https:\/\/www.notibras.com\/site\/#\/schema\/person\/5b7fabf2aedc3ada2105f03b22b4d3dd","name":"Eduardo Mart\u00ednez","image":{"@type":"ImageObject","inLanguage":"pt-BR","@id":"https:\/\/secure.gravatar.com\/avatar\/7902f906289926289cbcda644b5197c796b893c6ffd7b9a536a42d290f7704a0?s=96&d=mm&r=g","url":"https:\/\/secure.gravatar.com\/avatar\/7902f906289926289cbcda644b5197c796b893c6ffd7b9a536a42d290f7704a0?s=96&d=mm&r=g","contentUrl":"https:\/\/secure.gravatar.com\/avatar\/7902f906289926289cbcda644b5197c796b893c6ffd7b9a536a42d290f7704a0?s=96&d=mm&r=g","caption":"Eduardo Mart\u00ednez"}}]}},"amp_enabled":true,"_links":{"self":[{"href":"https:\/\/www.notibras.com\/site\/wp-json\/wp\/v2\/posts\/380563","targetHints":{"allow":["GET"]}}],"collection":[{"href":"https:\/\/www.notibras.com\/site\/wp-json\/wp\/v2\/posts"}],"about":[{"href":"https:\/\/www.notibras.com\/site\/wp-json\/wp\/v2\/types\/post"}],"author":[{"embeddable":true,"href":"https:\/\/www.notibras.com\/site\/wp-json\/wp\/v2\/users\/21"}],"replies":[{"embeddable":true,"href":"https:\/\/www.notibras.com\/site\/wp-json\/wp\/v2\/comments?post=380563"}],"version-history":[{"count":2,"href":"https:\/\/www.notibras.com\/site\/wp-json\/wp\/v2\/posts\/380563\/revisions"}],"predecessor-version":[{"id":380566,"href":"https:\/\/www.notibras.com\/site\/wp-json\/wp\/v2\/posts\/380563\/revisions\/380566"}],"wp:featuredmedia":[{"embeddable":true,"href":"https:\/\/www.notibras.com\/site\/wp-json\/wp\/v2\/media\/380564"}],"wp:attachment":[{"href":"https:\/\/www.notibras.com\/site\/wp-json\/wp\/v2\/media?parent=380563"}],"wp:term":[{"taxonomy":"category","embeddable":true,"href":"https:\/\/www.notibras.com\/site\/wp-json\/wp\/v2\/categories?post=380563"},{"taxonomy":"post_tag","embeddable":true,"href":"https:\/\/www.notibras.com\/site\/wp-json\/wp\/v2\/tags?post=380563"}],"curies":[{"name":"wp","href":"https:\/\/api.w.org\/{rel}","templated":true}]}}