{"id":380568,"date":"2026-01-27T00:00:20","date_gmt":"2026-01-27T03:00:20","guid":{"rendered":"https:\/\/www.notibras.com\/site\/?p=380568"},"modified":"2026-01-26T02:11:24","modified_gmt":"2026-01-26T05:11:24","slug":"rocados-do-forte","status":"publish","type":"post","link":"https:\/\/www.notibras.com\/site\/rocados-do-forte\/","title":{"rendered":"RO\u00c7ADOS DO FORTE"},"content":{"rendered":"<p>\u2014 Muito bom dia, Legislador,<\/p>\n<p>que nessa assembleia est\u00e1;<\/p>\n<p>sabe dizer se \u00e9 poss\u00edvel<\/p>\n<p>algum pleito ganhar?<\/p>\n<p>\u2014 Cargo aqui nunca falta<\/p>\n<p>a quem sabe enganar;<\/p>\n<p>o que fazia o Compadre<\/p>\n<p>na sua terra de l\u00e1?<\/p>\n<p>\u2014 Pois fui sempre coordenador,<\/p>\n<p>coordenador de causas m\u00e1s;<\/p>\n<p>n\u00e3o h\u00e1 esp\u00e9cie de patrim\u00f4nios<\/p>\n<p>que eu n\u00e3o possa depredar.<\/p>\n<p>\u2014 Isso aqui de nada adianta,<\/p>\n<p>n\u00e3o se pode depredar;<\/p>\n<p>mas diga-me, pleiteante,<\/p>\n<p>o que mais fazia por l\u00e1?<\/p>\n<p>[&#8230;]<\/p>\n<p>\u2014 Conhe\u00e7o todas as bossas<\/p>\n<p>que aquele cl\u00e3 faz vingar;<\/p>\n<p>o pistol\u00e3o, a barganha,<\/p>\n<p>a facada, os filhos, os bafaf\u00e1s.<\/p>\n<p>\u2014 Esses babados o agro<\/p>\n<p>j\u00e1 n\u00e3o quer financiar;<\/p>\n<p>mas diga-me, Pleiteante,<\/p>\n<p>o que mais fazia por l\u00e1?<\/p>\n<p>[&#8230;]<\/p>\n<p>\u2014 Deseja mesmo saber<\/p>\n<p>o que eu fazia por l\u00e1?<\/p>\n<p>Fazer temer quando havia o qu\u00ea e, havendo ou n\u00e3o, prevaricar.<\/p>\n<p>\u2014 Essa vida por aqui<\/p>\n<p>\u00e9 coisa familiar;<\/p>\n<p>mas diga-me, Pleiteante,<\/p>\n<p>sabe golpistas anistiar?<\/p>\n<p>Sabe postar excresc\u00eancias,<\/p>\n<p>parlamentares &#8220;trans&#8221; amea\u00e7ar?<\/p>\n<p>Sabe falar abobrinhas,<\/p>\n<p>sabe mortos encomendar?<\/p>\n<p>\u2014 J\u00e1 queimei muitos defuntos, na lida \u00e9 coisa vulgar; mas nunca fiz isso \u00e0s pressas, o importante \u00e9 acertar.<\/p>\n<p>\u2014 Pois se o compadre soubesse fazer leis, privatizar, trabalh\u00e1vamos a meias, que a freguesia bem d\u00e1.<\/p>\n<p>\u2014 Agora se me permite minha vez de perguntar: como penhora favores,<\/p>\n<p>como faz para pagar?<\/p>\n<p>\u2014 Vou explicar rapidamente,<\/p>\n<p>logo compreender\u00e1:<\/p>\n<p>por aqui s\u00f3 rico manda,<\/p>\n<p>pobre \u00e9 pra cancelar.<\/p>\n<p>\u2014 E ainda se me permite<\/p>\n<p>que volte a perguntar:<\/p>\n<p>\u00e9 aqui uma profiss\u00e3o<\/p>\n<p>trabalho t\u00e3o singular?<\/p>\n<p>\u2014 \u00c9, sim, uma profiss\u00e3o,<\/p>\n<p>e a melhor de quantas h\u00e1:<\/p>\n<p>sou de toda inten\u00e7\u00e3o<\/p>\n<p>relator ou titular.<\/p>\n<p>\u2014 E ainda se me permite<\/p>\n<p>mais outra vez indagar:<\/p>\n<p>\u00e9 boa sua posi\u00e7\u00e3o<\/p>\n<p>no Congresso em que ora est\u00e1?<\/p>\n<p>\u2014 De um raio de muitas l\u00e9guas<\/p>\n<p>vem gente aqui pleitear;<\/p>\n<p>fingindo que n\u00e3o \u00e9 rude<\/p>\n<p>privil\u00e9gios vem ca\u00e7ar.<\/p>\n<p>\u2014 E se pela \u00faltima vez<\/p>\n<p>me permite perguntar:<\/p>\n<p>n\u00e3o existe outro atalho<\/p>\n<p>para quem deseja ingressar?<\/p>\n<p>\u2014 Como aqui mais forte manda,<\/p>\n<p>s\u00f3 \u00e9 poss\u00edvel trabalhar<\/p>\n<p>nas legisla\u00e7\u00f5es que fazem<\/p>\n<p>Pro forte of\u00edcio ou bazar.<\/p>\n<p>Imagine que outra gente<\/p>\n<p>de profiss\u00e3o similar,<\/p>\n<p>mis\u00f3ginos, baderneiros,<\/p>\n<p>tutor de quartel pra acampar,<\/p>\n<p>tramando contra a docente<\/p>\n<p>decente que quer ensinar,<\/p>\n<p>governante \u00e0s avessas,<\/p>\n<p>expulsa-a, se vem pra c\u00e1.<\/p>\n<p>S\u00f3 OS RO\u00c7ADOS DO FORTE<\/p>\n<p>&#8220;compensam aqui cultivar,<\/p>\n<p>e cultiv\u00e1-los \u00e9 f\u00e1cil:<\/p>\n<p>simples quest\u00e3o de plantar;<\/p>\n<p>n\u00e3o se precisa de limpa,<\/p>\n<p>de adubar nem de regar;<\/p>\n<p>as estiagens e as pragas<\/p>\n<p>fazem mais prosperar;<\/p>\n<p>e d\u00e3o lucro imediato;<\/p>\n<p>nem \u00e9 preciso esperar<\/p>\n<p>pela colheita: recebe-se<\/p>\n<p>na hora mesma de semear.&#8221;<\/p>\n<p><strong>&#8230;&#8230;&#8230;&#8230;&#8230;&#8230;&#8230;&#8230;<\/strong><\/p>\n<p><strong>Refer\u00eancias bibliogr\u00e1ficas<\/strong><\/p>\n<p><strong>Edna Domenica e Gilberto Motta no Caf\u00e9 Liter\u00e1rio Notibras sobre Jo\u00e3o Cabral de Melo Neto.<\/strong><\/p>\n<p><strong>.<a href=\"https:\/\/www.notibras.com\/site\/morte-e-vida-severina-um-poema-sobre-a-miseria-brasileira\/\">https:\/\/www.notibras.com\/site\/morte-e-vida-severina-um-poema-sobre-a-miseria-brasileira\/<\/a><\/strong><\/p>\n<p><strong>.<a href=\"https:\/\/www.notibras.com\/site\/versos-esculpidos-na-pedra\/\">https:\/\/www.notibras.com\/site\/versos-esculpidos-na-pedra\/<\/a><\/strong><\/p>\n<p><strong>.<a href=\"https:\/\/www.notibras.com\/site\/a-fala-de-joaquim-em-os-tres-mal-amados-lapidada\/\">https:\/\/www.notibras.com\/site\/a-fala-de-joaquim-em-os-tres-mal-amados-lapidada\/<\/a><\/strong><\/p>\n<p><strong>Edna Domenica \u00e9 autora de &#8220;O Set\u00eanio&#8221; (T\u00e3o livros, 2024) e Raps\u00f3dia da Rua da Mooca (T\u00e3o livros, no prelo). Professora, dedica-se ao PRCDC \u2013 &#8220;Programa de Recupera\u00e7\u00e3o Cognitiva e Dessensibiliza\u00e7\u00e3o de Cromofobia&#8221;. Trata-se de um projeto de combate \u00e0 fobia de vermelho, por meio de leituras dos autores: Jo\u00e3o Cabral de Melo Neto e outros.<\/strong><\/p>\n","protected":false},"excerpt":{"rendered":"<p>\u2014 Muito bom dia, Legislador, que nessa assembleia est\u00e1; sabe dizer se \u00e9 poss\u00edvel algum pleito ganhar? \u2014 Cargo aqui nunca falta a quem sabe enganar; o que fazia o Compadre na sua terra de l\u00e1? \u2014 Pois fui sempre coordenador, coordenador de causas m\u00e1s; n\u00e3o h\u00e1 esp\u00e9cie de patrim\u00f4nios que eu n\u00e3o possa depredar. [&hellip;]<\/p>\n","protected":false},"author":21,"featured_media":380569,"comment_status":"closed","ping_status":"closed","sticky":false,"template":"","format":"standard","meta":{"_acf_changed":false,"footnotes":""},"categories":[234],"tags":[],"class_list":["post-380568","post","type-post","status-publish","format-standard","has-post-thumbnail","hentry","category-cafe-literario"],"acf":[],"yoast_head":"<!-- This site is optimized with the Yoast SEO plugin v27.2 - https:\/\/yoast.com\/product\/yoast-seo-wordpress\/ -->\n<title>RO\u00c7ADOS DO FORTE - Notibras<\/title>\n<meta name=\"robots\" content=\"index, follow, max-snippet:-1, max-image-preview:large, max-video-preview:-1\" \/>\n<link rel=\"canonical\" href=\"https:\/\/www.notibras.com\/site\/rocados-do-forte\/\" \/>\n<meta property=\"og:locale\" content=\"pt_BR\" \/>\n<meta property=\"og:type\" content=\"article\" \/>\n<meta property=\"og:title\" content=\"RO\u00c7ADOS DO FORTE - Notibras\" \/>\n<meta property=\"og:description\" content=\"\u2014 Muito bom dia, Legislador, que nessa assembleia est\u00e1; sabe dizer se \u00e9 poss\u00edvel algum pleito ganhar? \u2014 Cargo aqui nunca falta a quem sabe enganar; o que fazia o Compadre na sua terra de l\u00e1? \u2014 Pois fui sempre coordenador, coordenador de causas m\u00e1s; n\u00e3o h\u00e1 esp\u00e9cie de patrim\u00f4nios que eu n\u00e3o possa depredar. [&hellip;]\" \/>\n<meta property=\"og:url\" content=\"https:\/\/www.notibras.com\/site\/rocados-do-forte\/\" \/>\n<meta property=\"og:site_name\" content=\"Notibras\" \/>\n<meta property=\"article:publisher\" content=\"https:\/\/www.facebook.com\/notibras\/\" \/>\n<meta property=\"article:published_time\" content=\"2026-01-27T03:00:20+00:00\" \/>\n<meta property=\"og:image\" content=\"https:\/\/www.notibras.com\/site\/wp-content\/uploads\/2026\/01\/IMG_0619.jpg\" \/>\n\t<meta property=\"og:image:width\" content=\"1023\" \/>\n\t<meta property=\"og:image:height\" content=\"907\" \/>\n\t<meta property=\"og:image:type\" content=\"image\/jpeg\" \/>\n<meta name=\"author\" content=\"Eduardo Mart\u00ednez\" \/>\n<meta name=\"twitter:card\" content=\"summary_large_image\" \/>\n<meta name=\"twitter:creator\" content=\"@Notibras\" \/>\n<meta name=\"twitter:site\" content=\"@Notibras\" \/>\n<meta name=\"twitter:label1\" content=\"Escrito por\" \/>\n\t<meta name=\"twitter:data1\" content=\"Eduardo Mart\u00ednez\" \/>\n\t<meta name=\"twitter:label2\" content=\"Est. tempo de leitura\" \/>\n\t<meta name=\"twitter:data2\" content=\"3 minutos\" \/>\n<script type=\"application\/ld+json\" class=\"yoast-schema-graph\">{\"@context\":\"https:\/\/schema.org\",\"@graph\":[{\"@type\":\"Article\",\"@id\":\"https:\/\/www.notibras.com\/site\/rocados-do-forte\/#article\",\"isPartOf\":{\"@id\":\"https:\/\/www.notibras.com\/site\/rocados-do-forte\/\"},\"author\":{\"name\":\"Eduardo Mart\u00ednez\",\"@id\":\"https:\/\/www.notibras.com\/site\/#\/schema\/person\/5b7fabf2aedc3ada2105f03b22b4d3dd\"},\"headline\":\"RO\u00c7ADOS DO FORTE\",\"datePublished\":\"2026-01-27T03:00:20+00:00\",\"mainEntityOfPage\":{\"@id\":\"https:\/\/www.notibras.com\/site\/rocados-do-forte\/\"},\"wordCount\":525,\"publisher\":{\"@id\":\"https:\/\/www.notibras.com\/site\/#organization\"},\"image\":{\"@id\":\"https:\/\/www.notibras.com\/site\/rocados-do-forte\/#primaryimage\"},\"thumbnailUrl\":\"https:\/\/www.notibras.com\/site\/wp-content\/uploads\/2026\/01\/IMG_0619.jpg\",\"articleSection\":[\"Caf\u00e9 Liter\u00e1rio\"],\"inLanguage\":\"pt-BR\"},{\"@type\":\"WebPage\",\"@id\":\"https:\/\/www.notibras.com\/site\/rocados-do-forte\/\",\"url\":\"https:\/\/www.notibras.com\/site\/rocados-do-forte\/\",\"name\":\"RO\u00c7ADOS DO FORTE - Notibras\",\"isPartOf\":{\"@id\":\"https:\/\/www.notibras.com\/site\/#website\"},\"primaryImageOfPage\":{\"@id\":\"https:\/\/www.notibras.com\/site\/rocados-do-forte\/#primaryimage\"},\"image\":{\"@id\":\"https:\/\/www.notibras.com\/site\/rocados-do-forte\/#primaryimage\"},\"thumbnailUrl\":\"https:\/\/www.notibras.com\/site\/wp-content\/uploads\/2026\/01\/IMG_0619.jpg\",\"datePublished\":\"2026-01-27T03:00:20+00:00\",\"breadcrumb\":{\"@id\":\"https:\/\/www.notibras.com\/site\/rocados-do-forte\/#breadcrumb\"},\"inLanguage\":\"pt-BR\",\"potentialAction\":[{\"@type\":\"ReadAction\",\"target\":[\"https:\/\/www.notibras.com\/site\/rocados-do-forte\/\"]}]},{\"@type\":\"ImageObject\",\"inLanguage\":\"pt-BR\",\"@id\":\"https:\/\/www.notibras.com\/site\/rocados-do-forte\/#primaryimage\",\"url\":\"https:\/\/www.notibras.com\/site\/wp-content\/uploads\/2026\/01\/IMG_0619.jpg\",\"contentUrl\":\"https:\/\/www.notibras.com\/site\/wp-content\/uploads\/2026\/01\/IMG_0619.jpg\",\"width\":1023,\"height\":907},{\"@type\":\"BreadcrumbList\",\"@id\":\"https:\/\/www.notibras.com\/site\/rocados-do-forte\/#breadcrumb\",\"itemListElement\":[{\"@type\":\"ListItem\",\"position\":1,\"name\":\"In\u00edcio\",\"item\":\"https:\/\/www.notibras.com\/site\/\"},{\"@type\":\"ListItem\",\"position\":2,\"name\":\"RO\u00c7ADOS DO FORTE\"}]},{\"@type\":\"WebSite\",\"@id\":\"https:\/\/www.notibras.com\/site\/#website\",\"url\":\"https:\/\/www.notibras.com\/site\/\",\"name\":\"Notibras\",\"description\":\"Not\u00edcias de Bras\u00edlia, do Brasil e do Mundo\",\"publisher\":{\"@id\":\"https:\/\/www.notibras.com\/site\/#organization\"},\"potentialAction\":[{\"@type\":\"SearchAction\",\"target\":{\"@type\":\"EntryPoint\",\"urlTemplate\":\"https:\/\/www.notibras.com\/site\/?s={search_term_string}\"},\"query-input\":{\"@type\":\"PropertyValueSpecification\",\"valueRequired\":true,\"valueName\":\"search_term_string\"}}],\"inLanguage\":\"pt-BR\"},{\"@type\":\"Organization\",\"@id\":\"https:\/\/www.notibras.com\/site\/#organization\",\"name\":\"Grupo Notibras de Comunica\u00e7\u00e3o\",\"url\":\"https:\/\/www.notibras.com\/site\/\",\"logo\":{\"@type\":\"ImageObject\",\"inLanguage\":\"pt-BR\",\"@id\":\"https:\/\/www.notibras.com\/site\/#\/schema\/logo\/image\/\",\"url\":\"https:\/\/www.notibras.com\/site\/wp-content\/uploads\/2023\/01\/notibras23.png\",\"contentUrl\":\"https:\/\/www.notibras.com\/site\/wp-content\/uploads\/2023\/01\/notibras23.png\",\"width\":350,\"height\":87,\"caption\":\"Grupo Notibras de Comunica\u00e7\u00e3o\"},\"image\":{\"@id\":\"https:\/\/www.notibras.com\/site\/#\/schema\/logo\/image\/\"},\"sameAs\":[\"https:\/\/www.facebook.com\/notibras\/\",\"https:\/\/x.com\/Notibras\",\"https:\/\/www.instagram.com\/notibras\/\"]},{\"@type\":\"Person\",\"@id\":\"https:\/\/www.notibras.com\/site\/#\/schema\/person\/5b7fabf2aedc3ada2105f03b22b4d3dd\",\"name\":\"Eduardo Mart\u00ednez\",\"image\":{\"@type\":\"ImageObject\",\"inLanguage\":\"pt-BR\",\"@id\":\"https:\/\/secure.gravatar.com\/avatar\/7902f906289926289cbcda644b5197c796b893c6ffd7b9a536a42d290f7704a0?s=96&d=mm&r=g\",\"url\":\"https:\/\/secure.gravatar.com\/avatar\/7902f906289926289cbcda644b5197c796b893c6ffd7b9a536a42d290f7704a0?s=96&d=mm&r=g\",\"contentUrl\":\"https:\/\/secure.gravatar.com\/avatar\/7902f906289926289cbcda644b5197c796b893c6ffd7b9a536a42d290f7704a0?s=96&d=mm&r=g\",\"caption\":\"Eduardo Mart\u00ednez\"}}]}<\/script>\n<!-- \/ Yoast SEO plugin. -->","yoast_head_json":{"title":"RO\u00c7ADOS DO FORTE - Notibras","robots":{"index":"index","follow":"follow","max-snippet":"max-snippet:-1","max-image-preview":"max-image-preview:large","max-video-preview":"max-video-preview:-1"},"canonical":"https:\/\/www.notibras.com\/site\/rocados-do-forte\/","og_locale":"pt_BR","og_type":"article","og_title":"RO\u00c7ADOS DO FORTE - Notibras","og_description":"\u2014 Muito bom dia, Legislador, que nessa assembleia est\u00e1; sabe dizer se \u00e9 poss\u00edvel algum pleito ganhar? \u2014 Cargo aqui nunca falta a quem sabe enganar; o que fazia o Compadre na sua terra de l\u00e1? \u2014 Pois fui sempre coordenador, coordenador de causas m\u00e1s; n\u00e3o h\u00e1 esp\u00e9cie de patrim\u00f4nios que eu n\u00e3o possa depredar. [&hellip;]","og_url":"https:\/\/www.notibras.com\/site\/rocados-do-forte\/","og_site_name":"Notibras","article_publisher":"https:\/\/www.facebook.com\/notibras\/","article_published_time":"2026-01-27T03:00:20+00:00","og_image":[{"width":1023,"height":907,"url":"https:\/\/www.notibras.com\/site\/wp-content\/uploads\/2026\/01\/IMG_0619.jpg","type":"image\/jpeg"}],"author":"Eduardo Mart\u00ednez","twitter_card":"summary_large_image","twitter_creator":"@Notibras","twitter_site":"@Notibras","twitter_misc":{"Escrito por":"Eduardo Mart\u00ednez","Est. tempo de leitura":"3 minutos"},"schema":{"@context":"https:\/\/schema.org","@graph":[{"@type":"Article","@id":"https:\/\/www.notibras.com\/site\/rocados-do-forte\/#article","isPartOf":{"@id":"https:\/\/www.notibras.com\/site\/rocados-do-forte\/"},"author":{"name":"Eduardo Mart\u00ednez","@id":"https:\/\/www.notibras.com\/site\/#\/schema\/person\/5b7fabf2aedc3ada2105f03b22b4d3dd"},"headline":"RO\u00c7ADOS DO FORTE","datePublished":"2026-01-27T03:00:20+00:00","mainEntityOfPage":{"@id":"https:\/\/www.notibras.com\/site\/rocados-do-forte\/"},"wordCount":525,"publisher":{"@id":"https:\/\/www.notibras.com\/site\/#organization"},"image":{"@id":"https:\/\/www.notibras.com\/site\/rocados-do-forte\/#primaryimage"},"thumbnailUrl":"https:\/\/www.notibras.com\/site\/wp-content\/uploads\/2026\/01\/IMG_0619.jpg","articleSection":["Caf\u00e9 Liter\u00e1rio"],"inLanguage":"pt-BR"},{"@type":"WebPage","@id":"https:\/\/www.notibras.com\/site\/rocados-do-forte\/","url":"https:\/\/www.notibras.com\/site\/rocados-do-forte\/","name":"RO\u00c7ADOS DO FORTE - Notibras","isPartOf":{"@id":"https:\/\/www.notibras.com\/site\/#website"},"primaryImageOfPage":{"@id":"https:\/\/www.notibras.com\/site\/rocados-do-forte\/#primaryimage"},"image":{"@id":"https:\/\/www.notibras.com\/site\/rocados-do-forte\/#primaryimage"},"thumbnailUrl":"https:\/\/www.notibras.com\/site\/wp-content\/uploads\/2026\/01\/IMG_0619.jpg","datePublished":"2026-01-27T03:00:20+00:00","breadcrumb":{"@id":"https:\/\/www.notibras.com\/site\/rocados-do-forte\/#breadcrumb"},"inLanguage":"pt-BR","potentialAction":[{"@type":"ReadAction","target":["https:\/\/www.notibras.com\/site\/rocados-do-forte\/"]}]},{"@type":"ImageObject","inLanguage":"pt-BR","@id":"https:\/\/www.notibras.com\/site\/rocados-do-forte\/#primaryimage","url":"https:\/\/www.notibras.com\/site\/wp-content\/uploads\/2026\/01\/IMG_0619.jpg","contentUrl":"https:\/\/www.notibras.com\/site\/wp-content\/uploads\/2026\/01\/IMG_0619.jpg","width":1023,"height":907},{"@type":"BreadcrumbList","@id":"https:\/\/www.notibras.com\/site\/rocados-do-forte\/#breadcrumb","itemListElement":[{"@type":"ListItem","position":1,"name":"In\u00edcio","item":"https:\/\/www.notibras.com\/site\/"},{"@type":"ListItem","position":2,"name":"RO\u00c7ADOS DO FORTE"}]},{"@type":"WebSite","@id":"https:\/\/www.notibras.com\/site\/#website","url":"https:\/\/www.notibras.com\/site\/","name":"Notibras","description":"Not\u00edcias de Bras\u00edlia, do Brasil e do Mundo","publisher":{"@id":"https:\/\/www.notibras.com\/site\/#organization"},"potentialAction":[{"@type":"SearchAction","target":{"@type":"EntryPoint","urlTemplate":"https:\/\/www.notibras.com\/site\/?s={search_term_string}"},"query-input":{"@type":"PropertyValueSpecification","valueRequired":true,"valueName":"search_term_string"}}],"inLanguage":"pt-BR"},{"@type":"Organization","@id":"https:\/\/www.notibras.com\/site\/#organization","name":"Grupo Notibras de Comunica\u00e7\u00e3o","url":"https:\/\/www.notibras.com\/site\/","logo":{"@type":"ImageObject","inLanguage":"pt-BR","@id":"https:\/\/www.notibras.com\/site\/#\/schema\/logo\/image\/","url":"https:\/\/www.notibras.com\/site\/wp-content\/uploads\/2023\/01\/notibras23.png","contentUrl":"https:\/\/www.notibras.com\/site\/wp-content\/uploads\/2023\/01\/notibras23.png","width":350,"height":87,"caption":"Grupo Notibras de Comunica\u00e7\u00e3o"},"image":{"@id":"https:\/\/www.notibras.com\/site\/#\/schema\/logo\/image\/"},"sameAs":["https:\/\/www.facebook.com\/notibras\/","https:\/\/x.com\/Notibras","https:\/\/www.instagram.com\/notibras\/"]},{"@type":"Person","@id":"https:\/\/www.notibras.com\/site\/#\/schema\/person\/5b7fabf2aedc3ada2105f03b22b4d3dd","name":"Eduardo Mart\u00ednez","image":{"@type":"ImageObject","inLanguage":"pt-BR","@id":"https:\/\/secure.gravatar.com\/avatar\/7902f906289926289cbcda644b5197c796b893c6ffd7b9a536a42d290f7704a0?s=96&d=mm&r=g","url":"https:\/\/secure.gravatar.com\/avatar\/7902f906289926289cbcda644b5197c796b893c6ffd7b9a536a42d290f7704a0?s=96&d=mm&r=g","contentUrl":"https:\/\/secure.gravatar.com\/avatar\/7902f906289926289cbcda644b5197c796b893c6ffd7b9a536a42d290f7704a0?s=96&d=mm&r=g","caption":"Eduardo Mart\u00ednez"}}]}},"amp_enabled":true,"_links":{"self":[{"href":"https:\/\/www.notibras.com\/site\/wp-json\/wp\/v2\/posts\/380568","targetHints":{"allow":["GET"]}}],"collection":[{"href":"https:\/\/www.notibras.com\/site\/wp-json\/wp\/v2\/posts"}],"about":[{"href":"https:\/\/www.notibras.com\/site\/wp-json\/wp\/v2\/types\/post"}],"author":[{"embeddable":true,"href":"https:\/\/www.notibras.com\/site\/wp-json\/wp\/v2\/users\/21"}],"replies":[{"embeddable":true,"href":"https:\/\/www.notibras.com\/site\/wp-json\/wp\/v2\/comments?post=380568"}],"version-history":[{"count":2,"href":"https:\/\/www.notibras.com\/site\/wp-json\/wp\/v2\/posts\/380568\/revisions"}],"predecessor-version":[{"id":380571,"href":"https:\/\/www.notibras.com\/site\/wp-json\/wp\/v2\/posts\/380568\/revisions\/380571"}],"wp:featuredmedia":[{"embeddable":true,"href":"https:\/\/www.notibras.com\/site\/wp-json\/wp\/v2\/media\/380569"}],"wp:attachment":[{"href":"https:\/\/www.notibras.com\/site\/wp-json\/wp\/v2\/media?parent=380568"}],"wp:term":[{"taxonomy":"category","embeddable":true,"href":"https:\/\/www.notibras.com\/site\/wp-json\/wp\/v2\/categories?post=380568"},{"taxonomy":"post_tag","embeddable":true,"href":"https:\/\/www.notibras.com\/site\/wp-json\/wp\/v2\/tags?post=380568"}],"curies":[{"name":"wp","href":"https:\/\/api.w.org\/{rel}","templated":true}]}}