{"id":380592,"date":"2026-01-28T02:00:12","date_gmt":"2026-01-28T05:00:12","guid":{"rendered":"https:\/\/www.notibras.com\/site\/?p=380592"},"modified":"2026-01-26T03:44:13","modified_gmt":"2026-01-26T06:44:13","slug":"por-que-os-espacos-que-deveriam-proteger-sao-os-que-mais-adoecem","status":"publish","type":"post","link":"https:\/\/www.notibras.com\/site\/por-que-os-espacos-que-deveriam-proteger-sao-os-que-mais-adoecem\/","title":{"rendered":"Por que os espa\u00e7os que deveriam proteger s\u00e3o os que mais adoecem"},"content":{"rendered":"<p>Espa\u00e7os como a universidade e os ambientes p\u00fablicos n\u00e3o s\u00e3o neutros. Eles s\u00e3o atravessados por rela\u00e7\u00f5es de poder, hierarquias simb\u00f3licas e viol\u00eancias naturalizadas. Para mulheres, esses espa\u00e7os costumam ser especialmente hostis porque exigem presen\u00e7a constante sem oferecer cuidado algum. Exigem produ\u00e7\u00e3o, desempenho, sil\u00eancio e resist\u00eancia, mas raramente acolhem a vida que existe por tr\u00e1s dos corpos que os ocupam.<\/p>\n<p>N\u00f3s crescemos acreditando que a universidade \u00e9 lugar de pensamento cr\u00edtico, liberdade intelectual e emancipa\u00e7\u00e3o. Mas, na pr\u00e1tica, ela opera muitas vezes como uma m\u00e1quina de normaliza\u00e7\u00e3o. O meio acad\u00eamico cobra excel\u00eancia enquanto ignora sofrimento. Valoriza curr\u00edculos, m\u00e9tricas e produtividade, mas desconsidera luto, adoecimento, viol\u00eancia, sobrecarga e desigualdade. A vida real \u00e9 tratada como ru\u00eddo.<\/p>\n<p>Para mulheres, isso se agrava. N\u00f3s carregamos o peso da expectativa de sermos brilhantes, organizadas, resilientes, emocionalmente controladas e sempre dispon\u00edveis. Quando falhamos ou apenas adoecemos somos vistas como fracas, inst\u00e1veis ou pouco profissionais. A dor vira incompet\u00eancia. A vulnerabilidade vira risco.<\/p>\n<p>Pierre Bourdieu j\u00e1 mostrava que institui\u00e7\u00f5es reproduzem viol\u00eancias simb\u00f3licas ao fingirem neutralidade. A universidade n\u00e3o \u00e9 exce\u00e7\u00e3o. Ela premia quem consegue separar brutalmente vida e trabalho, como se isso fosse poss\u00edvel para todos. Mas n\u00e3o \u00e9. Especialmente n\u00e3o \u00e9 para mulheres que enfrentam ass\u00e9dio, discrimina\u00e7\u00e3o, maternidade, jornadas m\u00faltiplas e a constante necessidade de provar legitimidade.<\/p>\n<p>H\u00e1 ainda o sil\u00eancio institucional. Casos de ass\u00e9dio s\u00e3o abafados. Den\u00fancias se arrastam. A reputa\u00e7\u00e3o da institui\u00e7\u00e3o pesa mais do que a vida de quem sofre. O sofrimento ps\u00edquico \u00e9 tratado como problema individual, nunca como sintoma estrutural. Como se a culpa fosse sempre de quem n\u00e3o aguentou.<\/p>\n<p>Byung-Chul Han fala de uma sociedade do desempenho, onde o sujeito se explora a si mesmo at\u00e9 o esgotamento. Na academia, isso \u00e9 elevado \u00e0 virtude. A exaust\u00e3o vira m\u00e9rito. O adoecimento vira fracasso. E assim, pouco a pouco, o espa\u00e7o que deveria produzir conhecimento passa a produzir sofrimento.<\/p>\n<p>N\u00e3o \u00e9 coincid\u00eancia que os \u00edndices de ansiedade, depress\u00e3o e suic\u00eddio estejam aumentando nesses ambientes. Quando a vida n\u00e3o importa, quando a dor n\u00e3o \u00e9 escutada, quando o valor de algu\u00e9m se mede apenas pelo que produz, a exist\u00eancia se torna pesada demais. N\u00e3o \u00e9 que as pessoas n\u00e3o queiram viver \u00e9 que viver nesses moldes se torna insuport\u00e1vel.<\/p>\n<p>N\u00f3s precisamos dizer isso com clareza:<\/p>\n<p>o problema n\u00e3o s\u00e3o indiv\u00edduos fr\u00e1geis.<\/p>\n<p>O problema s\u00e3o estruturas desumanizantes.<\/p>\n<p>Enquanto universidades e espa\u00e7os p\u00fablicos continuarem tratando a vida como obst\u00e1culo \u00e0 produtividade, continuar\u00e3o adoecendo quem tenta existir com dignidade dentro deles. Cuidar da sa\u00fade mental n\u00e3o \u00e9 favor, n\u00e3o \u00e9 concess\u00e3o \u00e9 responsabilidade pol\u00edtica e \u00e9tica.<\/p>\n<p>Pensar criticamente o mundo come\u00e7a por reconhecer que conhecimento sem cuidado n\u00e3o emancipa. Apenas machuca com linguagem sofisticada.<\/p>\n<p>E n\u00f3s j\u00e1 estamos cansadas de sobreviver onde dever\u00edamos poder viver.<\/p>\n","protected":false},"excerpt":{"rendered":"<p>Espa\u00e7os como a universidade e os ambientes p\u00fablicos n\u00e3o s\u00e3o neutros. Eles s\u00e3o atravessados por rela\u00e7\u00f5es de poder, hierarquias simb\u00f3licas e viol\u00eancias naturalizadas. Para mulheres, esses espa\u00e7os costumam ser especialmente hostis porque exigem presen\u00e7a constante sem oferecer cuidado algum. Exigem produ\u00e7\u00e3o, desempenho, sil\u00eancio e resist\u00eancia, mas raramente acolhem a vida que existe por tr\u00e1s dos [&hellip;]<\/p>\n","protected":false},"author":21,"featured_media":380593,"comment_status":"closed","ping_status":"closed","sticky":false,"template":"","format":"standard","meta":{"_acf_changed":false,"footnotes":""},"categories":[236],"tags":[],"class_list":["post-380592","post","type-post","status-publish","format-standard","has-post-thumbnail","hentry","category-ponto-de-vista"],"acf":[],"yoast_head":"<!-- This site is optimized with the Yoast SEO plugin v27.2 - https:\/\/yoast.com\/product\/yoast-seo-wordpress\/ -->\n<title>Por que os espa\u00e7os que deveriam proteger s\u00e3o os que mais adoecem - Notibras<\/title>\n<meta name=\"robots\" content=\"index, follow, max-snippet:-1, max-image-preview:large, max-video-preview:-1\" \/>\n<link rel=\"canonical\" href=\"https:\/\/www.notibras.com\/site\/por-que-os-espacos-que-deveriam-proteger-sao-os-que-mais-adoecem\/\" \/>\n<meta property=\"og:locale\" content=\"pt_BR\" \/>\n<meta property=\"og:type\" content=\"article\" \/>\n<meta property=\"og:title\" content=\"Por que os espa\u00e7os que deveriam proteger s\u00e3o os que mais adoecem - Notibras\" \/>\n<meta property=\"og:description\" content=\"Espa\u00e7os como a universidade e os ambientes p\u00fablicos n\u00e3o s\u00e3o neutros. Eles s\u00e3o atravessados por rela\u00e7\u00f5es de poder, hierarquias simb\u00f3licas e viol\u00eancias naturalizadas. Para mulheres, esses espa\u00e7os costumam ser especialmente hostis porque exigem presen\u00e7a constante sem oferecer cuidado algum. Exigem produ\u00e7\u00e3o, desempenho, sil\u00eancio e resist\u00eancia, mas raramente acolhem a vida que existe por tr\u00e1s dos [&hellip;]\" \/>\n<meta property=\"og:url\" content=\"https:\/\/www.notibras.com\/site\/por-que-os-espacos-que-deveriam-proteger-sao-os-que-mais-adoecem\/\" \/>\n<meta property=\"og:site_name\" content=\"Notibras\" \/>\n<meta property=\"article:publisher\" content=\"https:\/\/www.facebook.com\/notibras\/\" \/>\n<meta property=\"article:published_time\" content=\"2026-01-28T05:00:12+00:00\" \/>\n<meta property=\"og:image\" content=\"https:\/\/www.notibras.com\/site\/wp-content\/uploads\/2026\/01\/IMG_0622.jpg\" \/>\n\t<meta property=\"og:image:width\" content=\"1023\" \/>\n\t<meta property=\"og:image:height\" content=\"930\" \/>\n\t<meta property=\"og:image:type\" content=\"image\/jpeg\" \/>\n<meta name=\"author\" content=\"Eduardo Mart\u00ednez\" \/>\n<meta name=\"twitter:card\" content=\"summary_large_image\" \/>\n<meta name=\"twitter:creator\" content=\"@Notibras\" \/>\n<meta name=\"twitter:site\" content=\"@Notibras\" \/>\n<meta name=\"twitter:label1\" content=\"Escrito por\" \/>\n\t<meta name=\"twitter:data1\" content=\"Eduardo Mart\u00ednez\" \/>\n\t<meta name=\"twitter:label2\" content=\"Est. tempo de leitura\" \/>\n\t<meta name=\"twitter:data2\" content=\"3 minutos\" \/>\n<script type=\"application\/ld+json\" class=\"yoast-schema-graph\">{\"@context\":\"https:\/\/schema.org\",\"@graph\":[{\"@type\":\"Article\",\"@id\":\"https:\/\/www.notibras.com\/site\/por-que-os-espacos-que-deveriam-proteger-sao-os-que-mais-adoecem\/#article\",\"isPartOf\":{\"@id\":\"https:\/\/www.notibras.com\/site\/por-que-os-espacos-que-deveriam-proteger-sao-os-que-mais-adoecem\/\"},\"author\":{\"name\":\"Eduardo Mart\u00ednez\",\"@id\":\"https:\/\/www.notibras.com\/site\/#\/schema\/person\/5b7fabf2aedc3ada2105f03b22b4d3dd\"},\"headline\":\"Por que os espa\u00e7os que deveriam proteger s\u00e3o os que mais adoecem\",\"datePublished\":\"2026-01-28T05:00:12+00:00\",\"mainEntityOfPage\":{\"@id\":\"https:\/\/www.notibras.com\/site\/por-que-os-espacos-que-deveriam-proteger-sao-os-que-mais-adoecem\/\"},\"wordCount\":530,\"publisher\":{\"@id\":\"https:\/\/www.notibras.com\/site\/#organization\"},\"image\":{\"@id\":\"https:\/\/www.notibras.com\/site\/por-que-os-espacos-que-deveriam-proteger-sao-os-que-mais-adoecem\/#primaryimage\"},\"thumbnailUrl\":\"https:\/\/www.notibras.com\/site\/wp-content\/uploads\/2026\/01\/IMG_0622.jpg\",\"articleSection\":[\"Ponto de Vista\"],\"inLanguage\":\"pt-BR\"},{\"@type\":\"WebPage\",\"@id\":\"https:\/\/www.notibras.com\/site\/por-que-os-espacos-que-deveriam-proteger-sao-os-que-mais-adoecem\/\",\"url\":\"https:\/\/www.notibras.com\/site\/por-que-os-espacos-que-deveriam-proteger-sao-os-que-mais-adoecem\/\",\"name\":\"Por que os espa\u00e7os que deveriam proteger s\u00e3o os que mais adoecem - Notibras\",\"isPartOf\":{\"@id\":\"https:\/\/www.notibras.com\/site\/#website\"},\"primaryImageOfPage\":{\"@id\":\"https:\/\/www.notibras.com\/site\/por-que-os-espacos-que-deveriam-proteger-sao-os-que-mais-adoecem\/#primaryimage\"},\"image\":{\"@id\":\"https:\/\/www.notibras.com\/site\/por-que-os-espacos-que-deveriam-proteger-sao-os-que-mais-adoecem\/#primaryimage\"},\"thumbnailUrl\":\"https:\/\/www.notibras.com\/site\/wp-content\/uploads\/2026\/01\/IMG_0622.jpg\",\"datePublished\":\"2026-01-28T05:00:12+00:00\",\"breadcrumb\":{\"@id\":\"https:\/\/www.notibras.com\/site\/por-que-os-espacos-que-deveriam-proteger-sao-os-que-mais-adoecem\/#breadcrumb\"},\"inLanguage\":\"pt-BR\",\"potentialAction\":[{\"@type\":\"ReadAction\",\"target\":[\"https:\/\/www.notibras.com\/site\/por-que-os-espacos-que-deveriam-proteger-sao-os-que-mais-adoecem\/\"]}]},{\"@type\":\"ImageObject\",\"inLanguage\":\"pt-BR\",\"@id\":\"https:\/\/www.notibras.com\/site\/por-que-os-espacos-que-deveriam-proteger-sao-os-que-mais-adoecem\/#primaryimage\",\"url\":\"https:\/\/www.notibras.com\/site\/wp-content\/uploads\/2026\/01\/IMG_0622.jpg\",\"contentUrl\":\"https:\/\/www.notibras.com\/site\/wp-content\/uploads\/2026\/01\/IMG_0622.jpg\",\"width\":1023,\"height\":930},{\"@type\":\"BreadcrumbList\",\"@id\":\"https:\/\/www.notibras.com\/site\/por-que-os-espacos-que-deveriam-proteger-sao-os-que-mais-adoecem\/#breadcrumb\",\"itemListElement\":[{\"@type\":\"ListItem\",\"position\":1,\"name\":\"In\u00edcio\",\"item\":\"https:\/\/www.notibras.com\/site\/\"},{\"@type\":\"ListItem\",\"position\":2,\"name\":\"Por que os espa\u00e7os que deveriam proteger s\u00e3o os que mais adoecem\"}]},{\"@type\":\"WebSite\",\"@id\":\"https:\/\/www.notibras.com\/site\/#website\",\"url\":\"https:\/\/www.notibras.com\/site\/\",\"name\":\"Notibras\",\"description\":\"Not\u00edcias de Bras\u00edlia, do Brasil e do Mundo\",\"publisher\":{\"@id\":\"https:\/\/www.notibras.com\/site\/#organization\"},\"potentialAction\":[{\"@type\":\"SearchAction\",\"target\":{\"@type\":\"EntryPoint\",\"urlTemplate\":\"https:\/\/www.notibras.com\/site\/?s={search_term_string}\"},\"query-input\":{\"@type\":\"PropertyValueSpecification\",\"valueRequired\":true,\"valueName\":\"search_term_string\"}}],\"inLanguage\":\"pt-BR\"},{\"@type\":\"Organization\",\"@id\":\"https:\/\/www.notibras.com\/site\/#organization\",\"name\":\"Grupo Notibras de Comunica\u00e7\u00e3o\",\"url\":\"https:\/\/www.notibras.com\/site\/\",\"logo\":{\"@type\":\"ImageObject\",\"inLanguage\":\"pt-BR\",\"@id\":\"https:\/\/www.notibras.com\/site\/#\/schema\/logo\/image\/\",\"url\":\"https:\/\/www.notibras.com\/site\/wp-content\/uploads\/2023\/01\/notibras23.png\",\"contentUrl\":\"https:\/\/www.notibras.com\/site\/wp-content\/uploads\/2023\/01\/notibras23.png\",\"width\":350,\"height\":87,\"caption\":\"Grupo Notibras de Comunica\u00e7\u00e3o\"},\"image\":{\"@id\":\"https:\/\/www.notibras.com\/site\/#\/schema\/logo\/image\/\"},\"sameAs\":[\"https:\/\/www.facebook.com\/notibras\/\",\"https:\/\/x.com\/Notibras\",\"https:\/\/www.instagram.com\/notibras\/\"]},{\"@type\":\"Person\",\"@id\":\"https:\/\/www.notibras.com\/site\/#\/schema\/person\/5b7fabf2aedc3ada2105f03b22b4d3dd\",\"name\":\"Eduardo Mart\u00ednez\",\"image\":{\"@type\":\"ImageObject\",\"inLanguage\":\"pt-BR\",\"@id\":\"https:\/\/secure.gravatar.com\/avatar\/7902f906289926289cbcda644b5197c796b893c6ffd7b9a536a42d290f7704a0?s=96&d=mm&r=g\",\"url\":\"https:\/\/secure.gravatar.com\/avatar\/7902f906289926289cbcda644b5197c796b893c6ffd7b9a536a42d290f7704a0?s=96&d=mm&r=g\",\"contentUrl\":\"https:\/\/secure.gravatar.com\/avatar\/7902f906289926289cbcda644b5197c796b893c6ffd7b9a536a42d290f7704a0?s=96&d=mm&r=g\",\"caption\":\"Eduardo Mart\u00ednez\"}}]}<\/script>\n<!-- \/ Yoast SEO plugin. -->","yoast_head_json":{"title":"Por que os espa\u00e7os que deveriam proteger s\u00e3o os que mais adoecem - Notibras","robots":{"index":"index","follow":"follow","max-snippet":"max-snippet:-1","max-image-preview":"max-image-preview:large","max-video-preview":"max-video-preview:-1"},"canonical":"https:\/\/www.notibras.com\/site\/por-que-os-espacos-que-deveriam-proteger-sao-os-que-mais-adoecem\/","og_locale":"pt_BR","og_type":"article","og_title":"Por que os espa\u00e7os que deveriam proteger s\u00e3o os que mais adoecem - Notibras","og_description":"Espa\u00e7os como a universidade e os ambientes p\u00fablicos n\u00e3o s\u00e3o neutros. Eles s\u00e3o atravessados por rela\u00e7\u00f5es de poder, hierarquias simb\u00f3licas e viol\u00eancias naturalizadas. Para mulheres, esses espa\u00e7os costumam ser especialmente hostis porque exigem presen\u00e7a constante sem oferecer cuidado algum. Exigem produ\u00e7\u00e3o, desempenho, sil\u00eancio e resist\u00eancia, mas raramente acolhem a vida que existe por tr\u00e1s dos [&hellip;]","og_url":"https:\/\/www.notibras.com\/site\/por-que-os-espacos-que-deveriam-proteger-sao-os-que-mais-adoecem\/","og_site_name":"Notibras","article_publisher":"https:\/\/www.facebook.com\/notibras\/","article_published_time":"2026-01-28T05:00:12+00:00","og_image":[{"width":1023,"height":930,"url":"https:\/\/www.notibras.com\/site\/wp-content\/uploads\/2026\/01\/IMG_0622.jpg","type":"image\/jpeg"}],"author":"Eduardo Mart\u00ednez","twitter_card":"summary_large_image","twitter_creator":"@Notibras","twitter_site":"@Notibras","twitter_misc":{"Escrito por":"Eduardo Mart\u00ednez","Est. tempo de leitura":"3 minutos"},"schema":{"@context":"https:\/\/schema.org","@graph":[{"@type":"Article","@id":"https:\/\/www.notibras.com\/site\/por-que-os-espacos-que-deveriam-proteger-sao-os-que-mais-adoecem\/#article","isPartOf":{"@id":"https:\/\/www.notibras.com\/site\/por-que-os-espacos-que-deveriam-proteger-sao-os-que-mais-adoecem\/"},"author":{"name":"Eduardo Mart\u00ednez","@id":"https:\/\/www.notibras.com\/site\/#\/schema\/person\/5b7fabf2aedc3ada2105f03b22b4d3dd"},"headline":"Por que os espa\u00e7os que deveriam proteger s\u00e3o os que mais adoecem","datePublished":"2026-01-28T05:00:12+00:00","mainEntityOfPage":{"@id":"https:\/\/www.notibras.com\/site\/por-que-os-espacos-que-deveriam-proteger-sao-os-que-mais-adoecem\/"},"wordCount":530,"publisher":{"@id":"https:\/\/www.notibras.com\/site\/#organization"},"image":{"@id":"https:\/\/www.notibras.com\/site\/por-que-os-espacos-que-deveriam-proteger-sao-os-que-mais-adoecem\/#primaryimage"},"thumbnailUrl":"https:\/\/www.notibras.com\/site\/wp-content\/uploads\/2026\/01\/IMG_0622.jpg","articleSection":["Ponto de Vista"],"inLanguage":"pt-BR"},{"@type":"WebPage","@id":"https:\/\/www.notibras.com\/site\/por-que-os-espacos-que-deveriam-proteger-sao-os-que-mais-adoecem\/","url":"https:\/\/www.notibras.com\/site\/por-que-os-espacos-que-deveriam-proteger-sao-os-que-mais-adoecem\/","name":"Por que os espa\u00e7os que deveriam proteger s\u00e3o os que mais adoecem - Notibras","isPartOf":{"@id":"https:\/\/www.notibras.com\/site\/#website"},"primaryImageOfPage":{"@id":"https:\/\/www.notibras.com\/site\/por-que-os-espacos-que-deveriam-proteger-sao-os-que-mais-adoecem\/#primaryimage"},"image":{"@id":"https:\/\/www.notibras.com\/site\/por-que-os-espacos-que-deveriam-proteger-sao-os-que-mais-adoecem\/#primaryimage"},"thumbnailUrl":"https:\/\/www.notibras.com\/site\/wp-content\/uploads\/2026\/01\/IMG_0622.jpg","datePublished":"2026-01-28T05:00:12+00:00","breadcrumb":{"@id":"https:\/\/www.notibras.com\/site\/por-que-os-espacos-que-deveriam-proteger-sao-os-que-mais-adoecem\/#breadcrumb"},"inLanguage":"pt-BR","potentialAction":[{"@type":"ReadAction","target":["https:\/\/www.notibras.com\/site\/por-que-os-espacos-que-deveriam-proteger-sao-os-que-mais-adoecem\/"]}]},{"@type":"ImageObject","inLanguage":"pt-BR","@id":"https:\/\/www.notibras.com\/site\/por-que-os-espacos-que-deveriam-proteger-sao-os-que-mais-adoecem\/#primaryimage","url":"https:\/\/www.notibras.com\/site\/wp-content\/uploads\/2026\/01\/IMG_0622.jpg","contentUrl":"https:\/\/www.notibras.com\/site\/wp-content\/uploads\/2026\/01\/IMG_0622.jpg","width":1023,"height":930},{"@type":"BreadcrumbList","@id":"https:\/\/www.notibras.com\/site\/por-que-os-espacos-que-deveriam-proteger-sao-os-que-mais-adoecem\/#breadcrumb","itemListElement":[{"@type":"ListItem","position":1,"name":"In\u00edcio","item":"https:\/\/www.notibras.com\/site\/"},{"@type":"ListItem","position":2,"name":"Por que os espa\u00e7os que deveriam proteger s\u00e3o os que mais adoecem"}]},{"@type":"WebSite","@id":"https:\/\/www.notibras.com\/site\/#website","url":"https:\/\/www.notibras.com\/site\/","name":"Notibras","description":"Not\u00edcias de Bras\u00edlia, do Brasil e do Mundo","publisher":{"@id":"https:\/\/www.notibras.com\/site\/#organization"},"potentialAction":[{"@type":"SearchAction","target":{"@type":"EntryPoint","urlTemplate":"https:\/\/www.notibras.com\/site\/?s={search_term_string}"},"query-input":{"@type":"PropertyValueSpecification","valueRequired":true,"valueName":"search_term_string"}}],"inLanguage":"pt-BR"},{"@type":"Organization","@id":"https:\/\/www.notibras.com\/site\/#organization","name":"Grupo Notibras de Comunica\u00e7\u00e3o","url":"https:\/\/www.notibras.com\/site\/","logo":{"@type":"ImageObject","inLanguage":"pt-BR","@id":"https:\/\/www.notibras.com\/site\/#\/schema\/logo\/image\/","url":"https:\/\/www.notibras.com\/site\/wp-content\/uploads\/2023\/01\/notibras23.png","contentUrl":"https:\/\/www.notibras.com\/site\/wp-content\/uploads\/2023\/01\/notibras23.png","width":350,"height":87,"caption":"Grupo Notibras de Comunica\u00e7\u00e3o"},"image":{"@id":"https:\/\/www.notibras.com\/site\/#\/schema\/logo\/image\/"},"sameAs":["https:\/\/www.facebook.com\/notibras\/","https:\/\/x.com\/Notibras","https:\/\/www.instagram.com\/notibras\/"]},{"@type":"Person","@id":"https:\/\/www.notibras.com\/site\/#\/schema\/person\/5b7fabf2aedc3ada2105f03b22b4d3dd","name":"Eduardo Mart\u00ednez","image":{"@type":"ImageObject","inLanguage":"pt-BR","@id":"https:\/\/secure.gravatar.com\/avatar\/7902f906289926289cbcda644b5197c796b893c6ffd7b9a536a42d290f7704a0?s=96&d=mm&r=g","url":"https:\/\/secure.gravatar.com\/avatar\/7902f906289926289cbcda644b5197c796b893c6ffd7b9a536a42d290f7704a0?s=96&d=mm&r=g","contentUrl":"https:\/\/secure.gravatar.com\/avatar\/7902f906289926289cbcda644b5197c796b893c6ffd7b9a536a42d290f7704a0?s=96&d=mm&r=g","caption":"Eduardo Mart\u00ednez"}}]}},"amp_enabled":true,"_links":{"self":[{"href":"https:\/\/www.notibras.com\/site\/wp-json\/wp\/v2\/posts\/380592","targetHints":{"allow":["GET"]}}],"collection":[{"href":"https:\/\/www.notibras.com\/site\/wp-json\/wp\/v2\/posts"}],"about":[{"href":"https:\/\/www.notibras.com\/site\/wp-json\/wp\/v2\/types\/post"}],"author":[{"embeddable":true,"href":"https:\/\/www.notibras.com\/site\/wp-json\/wp\/v2\/users\/21"}],"replies":[{"embeddable":true,"href":"https:\/\/www.notibras.com\/site\/wp-json\/wp\/v2\/comments?post=380592"}],"version-history":[{"count":2,"href":"https:\/\/www.notibras.com\/site\/wp-json\/wp\/v2\/posts\/380592\/revisions"}],"predecessor-version":[{"id":380595,"href":"https:\/\/www.notibras.com\/site\/wp-json\/wp\/v2\/posts\/380592\/revisions\/380595"}],"wp:featuredmedia":[{"embeddable":true,"href":"https:\/\/www.notibras.com\/site\/wp-json\/wp\/v2\/media\/380593"}],"wp:attachment":[{"href":"https:\/\/www.notibras.com\/site\/wp-json\/wp\/v2\/media?parent=380592"}],"wp:term":[{"taxonomy":"category","embeddable":true,"href":"https:\/\/www.notibras.com\/site\/wp-json\/wp\/v2\/categories?post=380592"},{"taxonomy":"post_tag","embeddable":true,"href":"https:\/\/www.notibras.com\/site\/wp-json\/wp\/v2\/tags?post=380592"}],"curies":[{"name":"wp","href":"https:\/\/api.w.org\/{rel}","templated":true}]}}