{"id":380596,"date":"2026-01-26T02:15:58","date_gmt":"2026-01-26T05:15:58","guid":{"rendered":"https:\/\/www.notibras.com\/site\/?p=380596"},"modified":"2026-01-26T03:54:37","modified_gmt":"2026-01-26T06:54:37","slug":"o-fascismo-e-uma-ameaca-a-humanidade","status":"publish","type":"post","link":"https:\/\/www.notibras.com\/site\/o-fascismo-e-uma-ameaca-a-humanidade\/","title":{"rendered":"O fascismo \u00e9 uma amea\u00e7a \u00e0 humanidade"},"content":{"rendered":"<p>O fascismo foi um regime autorit\u00e1rio e violento que marcou o s\u00e9culo XX como um dos per\u00edodos mais sombrios da hist\u00f3ria. Sob uma m\u00e1scara de ordem e progresso, ele destruiu as liberdades individuais e instalou o medo, utilizando a repress\u00e3o estatal e a tortura para silenciar qualquer pessoa que pensasse diferente. A busca por uma &#8220;unidade nacional&#8221; serviu apenas como desculpa para perseguir minorias e eliminar o direito fundamental \u00e0 oposi\u00e7\u00e3o.<\/p>\n<p>A estrutura fascista baseou-se no culto fan\u00e1tico a l\u00edderes ditatoriais que manipulavam a popula\u00e7\u00e3o atrav\u00e9s de propagandas enganosas e discursos de \u00f3dio. Em vez de promover o bem-estar real, o regime drenava os recursos do pa\u00eds para alimentar m\u00e1quinas de guerra e mil\u00edcias paramilitares. A vida privada era invadida e a censura impedia o acesso \u00e0 verdade, transformando a sociedade em um ambiente de vigil\u00e2ncia constante e dela\u00e7\u00e3o entre vizinhos.<\/p>\n<p>A ideologia fascista \u00e9 inerentemente excludente e perigosa, pois sobrep\u00f5e o Estado \u00e0 dignidade humana. Ao rejeitar o di\u00e1logo e a democracia, ela pavimentou o caminho para conflitos catastr\u00f3ficos, como a Segunda Guerra Mundial, e resultou no exterm\u00ednio sistem\u00e1tico de milh\u00f5es de pessoas. O controle absoluto sobre a educa\u00e7\u00e3o e a cultura visava desumanizar o &#8220;outro&#8221;, justificando atrocidades em nome de uma suposta superioridade nacional ou racial.<\/p>\n<p>Recordar os horrores do fascismo \u00e9 um dever \u00e9tico para evitar que o extremismo e a intoler\u00e2ncia voltem a ganhar espa\u00e7o. A defesa da democracia e dos direitos humanos \u00e9 a \u00fanica barreira eficaz contra a barb\u00e1rie que esse sistema representa. E para aqueles que tanto reclamam da democracia, basta lembrarmos que ela \u00e9 um sistema falho, frequentemente tida como a op\u00e7\u00e3o &#8220;menos ruim&#8221; ou mais justa entre as formas de governo existentes. Inspirada pela famosa cita\u00e7\u00e3o de Winston Churchill, que a descreveu como o pior regime, com exce\u00e7\u00e3o de todos os outros j\u00e1 tentados, ela representa um processo cont\u00ednuo de avalia\u00e7\u00e3o. Apesar de problemas de representa\u00e7\u00e3o e desafios socioecon\u00f4micos, a democracia prioriza valores essenciais como a liberdade, a igualdade e a dignidade humana.<\/p>\n","protected":false},"excerpt":{"rendered":"<p>O fascismo foi um regime autorit\u00e1rio e violento que marcou o s\u00e9culo XX como um dos per\u00edodos mais sombrios da hist\u00f3ria. Sob uma m\u00e1scara de ordem e progresso, ele destruiu as liberdades individuais e instalou o medo, utilizando a repress\u00e3o estatal e a tortura para silenciar qualquer pessoa que pensasse diferente. A busca por uma [&hellip;]<\/p>\n","protected":false},"author":21,"featured_media":380597,"comment_status":"closed","ping_status":"closed","sticky":false,"template":"","format":"standard","meta":{"_acf_changed":false,"footnotes":""},"categories":[236],"tags":[],"class_list":["post-380596","post","type-post","status-publish","format-standard","has-post-thumbnail","hentry","category-ponto-de-vista"],"acf":[],"yoast_head":"<!-- This site is optimized with the Yoast SEO plugin v27.2 - https:\/\/yoast.com\/product\/yoast-seo-wordpress\/ -->\n<title>O fascismo \u00e9 uma amea\u00e7a \u00e0 humanidade - Notibras<\/title>\n<meta name=\"robots\" content=\"index, follow, max-snippet:-1, max-image-preview:large, max-video-preview:-1\" \/>\n<link rel=\"canonical\" href=\"https:\/\/www.notibras.com\/site\/o-fascismo-e-uma-ameaca-a-humanidade\/\" \/>\n<meta property=\"og:locale\" content=\"pt_BR\" \/>\n<meta property=\"og:type\" content=\"article\" \/>\n<meta property=\"og:title\" content=\"O fascismo \u00e9 uma amea\u00e7a \u00e0 humanidade - Notibras\" \/>\n<meta property=\"og:description\" content=\"O fascismo foi um regime autorit\u00e1rio e violento que marcou o s\u00e9culo XX como um dos per\u00edodos mais sombrios da hist\u00f3ria. Sob uma m\u00e1scara de ordem e progresso, ele destruiu as liberdades individuais e instalou o medo, utilizando a repress\u00e3o estatal e a tortura para silenciar qualquer pessoa que pensasse diferente. A busca por uma [&hellip;]\" \/>\n<meta property=\"og:url\" content=\"https:\/\/www.notibras.com\/site\/o-fascismo-e-uma-ameaca-a-humanidade\/\" \/>\n<meta property=\"og:site_name\" content=\"Notibras\" \/>\n<meta property=\"article:publisher\" content=\"https:\/\/www.facebook.com\/notibras\/\" \/>\n<meta property=\"article:published_time\" content=\"2026-01-26T05:15:58+00:00\" \/>\n<meta property=\"article:modified_time\" content=\"2026-01-26T06:54:37+00:00\" \/>\n<meta property=\"og:image\" content=\"https:\/\/www.notibras.com\/site\/wp-content\/uploads\/2026\/01\/IMG_0623.jpg\" \/>\n\t<meta property=\"og:image:width\" content=\"927\" \/>\n\t<meta property=\"og:image:height\" content=\"959\" \/>\n\t<meta property=\"og:image:type\" content=\"image\/jpeg\" \/>\n<meta name=\"author\" content=\"Eduardo Mart\u00ednez\" \/>\n<meta name=\"twitter:card\" content=\"summary_large_image\" \/>\n<meta name=\"twitter:creator\" content=\"@Notibras\" \/>\n<meta name=\"twitter:site\" content=\"@Notibras\" \/>\n<meta name=\"twitter:label1\" content=\"Escrito por\" \/>\n\t<meta name=\"twitter:data1\" content=\"Eduardo Mart\u00ednez\" \/>\n\t<meta name=\"twitter:label2\" content=\"Est. tempo de leitura\" \/>\n\t<meta name=\"twitter:data2\" content=\"3 minutos\" \/>\n<script type=\"application\/ld+json\" class=\"yoast-schema-graph\">{\"@context\":\"https:\/\/schema.org\",\"@graph\":[{\"@type\":\"Article\",\"@id\":\"https:\/\/www.notibras.com\/site\/o-fascismo-e-uma-ameaca-a-humanidade\/#article\",\"isPartOf\":{\"@id\":\"https:\/\/www.notibras.com\/site\/o-fascismo-e-uma-ameaca-a-humanidade\/\"},\"author\":{\"name\":\"Eduardo Mart\u00ednez\",\"@id\":\"https:\/\/www.notibras.com\/site\/#\/schema\/person\/5b7fabf2aedc3ada2105f03b22b4d3dd\"},\"headline\":\"O fascismo \u00e9 uma amea\u00e7a \u00e0 humanidade\",\"datePublished\":\"2026-01-26T05:15:58+00:00\",\"dateModified\":\"2026-01-26T06:54:37+00:00\",\"mainEntityOfPage\":{\"@id\":\"https:\/\/www.notibras.com\/site\/o-fascismo-e-uma-ameaca-a-humanidade\/\"},\"wordCount\":364,\"publisher\":{\"@id\":\"https:\/\/www.notibras.com\/site\/#organization\"},\"image\":{\"@id\":\"https:\/\/www.notibras.com\/site\/o-fascismo-e-uma-ameaca-a-humanidade\/#primaryimage\"},\"thumbnailUrl\":\"https:\/\/www.notibras.com\/site\/wp-content\/uploads\/2026\/01\/IMG_0623.jpg\",\"articleSection\":[\"Ponto de Vista\"],\"inLanguage\":\"pt-BR\"},{\"@type\":\"WebPage\",\"@id\":\"https:\/\/www.notibras.com\/site\/o-fascismo-e-uma-ameaca-a-humanidade\/\",\"url\":\"https:\/\/www.notibras.com\/site\/o-fascismo-e-uma-ameaca-a-humanidade\/\",\"name\":\"O fascismo \u00e9 uma amea\u00e7a \u00e0 humanidade - Notibras\",\"isPartOf\":{\"@id\":\"https:\/\/www.notibras.com\/site\/#website\"},\"primaryImageOfPage\":{\"@id\":\"https:\/\/www.notibras.com\/site\/o-fascismo-e-uma-ameaca-a-humanidade\/#primaryimage\"},\"image\":{\"@id\":\"https:\/\/www.notibras.com\/site\/o-fascismo-e-uma-ameaca-a-humanidade\/#primaryimage\"},\"thumbnailUrl\":\"https:\/\/www.notibras.com\/site\/wp-content\/uploads\/2026\/01\/IMG_0623.jpg\",\"datePublished\":\"2026-01-26T05:15:58+00:00\",\"dateModified\":\"2026-01-26T06:54:37+00:00\",\"breadcrumb\":{\"@id\":\"https:\/\/www.notibras.com\/site\/o-fascismo-e-uma-ameaca-a-humanidade\/#breadcrumb\"},\"inLanguage\":\"pt-BR\",\"potentialAction\":[{\"@type\":\"ReadAction\",\"target\":[\"https:\/\/www.notibras.com\/site\/o-fascismo-e-uma-ameaca-a-humanidade\/\"]}]},{\"@type\":\"ImageObject\",\"inLanguage\":\"pt-BR\",\"@id\":\"https:\/\/www.notibras.com\/site\/o-fascismo-e-uma-ameaca-a-humanidade\/#primaryimage\",\"url\":\"https:\/\/www.notibras.com\/site\/wp-content\/uploads\/2026\/01\/IMG_0623.jpg\",\"contentUrl\":\"https:\/\/www.notibras.com\/site\/wp-content\/uploads\/2026\/01\/IMG_0623.jpg\",\"width\":927,\"height\":959},{\"@type\":\"BreadcrumbList\",\"@id\":\"https:\/\/www.notibras.com\/site\/o-fascismo-e-uma-ameaca-a-humanidade\/#breadcrumb\",\"itemListElement\":[{\"@type\":\"ListItem\",\"position\":1,\"name\":\"In\u00edcio\",\"item\":\"https:\/\/www.notibras.com\/site\/\"},{\"@type\":\"ListItem\",\"position\":2,\"name\":\"O fascismo \u00e9 uma amea\u00e7a \u00e0 humanidade\"}]},{\"@type\":\"WebSite\",\"@id\":\"https:\/\/www.notibras.com\/site\/#website\",\"url\":\"https:\/\/www.notibras.com\/site\/\",\"name\":\"Notibras\",\"description\":\"Not\u00edcias de Bras\u00edlia, do Brasil e do Mundo\",\"publisher\":{\"@id\":\"https:\/\/www.notibras.com\/site\/#organization\"},\"potentialAction\":[{\"@type\":\"SearchAction\",\"target\":{\"@type\":\"EntryPoint\",\"urlTemplate\":\"https:\/\/www.notibras.com\/site\/?s={search_term_string}\"},\"query-input\":{\"@type\":\"PropertyValueSpecification\",\"valueRequired\":true,\"valueName\":\"search_term_string\"}}],\"inLanguage\":\"pt-BR\"},{\"@type\":\"Organization\",\"@id\":\"https:\/\/www.notibras.com\/site\/#organization\",\"name\":\"Grupo Notibras de Comunica\u00e7\u00e3o\",\"url\":\"https:\/\/www.notibras.com\/site\/\",\"logo\":{\"@type\":\"ImageObject\",\"inLanguage\":\"pt-BR\",\"@id\":\"https:\/\/www.notibras.com\/site\/#\/schema\/logo\/image\/\",\"url\":\"https:\/\/www.notibras.com\/site\/wp-content\/uploads\/2023\/01\/notibras23.png\",\"contentUrl\":\"https:\/\/www.notibras.com\/site\/wp-content\/uploads\/2023\/01\/notibras23.png\",\"width\":350,\"height\":87,\"caption\":\"Grupo Notibras de Comunica\u00e7\u00e3o\"},\"image\":{\"@id\":\"https:\/\/www.notibras.com\/site\/#\/schema\/logo\/image\/\"},\"sameAs\":[\"https:\/\/www.facebook.com\/notibras\/\",\"https:\/\/x.com\/Notibras\",\"https:\/\/www.instagram.com\/notibras\/\"]},{\"@type\":\"Person\",\"@id\":\"https:\/\/www.notibras.com\/site\/#\/schema\/person\/5b7fabf2aedc3ada2105f03b22b4d3dd\",\"name\":\"Eduardo Mart\u00ednez\",\"image\":{\"@type\":\"ImageObject\",\"inLanguage\":\"pt-BR\",\"@id\":\"https:\/\/secure.gravatar.com\/avatar\/7902f906289926289cbcda644b5197c796b893c6ffd7b9a536a42d290f7704a0?s=96&d=mm&r=g\",\"url\":\"https:\/\/secure.gravatar.com\/avatar\/7902f906289926289cbcda644b5197c796b893c6ffd7b9a536a42d290f7704a0?s=96&d=mm&r=g\",\"contentUrl\":\"https:\/\/secure.gravatar.com\/avatar\/7902f906289926289cbcda644b5197c796b893c6ffd7b9a536a42d290f7704a0?s=96&d=mm&r=g\",\"caption\":\"Eduardo Mart\u00ednez\"}}]}<\/script>\n<!-- \/ Yoast SEO plugin. -->","yoast_head_json":{"title":"O fascismo \u00e9 uma amea\u00e7a \u00e0 humanidade - Notibras","robots":{"index":"index","follow":"follow","max-snippet":"max-snippet:-1","max-image-preview":"max-image-preview:large","max-video-preview":"max-video-preview:-1"},"canonical":"https:\/\/www.notibras.com\/site\/o-fascismo-e-uma-ameaca-a-humanidade\/","og_locale":"pt_BR","og_type":"article","og_title":"O fascismo \u00e9 uma amea\u00e7a \u00e0 humanidade - Notibras","og_description":"O fascismo foi um regime autorit\u00e1rio e violento que marcou o s\u00e9culo XX como um dos per\u00edodos mais sombrios da hist\u00f3ria. Sob uma m\u00e1scara de ordem e progresso, ele destruiu as liberdades individuais e instalou o medo, utilizando a repress\u00e3o estatal e a tortura para silenciar qualquer pessoa que pensasse diferente. A busca por uma [&hellip;]","og_url":"https:\/\/www.notibras.com\/site\/o-fascismo-e-uma-ameaca-a-humanidade\/","og_site_name":"Notibras","article_publisher":"https:\/\/www.facebook.com\/notibras\/","article_published_time":"2026-01-26T05:15:58+00:00","article_modified_time":"2026-01-26T06:54:37+00:00","og_image":[{"width":927,"height":959,"url":"https:\/\/www.notibras.com\/site\/wp-content\/uploads\/2026\/01\/IMG_0623.jpg","type":"image\/jpeg"}],"author":"Eduardo Mart\u00ednez","twitter_card":"summary_large_image","twitter_creator":"@Notibras","twitter_site":"@Notibras","twitter_misc":{"Escrito por":"Eduardo Mart\u00ednez","Est. tempo de leitura":"3 minutos"},"schema":{"@context":"https:\/\/schema.org","@graph":[{"@type":"Article","@id":"https:\/\/www.notibras.com\/site\/o-fascismo-e-uma-ameaca-a-humanidade\/#article","isPartOf":{"@id":"https:\/\/www.notibras.com\/site\/o-fascismo-e-uma-ameaca-a-humanidade\/"},"author":{"name":"Eduardo Mart\u00ednez","@id":"https:\/\/www.notibras.com\/site\/#\/schema\/person\/5b7fabf2aedc3ada2105f03b22b4d3dd"},"headline":"O fascismo \u00e9 uma amea\u00e7a \u00e0 humanidade","datePublished":"2026-01-26T05:15:58+00:00","dateModified":"2026-01-26T06:54:37+00:00","mainEntityOfPage":{"@id":"https:\/\/www.notibras.com\/site\/o-fascismo-e-uma-ameaca-a-humanidade\/"},"wordCount":364,"publisher":{"@id":"https:\/\/www.notibras.com\/site\/#organization"},"image":{"@id":"https:\/\/www.notibras.com\/site\/o-fascismo-e-uma-ameaca-a-humanidade\/#primaryimage"},"thumbnailUrl":"https:\/\/www.notibras.com\/site\/wp-content\/uploads\/2026\/01\/IMG_0623.jpg","articleSection":["Ponto de Vista"],"inLanguage":"pt-BR"},{"@type":"WebPage","@id":"https:\/\/www.notibras.com\/site\/o-fascismo-e-uma-ameaca-a-humanidade\/","url":"https:\/\/www.notibras.com\/site\/o-fascismo-e-uma-ameaca-a-humanidade\/","name":"O fascismo \u00e9 uma amea\u00e7a \u00e0 humanidade - Notibras","isPartOf":{"@id":"https:\/\/www.notibras.com\/site\/#website"},"primaryImageOfPage":{"@id":"https:\/\/www.notibras.com\/site\/o-fascismo-e-uma-ameaca-a-humanidade\/#primaryimage"},"image":{"@id":"https:\/\/www.notibras.com\/site\/o-fascismo-e-uma-ameaca-a-humanidade\/#primaryimage"},"thumbnailUrl":"https:\/\/www.notibras.com\/site\/wp-content\/uploads\/2026\/01\/IMG_0623.jpg","datePublished":"2026-01-26T05:15:58+00:00","dateModified":"2026-01-26T06:54:37+00:00","breadcrumb":{"@id":"https:\/\/www.notibras.com\/site\/o-fascismo-e-uma-ameaca-a-humanidade\/#breadcrumb"},"inLanguage":"pt-BR","potentialAction":[{"@type":"ReadAction","target":["https:\/\/www.notibras.com\/site\/o-fascismo-e-uma-ameaca-a-humanidade\/"]}]},{"@type":"ImageObject","inLanguage":"pt-BR","@id":"https:\/\/www.notibras.com\/site\/o-fascismo-e-uma-ameaca-a-humanidade\/#primaryimage","url":"https:\/\/www.notibras.com\/site\/wp-content\/uploads\/2026\/01\/IMG_0623.jpg","contentUrl":"https:\/\/www.notibras.com\/site\/wp-content\/uploads\/2026\/01\/IMG_0623.jpg","width":927,"height":959},{"@type":"BreadcrumbList","@id":"https:\/\/www.notibras.com\/site\/o-fascismo-e-uma-ameaca-a-humanidade\/#breadcrumb","itemListElement":[{"@type":"ListItem","position":1,"name":"In\u00edcio","item":"https:\/\/www.notibras.com\/site\/"},{"@type":"ListItem","position":2,"name":"O fascismo \u00e9 uma amea\u00e7a \u00e0 humanidade"}]},{"@type":"WebSite","@id":"https:\/\/www.notibras.com\/site\/#website","url":"https:\/\/www.notibras.com\/site\/","name":"Notibras","description":"Not\u00edcias de Bras\u00edlia, do Brasil e do Mundo","publisher":{"@id":"https:\/\/www.notibras.com\/site\/#organization"},"potentialAction":[{"@type":"SearchAction","target":{"@type":"EntryPoint","urlTemplate":"https:\/\/www.notibras.com\/site\/?s={search_term_string}"},"query-input":{"@type":"PropertyValueSpecification","valueRequired":true,"valueName":"search_term_string"}}],"inLanguage":"pt-BR"},{"@type":"Organization","@id":"https:\/\/www.notibras.com\/site\/#organization","name":"Grupo Notibras de Comunica\u00e7\u00e3o","url":"https:\/\/www.notibras.com\/site\/","logo":{"@type":"ImageObject","inLanguage":"pt-BR","@id":"https:\/\/www.notibras.com\/site\/#\/schema\/logo\/image\/","url":"https:\/\/www.notibras.com\/site\/wp-content\/uploads\/2023\/01\/notibras23.png","contentUrl":"https:\/\/www.notibras.com\/site\/wp-content\/uploads\/2023\/01\/notibras23.png","width":350,"height":87,"caption":"Grupo Notibras de Comunica\u00e7\u00e3o"},"image":{"@id":"https:\/\/www.notibras.com\/site\/#\/schema\/logo\/image\/"},"sameAs":["https:\/\/www.facebook.com\/notibras\/","https:\/\/x.com\/Notibras","https:\/\/www.instagram.com\/notibras\/"]},{"@type":"Person","@id":"https:\/\/www.notibras.com\/site\/#\/schema\/person\/5b7fabf2aedc3ada2105f03b22b4d3dd","name":"Eduardo Mart\u00ednez","image":{"@type":"ImageObject","inLanguage":"pt-BR","@id":"https:\/\/secure.gravatar.com\/avatar\/7902f906289926289cbcda644b5197c796b893c6ffd7b9a536a42d290f7704a0?s=96&d=mm&r=g","url":"https:\/\/secure.gravatar.com\/avatar\/7902f906289926289cbcda644b5197c796b893c6ffd7b9a536a42d290f7704a0?s=96&d=mm&r=g","contentUrl":"https:\/\/secure.gravatar.com\/avatar\/7902f906289926289cbcda644b5197c796b893c6ffd7b9a536a42d290f7704a0?s=96&d=mm&r=g","caption":"Eduardo Mart\u00ednez"}}]}},"amp_enabled":true,"_links":{"self":[{"href":"https:\/\/www.notibras.com\/site\/wp-json\/wp\/v2\/posts\/380596","targetHints":{"allow":["GET"]}}],"collection":[{"href":"https:\/\/www.notibras.com\/site\/wp-json\/wp\/v2\/posts"}],"about":[{"href":"https:\/\/www.notibras.com\/site\/wp-json\/wp\/v2\/types\/post"}],"author":[{"embeddable":true,"href":"https:\/\/www.notibras.com\/site\/wp-json\/wp\/v2\/users\/21"}],"replies":[{"embeddable":true,"href":"https:\/\/www.notibras.com\/site\/wp-json\/wp\/v2\/comments?post=380596"}],"version-history":[{"count":2,"href":"https:\/\/www.notibras.com\/site\/wp-json\/wp\/v2\/posts\/380596\/revisions"}],"predecessor-version":[{"id":380599,"href":"https:\/\/www.notibras.com\/site\/wp-json\/wp\/v2\/posts\/380596\/revisions\/380599"}],"wp:featuredmedia":[{"embeddable":true,"href":"https:\/\/www.notibras.com\/site\/wp-json\/wp\/v2\/media\/380597"}],"wp:attachment":[{"href":"https:\/\/www.notibras.com\/site\/wp-json\/wp\/v2\/media?parent=380596"}],"wp:term":[{"taxonomy":"category","embeddable":true,"href":"https:\/\/www.notibras.com\/site\/wp-json\/wp\/v2\/categories?post=380596"},{"taxonomy":"post_tag","embeddable":true,"href":"https:\/\/www.notibras.com\/site\/wp-json\/wp\/v2\/tags?post=380596"}],"curies":[{"name":"wp","href":"https:\/\/api.w.org\/{rel}","templated":true}]}}