{"id":380600,"date":"2026-01-27T02:30:45","date_gmt":"2026-01-27T05:30:45","guid":{"rendered":"https:\/\/www.notibras.com\/site\/?p=380600"},"modified":"2026-01-26T21:17:53","modified_gmt":"2026-01-27T00:17:53","slug":"daniel-marchi-e-eduardo-martinez-os-escritores-fora-do-cardapio","status":"publish","type":"post","link":"https:\/\/www.notibras.com\/site\/daniel-marchi-e-eduardo-martinez-os-escritores-fora-do-cardapio\/","title":{"rendered":"Daniel Marchi e Eduardo Mart\u00ednez, os escritores fora do card\u00e1pio"},"content":{"rendered":"<p>O texto de Cassiano Cond\u00e9, publicado em <strong>O Lado B da Literatura<\/strong>, no <strong>Caf\u00e9 Liter\u00e1rio<\/strong>, em 25 do corrente m\u00eas, \u00e9 uma an\u00e1lise precisa sobre a &#8220;guerrilha liter\u00e1ria&#8221; travada por Daniel Marchi e Eduardo Mart\u00ednez. Ao rotul\u00e1-los como escritores &#8220;fora do card\u00e1pio&#8221;, Cond\u00e9 exp\u00f5e uma realidade inc\u00f4moda: o mercado editorial brasileiro muitas vezes funciona como um restaurante de menu fixo, onde as grandes editoras decidem o que o p\u00fablico deve consumir, ignorando sabores mais aut\u00eanticos e independentes.<\/p>\n<p>O diferencial de Marchi e Mart\u00ednez n\u00e3o reside apenas no fato de produzirem literatura de alta qualidade \u00e0 margem do mainstream, mas na transforma\u00e7\u00e3o de sua exclus\u00e3o em uma plataforma de inclus\u00e3o. Eles n\u00e3o aceitaram o papel de &#8220;escritores invis\u00edveis&#8221;; em vez disso, criaram o <strong>Caf\u00e9 Liter\u00e1rio<\/strong>, um espa\u00e7o que subverte a l\u00f3gica da competi\u00e7\u00e3o para estabelecer uma l\u00f3gica de acolhimento. Ao buscarem dar voz a outros escritores, eles deixam de ser apenas autores para se tornarem curadores e impulsionadores de uma nova cena liter\u00e1ria.<\/p>\n<p>Essa postura rompe com o mito do escritor como um ser isolado em sua torre de marfim. Cond\u00e9 destaca que, para Marchi e Mart\u00ednez, a literatura \u00e9 um gesto de generosidade. Enquanto as grandes editoras buscam o &#8220;pr\u00f3ximo fen\u00f4meno de vendas&#8221;, a dupla foca no &#8220;texto bom que precisa ser lido&#8221;. Esse compromisso com a base, com o professor e com o leitor comum, \u00e9 o que permite que eles sejam lidos em escolas e comunidades, alcan\u00e7ando uma capilaridade que o marketing tradicional muitas vezes n\u00e3o consegue atingir.<\/p>\n<p>A an\u00e1lise de Cond\u00e9 tamb\u00e9m sugere que ser um escritor &#8220;fora do card\u00e1pio&#8221; em 2026 \u00e9, na verdade, uma posi\u00e7\u00e3o de privil\u00e9gio intelectual. Sem as amarras comerciais que exigem f\u00f3rmulas repetitivas, Marchi e Mart\u00ednez t\u00eam liberdade para explorar a cr\u00f4nica di\u00e1ria e o conto sem censura est\u00e9tica. Eles provam que a autoridade liter\u00e1ria hoje n\u00e3o emana de um selo na capa, mas da const\u00e2ncia e da honestidade do texto que chega ao leitor atrav\u00e9s do <strong>Caf\u00e9 Liter\u00e1rio<\/strong>.<\/p>\n<p>Outro ponto crucial \u00e9 a atua\u00e7\u00e3o como &#8220;abridores de janelas&#8221;. Ao utilizarem seus espa\u00e7os para enaltecer colegas, eles combatem o silenciamento imposto pelo eixo Rio-S\u00e3o Paulo. Essa rede de apoio m\u00fatuo, capitaneada por eles e por Cecilia Baumann, \u00e9 o que garante a sobreviv\u00eancia da bibliodiversidade no Brasil. Eles entenderam que, para a literatura independente prosperar, \u00e9 preciso criar um ecossistema onde o sucesso de um autor abra caminho para o pr\u00f3ximo.<\/p>\n<p>Em suma, Marchi e Mart\u00ednez s\u00e3o os oper\u00e1rios de uma literatura que se recusa a ser meramente decorativa. O texto de Cassiano Cond\u00e9 valida essa trajet\u00f3ria ao mostrar que o &#8220;Lado B&#8221; \u00e9, na verdade, o lado onde a vida pulsa sem filtros. Eles n\u00e3o est\u00e3o apenas escrevendo livros; est\u00e3o escrevendo uma nova forma de existir no mercado editorial, onde o compromisso maior \u00e9 com a verdade da palavra e com a democratiza\u00e7\u00e3o do acesso ao palco liter\u00e1rio.<\/p>\n<p><strong>&#8230;&#8230;&#8230;&#8230;&#8230;&#8230;&#8230;&#8230;&#8230;&#8230;&#8230;&#8230;&#8230;&#8230;..<\/strong><\/p>\n<p><strong>Link do texto do Cassiano Cond\u00e9: .<a href=\"https:\/\/www.notibras.com\/site\/marchi-e-martinez-o-italiano-que-se-juntou-ao-espanhol-e-deu-literatura\/\">https:\/\/www.notibras.com\/site\/marchi-e-martinez-o-italiano-que-se-juntou-ao-espanhol-e-deu-literatura\/<\/a><\/strong><\/p>\n","protected":false},"excerpt":{"rendered":"<p>O texto de Cassiano Cond\u00e9, publicado em O Lado B da Literatura, no Caf\u00e9 Liter\u00e1rio, em 25 do corrente m\u00eas, \u00e9 uma an\u00e1lise precisa sobre a &#8220;guerrilha liter\u00e1ria&#8221; travada por Daniel Marchi e Eduardo Mart\u00ednez. Ao rotul\u00e1-los como escritores &#8220;fora do card\u00e1pio&#8221;, Cond\u00e9 exp\u00f5e uma realidade inc\u00f4moda: o mercado editorial brasileiro muitas vezes funciona como [&hellip;]<\/p>\n","protected":false},"author":21,"featured_media":380601,"comment_status":"closed","ping_status":"closed","sticky":false,"template":"","format":"standard","meta":{"_acf_changed":false,"footnotes":""},"categories":[236],"tags":[],"class_list":["post-380600","post","type-post","status-publish","format-standard","has-post-thumbnail","hentry","category-ponto-de-vista"],"acf":[],"yoast_head":"<!-- This site is optimized with the Yoast SEO plugin v27.2 - https:\/\/yoast.com\/product\/yoast-seo-wordpress\/ -->\n<title>Daniel Marchi e Eduardo Mart\u00ednez, os escritores fora do card\u00e1pio - Notibras<\/title>\n<meta name=\"robots\" content=\"index, follow, max-snippet:-1, max-image-preview:large, max-video-preview:-1\" \/>\n<link rel=\"canonical\" href=\"https:\/\/www.notibras.com\/site\/daniel-marchi-e-eduardo-martinez-os-escritores-fora-do-cardapio\/\" \/>\n<meta property=\"og:locale\" content=\"pt_BR\" \/>\n<meta property=\"og:type\" content=\"article\" \/>\n<meta property=\"og:title\" content=\"Daniel Marchi e Eduardo Mart\u00ednez, os escritores fora do card\u00e1pio - Notibras\" \/>\n<meta property=\"og:description\" content=\"O texto de Cassiano Cond\u00e9, publicado em O Lado B da Literatura, no Caf\u00e9 Liter\u00e1rio, em 25 do corrente m\u00eas, \u00e9 uma an\u00e1lise precisa sobre a &#8220;guerrilha liter\u00e1ria&#8221; travada por Daniel Marchi e Eduardo Mart\u00ednez. Ao rotul\u00e1-los como escritores &#8220;fora do card\u00e1pio&#8221;, Cond\u00e9 exp\u00f5e uma realidade inc\u00f4moda: o mercado editorial brasileiro muitas vezes funciona como [&hellip;]\" \/>\n<meta property=\"og:url\" content=\"https:\/\/www.notibras.com\/site\/daniel-marchi-e-eduardo-martinez-os-escritores-fora-do-cardapio\/\" \/>\n<meta property=\"og:site_name\" content=\"Notibras\" \/>\n<meta property=\"article:publisher\" content=\"https:\/\/www.facebook.com\/notibras\/\" \/>\n<meta property=\"article:published_time\" content=\"2026-01-27T05:30:45+00:00\" \/>\n<meta property=\"og:image\" content=\"https:\/\/www.notibras.com\/site\/wp-content\/uploads\/2026\/01\/8be39925-2916-4c4f-baaf-90f8e962792d.jpg\" \/>\n\t<meta property=\"og:image:width\" content=\"815\" \/>\n\t<meta property=\"og:image:height\" content=\"947\" \/>\n\t<meta property=\"og:image:type\" content=\"image\/jpeg\" \/>\n<meta name=\"author\" content=\"Eduardo Mart\u00ednez\" \/>\n<meta name=\"twitter:card\" content=\"summary_large_image\" \/>\n<meta name=\"twitter:creator\" content=\"@Notibras\" \/>\n<meta name=\"twitter:site\" content=\"@Notibras\" \/>\n<meta name=\"twitter:label1\" content=\"Escrito por\" \/>\n\t<meta name=\"twitter:data1\" content=\"Eduardo Mart\u00ednez\" \/>\n\t<meta name=\"twitter:label2\" content=\"Est. tempo de leitura\" \/>\n\t<meta name=\"twitter:data2\" content=\"3 minutos\" \/>\n<script type=\"application\/ld+json\" class=\"yoast-schema-graph\">{\"@context\":\"https:\/\/schema.org\",\"@graph\":[{\"@type\":\"Article\",\"@id\":\"https:\/\/www.notibras.com\/site\/daniel-marchi-e-eduardo-martinez-os-escritores-fora-do-cardapio\/#article\",\"isPartOf\":{\"@id\":\"https:\/\/www.notibras.com\/site\/daniel-marchi-e-eduardo-martinez-os-escritores-fora-do-cardapio\/\"},\"author\":{\"name\":\"Eduardo Mart\u00ednez\",\"@id\":\"https:\/\/www.notibras.com\/site\/#\/schema\/person\/5b7fabf2aedc3ada2105f03b22b4d3dd\"},\"headline\":\"Daniel Marchi e Eduardo Mart\u00ednez, os escritores fora do card\u00e1pio\",\"datePublished\":\"2026-01-27T05:30:45+00:00\",\"mainEntityOfPage\":{\"@id\":\"https:\/\/www.notibras.com\/site\/daniel-marchi-e-eduardo-martinez-os-escritores-fora-do-cardapio\/\"},\"wordCount\":549,\"publisher\":{\"@id\":\"https:\/\/www.notibras.com\/site\/#organization\"},\"image\":{\"@id\":\"https:\/\/www.notibras.com\/site\/daniel-marchi-e-eduardo-martinez-os-escritores-fora-do-cardapio\/#primaryimage\"},\"thumbnailUrl\":\"https:\/\/www.notibras.com\/site\/wp-content\/uploads\/2026\/01\/8be39925-2916-4c4f-baaf-90f8e962792d.jpg\",\"articleSection\":[\"Ponto de Vista\"],\"inLanguage\":\"pt-BR\"},{\"@type\":\"WebPage\",\"@id\":\"https:\/\/www.notibras.com\/site\/daniel-marchi-e-eduardo-martinez-os-escritores-fora-do-cardapio\/\",\"url\":\"https:\/\/www.notibras.com\/site\/daniel-marchi-e-eduardo-martinez-os-escritores-fora-do-cardapio\/\",\"name\":\"Daniel Marchi e Eduardo Mart\u00ednez, os escritores fora do card\u00e1pio - Notibras\",\"isPartOf\":{\"@id\":\"https:\/\/www.notibras.com\/site\/#website\"},\"primaryImageOfPage\":{\"@id\":\"https:\/\/www.notibras.com\/site\/daniel-marchi-e-eduardo-martinez-os-escritores-fora-do-cardapio\/#primaryimage\"},\"image\":{\"@id\":\"https:\/\/www.notibras.com\/site\/daniel-marchi-e-eduardo-martinez-os-escritores-fora-do-cardapio\/#primaryimage\"},\"thumbnailUrl\":\"https:\/\/www.notibras.com\/site\/wp-content\/uploads\/2026\/01\/8be39925-2916-4c4f-baaf-90f8e962792d.jpg\",\"datePublished\":\"2026-01-27T05:30:45+00:00\",\"breadcrumb\":{\"@id\":\"https:\/\/www.notibras.com\/site\/daniel-marchi-e-eduardo-martinez-os-escritores-fora-do-cardapio\/#breadcrumb\"},\"inLanguage\":\"pt-BR\",\"potentialAction\":[{\"@type\":\"ReadAction\",\"target\":[\"https:\/\/www.notibras.com\/site\/daniel-marchi-e-eduardo-martinez-os-escritores-fora-do-cardapio\/\"]}]},{\"@type\":\"ImageObject\",\"inLanguage\":\"pt-BR\",\"@id\":\"https:\/\/www.notibras.com\/site\/daniel-marchi-e-eduardo-martinez-os-escritores-fora-do-cardapio\/#primaryimage\",\"url\":\"https:\/\/www.notibras.com\/site\/wp-content\/uploads\/2026\/01\/8be39925-2916-4c4f-baaf-90f8e962792d.jpg\",\"contentUrl\":\"https:\/\/www.notibras.com\/site\/wp-content\/uploads\/2026\/01\/8be39925-2916-4c4f-baaf-90f8e962792d.jpg\",\"width\":815,\"height\":947},{\"@type\":\"BreadcrumbList\",\"@id\":\"https:\/\/www.notibras.com\/site\/daniel-marchi-e-eduardo-martinez-os-escritores-fora-do-cardapio\/#breadcrumb\",\"itemListElement\":[{\"@type\":\"ListItem\",\"position\":1,\"name\":\"In\u00edcio\",\"item\":\"https:\/\/www.notibras.com\/site\/\"},{\"@type\":\"ListItem\",\"position\":2,\"name\":\"Daniel Marchi e Eduardo Mart\u00ednez, os escritores fora do card\u00e1pio\"}]},{\"@type\":\"WebSite\",\"@id\":\"https:\/\/www.notibras.com\/site\/#website\",\"url\":\"https:\/\/www.notibras.com\/site\/\",\"name\":\"Notibras\",\"description\":\"Not\u00edcias de Bras\u00edlia, do Brasil e do Mundo\",\"publisher\":{\"@id\":\"https:\/\/www.notibras.com\/site\/#organization\"},\"potentialAction\":[{\"@type\":\"SearchAction\",\"target\":{\"@type\":\"EntryPoint\",\"urlTemplate\":\"https:\/\/www.notibras.com\/site\/?s={search_term_string}\"},\"query-input\":{\"@type\":\"PropertyValueSpecification\",\"valueRequired\":true,\"valueName\":\"search_term_string\"}}],\"inLanguage\":\"pt-BR\"},{\"@type\":\"Organization\",\"@id\":\"https:\/\/www.notibras.com\/site\/#organization\",\"name\":\"Grupo Notibras de Comunica\u00e7\u00e3o\",\"url\":\"https:\/\/www.notibras.com\/site\/\",\"logo\":{\"@type\":\"ImageObject\",\"inLanguage\":\"pt-BR\",\"@id\":\"https:\/\/www.notibras.com\/site\/#\/schema\/logo\/image\/\",\"url\":\"https:\/\/www.notibras.com\/site\/wp-content\/uploads\/2023\/01\/notibras23.png\",\"contentUrl\":\"https:\/\/www.notibras.com\/site\/wp-content\/uploads\/2023\/01\/notibras23.png\",\"width\":350,\"height\":87,\"caption\":\"Grupo Notibras de Comunica\u00e7\u00e3o\"},\"image\":{\"@id\":\"https:\/\/www.notibras.com\/site\/#\/schema\/logo\/image\/\"},\"sameAs\":[\"https:\/\/www.facebook.com\/notibras\/\",\"https:\/\/x.com\/Notibras\",\"https:\/\/www.instagram.com\/notibras\/\"]},{\"@type\":\"Person\",\"@id\":\"https:\/\/www.notibras.com\/site\/#\/schema\/person\/5b7fabf2aedc3ada2105f03b22b4d3dd\",\"name\":\"Eduardo Mart\u00ednez\",\"image\":{\"@type\":\"ImageObject\",\"inLanguage\":\"pt-BR\",\"@id\":\"https:\/\/secure.gravatar.com\/avatar\/7902f906289926289cbcda644b5197c796b893c6ffd7b9a536a42d290f7704a0?s=96&d=mm&r=g\",\"url\":\"https:\/\/secure.gravatar.com\/avatar\/7902f906289926289cbcda644b5197c796b893c6ffd7b9a536a42d290f7704a0?s=96&d=mm&r=g\",\"contentUrl\":\"https:\/\/secure.gravatar.com\/avatar\/7902f906289926289cbcda644b5197c796b893c6ffd7b9a536a42d290f7704a0?s=96&d=mm&r=g\",\"caption\":\"Eduardo Mart\u00ednez\"}}]}<\/script>\n<!-- \/ Yoast SEO plugin. -->","yoast_head_json":{"title":"Daniel Marchi e Eduardo Mart\u00ednez, os escritores fora do card\u00e1pio - Notibras","robots":{"index":"index","follow":"follow","max-snippet":"max-snippet:-1","max-image-preview":"max-image-preview:large","max-video-preview":"max-video-preview:-1"},"canonical":"https:\/\/www.notibras.com\/site\/daniel-marchi-e-eduardo-martinez-os-escritores-fora-do-cardapio\/","og_locale":"pt_BR","og_type":"article","og_title":"Daniel Marchi e Eduardo Mart\u00ednez, os escritores fora do card\u00e1pio - Notibras","og_description":"O texto de Cassiano Cond\u00e9, publicado em O Lado B da Literatura, no Caf\u00e9 Liter\u00e1rio, em 25 do corrente m\u00eas, \u00e9 uma an\u00e1lise precisa sobre a &#8220;guerrilha liter\u00e1ria&#8221; travada por Daniel Marchi e Eduardo Mart\u00ednez. Ao rotul\u00e1-los como escritores &#8220;fora do card\u00e1pio&#8221;, Cond\u00e9 exp\u00f5e uma realidade inc\u00f4moda: o mercado editorial brasileiro muitas vezes funciona como [&hellip;]","og_url":"https:\/\/www.notibras.com\/site\/daniel-marchi-e-eduardo-martinez-os-escritores-fora-do-cardapio\/","og_site_name":"Notibras","article_publisher":"https:\/\/www.facebook.com\/notibras\/","article_published_time":"2026-01-27T05:30:45+00:00","og_image":[{"width":815,"height":947,"url":"https:\/\/www.notibras.com\/site\/wp-content\/uploads\/2026\/01\/8be39925-2916-4c4f-baaf-90f8e962792d.jpg","type":"image\/jpeg"}],"author":"Eduardo Mart\u00ednez","twitter_card":"summary_large_image","twitter_creator":"@Notibras","twitter_site":"@Notibras","twitter_misc":{"Escrito por":"Eduardo Mart\u00ednez","Est. tempo de leitura":"3 minutos"},"schema":{"@context":"https:\/\/schema.org","@graph":[{"@type":"Article","@id":"https:\/\/www.notibras.com\/site\/daniel-marchi-e-eduardo-martinez-os-escritores-fora-do-cardapio\/#article","isPartOf":{"@id":"https:\/\/www.notibras.com\/site\/daniel-marchi-e-eduardo-martinez-os-escritores-fora-do-cardapio\/"},"author":{"name":"Eduardo Mart\u00ednez","@id":"https:\/\/www.notibras.com\/site\/#\/schema\/person\/5b7fabf2aedc3ada2105f03b22b4d3dd"},"headline":"Daniel Marchi e Eduardo Mart\u00ednez, os escritores fora do card\u00e1pio","datePublished":"2026-01-27T05:30:45+00:00","mainEntityOfPage":{"@id":"https:\/\/www.notibras.com\/site\/daniel-marchi-e-eduardo-martinez-os-escritores-fora-do-cardapio\/"},"wordCount":549,"publisher":{"@id":"https:\/\/www.notibras.com\/site\/#organization"},"image":{"@id":"https:\/\/www.notibras.com\/site\/daniel-marchi-e-eduardo-martinez-os-escritores-fora-do-cardapio\/#primaryimage"},"thumbnailUrl":"https:\/\/www.notibras.com\/site\/wp-content\/uploads\/2026\/01\/8be39925-2916-4c4f-baaf-90f8e962792d.jpg","articleSection":["Ponto de Vista"],"inLanguage":"pt-BR"},{"@type":"WebPage","@id":"https:\/\/www.notibras.com\/site\/daniel-marchi-e-eduardo-martinez-os-escritores-fora-do-cardapio\/","url":"https:\/\/www.notibras.com\/site\/daniel-marchi-e-eduardo-martinez-os-escritores-fora-do-cardapio\/","name":"Daniel Marchi e Eduardo Mart\u00ednez, os escritores fora do card\u00e1pio - Notibras","isPartOf":{"@id":"https:\/\/www.notibras.com\/site\/#website"},"primaryImageOfPage":{"@id":"https:\/\/www.notibras.com\/site\/daniel-marchi-e-eduardo-martinez-os-escritores-fora-do-cardapio\/#primaryimage"},"image":{"@id":"https:\/\/www.notibras.com\/site\/daniel-marchi-e-eduardo-martinez-os-escritores-fora-do-cardapio\/#primaryimage"},"thumbnailUrl":"https:\/\/www.notibras.com\/site\/wp-content\/uploads\/2026\/01\/8be39925-2916-4c4f-baaf-90f8e962792d.jpg","datePublished":"2026-01-27T05:30:45+00:00","breadcrumb":{"@id":"https:\/\/www.notibras.com\/site\/daniel-marchi-e-eduardo-martinez-os-escritores-fora-do-cardapio\/#breadcrumb"},"inLanguage":"pt-BR","potentialAction":[{"@type":"ReadAction","target":["https:\/\/www.notibras.com\/site\/daniel-marchi-e-eduardo-martinez-os-escritores-fora-do-cardapio\/"]}]},{"@type":"ImageObject","inLanguage":"pt-BR","@id":"https:\/\/www.notibras.com\/site\/daniel-marchi-e-eduardo-martinez-os-escritores-fora-do-cardapio\/#primaryimage","url":"https:\/\/www.notibras.com\/site\/wp-content\/uploads\/2026\/01\/8be39925-2916-4c4f-baaf-90f8e962792d.jpg","contentUrl":"https:\/\/www.notibras.com\/site\/wp-content\/uploads\/2026\/01\/8be39925-2916-4c4f-baaf-90f8e962792d.jpg","width":815,"height":947},{"@type":"BreadcrumbList","@id":"https:\/\/www.notibras.com\/site\/daniel-marchi-e-eduardo-martinez-os-escritores-fora-do-cardapio\/#breadcrumb","itemListElement":[{"@type":"ListItem","position":1,"name":"In\u00edcio","item":"https:\/\/www.notibras.com\/site\/"},{"@type":"ListItem","position":2,"name":"Daniel Marchi e Eduardo Mart\u00ednez, os escritores fora do card\u00e1pio"}]},{"@type":"WebSite","@id":"https:\/\/www.notibras.com\/site\/#website","url":"https:\/\/www.notibras.com\/site\/","name":"Notibras","description":"Not\u00edcias de Bras\u00edlia, do Brasil e do Mundo","publisher":{"@id":"https:\/\/www.notibras.com\/site\/#organization"},"potentialAction":[{"@type":"SearchAction","target":{"@type":"EntryPoint","urlTemplate":"https:\/\/www.notibras.com\/site\/?s={search_term_string}"},"query-input":{"@type":"PropertyValueSpecification","valueRequired":true,"valueName":"search_term_string"}}],"inLanguage":"pt-BR"},{"@type":"Organization","@id":"https:\/\/www.notibras.com\/site\/#organization","name":"Grupo Notibras de Comunica\u00e7\u00e3o","url":"https:\/\/www.notibras.com\/site\/","logo":{"@type":"ImageObject","inLanguage":"pt-BR","@id":"https:\/\/www.notibras.com\/site\/#\/schema\/logo\/image\/","url":"https:\/\/www.notibras.com\/site\/wp-content\/uploads\/2023\/01\/notibras23.png","contentUrl":"https:\/\/www.notibras.com\/site\/wp-content\/uploads\/2023\/01\/notibras23.png","width":350,"height":87,"caption":"Grupo Notibras de Comunica\u00e7\u00e3o"},"image":{"@id":"https:\/\/www.notibras.com\/site\/#\/schema\/logo\/image\/"},"sameAs":["https:\/\/www.facebook.com\/notibras\/","https:\/\/x.com\/Notibras","https:\/\/www.instagram.com\/notibras\/"]},{"@type":"Person","@id":"https:\/\/www.notibras.com\/site\/#\/schema\/person\/5b7fabf2aedc3ada2105f03b22b4d3dd","name":"Eduardo Mart\u00ednez","image":{"@type":"ImageObject","inLanguage":"pt-BR","@id":"https:\/\/secure.gravatar.com\/avatar\/7902f906289926289cbcda644b5197c796b893c6ffd7b9a536a42d290f7704a0?s=96&d=mm&r=g","url":"https:\/\/secure.gravatar.com\/avatar\/7902f906289926289cbcda644b5197c796b893c6ffd7b9a536a42d290f7704a0?s=96&d=mm&r=g","contentUrl":"https:\/\/secure.gravatar.com\/avatar\/7902f906289926289cbcda644b5197c796b893c6ffd7b9a536a42d290f7704a0?s=96&d=mm&r=g","caption":"Eduardo Mart\u00ednez"}}]}},"amp_enabled":true,"_links":{"self":[{"href":"https:\/\/www.notibras.com\/site\/wp-json\/wp\/v2\/posts\/380600","targetHints":{"allow":["GET"]}}],"collection":[{"href":"https:\/\/www.notibras.com\/site\/wp-json\/wp\/v2\/posts"}],"about":[{"href":"https:\/\/www.notibras.com\/site\/wp-json\/wp\/v2\/types\/post"}],"author":[{"embeddable":true,"href":"https:\/\/www.notibras.com\/site\/wp-json\/wp\/v2\/users\/21"}],"replies":[{"embeddable":true,"href":"https:\/\/www.notibras.com\/site\/wp-json\/wp\/v2\/comments?post=380600"}],"version-history":[{"count":4,"href":"https:\/\/www.notibras.com\/site\/wp-json\/wp\/v2\/posts\/380600\/revisions"}],"predecessor-version":[{"id":380605,"href":"https:\/\/www.notibras.com\/site\/wp-json\/wp\/v2\/posts\/380600\/revisions\/380605"}],"wp:featuredmedia":[{"embeddable":true,"href":"https:\/\/www.notibras.com\/site\/wp-json\/wp\/v2\/media\/380601"}],"wp:attachment":[{"href":"https:\/\/www.notibras.com\/site\/wp-json\/wp\/v2\/media?parent=380600"}],"wp:term":[{"taxonomy":"category","embeddable":true,"href":"https:\/\/www.notibras.com\/site\/wp-json\/wp\/v2\/categories?post=380600"},{"taxonomy":"post_tag","embeddable":true,"href":"https:\/\/www.notibras.com\/site\/wp-json\/wp\/v2\/tags?post=380600"}],"curies":[{"name":"wp","href":"https:\/\/api.w.org\/{rel}","templated":true}]}}