{"id":380606,"date":"2026-01-26T04:54:07","date_gmt":"2026-01-26T07:54:07","guid":{"rendered":"https:\/\/www.notibras.com\/site\/?p=380606"},"modified":"2026-01-26T04:56:55","modified_gmt":"2026-01-26T07:56:55","slug":"mundo-abre-debate-sobre-os-novos-riscos-para-os-adolescentes","status":"publish","type":"post","link":"https:\/\/www.notibras.com\/site\/mundo-abre-debate-sobre-os-novos-riscos-para-os-adolescentes\/","title":{"rendered":"Mundo abre debate sobre os novos riscos para os adolescentes"},"content":{"rendered":"<p>Os congressistas da Fran\u00e7a iniciam nesta segunda-feira (26) a discuss\u00e3o de um projeto de lei que pode colocar o pa\u00eds na linha de frente de uma das decis\u00f5es mais sens\u00edveis da era digital: proibir o acesso de crian\u00e7as e adolescentes com menos de 15 anos \u00e0s redes sociais. A proposta surge em meio a uma onda internacional de questionamentos sobre os impactos dessas plataformas na sa\u00fade mental, no comportamento e na forma\u00e7\u00e3o social dos jovens.<\/p>\n<p>Caso seja aprovada, a medida francesa representar\u00e1 um passo al\u00e9m das regras atuais \u2014 que j\u00e1 exigem consentimento dos pais para menores de 15 anos \u2014 ao impor uma proibi\u00e7\u00e3o direta, transferindo \u00e0s plataformas a responsabilidade de verificar a idade dos usu\u00e1rios e impedir o acesso de quem n\u00e3o cumprir o crit\u00e9rio legal.<\/p>\n<p>A Fran\u00e7a n\u00e3o est\u00e1 sozinha nesse movimento. Pelo contr\u00e1rio: o debate avan\u00e7a rapidamente em v\u00e1rias partes do mundo, impulsionado por estudos cient\u00edficos, press\u00e3o de fam\u00edlias e uma percep\u00e7\u00e3o crescente de que os mecanismos das redes sociais operam em conflito com o bem-estar juvenil.<\/p>\n<p><strong>Movimento global<\/strong><br \/>\nA Austr\u00e1lia foi o pa\u00eds que deu o passo mais radical at\u00e9 agora. Em dezembro de 2025, entrou em vigor uma lei que pro\u00edbe o uso de redes sociais por menores de 16 anos, obrigando empresas como Meta, TikTok, Snapchat e X a bloquear o acesso de adolescentes. Multas pesadas est\u00e3o previstas para quem descumprir as regras, invertendo a l\u00f3gica anterior, em que a responsabilidade reca\u00eda principalmente sobre pais e usu\u00e1rios.<\/p>\n<p>Inspirada nesse modelo, a Dinamarca anunciou que prepara uma legisla\u00e7\u00e3o semelhante, com idade m\u00ednima de 15 anos, enquanto outros pa\u00edses europeus caminham no mesmo sentido. No \u00e2mbito da Uni\u00e3o Europeia, o debate gira em torno da fixa\u00e7\u00e3o de uma idade m\u00ednima entre 15 e 16 anos para acesso sem consentimento parental, al\u00e9m do fortalecimento de mecanismos de verifica\u00e7\u00e3o et\u00e1ria.<\/p>\n<p>No Reino Unido, o governo conduz estudos e consultas p\u00fablicas para avaliar medidas mais duras, embora ainda n\u00e3o haja um banimento formal. J\u00e1 nos Estados Unidos, a abordagem \u00e9 fragmentada: alguns estados imp\u00f5em restri\u00e7\u00f5es a menores de 13 ou 14 anos, enquanto propostas federais seguem travadas no Congresso, em meio \u00e0 resist\u00eancia das big techs e a disputas sobre liberdade de express\u00e3o.<\/p>\n<p><strong>Por que a restri\u00e7\u00e3o?<\/strong><br \/>\nO principal argumento por tr\u00e1s dessas iniciativas \u00e9 a preocupa\u00e7\u00e3o com a sa\u00fade mental de crian\u00e7as e adolescentes. Pesquisas apontam correla\u00e7\u00e3o entre uso excessivo de redes sociais e aumento de casos de ansiedade, depress\u00e3o, dist\u00farbios de imagem corporal e isolamento social entre jovens.<\/p>\n<p>Especialistas tamb\u00e9m alertam para a l\u00f3gica dos algoritmos de engajamento, que tendem a privilegiar conte\u00fados extremos, sensacionalistas ou emocionalmente carregados \u2014 um ambiente particularmente sens\u00edvel para c\u00e9rebros em desenvolvimento. A isso se somam riscos como cyberbullying, exposi\u00e7\u00e3o precoce a conte\u00fados violentos ou sexualizados e a press\u00e3o constante por valida\u00e7\u00e3o social, medida em curtidas e seguidores.<\/p>\n<p>Relat\u00f3rios de \u00f3rg\u00e3os de sa\u00fade p\u00fablica indicam que adolescentes s\u00e3o mais vulner\u00e1veis a esses est\u00edmulos, n\u00e3o apenas pelo tempo de exposi\u00e7\u00e3o, mas pela dificuldade de distinguir performance digital de realidade.<\/p>\n<p><strong>Efeito colateral?<\/strong><br \/>\nO debate, no entanto, est\u00e1 longe de ser consensual. As plataformas argumentam que n\u00e3o s\u00e3o, por si s\u00f3, um mal absoluto. Defendem que redes sociais podem oferecer espa\u00e7os de express\u00e3o, aprendizado, pertencimento e apoio emocional, especialmente para jovens em situa\u00e7\u00e3o de isolamento ou pertencentes a minorias.<\/p>\n<p>Cr\u00edticos das proibi\u00e7\u00f5es totais afirmam que o problema n\u00e3o est\u00e1 apenas no acesso, mas na forma como essas plataformas s\u00e3o desenhadas \u2014 com modelos de neg\u00f3cios baseados na aten\u00e7\u00e3o cont\u00ednua e na coleta de dados. Para esse grupo, banimentos podem empurrar adolescentes para ambientes menos regulados, aplicativos clandestinos ou f\u00f3runs sem qualquer modera\u00e7\u00e3o.<\/p>\n<p>Ainda assim, cresce o entendimento de que o risco \u00e9 estrutural, n\u00e3o acidental. Ou seja, mesmo quando bem-intencionadas, as redes operam com mecanismos que amplificam comportamentos compulsivos e compara\u00e7\u00f5es sociais, criando efeitos indiretos, mas profundos, sobre o desenvolvimento emocional dos jovens.<\/p>\n<p><strong>Proibir ou regular?<\/strong><br \/>\nA proposta francesa reabre uma quest\u00e3o central: \u00e9 melhor proibir ou regular de forma mais r\u00edgida?<\/p>\n<p>Defensores da proibi\u00e7\u00e3o argumentam que a medida \u00e9 clara, objetiva e protege crian\u00e7as antes que danos se consolidem. Para eles, a dificuldade de fiscaliza\u00e7\u00e3o n\u00e3o pode servir de desculpa para a ina\u00e7\u00e3o do Estado.<\/p>\n<p>J\u00e1 os cr\u00edticos defendem uma combina\u00e7\u00e3o de educa\u00e7\u00e3o digital, responsabiliza\u00e7\u00e3o das plataformas, transpar\u00eancia algor\u00edtmica e participa\u00e7\u00e3o ativa das fam\u00edlias, em vez de um bloqueio absoluto baseado apenas na idade.<\/p>\n<p>Independentemente do desfecho na Fran\u00e7a, o debate est\u00e1 lan\u00e7ado \u2014 e dificilmente haver\u00e1 retorno ao status quo. O avan\u00e7o das propostas restritivas indica uma mudan\u00e7a de mentalidade: governos passam a tratar redes sociais n\u00e3o apenas como ferramentas de comunica\u00e7\u00e3o, mas como ambientes de risco regul\u00e1vel, \u00e0 semelhan\u00e7a do \u00e1lcool, do tabaco ou de jogos de azar.<\/p>\n<p>No centro dessa discuss\u00e3o est\u00e1 uma pergunta inc\u00f4moda, mas inevit\u00e1vel: at\u00e9 que ponto uma sociedade pode permitir que crian\u00e7as cres\u00e7am dentro de plataformas projetadas para adultos \u2014 e movidas por interesses comerciais?<\/p>\n<p>A resposta, ao que tudo indica, come\u00e7a a ser escrita agora, artigo por artigo, pa\u00eds por pa\u00eds.<\/p>\n<p>&#8230;&#8230;&#8230;&#8230;&#8230;&#8230;&#8230;.<\/p>\n<p><strong>Margarida Sorato \u00e9 Terapeuta Hol\u00edstica<\/strong><\/p>\n","protected":false},"excerpt":{"rendered":"<p>Os congressistas da Fran\u00e7a iniciam nesta segunda-feira (26) a discuss\u00e3o de um projeto de lei que pode colocar o pa\u00eds na linha de frente de uma das decis\u00f5es mais sens\u00edveis da era digital: proibir o acesso de crian\u00e7as e adolescentes com menos de 15 anos \u00e0s redes sociais. A proposta surge em meio a uma [&hellip;]<\/p>\n","protected":false},"author":2,"featured_media":380607,"comment_status":"closed","ping_status":"closed","sticky":false,"template":"","format":"standard","meta":{"_acf_changed":false,"footnotes":""},"categories":[155],"tags":[95],"class_list":["post-380606","post","type-post","status-publish","format-standard","has-post-thumbnail","hentry","category-leitura-vip","tag-capa"],"acf":[],"yoast_head":"<!-- This site is optimized with the Yoast SEO plugin v27.2 - https:\/\/yoast.com\/product\/yoast-seo-wordpress\/ -->\n<title>Mundo abre debate sobre os novos riscos para os adolescentes - Notibras<\/title>\n<meta name=\"robots\" content=\"index, follow, max-snippet:-1, max-image-preview:large, max-video-preview:-1\" \/>\n<link rel=\"canonical\" href=\"https:\/\/www.notibras.com\/site\/mundo-abre-debate-sobre-os-novos-riscos-para-os-adolescentes\/\" \/>\n<meta property=\"og:locale\" content=\"pt_BR\" \/>\n<meta property=\"og:type\" content=\"article\" \/>\n<meta property=\"og:title\" content=\"Mundo abre debate sobre os novos riscos para os adolescentes - Notibras\" \/>\n<meta property=\"og:description\" content=\"Os congressistas da Fran\u00e7a iniciam nesta segunda-feira (26) a discuss\u00e3o de um projeto de lei que pode colocar o pa\u00eds na linha de frente de uma das decis\u00f5es mais sens\u00edveis da era digital: proibir o acesso de crian\u00e7as e adolescentes com menos de 15 anos \u00e0s redes sociais. A proposta surge em meio a uma [&hellip;]\" \/>\n<meta property=\"og:url\" content=\"https:\/\/www.notibras.com\/site\/mundo-abre-debate-sobre-os-novos-riscos-para-os-adolescentes\/\" \/>\n<meta property=\"og:site_name\" content=\"Notibras\" \/>\n<meta property=\"article:publisher\" content=\"https:\/\/www.facebook.com\/notibras\/\" \/>\n<meta property=\"article:published_time\" content=\"2026-01-26T07:54:07+00:00\" \/>\n<meta property=\"article:modified_time\" content=\"2026-01-26T07:56:55+00:00\" \/>\n<meta property=\"og:image\" content=\"https:\/\/www.notibras.com\/site\/wp-content\/uploads\/2026\/01\/172cb1eb-aa4c-4388-8c79-36009a38a9c5-1024x683.png\" \/>\n\t<meta property=\"og:image:width\" content=\"1024\" \/>\n\t<meta property=\"og:image:height\" content=\"683\" \/>\n\t<meta property=\"og:image:type\" content=\"image\/png\" \/>\n<meta name=\"author\" content=\"Reda\u00e7\u00e3o\" \/>\n<meta name=\"twitter:card\" content=\"summary_large_image\" \/>\n<meta name=\"twitter:creator\" content=\"@Notibras\" \/>\n<meta name=\"twitter:site\" content=\"@Notibras\" \/>\n<meta name=\"twitter:label1\" content=\"Escrito por\" \/>\n\t<meta name=\"twitter:data1\" content=\"Reda\u00e7\u00e3o\" \/>\n\t<meta name=\"twitter:label2\" content=\"Est. tempo de leitura\" \/>\n\t<meta name=\"twitter:data2\" content=\"5 minutos\" \/>\n<script type=\"application\/ld+json\" class=\"yoast-schema-graph\">{\"@context\":\"https:\/\/schema.org\",\"@graph\":[{\"@type\":\"Article\",\"@id\":\"https:\/\/www.notibras.com\/site\/mundo-abre-debate-sobre-os-novos-riscos-para-os-adolescentes\/#article\",\"isPartOf\":{\"@id\":\"https:\/\/www.notibras.com\/site\/mundo-abre-debate-sobre-os-novos-riscos-para-os-adolescentes\/\"},\"author\":{\"name\":\"Reda\u00e7\u00e3o\",\"@id\":\"https:\/\/www.notibras.com\/site\/#\/schema\/person\/36ab0979449956132d3e5b517ea76ac8\"},\"headline\":\"Mundo abre debate sobre os novos riscos para os adolescentes\",\"datePublished\":\"2026-01-26T07:54:07+00:00\",\"dateModified\":\"2026-01-26T07:56:55+00:00\",\"mainEntityOfPage\":{\"@id\":\"https:\/\/www.notibras.com\/site\/mundo-abre-debate-sobre-os-novos-riscos-para-os-adolescentes\/\"},\"wordCount\":935,\"publisher\":{\"@id\":\"https:\/\/www.notibras.com\/site\/#organization\"},\"image\":{\"@id\":\"https:\/\/www.notibras.com\/site\/mundo-abre-debate-sobre-os-novos-riscos-para-os-adolescentes\/#primaryimage\"},\"thumbnailUrl\":\"https:\/\/www.notibras.com\/site\/wp-content\/uploads\/2026\/01\/172cb1eb-aa4c-4388-8c79-36009a38a9c5.png\",\"keywords\":[\"capa\"],\"articleSection\":[\"Leitura Vip\"],\"inLanguage\":\"pt-BR\"},{\"@type\":\"WebPage\",\"@id\":\"https:\/\/www.notibras.com\/site\/mundo-abre-debate-sobre-os-novos-riscos-para-os-adolescentes\/\",\"url\":\"https:\/\/www.notibras.com\/site\/mundo-abre-debate-sobre-os-novos-riscos-para-os-adolescentes\/\",\"name\":\"Mundo abre debate sobre os novos riscos para os adolescentes - Notibras\",\"isPartOf\":{\"@id\":\"https:\/\/www.notibras.com\/site\/#website\"},\"primaryImageOfPage\":{\"@id\":\"https:\/\/www.notibras.com\/site\/mundo-abre-debate-sobre-os-novos-riscos-para-os-adolescentes\/#primaryimage\"},\"image\":{\"@id\":\"https:\/\/www.notibras.com\/site\/mundo-abre-debate-sobre-os-novos-riscos-para-os-adolescentes\/#primaryimage\"},\"thumbnailUrl\":\"https:\/\/www.notibras.com\/site\/wp-content\/uploads\/2026\/01\/172cb1eb-aa4c-4388-8c79-36009a38a9c5.png\",\"datePublished\":\"2026-01-26T07:54:07+00:00\",\"dateModified\":\"2026-01-26T07:56:55+00:00\",\"breadcrumb\":{\"@id\":\"https:\/\/www.notibras.com\/site\/mundo-abre-debate-sobre-os-novos-riscos-para-os-adolescentes\/#breadcrumb\"},\"inLanguage\":\"pt-BR\",\"potentialAction\":[{\"@type\":\"ReadAction\",\"target\":[\"https:\/\/www.notibras.com\/site\/mundo-abre-debate-sobre-os-novos-riscos-para-os-adolescentes\/\"]}]},{\"@type\":\"ImageObject\",\"inLanguage\":\"pt-BR\",\"@id\":\"https:\/\/www.notibras.com\/site\/mundo-abre-debate-sobre-os-novos-riscos-para-os-adolescentes\/#primaryimage\",\"url\":\"https:\/\/www.notibras.com\/site\/wp-content\/uploads\/2026\/01\/172cb1eb-aa4c-4388-8c79-36009a38a9c5.png\",\"contentUrl\":\"https:\/\/www.notibras.com\/site\/wp-content\/uploads\/2026\/01\/172cb1eb-aa4c-4388-8c79-36009a38a9c5.png\",\"width\":1536,\"height\":1024},{\"@type\":\"BreadcrumbList\",\"@id\":\"https:\/\/www.notibras.com\/site\/mundo-abre-debate-sobre-os-novos-riscos-para-os-adolescentes\/#breadcrumb\",\"itemListElement\":[{\"@type\":\"ListItem\",\"position\":1,\"name\":\"In\u00edcio\",\"item\":\"https:\/\/www.notibras.com\/site\/\"},{\"@type\":\"ListItem\",\"position\":2,\"name\":\"Mundo abre debate sobre os novos riscos para os adolescentes\"}]},{\"@type\":\"WebSite\",\"@id\":\"https:\/\/www.notibras.com\/site\/#website\",\"url\":\"https:\/\/www.notibras.com\/site\/\",\"name\":\"Notibras\",\"description\":\"Not\u00edcias de Bras\u00edlia, do Brasil e do Mundo\",\"publisher\":{\"@id\":\"https:\/\/www.notibras.com\/site\/#organization\"},\"potentialAction\":[{\"@type\":\"SearchAction\",\"target\":{\"@type\":\"EntryPoint\",\"urlTemplate\":\"https:\/\/www.notibras.com\/site\/?s={search_term_string}\"},\"query-input\":{\"@type\":\"PropertyValueSpecification\",\"valueRequired\":true,\"valueName\":\"search_term_string\"}}],\"inLanguage\":\"pt-BR\"},{\"@type\":\"Organization\",\"@id\":\"https:\/\/www.notibras.com\/site\/#organization\",\"name\":\"Grupo Notibras de Comunica\u00e7\u00e3o\",\"url\":\"https:\/\/www.notibras.com\/site\/\",\"logo\":{\"@type\":\"ImageObject\",\"inLanguage\":\"pt-BR\",\"@id\":\"https:\/\/www.notibras.com\/site\/#\/schema\/logo\/image\/\",\"url\":\"https:\/\/www.notibras.com\/site\/wp-content\/uploads\/2023\/01\/notibras23.png\",\"contentUrl\":\"https:\/\/www.notibras.com\/site\/wp-content\/uploads\/2023\/01\/notibras23.png\",\"width\":350,\"height\":87,\"caption\":\"Grupo Notibras de Comunica\u00e7\u00e3o\"},\"image\":{\"@id\":\"https:\/\/www.notibras.com\/site\/#\/schema\/logo\/image\/\"},\"sameAs\":[\"https:\/\/www.facebook.com\/notibras\/\",\"https:\/\/x.com\/Notibras\",\"https:\/\/www.instagram.com\/notibras\/\"]},{\"@type\":\"Person\",\"@id\":\"https:\/\/www.notibras.com\/site\/#\/schema\/person\/36ab0979449956132d3e5b517ea76ac8\",\"name\":\"Reda\u00e7\u00e3o\",\"image\":{\"@type\":\"ImageObject\",\"inLanguage\":\"pt-BR\",\"@id\":\"https:\/\/secure.gravatar.com\/avatar\/e0a867bdedb85fd243eadf09663511f96fc81e0720a4a42581f334ad4303aa6b?s=96&d=mm&r=g\",\"url\":\"https:\/\/secure.gravatar.com\/avatar\/e0a867bdedb85fd243eadf09663511f96fc81e0720a4a42581f334ad4303aa6b?s=96&d=mm&r=g\",\"contentUrl\":\"https:\/\/secure.gravatar.com\/avatar\/e0a867bdedb85fd243eadf09663511f96fc81e0720a4a42581f334ad4303aa6b?s=96&d=mm&r=g\",\"caption\":\"Reda\u00e7\u00e3o\"}}]}<\/script>\n<!-- \/ Yoast SEO plugin. -->","yoast_head_json":{"title":"Mundo abre debate sobre os novos riscos para os adolescentes - Notibras","robots":{"index":"index","follow":"follow","max-snippet":"max-snippet:-1","max-image-preview":"max-image-preview:large","max-video-preview":"max-video-preview:-1"},"canonical":"https:\/\/www.notibras.com\/site\/mundo-abre-debate-sobre-os-novos-riscos-para-os-adolescentes\/","og_locale":"pt_BR","og_type":"article","og_title":"Mundo abre debate sobre os novos riscos para os adolescentes - Notibras","og_description":"Os congressistas da Fran\u00e7a iniciam nesta segunda-feira (26) a discuss\u00e3o de um projeto de lei que pode colocar o pa\u00eds na linha de frente de uma das decis\u00f5es mais sens\u00edveis da era digital: proibir o acesso de crian\u00e7as e adolescentes com menos de 15 anos \u00e0s redes sociais. A proposta surge em meio a uma [&hellip;]","og_url":"https:\/\/www.notibras.com\/site\/mundo-abre-debate-sobre-os-novos-riscos-para-os-adolescentes\/","og_site_name":"Notibras","article_publisher":"https:\/\/www.facebook.com\/notibras\/","article_published_time":"2026-01-26T07:54:07+00:00","article_modified_time":"2026-01-26T07:56:55+00:00","og_image":[{"width":1024,"height":683,"url":"https:\/\/www.notibras.com\/site\/wp-content\/uploads\/2026\/01\/172cb1eb-aa4c-4388-8c79-36009a38a9c5-1024x683.png","type":"image\/png"}],"author":"Reda\u00e7\u00e3o","twitter_card":"summary_large_image","twitter_creator":"@Notibras","twitter_site":"@Notibras","twitter_misc":{"Escrito por":"Reda\u00e7\u00e3o","Est. tempo de leitura":"5 minutos"},"schema":{"@context":"https:\/\/schema.org","@graph":[{"@type":"Article","@id":"https:\/\/www.notibras.com\/site\/mundo-abre-debate-sobre-os-novos-riscos-para-os-adolescentes\/#article","isPartOf":{"@id":"https:\/\/www.notibras.com\/site\/mundo-abre-debate-sobre-os-novos-riscos-para-os-adolescentes\/"},"author":{"name":"Reda\u00e7\u00e3o","@id":"https:\/\/www.notibras.com\/site\/#\/schema\/person\/36ab0979449956132d3e5b517ea76ac8"},"headline":"Mundo abre debate sobre os novos riscos para os adolescentes","datePublished":"2026-01-26T07:54:07+00:00","dateModified":"2026-01-26T07:56:55+00:00","mainEntityOfPage":{"@id":"https:\/\/www.notibras.com\/site\/mundo-abre-debate-sobre-os-novos-riscos-para-os-adolescentes\/"},"wordCount":935,"publisher":{"@id":"https:\/\/www.notibras.com\/site\/#organization"},"image":{"@id":"https:\/\/www.notibras.com\/site\/mundo-abre-debate-sobre-os-novos-riscos-para-os-adolescentes\/#primaryimage"},"thumbnailUrl":"https:\/\/www.notibras.com\/site\/wp-content\/uploads\/2026\/01\/172cb1eb-aa4c-4388-8c79-36009a38a9c5.png","keywords":["capa"],"articleSection":["Leitura Vip"],"inLanguage":"pt-BR"},{"@type":"WebPage","@id":"https:\/\/www.notibras.com\/site\/mundo-abre-debate-sobre-os-novos-riscos-para-os-adolescentes\/","url":"https:\/\/www.notibras.com\/site\/mundo-abre-debate-sobre-os-novos-riscos-para-os-adolescentes\/","name":"Mundo abre debate sobre os novos riscos para os adolescentes - Notibras","isPartOf":{"@id":"https:\/\/www.notibras.com\/site\/#website"},"primaryImageOfPage":{"@id":"https:\/\/www.notibras.com\/site\/mundo-abre-debate-sobre-os-novos-riscos-para-os-adolescentes\/#primaryimage"},"image":{"@id":"https:\/\/www.notibras.com\/site\/mundo-abre-debate-sobre-os-novos-riscos-para-os-adolescentes\/#primaryimage"},"thumbnailUrl":"https:\/\/www.notibras.com\/site\/wp-content\/uploads\/2026\/01\/172cb1eb-aa4c-4388-8c79-36009a38a9c5.png","datePublished":"2026-01-26T07:54:07+00:00","dateModified":"2026-01-26T07:56:55+00:00","breadcrumb":{"@id":"https:\/\/www.notibras.com\/site\/mundo-abre-debate-sobre-os-novos-riscos-para-os-adolescentes\/#breadcrumb"},"inLanguage":"pt-BR","potentialAction":[{"@type":"ReadAction","target":["https:\/\/www.notibras.com\/site\/mundo-abre-debate-sobre-os-novos-riscos-para-os-adolescentes\/"]}]},{"@type":"ImageObject","inLanguage":"pt-BR","@id":"https:\/\/www.notibras.com\/site\/mundo-abre-debate-sobre-os-novos-riscos-para-os-adolescentes\/#primaryimage","url":"https:\/\/www.notibras.com\/site\/wp-content\/uploads\/2026\/01\/172cb1eb-aa4c-4388-8c79-36009a38a9c5.png","contentUrl":"https:\/\/www.notibras.com\/site\/wp-content\/uploads\/2026\/01\/172cb1eb-aa4c-4388-8c79-36009a38a9c5.png","width":1536,"height":1024},{"@type":"BreadcrumbList","@id":"https:\/\/www.notibras.com\/site\/mundo-abre-debate-sobre-os-novos-riscos-para-os-adolescentes\/#breadcrumb","itemListElement":[{"@type":"ListItem","position":1,"name":"In\u00edcio","item":"https:\/\/www.notibras.com\/site\/"},{"@type":"ListItem","position":2,"name":"Mundo abre debate sobre os novos riscos para os adolescentes"}]},{"@type":"WebSite","@id":"https:\/\/www.notibras.com\/site\/#website","url":"https:\/\/www.notibras.com\/site\/","name":"Notibras","description":"Not\u00edcias de Bras\u00edlia, do Brasil e do Mundo","publisher":{"@id":"https:\/\/www.notibras.com\/site\/#organization"},"potentialAction":[{"@type":"SearchAction","target":{"@type":"EntryPoint","urlTemplate":"https:\/\/www.notibras.com\/site\/?s={search_term_string}"},"query-input":{"@type":"PropertyValueSpecification","valueRequired":true,"valueName":"search_term_string"}}],"inLanguage":"pt-BR"},{"@type":"Organization","@id":"https:\/\/www.notibras.com\/site\/#organization","name":"Grupo Notibras de Comunica\u00e7\u00e3o","url":"https:\/\/www.notibras.com\/site\/","logo":{"@type":"ImageObject","inLanguage":"pt-BR","@id":"https:\/\/www.notibras.com\/site\/#\/schema\/logo\/image\/","url":"https:\/\/www.notibras.com\/site\/wp-content\/uploads\/2023\/01\/notibras23.png","contentUrl":"https:\/\/www.notibras.com\/site\/wp-content\/uploads\/2023\/01\/notibras23.png","width":350,"height":87,"caption":"Grupo Notibras de Comunica\u00e7\u00e3o"},"image":{"@id":"https:\/\/www.notibras.com\/site\/#\/schema\/logo\/image\/"},"sameAs":["https:\/\/www.facebook.com\/notibras\/","https:\/\/x.com\/Notibras","https:\/\/www.instagram.com\/notibras\/"]},{"@type":"Person","@id":"https:\/\/www.notibras.com\/site\/#\/schema\/person\/36ab0979449956132d3e5b517ea76ac8","name":"Reda\u00e7\u00e3o","image":{"@type":"ImageObject","inLanguage":"pt-BR","@id":"https:\/\/secure.gravatar.com\/avatar\/e0a867bdedb85fd243eadf09663511f96fc81e0720a4a42581f334ad4303aa6b?s=96&d=mm&r=g","url":"https:\/\/secure.gravatar.com\/avatar\/e0a867bdedb85fd243eadf09663511f96fc81e0720a4a42581f334ad4303aa6b?s=96&d=mm&r=g","contentUrl":"https:\/\/secure.gravatar.com\/avatar\/e0a867bdedb85fd243eadf09663511f96fc81e0720a4a42581f334ad4303aa6b?s=96&d=mm&r=g","caption":"Reda\u00e7\u00e3o"}}]}},"amp_enabled":true,"_links":{"self":[{"href":"https:\/\/www.notibras.com\/site\/wp-json\/wp\/v2\/posts\/380606","targetHints":{"allow":["GET"]}}],"collection":[{"href":"https:\/\/www.notibras.com\/site\/wp-json\/wp\/v2\/posts"}],"about":[{"href":"https:\/\/www.notibras.com\/site\/wp-json\/wp\/v2\/types\/post"}],"author":[{"embeddable":true,"href":"https:\/\/www.notibras.com\/site\/wp-json\/wp\/v2\/users\/2"}],"replies":[{"embeddable":true,"href":"https:\/\/www.notibras.com\/site\/wp-json\/wp\/v2\/comments?post=380606"}],"version-history":[{"count":4,"href":"https:\/\/www.notibras.com\/site\/wp-json\/wp\/v2\/posts\/380606\/revisions"}],"predecessor-version":[{"id":380611,"href":"https:\/\/www.notibras.com\/site\/wp-json\/wp\/v2\/posts\/380606\/revisions\/380611"}],"wp:featuredmedia":[{"embeddable":true,"href":"https:\/\/www.notibras.com\/site\/wp-json\/wp\/v2\/media\/380607"}],"wp:attachment":[{"href":"https:\/\/www.notibras.com\/site\/wp-json\/wp\/v2\/media?parent=380606"}],"wp:term":[{"taxonomy":"category","embeddable":true,"href":"https:\/\/www.notibras.com\/site\/wp-json\/wp\/v2\/categories?post=380606"},{"taxonomy":"post_tag","embeddable":true,"href":"https:\/\/www.notibras.com\/site\/wp-json\/wp\/v2\/tags?post=380606"}],"curies":[{"name":"wp","href":"https:\/\/api.w.org\/{rel}","templated":true}]}}